{"id":1829,"date":"2016-05-23T17:53:52","date_gmt":"2016-05-23T16:53:52","guid":{"rendered":"https:\/\/www.archibat.com\/blog\/?p=1829"},"modified":"2018-11-20T18:00:59","modified_gmt":"2018-11-20T17:00:59","slug":"hebergement-temporaire-malin-festivaliers","status":"publish","type":"post","link":"https:\/\/archibat.com\/blog\/hebergement-temporaire-malin-festivaliers\/","title":{"rendered":"Un h\u00e9bergement temporaire malin pour les festivaliers"},"content":{"rendered":"<p>Compaan et Labeur, deux entit\u00e9s belges\u00a0&#8211; une entreprise sp\u00e9cialis\u00e9e en ressources humaines et une organisation socio-\u00e9cologique, se sont associ\u00e9es le temps d\u2019un concours \u00e0 Anvers, qu\u2019ils ont remport\u00e9 avec B-and-Bee, un concept novateur de logements pour les festivaliers. Ils se sont par la suite associ\u00e9s avec Achilles design et One Small step afin de pr\u00e9senter leur projet pour la bourse CICI 2014. Celui-ci a \u00e9t\u00e9 s\u00e9lectionn\u00e9 parmi 16 autres et la phase de d\u00e9veloppement a ainsi pu d\u00e9buter.<\/p>\n<h2>Qu\u2019est-ce que le projet B-and-Bee\u00a0?<\/h2>\n<p>Il s&rsquo;agit de proposer une solution adapt\u00e9e d&rsquo;h\u00e9bergement temporaire, empilable et d\u00e9montable aux festivaliers. Avec la forme d\u2019une alv\u00e9ole de ruche, ces cellules permettent aux personnes de dormir, de pouvoir ranger leurs affaires tout en optimisant l\u2019espace. On retrouve donc un placard, un casier, une lampe ainsi qu\u2019une batterie pour alimenter la cellule. De plus, le lit king size se transforme facilement en table \u00e0 manger si n\u00e9cessaire.<\/p>\n<p><img loading=\"lazy\" decoding=\"async\" src=\"https:\/\/www.archibat.com\/blog\/wp-content\/uploads\/2016\/05\/Untitled2-2.png\" alt=\"Untitled2\" width=\"945\" height=\"644\" \/><\/p>\n<h2>Un an de d\u00e9veloppement et de tests<\/h2>\n<p>La phase de d\u00e9veloppement a dur\u00e9e une ann\u00e9e. La bourse a permis de cr\u00e9er les six premiers modules de B-and-Bee. Des focus group avec des festivaliers ont \u00e9t\u00e9 mont\u00e9s afin de d\u00e9terminer exactement les besoins et par cons\u00e9quent les fonctionnalit\u00e9s que les cellules se devaient d\u2019avoir. Les prototypes ont rapidement \u00e9t\u00e9 transform\u00e9s en cellules fonctionnelles en bois. A chaque \u00e9tape, tous les acteurs du projet ont \u00e9t\u00e9 consult\u00e9s afin de confronter le concept \u00e0 la r\u00e9alit\u00e9 du terrain et aux besoins des festivaliers.<\/p>\n<p><img loading=\"lazy\" decoding=\"async\" src=\"https:\/\/www.archibat.com\/blog\/wp-content\/uploads\/2016\/05\/3-2.png\" alt=\"3\" width=\"677\" height=\"902\" \/><\/p>\n<h2>Un design \u00e9co-responsable<\/h2>\n<p>Ces h\u00e9bergements ont \u00e9t\u00e9 con\u00e7us pour avoir une empreinte carbone tr\u00e8s basse pour ne pas s\u2019ajouter \u00e0 celle en g\u00e9n\u00e9ral \u00e9lev\u00e9e des festivals. Les mat\u00e9riaux utilis\u00e9s sont en bois recycl\u00e9, les cellules sont d\u00e9montables, transportables et r\u00e9utilisables. Les cr\u00e9ateurs du projet ont d\u00e9cid\u00e9 de mettre en place un service apr\u00e8s vente pour leurs B-and-Bee afin d\u2019en assurer le transport, les op\u00e9rations sur place ainsi que la maintenance.<\/p>\n<p>&nbsp;<\/p>\n<p><em><strong>Vivre dans une \u00ab\u00a0ruche\u00a0\u00bb le temps d&rsquo;un festival, \u00e7a vous tente ?<\/strong><\/em><\/p>\n","protected":false},"excerpt":{"rendered":"<p>Compaan et Labeur, deux entit\u00e9s belges &#8211; une entreprise sp\u00e9cialis\u00e9e en ressources humaines et une organisation socio-\u00e9cologique, se sont associ\u00e9es le temps d\u2019un concours \u00e0 Anvers, qu\u2019ils ont remport\u00e9 avec B-and-Bee, un concept novateur de logements pour les festivaliers. Ils se sont par la suite associ\u00e9s avec &#8230;<\/p>\n","protected":false},"author":2,"featured_media":1843,"comment_status":"closed","ping_status":"closed","sticky":false,"template":"","format":"standard","meta":{"_acf_changed":false,"footnotes":""},"categories":[3],"tags":[1609,1610,1611],"class_list":["post-1829","post","type-post","status-publish","format-standard","has-post-thumbnail","hentry","category-architecture-et-design","tag-b-and-bee","tag-festival","tag-hebergement"],"acf":[],"yoast_head":"<!-- This site is optimized with the Yoast SEO plugin v24.8.1 - https:\/\/yoast.com\/wordpress\/plugins\/seo\/ -->\n<title>Un h\u00e9bergement temporaire malin pour les festivaliers &#8211; ArchiBat Mag<\/title>\n<meta name=\"robots\" content=\"index, follow, max-snippet:-1, max-image-preview:large, max-video-preview:-1\" \/>\n<link rel=\"canonical\" href=\"https:\/\/archibat.com\/blog\/hebergement-temporaire-malin-festivaliers\/\" \/>\n<meta property=\"og:locale\" content=\"fr_FR\" \/>\n<meta property=\"og:type\" content=\"article\" \/>\n<meta property=\"og:title\" content=\"Un h\u00e9bergement temporaire malin pour les festivaliers &#8211; ArchiBat Mag\" \/>\n<meta property=\"og:description\" content=\"Compaan et Labeur, deux entit\u00e9s belges - une entreprise sp\u00e9cialis\u00e9e en ressources humaines et une organisation socio-\u00e9cologique, se sont associ\u00e9es le temps d\u2019un concours \u00e0 Anvers, qu\u2019ils ont remport\u00e9 avec B-and-Bee, un concept novateur de logements pour les festivaliers. Ils se sont par la suite associ\u00e9s avec ...\" \/>\n<meta property=\"og:url\" content=\"https:\/\/archibat.com\/blog\/hebergement-temporaire-malin-festivaliers\/\" \/>\n<meta property=\"og:site_name\" content=\"ArchiBat Mag\" \/>\n<meta property=\"article:published_time\" content=\"2016-05-23T16:53:52+00:00\" \/>\n<meta property=\"article:modified_time\" content=\"2018-11-20T17:00:59+00:00\" \/>\n<meta property=\"og:image\" content=\"https:\/\/archibat.com\/blog\/wp-content\/uploads\/2016\/05\/imageunebee-2.png\" \/>\n\t<meta property=\"og:image:width\" content=\"635\" \/>\n\t<meta property=\"og:image:height\" content=\"327\" \/>\n\t<meta property=\"og:image:type\" content=\"image\/png\" \/>\n<meta name=\"author\" content=\"communication\" \/>\n<meta name=\"twitter:card\" content=\"summary_large_image\" \/>\n<meta name=\"twitter:label1\" content=\"\u00c9crit par\" \/>\n\t<meta name=\"twitter:data1\" content=\"communication\" \/>\n\t<meta name=\"twitter:label2\" content=\"Dur\u00e9e de lecture estim\u00e9e\" \/>\n\t<meta name=\"twitter:data2\" content=\"2 minutes\" \/>\n<script type=\"application\/ld+json\" class=\"yoast-schema-graph\">{\"@context\":\"https:\/\/schema.org\",\"@graph\":[{\"@type\":\"WebPage\",\"@id\":\"https:\/\/archibat.com\/blog\/hebergement-temporaire-malin-festivaliers\/\",\"url\":\"https:\/\/archibat.com\/blog\/hebergement-temporaire-malin-festivaliers\/\",\"name\":\"Un h\u00e9bergement temporaire malin pour les festivaliers &#8211; ArchiBat Mag\",\"isPartOf\":{\"@id\":\"https:\/\/archibat.com\/blog\/#website\"},\"primaryImageOfPage\":{\"@id\":\"https:\/\/archibat.com\/blog\/hebergement-temporaire-malin-festivaliers\/#primaryimage\"},\"image\":{\"@id\":\"https:\/\/archibat.com\/blog\/hebergement-temporaire-malin-festivaliers\/#primaryimage\"},\"thumbnailUrl\":\"https:\/\/archibat.com\/blog\/wp-content\/uploads\/2016\/05\/imageunebee-2.png\",\"datePublished\":\"2016-05-23T16:53:52+00:00\",\"dateModified\":\"2018-11-20T17:00:59+00:00\",\"author\":{\"@id\":\"https:\/\/archibat.com\/blog\/#\/schema\/person\/c246f0d63b5e719c2cbe4f9bd494bf12\"},\"breadcrumb\":{\"@id\":\"https:\/\/archibat.com\/blog\/hebergement-temporaire-malin-festivaliers\/#breadcrumb\"},\"inLanguage\":\"fr-FR\",\"potentialAction\":[{\"@type\":\"ReadAction\",\"target\":[\"https:\/\/archibat.com\/blog\/hebergement-temporaire-malin-festivaliers\/\"]}]},{\"@type\":\"ImageObject\",\"inLanguage\":\"fr-FR\",\"@id\":\"https:\/\/archibat.com\/blog\/hebergement-temporaire-malin-festivaliers\/#primaryimage\",\"url\":\"https:\/\/archibat.com\/blog\/wp-content\/uploads\/2016\/05\/imageunebee-2.png\",\"contentUrl\":\"https:\/\/archibat.com\/blog\/wp-content\/uploads\/2016\/05\/imageunebee-2.png\",\"width\":635,\"height\":327},{\"@type\":\"BreadcrumbList\",\"@id\":\"https:\/\/archibat.com\/blog\/hebergement-temporaire-malin-festivaliers\/#breadcrumb\",\"itemListElement\":[{\"@type\":\"ListItem\",\"position\":1,\"name\":\"Home\",\"item\":\"https:\/\/archibat.com\/blog\/\"},{\"@type\":\"ListItem\",\"position\":2,\"name\":\"Un h\u00e9bergement temporaire malin pour les festivaliers\"}]},{\"@type\":\"WebSite\",\"@id\":\"https:\/\/archibat.com\/blog\/#website\",\"url\":\"https:\/\/archibat.com\/blog\/\",\"name\":\"ArchiBat Mag\",\"description\":\"Vous souhaitez connaitre les derni\u00e8res actualit\u00e9s sur l\u2019Architecture, le Design ou les Ressources Humaines ? D\u00e9couvrez ArchiBat Mag, le magazine d\u00e9di\u00e9 aux m\u00e9tiers de l&#039;Architecture et de l&#039;Ing\u00e9nierie.\",\"potentialAction\":[{\"@type\":\"SearchAction\",\"target\":{\"@type\":\"EntryPoint\",\"urlTemplate\":\"https:\/\/archibat.com\/blog\/?s={search_term_string}\"},\"query-input\":{\"@type\":\"PropertyValueSpecification\",\"valueRequired\":true,\"valueName\":\"search_term_string\"}}],\"inLanguage\":\"fr-FR\"},{\"@type\":\"Person\",\"@id\":\"https:\/\/archibat.com\/blog\/#\/schema\/person\/c246f0d63b5e719c2cbe4f9bd494bf12\",\"name\":\"communication\"}]}<\/script>\n<!-- \/ Yoast SEO plugin. -->","yoast_head_json":{"title":"Un h\u00e9bergement temporaire malin pour les festivaliers &#8211; ArchiBat Mag","robots":{"index":"index","follow":"follow","max-snippet":"max-snippet:-1","max-image-preview":"max-image-preview:large","max-video-preview":"max-video-preview:-1"},"canonical":"https:\/\/archibat.com\/blog\/hebergement-temporaire-malin-festivaliers\/","og_locale":"fr_FR","og_type":"article","og_title":"Un h\u00e9bergement temporaire malin pour les festivaliers &#8211; ArchiBat Mag","og_description":"Compaan et Labeur, deux entit\u00e9s belges - une entreprise sp\u00e9cialis\u00e9e en ressources humaines et une organisation socio-\u00e9cologique, se sont associ\u00e9es le temps d\u2019un concours \u00e0 Anvers, qu\u2019ils ont remport\u00e9 avec B-and-Bee, un concept novateur de logements pour les festivaliers. Ils se sont par la suite associ\u00e9s avec ...","og_url":"https:\/\/archibat.com\/blog\/hebergement-temporaire-malin-festivaliers\/","og_site_name":"ArchiBat Mag","article_published_time":"2016-05-23T16:53:52+00:00","article_modified_time":"2018-11-20T17:00:59+00:00","og_image":[{"width":635,"height":327,"url":"https:\/\/archibat.com\/blog\/wp-content\/uploads\/2016\/05\/imageunebee-2.png","type":"image\/png"}],"author":"communication","twitter_card":"summary_large_image","twitter_misc":{"\u00c9crit par":"communication","Dur\u00e9e de lecture estim\u00e9e":"2 minutes"},"schema":{"@context":"https:\/\/schema.org","@graph":[{"@type":"WebPage","@id":"https:\/\/archibat.com\/blog\/hebergement-temporaire-malin-festivaliers\/","url":"https:\/\/archibat.com\/blog\/hebergement-temporaire-malin-festivaliers\/","name":"Un h\u00e9bergement temporaire malin pour les festivaliers &#8211; ArchiBat Mag","isPartOf":{"@id":"https:\/\/archibat.com\/blog\/#website"},"primaryImageOfPage":{"@id":"https:\/\/archibat.com\/blog\/hebergement-temporaire-malin-festivaliers\/#primaryimage"},"image":{"@id":"https:\/\/archibat.com\/blog\/hebergement-temporaire-malin-festivaliers\/#primaryimage"},"thumbnailUrl":"https:\/\/archibat.com\/blog\/wp-content\/uploads\/2016\/05\/imageunebee-2.png","datePublished":"2016-05-23T16:53:52+00:00","dateModified":"2018-11-20T17:00:59+00:00","author":{"@id":"https:\/\/archibat.com\/blog\/#\/schema\/person\/c246f0d63b5e719c2cbe4f9bd494bf12"},"breadcrumb":{"@id":"https:\/\/archibat.com\/blog\/hebergement-temporaire-malin-festivaliers\/#breadcrumb"},"inLanguage":"fr-FR","potentialAction":[{"@type":"ReadAction","target":["https:\/\/archibat.com\/blog\/hebergement-temporaire-malin-festivaliers\/"]}]},{"@type":"ImageObject","inLanguage":"fr-FR","@id":"https:\/\/archibat.com\/blog\/hebergement-temporaire-malin-festivaliers\/#primaryimage","url":"https:\/\/archibat.com\/blog\/wp-content\/uploads\/2016\/05\/imageunebee-2.png","contentUrl":"https:\/\/archibat.com\/blog\/wp-content\/uploads\/2016\/05\/imageunebee-2.png","width":635,"height":327},{"@type":"BreadcrumbList","@id":"https:\/\/archibat.com\/blog\/hebergement-temporaire-malin-festivaliers\/#breadcrumb","itemListElement":[{"@type":"ListItem","position":1,"name":"Home","item":"https:\/\/archibat.com\/blog\/"},{"@type":"ListItem","position":2,"name":"Un h\u00e9bergement temporaire malin pour les festivaliers"}]},{"@type":"WebSite","@id":"https:\/\/archibat.com\/blog\/#website","url":"https:\/\/archibat.com\/blog\/","name":"ArchiBat Mag","description":"Vous souhaitez connaitre les derni\u00e8res actualit\u00e9s sur l\u2019Architecture, le Design ou les Ressources Humaines ? D\u00e9couvrez ArchiBat Mag, le magazine d\u00e9di\u00e9 aux m\u00e9tiers de l&#039;Architecture et de l&#039;Ing\u00e9nierie.","potentialAction":[{"@type":"SearchAction","target":{"@type":"EntryPoint","urlTemplate":"https:\/\/archibat.com\/blog\/?s={search_term_string}"},"query-input":{"@type":"PropertyValueSpecification","valueRequired":true,"valueName":"search_term_string"}}],"inLanguage":"fr-FR"},{"@type":"Person","@id":"https:\/\/archibat.com\/blog\/#\/schema\/person\/c246f0d63b5e719c2cbe4f9bd494bf12","name":"communication"}]}},"_links":{"self":[{"href":"https:\/\/archibat.com\/blog\/wp-json\/wp\/v2\/posts\/1829","targetHints":{"allow":["GET"]}}],"collection":[{"href":"https:\/\/archibat.com\/blog\/wp-json\/wp\/v2\/posts"}],"about":[{"href":"https:\/\/archibat.com\/blog\/wp-json\/wp\/v2\/types\/post"}],"author":[{"embeddable":true,"href":"https:\/\/archibat.com\/blog\/wp-json\/wp\/v2\/users\/2"}],"replies":[{"embeddable":true,"href":"https:\/\/archibat.com\/blog\/wp-json\/wp\/v2\/comments?post=1829"}],"version-history":[{"count":2,"href":"https:\/\/archibat.com\/blog\/wp-json\/wp\/v2\/posts\/1829\/revisions"}],"predecessor-version":[{"id":7784,"href":"https:\/\/archibat.com\/blog\/wp-json\/wp\/v2\/posts\/1829\/revisions\/7784"}],"wp:featuredmedia":[{"embeddable":true,"href":"https:\/\/archibat.com\/blog\/wp-json\/wp\/v2\/media\/1843"}],"wp:attachment":[{"href":"https:\/\/archibat.com\/blog\/wp-json\/wp\/v2\/media?parent=1829"}],"wp:term":[{"taxonomy":"category","embeddable":true,"href":"https:\/\/archibat.com\/blog\/wp-json\/wp\/v2\/categories?post=1829"},{"taxonomy":"post_tag","embeddable":true,"href":"https:\/\/archibat.com\/blog\/wp-json\/wp\/v2\/tags?post=1829"}],"curies":[{"name":"wp","href":"https:\/\/api.w.org\/{rel}","templated":true}]}}