{"id":18644,"date":"2022-08-09T14:00:26","date_gmt":"2022-08-09T12:00:26","guid":{"rendered":"https:\/\/archibat.com\/blog\/?p=18644"},"modified":"2023-03-24T16:44:26","modified_gmt":"2023-03-24T15:44:26","slug":"serie-estivale-%e2%80%89les-bars-et-restaurants%e2%80%89-3-4-civico-29","status":"publish","type":"post","link":"https:\/\/archibat.com\/blog\/serie-estivale-%e2%80%89les-bars-et-restaurants%e2%80%89-3-4-civico-29\/","title":{"rendered":"S\u00e9rie estivale \u00ab\u2009les bars et restaurants\u2009\u00bb 3\/4 : Civico 29"},"content":{"rendered":"\n<p>Le Civico&nbsp;29 est un bar \u00e0 cocktail situ\u00e9 \u00e0 Sperlonga en Italie dans la r\u00e9gion du Latina. Il se situe entre Rome et Naples au bord de la m\u00e9diterran\u00e9e. Il a \u00e9t\u00e9 cr\u00e9\u00e9 par l\u2019architecte d\u2019int\u00e9rieur italien Gae Avitabile.&nbsp;<\/p>\n\n\n\n<p>Ce bar \u00e0 cocktail intimiste, mais convivial occupe une surface de 50&nbsp;m2. L\u2019architecte a fait d\u00e9poser toutes les fen\u00eatres afin que les espaces int\u00e9rieurs et ext\u00e9rieurs se confondent. Le lieu s\u2019ouvre sur le panorama c\u00f4tier absolument magnifique. Les clients ont ainsi la sensation d\u2019un espace infini qui se termine \u00e0 l\u2019horizon.&nbsp;<\/p>\n\n\n\n<figure class=\"wp-block-image size-large is-resized\"><img loading=\"lazy\" decoding=\"async\" src=\"https:\/\/archibat.com\/blog\/wp-content\/uploads\/2022\/08\/Capture-decran-2022-08-03-a-14.48.10-1-327x480.png\" alt=\"\" class=\"wp-image-18660\" width=\"1450\" height=\"2124\" srcset=\"https:\/\/archibat.com\/blog\/wp-content\/uploads\/2022\/08\/Capture-decran-2022-08-03-a-14.48.10-1-327x480.png 327w, https:\/\/archibat.com\/blog\/wp-content\/uploads\/2022\/08\/Capture-decran-2022-08-03-a-14.48.10-1-204x300.png 204w\" sizes=\"auto, (max-width: 1450px) 100vw, 1450px\" \/><\/figure>\n\n\n\n<p>Le Civico&nbsp;29 a \u00e9t\u00e9 implant\u00e9 dans un b\u00e2timent d\u00e9j\u00e0 existant. Son design est simple et minimaliste tout en \u00e9tant \u00e9vocateur de son environnement. Le choix des mat\u00e9riaux n\u2019a pas \u00e9t\u00e9 laiss\u00e9 au hasard, ils ont \u00e9t\u00e9 minutieusement s\u00e9lectionn\u00e9s pour r\u00e9pondre \u00e0 la volont\u00e9 de l\u2019architecte de cr\u00e9er une connexion avec la r\u00e9gion.<\/p>\n\n\n\n<p>\u00ab\u2009Les mati\u00e8res, textures, couleurs et sons du quartier sont vraiment les pivots du projet. \u00c0 petite \u00e9chelle, bien qu\u2019avec un fort impact visuel, on les retrouve dans l\u2019utilisation d\u2019un nombre limit\u00e9 de mat\u00e9riaux basiques principalement par respect de la ville et de sa simplicit\u00e9 perdue\u2009\u00bb explique l\u2019architecte.<\/p>\n\n\n\n<p>Les murs du bar font \u00e9cho au paysage maritime. Ils sont recouverts d\u2019un rideau en mailles d\u2019aluminium turquoise qui rappelle la couleur de l\u2019eau, mais \u00e9galement la construction des filets de p\u00eache. Dans le m\u00eame esprit, le comptoir du bar en bois est r\u00e9alis\u00e9 en forme de vague peint dans un beau d\u00e9grad\u00e9 de bleu. Le reste du lieu est d\u2019un blanc immacul\u00e9.&nbsp;<\/p>\n\n\n\n<figure class=\"wp-block-image size-large is-resized\"><img loading=\"lazy\" decoding=\"async\" src=\"https:\/\/archibat.com\/blog\/wp-content\/uploads\/2022\/08\/Capture-decran-2022-08-03-a-14.47.03-2-585x480.png\" alt=\"\" class=\"wp-image-18668\" width=\"1439\" height=\"1180\" srcset=\"https:\/\/archibat.com\/blog\/wp-content\/uploads\/2022\/08\/Capture-decran-2022-08-03-a-14.47.03-2-585x480.png 585w, https:\/\/archibat.com\/blog\/wp-content\/uploads\/2022\/08\/Capture-decran-2022-08-03-a-14.47.03-2-300x246.png 300w, https:\/\/archibat.com\/blog\/wp-content\/uploads\/2022\/08\/Capture-decran-2022-08-03-a-14.47.03-2-768x630.png 768w, https:\/\/archibat.com\/blog\/wp-content\/uploads\/2022\/08\/Capture-decran-2022-08-03-a-14.47.03-2.png 811w\" sizes=\"auto, (max-width: 1439px) 100vw, 1439px\" \/><\/figure>\n\n\n\n<p>Le sol contraste avec les tons azur des murs et du comptoir. Il est constitu\u00e9 de briques creus\u00e9es en terre cuite qui sont remplies de chaux blanches et recouvertes de r\u00e9sine pour les rendre durable dans le temps. Ce type de sol s\u2019inscrit particuli\u00e8rement bien dans l\u2019esprit m\u00e9diterran\u00e9en.<\/p>\n\n\n\n<figure class=\"wp-block-image size-large is-resized\"><img loading=\"lazy\" decoding=\"async\" src=\"https:\/\/archibat.com\/blog\/wp-content\/uploads\/2022\/08\/Capture-decran-2022-08-03-a-14.47.32-720x480.png\" alt=\"\" class=\"wp-image-18657\" width=\"1450\" height=\"964\" srcset=\"https:\/\/archibat.com\/blog\/wp-content\/uploads\/2022\/08\/Capture-decran-2022-08-03-a-14.47.32-720x480.png 720w, https:\/\/archibat.com\/blog\/wp-content\/uploads\/2022\/08\/Capture-decran-2022-08-03-a-14.47.32-300x199.png 300w, https:\/\/archibat.com\/blog\/wp-content\/uploads\/2022\/08\/Capture-decran-2022-08-03-a-14.47.32-768x510.png 768w, https:\/\/archibat.com\/blog\/wp-content\/uploads\/2022\/08\/Capture-decran-2022-08-03-a-14.47.32-350x233.png 350w, https:\/\/archibat.com\/blog\/wp-content\/uploads\/2022\/08\/Capture-decran-2022-08-03-a-14.47.32-700x466.png 700w, https:\/\/archibat.com\/blog\/wp-content\/uploads\/2022\/08\/Capture-decran-2022-08-03-a-14.47.32.png 811w\" sizes=\"auto, (max-width: 1450px) 100vw, 1450px\" \/><\/figure>\n\n\n\n<p>Le mobilier a \u00e9t\u00e9 s\u00e9lectionn\u00e9 dans les tons bleu et blanc et dans des mat\u00e9riaux bruts comme le m\u00e9tal et le b\u00e9ton. Gae Avitabile a con\u00e7u une structure m\u00e9tallique blanche sur-mesure, suspendue au-dessus du bar, afin d\u2019y ranger les verres \u00e0 pied. Une lampe Falkland blanche cr\u00e9\u00e9e par Bruno Munari, en r\u00e9f\u00e9rence aux casiers de p\u00eacheurs, illumine le bar.&nbsp;<\/p>\n\n\n\n<figure class=\"wp-block-image size-large is-resized\"><img loading=\"lazy\" decoding=\"async\" src=\"https:\/\/archibat.com\/blog\/wp-content\/uploads\/2022\/08\/Capture-decran-2022-08-03-a-15.02.37-318x480.png\" alt=\"\" class=\"wp-image-18655\" width=\"1450\" height=\"2189\" srcset=\"https:\/\/archibat.com\/blog\/wp-content\/uploads\/2022\/08\/Capture-decran-2022-08-03-a-15.02.37-318x480.png 318w, https:\/\/archibat.com\/blog\/wp-content\/uploads\/2022\/08\/Capture-decran-2022-08-03-a-15.02.37-199x300.png 199w, https:\/\/archibat.com\/blog\/wp-content\/uploads\/2022\/08\/Capture-decran-2022-08-03-a-15.02.37.png 404w\" sizes=\"auto, (max-width: 1450px) 100vw, 1450px\" \/><\/figure>\n\n\n\n<p>Les toilettes occupent un petit volume dont les murs int\u00e9rieurs sont recouverts d\u2019un papier peint aux motifs exotiques. Cette ambiance contraste avec l\u2019int\u00e9rieur du bar et invite \u00e0 une certaine nostalgie du voyage.<\/p>\n\n\n\n<figure class=\"wp-block-image size-large is-resized\"><img loading=\"lazy\" decoding=\"async\" src=\"https:\/\/archibat.com\/blog\/wp-content\/uploads\/2022\/08\/gae-avitabile-designboom-06-667x1000-1-320x480.jpg\" alt=\"\" class=\"wp-image-18653\" width=\"1450\" height=\"2175\" srcset=\"https:\/\/archibat.com\/blog\/wp-content\/uploads\/2022\/08\/gae-avitabile-designboom-06-667x1000-1-320x480.jpg 320w, https:\/\/archibat.com\/blog\/wp-content\/uploads\/2022\/08\/gae-avitabile-designboom-06-667x1000-1-200x300.jpg 200w, https:\/\/archibat.com\/blog\/wp-content\/uploads\/2022\/08\/gae-avitabile-designboom-06-667x1000-1.jpg 667w\" sizes=\"auto, (max-width: 1450px) 100vw, 1450px\" \/><\/figure>\n\n\n\n<p>Gae Avitabile a r\u00e9ussi \u00e0 proposer un espace qui s\u2019affranchit des fronti\u00e8res int\u00e9rieur-ext\u00e9rieur pour que les consommateurs s\u2019impr\u00e8gnent du d\u00e9cor grandiose de Sperlonga. Tout est pens\u00e9 pour proposer aux clients une v\u00e9ritable \u00e9vasion le temps d\u2019une pause.&nbsp;<\/p>\n\n\n\n<p><strong>Cr\u00e9dit photos :<\/strong> <a href=\"https:\/\/carloriente.it\/\" target=\"_blank\" rel=\"noreferrer noopener\">Carlo Oriente<\/a><\/p>\n\n\n\n<p><strong>Architectes\u00a0:<\/strong>\u00a0\u00a0Gae Avitabile Design Studio <\/p>\n\n\n\n<div style=\"height:20px\" aria-hidden=\"true\" class=\"wp-block-spacer\"><\/div>\n\n\n\n<p><strong>Vous recherchez des postes en Architecture d\u2019int\u00e9rieur ?\u00a0<a href=\"https:\/\/archibat.com\/fr\/offres-demploi\" target=\"_blank\" rel=\"noreferrer noopener\">Consultez nos offres <\/a><\/strong><a href=\"https:\/\/archibat.com\/fr\/offres-demploi\" target=\"_blank\" rel=\"noreferrer noopener\"><strong>!<\/strong><\/a><\/p>\n","protected":false},"excerpt":{"rendered":"<p>Le Civico&nbsp;29 est un bar \u00e0 cocktail situ\u00e9 \u00e0 Sperlonga en Italie dans la r\u00e9gion du Latina. Il se situe entre Rome et Naples au\u2026<\/p>\n","protected":false},"author":2,"featured_media":18645,"comment_status":"closed","ping_status":"closed","sticky":false,"template":"","format":"standard","meta":{"_acf_changed":false,"footnotes":""},"categories":[3],"tags":[2238,1821,3305,3302,1228,3304,1503,1529,3303],"class_list":["post-18644","post","type-post","status-publish","format-standard","has-post-thumbnail","hentry","category-architecture-et-design","tag-architecture","tag-architecture-dinterieur","tag-bar","tag-civico-29","tag-design","tag-gae-avitabile","tag-italie","tag-restaurant","tag-sperlonga"],"acf":[],"yoast_head":"<!-- This site is optimized with the Yoast SEO plugin v24.8.1 - https:\/\/yoast.com\/wordpress\/plugins\/seo\/ -->\n<title>S\u00e9rie estivale \u00ab\u2009les bars et restaurants\u2009\u00bb 3\/4 : Civico 29 &#8211; ArchiBat Mag<\/title>\n<meta name=\"robots\" content=\"index, follow, max-snippet:-1, max-image-preview:large, max-video-preview:-1\" \/>\n<link rel=\"canonical\" href=\"https:\/\/archibat.com\/blog\/serie-estivale-\u2009les-bars-et-restaurants\u2009-3-4-civico-29\/\" \/>\n<meta property=\"og:locale\" content=\"fr_FR\" \/>\n<meta property=\"og:type\" content=\"article\" \/>\n<meta property=\"og:title\" content=\"S\u00e9rie estivale \u00ab\u2009les bars et restaurants\u2009\u00bb 3\/4 : Civico 29 &#8211; ArchiBat Mag\" \/>\n<meta property=\"og:description\" content=\"Le Civico&nbsp;29 est un bar \u00e0 cocktail situ\u00e9 \u00e0 Sperlonga en Italie dans la r\u00e9gion du Latina. Il se situe entre Rome et Naples au\u2026\" \/>\n<meta property=\"og:url\" content=\"https:\/\/archibat.com\/blog\/serie-estivale-\u2009les-bars-et-restaurants\u2009-3-4-civico-29\/\" \/>\n<meta property=\"og:site_name\" content=\"ArchiBat Mag\" \/>\n<meta property=\"article:published_time\" content=\"2022-08-09T12:00:26+00:00\" \/>\n<meta property=\"article:modified_time\" content=\"2023-03-24T15:44:26+00:00\" \/>\n<meta property=\"og:image\" content=\"https:\/\/archibat.com\/blog\/wp-content\/uploads\/2022\/08\/Serie-estivale-les-bars-et-restaurants-34-Civico-29.png\" \/>\n\t<meta property=\"og:image:width\" content=\"810\" \/>\n\t<meta property=\"og:image:height\" content=\"539\" \/>\n\t<meta property=\"og:image:type\" content=\"image\/png\" \/>\n<meta name=\"author\" content=\"communication\" \/>\n<meta name=\"twitter:card\" content=\"summary_large_image\" \/>\n<meta name=\"twitter:label1\" content=\"\u00c9crit par\" \/>\n\t<meta name=\"twitter:data1\" content=\"communication\" \/>\n\t<meta name=\"twitter:label2\" content=\"Dur\u00e9e de lecture estim\u00e9e\" \/>\n\t<meta name=\"twitter:data2\" content=\"3 minutes\" \/>\n<script type=\"application\/ld+json\" class=\"yoast-schema-graph\">{\"@context\":\"https:\/\/schema.org\",\"@graph\":[{\"@type\":\"WebPage\",\"@id\":\"https:\/\/archibat.com\/blog\/serie-estivale-%e2%80%89les-bars-et-restaurants%e2%80%89-3-4-civico-29\/\",\"url\":\"https:\/\/archibat.com\/blog\/serie-estivale-%e2%80%89les-bars-et-restaurants%e2%80%89-3-4-civico-29\/\",\"name\":\"S\u00e9rie estivale \u00ab\u2009les bars et restaurants\u2009\u00bb 3\/4 : Civico 29 &#8211; ArchiBat Mag\",\"isPartOf\":{\"@id\":\"https:\/\/archibat.com\/blog\/#website\"},\"primaryImageOfPage\":{\"@id\":\"https:\/\/archibat.com\/blog\/serie-estivale-%e2%80%89les-bars-et-restaurants%e2%80%89-3-4-civico-29\/#primaryimage\"},\"image\":{\"@id\":\"https:\/\/archibat.com\/blog\/serie-estivale-%e2%80%89les-bars-et-restaurants%e2%80%89-3-4-civico-29\/#primaryimage\"},\"thumbnailUrl\":\"https:\/\/archibat.com\/blog\/wp-content\/uploads\/2022\/08\/Serie-estivale-les-bars-et-restaurants-34-Civico-29.png\",\"datePublished\":\"2022-08-09T12:00:26+00:00\",\"dateModified\":\"2023-03-24T15:44:26+00:00\",\"author\":{\"@id\":\"https:\/\/archibat.com\/blog\/#\/schema\/person\/c246f0d63b5e719c2cbe4f9bd494bf12\"},\"breadcrumb\":{\"@id\":\"https:\/\/archibat.com\/blog\/serie-estivale-%e2%80%89les-bars-et-restaurants%e2%80%89-3-4-civico-29\/#breadcrumb\"},\"inLanguage\":\"fr-FR\",\"potentialAction\":[{\"@type\":\"ReadAction\",\"target\":[\"https:\/\/archibat.com\/blog\/serie-estivale-%e2%80%89les-bars-et-restaurants%e2%80%89-3-4-civico-29\/\"]}]},{\"@type\":\"ImageObject\",\"inLanguage\":\"fr-FR\",\"@id\":\"https:\/\/archibat.com\/blog\/serie-estivale-%e2%80%89les-bars-et-restaurants%e2%80%89-3-4-civico-29\/#primaryimage\",\"url\":\"https:\/\/archibat.com\/blog\/wp-content\/uploads\/2022\/08\/Serie-estivale-les-bars-et-restaurants-34-Civico-29.png\",\"contentUrl\":\"https:\/\/archibat.com\/blog\/wp-content\/uploads\/2022\/08\/Serie-estivale-les-bars-et-restaurants-34-Civico-29.png\",\"width\":810,\"height\":539},{\"@type\":\"BreadcrumbList\",\"@id\":\"https:\/\/archibat.com\/blog\/serie-estivale-%e2%80%89les-bars-et-restaurants%e2%80%89-3-4-civico-29\/#breadcrumb\",\"itemListElement\":[{\"@type\":\"ListItem\",\"position\":1,\"name\":\"Home\",\"item\":\"https:\/\/archibat.com\/blog\/\"},{\"@type\":\"ListItem\",\"position\":2,\"name\":\"S\u00e9rie estivale \u00ab\u2009les bars et restaurants\u2009\u00bb 3\/4 : Civico 29\"}]},{\"@type\":\"WebSite\",\"@id\":\"https:\/\/archibat.com\/blog\/#website\",\"url\":\"https:\/\/archibat.com\/blog\/\",\"name\":\"ArchiBat Mag\",\"description\":\"Vous souhaitez connaitre les derni\u00e8res actualit\u00e9s sur l\u2019Architecture, le Design ou les Ressources Humaines ? D\u00e9couvrez ArchiBat Mag, le magazine d\u00e9di\u00e9 aux m\u00e9tiers de l&#039;Architecture et de l&#039;Ing\u00e9nierie.\",\"potentialAction\":[{\"@type\":\"SearchAction\",\"target\":{\"@type\":\"EntryPoint\",\"urlTemplate\":\"https:\/\/archibat.com\/blog\/?s={search_term_string}\"},\"query-input\":{\"@type\":\"PropertyValueSpecification\",\"valueRequired\":true,\"valueName\":\"search_term_string\"}}],\"inLanguage\":\"fr-FR\"},{\"@type\":\"Person\",\"@id\":\"https:\/\/archibat.com\/blog\/#\/schema\/person\/c246f0d63b5e719c2cbe4f9bd494bf12\",\"name\":\"communication\"}]}<\/script>\n<!-- \/ Yoast SEO plugin. -->","yoast_head_json":{"title":"S\u00e9rie estivale \u00ab\u2009les bars et restaurants\u2009\u00bb 3\/4 : Civico 29 &#8211; ArchiBat Mag","robots":{"index":"index","follow":"follow","max-snippet":"max-snippet:-1","max-image-preview":"max-image-preview:large","max-video-preview":"max-video-preview:-1"},"canonical":"https:\/\/archibat.com\/blog\/serie-estivale-\u2009les-bars-et-restaurants\u2009-3-4-civico-29\/","og_locale":"fr_FR","og_type":"article","og_title":"S\u00e9rie estivale \u00ab\u2009les bars et restaurants\u2009\u00bb 3\/4 : Civico 29 &#8211; ArchiBat Mag","og_description":"Le Civico&nbsp;29 est un bar \u00e0 cocktail situ\u00e9 \u00e0 Sperlonga en Italie dans la r\u00e9gion du Latina. Il se situe entre Rome et Naples au\u2026","og_url":"https:\/\/archibat.com\/blog\/serie-estivale-\u2009les-bars-et-restaurants\u2009-3-4-civico-29\/","og_site_name":"ArchiBat Mag","article_published_time":"2022-08-09T12:00:26+00:00","article_modified_time":"2023-03-24T15:44:26+00:00","og_image":[{"width":810,"height":539,"url":"https:\/\/archibat.com\/blog\/wp-content\/uploads\/2022\/08\/Serie-estivale-les-bars-et-restaurants-34-Civico-29.png","type":"image\/png"}],"author":"communication","twitter_card":"summary_large_image","twitter_misc":{"\u00c9crit par":"communication","Dur\u00e9e de lecture estim\u00e9e":"3 minutes"},"schema":{"@context":"https:\/\/schema.org","@graph":[{"@type":"WebPage","@id":"https:\/\/archibat.com\/blog\/serie-estivale-%e2%80%89les-bars-et-restaurants%e2%80%89-3-4-civico-29\/","url":"https:\/\/archibat.com\/blog\/serie-estivale-%e2%80%89les-bars-et-restaurants%e2%80%89-3-4-civico-29\/","name":"S\u00e9rie estivale \u00ab\u2009les bars et restaurants\u2009\u00bb 3\/4 : Civico 29 &#8211; ArchiBat Mag","isPartOf":{"@id":"https:\/\/archibat.com\/blog\/#website"},"primaryImageOfPage":{"@id":"https:\/\/archibat.com\/blog\/serie-estivale-%e2%80%89les-bars-et-restaurants%e2%80%89-3-4-civico-29\/#primaryimage"},"image":{"@id":"https:\/\/archibat.com\/blog\/serie-estivale-%e2%80%89les-bars-et-restaurants%e2%80%89-3-4-civico-29\/#primaryimage"},"thumbnailUrl":"https:\/\/archibat.com\/blog\/wp-content\/uploads\/2022\/08\/Serie-estivale-les-bars-et-restaurants-34-Civico-29.png","datePublished":"2022-08-09T12:00:26+00:00","dateModified":"2023-03-24T15:44:26+00:00","author":{"@id":"https:\/\/archibat.com\/blog\/#\/schema\/person\/c246f0d63b5e719c2cbe4f9bd494bf12"},"breadcrumb":{"@id":"https:\/\/archibat.com\/blog\/serie-estivale-%e2%80%89les-bars-et-restaurants%e2%80%89-3-4-civico-29\/#breadcrumb"},"inLanguage":"fr-FR","potentialAction":[{"@type":"ReadAction","target":["https:\/\/archibat.com\/blog\/serie-estivale-%e2%80%89les-bars-et-restaurants%e2%80%89-3-4-civico-29\/"]}]},{"@type":"ImageObject","inLanguage":"fr-FR","@id":"https:\/\/archibat.com\/blog\/serie-estivale-%e2%80%89les-bars-et-restaurants%e2%80%89-3-4-civico-29\/#primaryimage","url":"https:\/\/archibat.com\/blog\/wp-content\/uploads\/2022\/08\/Serie-estivale-les-bars-et-restaurants-34-Civico-29.png","contentUrl":"https:\/\/archibat.com\/blog\/wp-content\/uploads\/2022\/08\/Serie-estivale-les-bars-et-restaurants-34-Civico-29.png","width":810,"height":539},{"@type":"BreadcrumbList","@id":"https:\/\/archibat.com\/blog\/serie-estivale-%e2%80%89les-bars-et-restaurants%e2%80%89-3-4-civico-29\/#breadcrumb","itemListElement":[{"@type":"ListItem","position":1,"name":"Home","item":"https:\/\/archibat.com\/blog\/"},{"@type":"ListItem","position":2,"name":"S\u00e9rie estivale \u00ab\u2009les bars et restaurants\u2009\u00bb 3\/4 : Civico 29"}]},{"@type":"WebSite","@id":"https:\/\/archibat.com\/blog\/#website","url":"https:\/\/archibat.com\/blog\/","name":"ArchiBat Mag","description":"Vous souhaitez connaitre les derni\u00e8res actualit\u00e9s sur l\u2019Architecture, le Design ou les Ressources Humaines ? D\u00e9couvrez ArchiBat Mag, le magazine d\u00e9di\u00e9 aux m\u00e9tiers de l&#039;Architecture et de l&#039;Ing\u00e9nierie.","potentialAction":[{"@type":"SearchAction","target":{"@type":"EntryPoint","urlTemplate":"https:\/\/archibat.com\/blog\/?s={search_term_string}"},"query-input":{"@type":"PropertyValueSpecification","valueRequired":true,"valueName":"search_term_string"}}],"inLanguage":"fr-FR"},{"@type":"Person","@id":"https:\/\/archibat.com\/blog\/#\/schema\/person\/c246f0d63b5e719c2cbe4f9bd494bf12","name":"communication"}]}},"_links":{"self":[{"href":"https:\/\/archibat.com\/blog\/wp-json\/wp\/v2\/posts\/18644","targetHints":{"allow":["GET"]}}],"collection":[{"href":"https:\/\/archibat.com\/blog\/wp-json\/wp\/v2\/posts"}],"about":[{"href":"https:\/\/archibat.com\/blog\/wp-json\/wp\/v2\/types\/post"}],"author":[{"embeddable":true,"href":"https:\/\/archibat.com\/blog\/wp-json\/wp\/v2\/users\/2"}],"replies":[{"embeddable":true,"href":"https:\/\/archibat.com\/blog\/wp-json\/wp\/v2\/comments?post=18644"}],"version-history":[{"count":3,"href":"https:\/\/archibat.com\/blog\/wp-json\/wp\/v2\/posts\/18644\/revisions"}],"predecessor-version":[{"id":20562,"href":"https:\/\/archibat.com\/blog\/wp-json\/wp\/v2\/posts\/18644\/revisions\/20562"}],"wp:featuredmedia":[{"embeddable":true,"href":"https:\/\/archibat.com\/blog\/wp-json\/wp\/v2\/media\/18645"}],"wp:attachment":[{"href":"https:\/\/archibat.com\/blog\/wp-json\/wp\/v2\/media?parent=18644"}],"wp:term":[{"taxonomy":"category","embeddable":true,"href":"https:\/\/archibat.com\/blog\/wp-json\/wp\/v2\/categories?post=18644"},{"taxonomy":"post_tag","embeddable":true,"href":"https:\/\/archibat.com\/blog\/wp-json\/wp\/v2\/tags?post=18644"}],"curies":[{"name":"wp","href":"https:\/\/api.w.org\/{rel}","templated":true}]}}