{"id":1867,"date":"2016-06-04T12:18:45","date_gmt":"2016-06-04T11:18:45","guid":{"rendered":"https:\/\/www.archibat.com\/blog\/?p=1867"},"modified":"2018-11-23T16:07:50","modified_gmt":"2018-11-23T15:07:50","slug":"street-art-de-maser-couleurs-forme-simples","status":"publish","type":"post","link":"https:\/\/archibat.com\/blog\/street-art-de-maser-couleurs-forme-simples\/","title":{"rendered":"Le Street Art de Maser : une explosion de formes et de couleurs"},"content":{"rendered":"<p>Originaire de Dublin en Irlande, il habite maintenant aux Etats Unis. On retrouve les graffitis de ce street artiste partout dans le monde\u00a0: de l\u2019Autriche \u00e0 la Belgique, de l\u2019Espagne au Royaume Uni &#8230; Il a d\u00e9but\u00e9 dans les rues irlandaises en 1995. Apr\u00e8s avoir peint dans la rue, Maser s\u2019est essay\u00e9 \u00e0 de nouvelles formes d\u2019expression artistique\u00a0: il a particip\u00e9 \u00e0 une exposition au Lazarides rathbone o\u00f9 il a pr\u00e9sent\u00e9 le travail \u00ab\u00a0orbiting on the periphery\u00a0\u00bb.<\/p>\n<p><img loading=\"lazy\" decoding=\"async\" class=\"alignnone size-full wp-image-1869\" src=\"https:\/\/www.archibat.com\/blog\/wp-content\/uploads\/2016\/06\/artist-maser-interview-lazarides-gallery-designboom-02-2.jpg\" alt=\"Maser\" width=\"635\" height=\"508\" srcset=\"https:\/\/archibat.com\/blog\/wp-content\/uploads\/2016\/06\/artist-maser-interview-lazarides-gallery-designboom-02-2.jpg 635w, https:\/\/archibat.com\/blog\/wp-content\/uploads\/2016\/06\/artist-maser-interview-lazarides-gallery-designboom-02-2-300x240.jpg 300w, https:\/\/archibat.com\/blog\/wp-content\/uploads\/2016\/06\/artist-maser-interview-lazarides-gallery-designboom-02-2-600x480.jpg 600w\" sizes=\"auto, (max-width: 635px) 100vw, 635px\" \/><\/p>\n<h2>L\u2019environnement de Maser<\/h2>\n<p>Il n\u2019y a pas d\u2019artistes dans sa famille ni parmi ses amis. Personne ne l\u2019a pouss\u00e9 dans cette voie, bien qu\u2019il admette avoir des connaissances plus extravagantes que l\u2019on peut se l\u2019imaginer ! Il a commenc\u00e9 par peindre les murs de sa maison, puis dans sa salle de classe avant de commencer les graffitis \u00e0 l\u2019\u00e2ge de 15 ans.<\/p>\n<h2>Les couleurs dans l\u2019univers de Maser<\/h2>\n<p>Pour lui, les couleurs et formes g\u00e9om\u00e9triques \u00e9voquent une \u00e9motion, surtout lorsqu\u2019elles sont associ\u00e9es entre elles. Il utilise principalement des couleurs primaires afin de garder des \u0153uvres simples et accessibles. Il oppose de mani\u00e8re quasi syst\u00e9matique des couleurs aux tons chauds \u00e0 des couleurs plus froides. Bien que ses \u0153uvres soient r\u00e9parties dans le monde, l\u2019artiste cherche \u00e0 utiliser toujours la m\u00eame palette de couleur afin de conserver une certaine continuit\u00e9 dans son travail.<\/p>\n<p><img loading=\"lazy\" decoding=\"async\" class=\"alignnone size-full wp-image-1871\" src=\"https:\/\/www.archibat.com\/blog\/wp-content\/uploads\/2016\/06\/artist-maser-interview-lazarides-gallery-designboom-012-3.jpg\" alt=\"Maser\" width=\"635\" height=\"392\" srcset=\"https:\/\/archibat.com\/blog\/wp-content\/uploads\/2016\/06\/artist-maser-interview-lazarides-gallery-designboom-012-3.jpg 635w, https:\/\/archibat.com\/blog\/wp-content\/uploads\/2016\/06\/artist-maser-interview-lazarides-gallery-designboom-012-3-300x185.jpg 300w\" sizes=\"auto, (max-width: 635px) 100vw, 635px\" \/> <img loading=\"lazy\" decoding=\"async\" class=\"alignnone size-full wp-image-1868\" src=\"https:\/\/www.archibat.com\/blog\/wp-content\/uploads\/2016\/06\/artist-maser-interview-lazarides-gallery-designboom-01-2.jpg\" alt=\"Maser\" width=\"635\" height=\"327\" srcset=\"https:\/\/archibat.com\/blog\/wp-content\/uploads\/2016\/06\/artist-maser-interview-lazarides-gallery-designboom-01-2.jpg 635w, https:\/\/archibat.com\/blog\/wp-content\/uploads\/2016\/06\/artist-maser-interview-lazarides-gallery-designboom-01-2-300x154.jpg 300w\" sizes=\"auto, (max-width: 635px) 100vw, 635px\" \/><\/p>\n<h2>Des \u0153uvres en 3 dimensions<\/h2>\n<p>Maser r\u00e9alise des \u0153uvres en 3 dimensions, il consid\u00e8re que cette dimension suppl\u00e9mentaire incite le visiteur \u00e0 s\u2019immerger encore plus dans son univers. C\u2019est ce qu\u2019il a fait par exemple avec son \u0153uvre dans une station essence d\u00e9saffect\u00e9e \u00e0 Limerick dans l\u2019Ouest de l\u2019Irlande. Il s\u2019agit d\u2019un hommage au recueil de photos \u00ab\u00a0Twentysix Gasoline Sations\u00a0\u00bb de l\u2019artiste Edward Ruscha. Maser remplace des espaces abandonn\u00e9s par des \u0153uvres d\u2019art.<\/p>\n<p><img loading=\"lazy\" decoding=\"async\" class=\"alignnone size-full wp-image-1870\" src=\"https:\/\/www.archibat.com\/blog\/wp-content\/uploads\/2016\/06\/artist-maser-interview-lazarides-gallery-designboom-010-2.jpg\" alt=\"Maser\" width=\"635\" height=\"363\" srcset=\"https:\/\/archibat.com\/blog\/wp-content\/uploads\/2016\/06\/artist-maser-interview-lazarides-gallery-designboom-010-2.jpg 635w, https:\/\/archibat.com\/blog\/wp-content\/uploads\/2016\/06\/artist-maser-interview-lazarides-gallery-designboom-010-2-300x171.jpg 300w\" sizes=\"auto, (max-width: 635px) 100vw, 635px\" \/><\/p>\n<p><em><strong>Une nouvelle vie pour les espaces urbains d\u00e9laiss\u00e9s gr\u00e2ce au Street art, qu&rsquo;en pensez-vous ?<\/strong><\/em><\/p>\n<p><em>Source\u00a0: <a href=\"http:\/\/www.designboom.com\/art\/maser-interview-lazarides-street-art-04-00-2016\/\" target=\"_blank\" rel=\"noopener\">Designboom<\/a><\/em><\/p>\n","protected":false},"excerpt":{"rendered":"<p>Originaire de Dublin en Irlande, il habite maintenant aux Etats Unis. On retrouve les graffitis de ce street artiste partout dans le monde\u00a0: de l\u2019Autriche\u2026<\/p>\n","protected":false},"author":2,"featured_media":1873,"comment_status":"closed","ping_status":"closed","sticky":false,"template":"","format":"standard","meta":{"_acf_changed":false,"footnotes":""},"categories":[3],"tags":[],"class_list":["post-1867","post","type-post","status-publish","format-standard","has-post-thumbnail","hentry","category-architecture-et-design"],"acf":[],"yoast_head":"<!-- This site is optimized with the Yoast SEO plugin v24.8.1 - https:\/\/yoast.com\/wordpress\/plugins\/seo\/ -->\n<title>Le Street Art de Maser : une explosion de formes et de couleurs &#8211; ArchiBat Mag<\/title>\n<meta name=\"robots\" content=\"index, follow, max-snippet:-1, max-image-preview:large, max-video-preview:-1\" \/>\n<link rel=\"canonical\" href=\"https:\/\/archibat.com\/blog\/street-art-de-maser-couleurs-forme-simples\/\" \/>\n<meta property=\"og:locale\" content=\"fr_FR\" \/>\n<meta property=\"og:type\" content=\"article\" \/>\n<meta property=\"og:title\" content=\"Le Street Art de Maser : une explosion de formes et de couleurs &#8211; ArchiBat Mag\" \/>\n<meta property=\"og:description\" content=\"Originaire de Dublin en Irlande, il habite maintenant aux Etats Unis. On retrouve les graffitis de ce street artiste partout dans le monde\u00a0: de l\u2019Autriche\u2026\" \/>\n<meta property=\"og:url\" content=\"https:\/\/archibat.com\/blog\/street-art-de-maser-couleurs-forme-simples\/\" \/>\n<meta property=\"og:site_name\" content=\"ArchiBat Mag\" \/>\n<meta property=\"article:published_time\" content=\"2016-06-04T11:18:45+00:00\" \/>\n<meta property=\"article:modified_time\" content=\"2018-11-23T15:07:50+00:00\" \/>\n<meta property=\"og:image\" content=\"https:\/\/archibat.com\/blog\/wp-content\/uploads\/2016\/06\/artist-maser-interview-lazarides-gallery-designboom-013-1-2.jpg\" \/>\n\t<meta property=\"og:image:width\" content=\"635\" \/>\n\t<meta property=\"og:image:height\" content=\"327\" \/>\n\t<meta property=\"og:image:type\" content=\"image\/jpeg\" \/>\n<meta name=\"author\" content=\"communication\" \/>\n<meta name=\"twitter:card\" content=\"summary_large_image\" \/>\n<meta name=\"twitter:label1\" content=\"\u00c9crit par\" \/>\n\t<meta name=\"twitter:data1\" content=\"communication\" \/>\n\t<meta name=\"twitter:label2\" content=\"Dur\u00e9e de lecture estim\u00e9e\" \/>\n\t<meta name=\"twitter:data2\" content=\"2 minutes\" \/>\n<script type=\"application\/ld+json\" class=\"yoast-schema-graph\">{\"@context\":\"https:\/\/schema.org\",\"@graph\":[{\"@type\":\"WebPage\",\"@id\":\"https:\/\/archibat.com\/blog\/street-art-de-maser-couleurs-forme-simples\/\",\"url\":\"https:\/\/archibat.com\/blog\/street-art-de-maser-couleurs-forme-simples\/\",\"name\":\"Le Street Art de Maser : une explosion de formes et de couleurs &#8211; ArchiBat Mag\",\"isPartOf\":{\"@id\":\"https:\/\/archibat.com\/blog\/#website\"},\"primaryImageOfPage\":{\"@id\":\"https:\/\/archibat.com\/blog\/street-art-de-maser-couleurs-forme-simples\/#primaryimage\"},\"image\":{\"@id\":\"https:\/\/archibat.com\/blog\/street-art-de-maser-couleurs-forme-simples\/#primaryimage\"},\"thumbnailUrl\":\"https:\/\/archibat.com\/blog\/wp-content\/uploads\/2016\/06\/artist-maser-interview-lazarides-gallery-designboom-013-1-2.jpg\",\"datePublished\":\"2016-06-04T11:18:45+00:00\",\"dateModified\":\"2018-11-23T15:07:50+00:00\",\"author\":{\"@id\":\"https:\/\/archibat.com\/blog\/#\/schema\/person\/c246f0d63b5e719c2cbe4f9bd494bf12\"},\"breadcrumb\":{\"@id\":\"https:\/\/archibat.com\/blog\/street-art-de-maser-couleurs-forme-simples\/#breadcrumb\"},\"inLanguage\":\"fr-FR\",\"potentialAction\":[{\"@type\":\"ReadAction\",\"target\":[\"https:\/\/archibat.com\/blog\/street-art-de-maser-couleurs-forme-simples\/\"]}]},{\"@type\":\"ImageObject\",\"inLanguage\":\"fr-FR\",\"@id\":\"https:\/\/archibat.com\/blog\/street-art-de-maser-couleurs-forme-simples\/#primaryimage\",\"url\":\"https:\/\/archibat.com\/blog\/wp-content\/uploads\/2016\/06\/artist-maser-interview-lazarides-gallery-designboom-013-1-2.jpg\",\"contentUrl\":\"https:\/\/archibat.com\/blog\/wp-content\/uploads\/2016\/06\/artist-maser-interview-lazarides-gallery-designboom-013-1-2.jpg\",\"width\":635,\"height\":327,\"caption\":\"Maser\"},{\"@type\":\"BreadcrumbList\",\"@id\":\"https:\/\/archibat.com\/blog\/street-art-de-maser-couleurs-forme-simples\/#breadcrumb\",\"itemListElement\":[{\"@type\":\"ListItem\",\"position\":1,\"name\":\"Home\",\"item\":\"https:\/\/archibat.com\/blog\/\"},{\"@type\":\"ListItem\",\"position\":2,\"name\":\"Le Street Art de Maser : une explosion de formes et de couleurs\"}]},{\"@type\":\"WebSite\",\"@id\":\"https:\/\/archibat.com\/blog\/#website\",\"url\":\"https:\/\/archibat.com\/blog\/\",\"name\":\"ArchiBat Mag\",\"description\":\"Vous souhaitez connaitre les derni\u00e8res actualit\u00e9s sur l\u2019Architecture, le Design ou les Ressources Humaines ? D\u00e9couvrez ArchiBat Mag, le magazine d\u00e9di\u00e9 aux m\u00e9tiers de l&#039;Architecture et de l&#039;Ing\u00e9nierie.\",\"potentialAction\":[{\"@type\":\"SearchAction\",\"target\":{\"@type\":\"EntryPoint\",\"urlTemplate\":\"https:\/\/archibat.com\/blog\/?s={search_term_string}\"},\"query-input\":{\"@type\":\"PropertyValueSpecification\",\"valueRequired\":true,\"valueName\":\"search_term_string\"}}],\"inLanguage\":\"fr-FR\"},{\"@type\":\"Person\",\"@id\":\"https:\/\/archibat.com\/blog\/#\/schema\/person\/c246f0d63b5e719c2cbe4f9bd494bf12\",\"name\":\"communication\"}]}<\/script>\n<!-- \/ Yoast SEO plugin. -->","yoast_head_json":{"title":"Le Street Art de Maser : une explosion de formes et de couleurs &#8211; ArchiBat Mag","robots":{"index":"index","follow":"follow","max-snippet":"max-snippet:-1","max-image-preview":"max-image-preview:large","max-video-preview":"max-video-preview:-1"},"canonical":"https:\/\/archibat.com\/blog\/street-art-de-maser-couleurs-forme-simples\/","og_locale":"fr_FR","og_type":"article","og_title":"Le Street Art de Maser : une explosion de formes et de couleurs &#8211; ArchiBat Mag","og_description":"Originaire de Dublin en Irlande, il habite maintenant aux Etats Unis. On retrouve les graffitis de ce street artiste partout dans le monde\u00a0: de l\u2019Autriche\u2026","og_url":"https:\/\/archibat.com\/blog\/street-art-de-maser-couleurs-forme-simples\/","og_site_name":"ArchiBat Mag","article_published_time":"2016-06-04T11:18:45+00:00","article_modified_time":"2018-11-23T15:07:50+00:00","og_image":[{"width":635,"height":327,"url":"https:\/\/archibat.com\/blog\/wp-content\/uploads\/2016\/06\/artist-maser-interview-lazarides-gallery-designboom-013-1-2.jpg","type":"image\/jpeg"}],"author":"communication","twitter_card":"summary_large_image","twitter_misc":{"\u00c9crit par":"communication","Dur\u00e9e de lecture estim\u00e9e":"2 minutes"},"schema":{"@context":"https:\/\/schema.org","@graph":[{"@type":"WebPage","@id":"https:\/\/archibat.com\/blog\/street-art-de-maser-couleurs-forme-simples\/","url":"https:\/\/archibat.com\/blog\/street-art-de-maser-couleurs-forme-simples\/","name":"Le Street Art de Maser : une explosion de formes et de couleurs &#8211; ArchiBat Mag","isPartOf":{"@id":"https:\/\/archibat.com\/blog\/#website"},"primaryImageOfPage":{"@id":"https:\/\/archibat.com\/blog\/street-art-de-maser-couleurs-forme-simples\/#primaryimage"},"image":{"@id":"https:\/\/archibat.com\/blog\/street-art-de-maser-couleurs-forme-simples\/#primaryimage"},"thumbnailUrl":"https:\/\/archibat.com\/blog\/wp-content\/uploads\/2016\/06\/artist-maser-interview-lazarides-gallery-designboom-013-1-2.jpg","datePublished":"2016-06-04T11:18:45+00:00","dateModified":"2018-11-23T15:07:50+00:00","author":{"@id":"https:\/\/archibat.com\/blog\/#\/schema\/person\/c246f0d63b5e719c2cbe4f9bd494bf12"},"breadcrumb":{"@id":"https:\/\/archibat.com\/blog\/street-art-de-maser-couleurs-forme-simples\/#breadcrumb"},"inLanguage":"fr-FR","potentialAction":[{"@type":"ReadAction","target":["https:\/\/archibat.com\/blog\/street-art-de-maser-couleurs-forme-simples\/"]}]},{"@type":"ImageObject","inLanguage":"fr-FR","@id":"https:\/\/archibat.com\/blog\/street-art-de-maser-couleurs-forme-simples\/#primaryimage","url":"https:\/\/archibat.com\/blog\/wp-content\/uploads\/2016\/06\/artist-maser-interview-lazarides-gallery-designboom-013-1-2.jpg","contentUrl":"https:\/\/archibat.com\/blog\/wp-content\/uploads\/2016\/06\/artist-maser-interview-lazarides-gallery-designboom-013-1-2.jpg","width":635,"height":327,"caption":"Maser"},{"@type":"BreadcrumbList","@id":"https:\/\/archibat.com\/blog\/street-art-de-maser-couleurs-forme-simples\/#breadcrumb","itemListElement":[{"@type":"ListItem","position":1,"name":"Home","item":"https:\/\/archibat.com\/blog\/"},{"@type":"ListItem","position":2,"name":"Le Street Art de Maser : une explosion de formes et de couleurs"}]},{"@type":"WebSite","@id":"https:\/\/archibat.com\/blog\/#website","url":"https:\/\/archibat.com\/blog\/","name":"ArchiBat Mag","description":"Vous souhaitez connaitre les derni\u00e8res actualit\u00e9s sur l\u2019Architecture, le Design ou les Ressources Humaines ? D\u00e9couvrez ArchiBat Mag, le magazine d\u00e9di\u00e9 aux m\u00e9tiers de l&#039;Architecture et de l&#039;Ing\u00e9nierie.","potentialAction":[{"@type":"SearchAction","target":{"@type":"EntryPoint","urlTemplate":"https:\/\/archibat.com\/blog\/?s={search_term_string}"},"query-input":{"@type":"PropertyValueSpecification","valueRequired":true,"valueName":"search_term_string"}}],"inLanguage":"fr-FR"},{"@type":"Person","@id":"https:\/\/archibat.com\/blog\/#\/schema\/person\/c246f0d63b5e719c2cbe4f9bd494bf12","name":"communication"}]}},"_links":{"self":[{"href":"https:\/\/archibat.com\/blog\/wp-json\/wp\/v2\/posts\/1867","targetHints":{"allow":["GET"]}}],"collection":[{"href":"https:\/\/archibat.com\/blog\/wp-json\/wp\/v2\/posts"}],"about":[{"href":"https:\/\/archibat.com\/blog\/wp-json\/wp\/v2\/types\/post"}],"author":[{"embeddable":true,"href":"https:\/\/archibat.com\/blog\/wp-json\/wp\/v2\/users\/2"}],"replies":[{"embeddable":true,"href":"https:\/\/archibat.com\/blog\/wp-json\/wp\/v2\/comments?post=1867"}],"version-history":[{"count":4,"href":"https:\/\/archibat.com\/blog\/wp-json\/wp\/v2\/posts\/1867\/revisions"}],"predecessor-version":[{"id":7807,"href":"https:\/\/archibat.com\/blog\/wp-json\/wp\/v2\/posts\/1867\/revisions\/7807"}],"wp:featuredmedia":[{"embeddable":true,"href":"https:\/\/archibat.com\/blog\/wp-json\/wp\/v2\/media\/1873"}],"wp:attachment":[{"href":"https:\/\/archibat.com\/blog\/wp-json\/wp\/v2\/media?parent=1867"}],"wp:term":[{"taxonomy":"category","embeddable":true,"href":"https:\/\/archibat.com\/blog\/wp-json\/wp\/v2\/categories?post=1867"},{"taxonomy":"post_tag","embeddable":true,"href":"https:\/\/archibat.com\/blog\/wp-json\/wp\/v2\/tags?post=1867"}],"curies":[{"name":"wp","href":"https:\/\/api.w.org\/{rel}","templated":true}]}}