{"id":18677,"date":"2022-08-16T14:00:00","date_gmt":"2022-08-16T12:00:00","guid":{"rendered":"https:\/\/archibat.com\/blog\/?p=18677"},"modified":"2023-03-24T16:43:41","modified_gmt":"2023-03-24T15:43:41","slug":"le-musee-des-refugies-au-danemark-sur-le-site-dun-ancien-hopital","status":"publish","type":"post","link":"https:\/\/archibat.com\/blog\/le-musee-des-refugies-au-danemark-sur-le-site-dun-ancien-hopital\/","title":{"rendered":"Le Mus\u00e9e des r\u00e9fugi\u00e9s au Danemark sur le site d\u2019un ancien h\u00f4pital"},"content":{"rendered":"\n<p>Le mus\u00e9e des r\u00e9fugi\u00e9s du Danemark, FLUGT, se situe \u00e0 Oksb\u00f8l au sud du pays sur la c\u00f4te ouest. Il a \u00e9t\u00e9 r\u00e9alis\u00e9 sur le site du plus grand camp de r\u00e9fugi\u00e9s du pays pendant la Seconde Guerre mondiale. Ce sont les deux b\u00e2timents de l\u2019ancien h\u00f4pital qui ont \u00e9t\u00e9 utilis\u00e9s pour r\u00e9pondre \u00e0 cette nouvelle fonction. Les architectes ont r\u00e9alis\u00e9 une extension pour cr\u00e9er un seul et unique b\u00e2timent. Cet ensemble mesure 1600&nbsp;m\u00e8tres carr\u00e9s dans lesquels sont r\u00e9partis les diff\u00e9rents espaces du mus\u00e9e. Le camp de r\u00e9fugi\u00e9s abritait jusqu\u2019\u00e0 35\u2009000&nbsp;personnes, ce qui correspondait \u00e0 la 5<sup>e<\/sup>&nbsp;plus grande ville du Danemark.&nbsp;<\/p>\n\n\n\n<figure class=\"wp-block-image size-large\"><img loading=\"lazy\" decoding=\"async\" width=\"641\" height=\"480\" src=\"https:\/\/archibat.com\/blog\/wp-content\/uploads\/2022\/08\/refugee-museum-of-denmark-flugt-big-bjarke-ingels-corten-steel_dezeen_2364_col_9-852x638-1-641x480.jpg\" alt=\"\" class=\"wp-image-18683\" srcset=\"https:\/\/archibat.com\/blog\/wp-content\/uploads\/2022\/08\/refugee-museum-of-denmark-flugt-big-bjarke-ingels-corten-steel_dezeen_2364_col_9-852x638-1-641x480.jpg 641w, https:\/\/archibat.com\/blog\/wp-content\/uploads\/2022\/08\/refugee-museum-of-denmark-flugt-big-bjarke-ingels-corten-steel_dezeen_2364_col_9-852x638-1-300x225.jpg 300w, https:\/\/archibat.com\/blog\/wp-content\/uploads\/2022\/08\/refugee-museum-of-denmark-flugt-big-bjarke-ingels-corten-steel_dezeen_2364_col_9-852x638-1-768x575.jpg 768w, https:\/\/archibat.com\/blog\/wp-content\/uploads\/2022\/08\/refugee-museum-of-denmark-flugt-big-bjarke-ingels-corten-steel_dezeen_2364_col_9-852x638-1.jpg 852w\" sizes=\"auto, (max-width: 641px) 100vw, 641px\" \/><\/figure>\n\n\n\n<p>Le projet d\u2019extension du mus\u00e9e a \u00e9t\u00e9 confi\u00e9 \u00e0 l\u2019agence d\u2019architecture BIG, fond\u00e9e en 2005 par Bjarke Ingels. C\u2019est l\u2019une des agences les plus reconnues dans le monde. Ils ont r\u00e9cemment travaill\u00e9 sur Le Mus\u00e9e National Juneteenth d\u00e9di\u00e9 \u00e0 l\u2019abolition de l\u2019esclavage \u00e0 Fort Worth aux \u00c9tats-Unis.<\/p>\n\n\n\n<figure class=\"wp-block-image size-large is-resized\"><img loading=\"lazy\" decoding=\"async\" src=\"https:\/\/archibat.com\/blog\/wp-content\/uploads\/2022\/08\/refugee-museum-of-denmark-flugt-big-bjarke-ingels-corten-steel_dezeen_2364_col_15-852x639-1-640x480.jpg\" alt=\"\" class=\"wp-image-18685\" width=\"1450\" height=\"1088\" srcset=\"https:\/\/archibat.com\/blog\/wp-content\/uploads\/2022\/08\/refugee-museum-of-denmark-flugt-big-bjarke-ingels-corten-steel_dezeen_2364_col_15-852x639-1-640x480.jpg 640w, https:\/\/archibat.com\/blog\/wp-content\/uploads\/2022\/08\/refugee-museum-of-denmark-flugt-big-bjarke-ingels-corten-steel_dezeen_2364_col_15-852x639-1-300x225.jpg 300w, https:\/\/archibat.com\/blog\/wp-content\/uploads\/2022\/08\/refugee-museum-of-denmark-flugt-big-bjarke-ingels-corten-steel_dezeen_2364_col_15-852x639-1-768x576.jpg 768w, https:\/\/archibat.com\/blog\/wp-content\/uploads\/2022\/08\/refugee-museum-of-denmark-flugt-big-bjarke-ingels-corten-steel_dezeen_2364_col_15-852x639-1.jpg 852w\" sizes=\"auto, (max-width: 1450px) 100vw, 1450px\" \/><\/figure>\n\n\n\n<p>FLUGT a \u00e9t\u00e9 construit \u00e0 proximit\u00e9 du mus\u00e9e souterrain de Tirpitz, con\u00e7u par BIG \u00e9galement, pr\u00e8s d\u2019un ancien bunker nazi. Ces deux projets ont \u00e9t\u00e9 command\u00e9s par le Vardemuseerne, responsable du patrimoine historique de cette r\u00e9gion du Danemark. Les architectes se sont nourris de la vision sans compromis de directeur du mus\u00e9e, Carl Kjeld Jensen.&nbsp;<\/p>\n\n\n\n<figure class=\"wp-block-image size-large is-resized\"><img loading=\"lazy\" decoding=\"async\" src=\"https:\/\/archibat.com\/blog\/wp-content\/uploads\/2022\/08\/refugee-museum-of-denmark-flugt-big-bjarke-ingels-corten-steel_dezeen_2364_col_22-600x480.jpg\" alt=\"\" class=\"wp-image-18689\" width=\"1450\" height=\"1160\" srcset=\"https:\/\/archibat.com\/blog\/wp-content\/uploads\/2022\/08\/refugee-museum-of-denmark-flugt-big-bjarke-ingels-corten-steel_dezeen_2364_col_22-600x480.jpg 600w, https:\/\/archibat.com\/blog\/wp-content\/uploads\/2022\/08\/refugee-museum-of-denmark-flugt-big-bjarke-ingels-corten-steel_dezeen_2364_col_22-300x240.jpg 300w, https:\/\/archibat.com\/blog\/wp-content\/uploads\/2022\/08\/refugee-museum-of-denmark-flugt-big-bjarke-ingels-corten-steel_dezeen_2364_col_22-768x614.jpg 768w, https:\/\/archibat.com\/blog\/wp-content\/uploads\/2022\/08\/refugee-museum-of-denmark-flugt-big-bjarke-ingels-corten-steel_dezeen_2364_col_22-1536x1229.jpg 1536w, https:\/\/archibat.com\/blog\/wp-content\/uploads\/2022\/08\/refugee-museum-of-denmark-flugt-big-bjarke-ingels-corten-steel_dezeen_2364_col_22-2048x1638.jpg 2048w\" sizes=\"auto, (max-width: 1450px) 100vw, 1450px\" \/><\/figure>\n\n\n\n<p>Le mus\u00e9e est entour\u00e9 par la for\u00eat. Les deux b\u00e2timents de l\u2019ancien h\u00f4pital sont les derni\u00e8res traces physiques du camp de r\u00e9fugi\u00e9s. Bjarke Ingels pr\u00e9cise : \u00ab\u2009Le Mus\u00e9e des r\u00e9fugi\u00e9s du Danemark explore une partie importante de notre histoire et un th\u00e8me plus pertinent que jamais avec des millions de r\u00e9fugi\u00e9s actuellement d\u00e9plac\u00e9s de chez eux. Nous avons con\u00e7u un cadre architectural&nbsp;qui connecte le pass\u00e9 et le pr\u00e9sent \u2014 avec un nouveau b\u00e2timent directement fa\u00e7onn\u00e9 par sa relation avec les b\u00e2timents historiques de l\u2019h\u00f4pital du camp de r\u00e9fugi\u00e9s de la Seconde Guerre mondiale.\u2009\u00bb La volont\u00e9 du client et des architectes \u00e9tait de conserver les b\u00e2timents hospitaliers existants.<\/p>\n\n\n\n<figure class=\"wp-block-image size-large is-resized\"><img loading=\"lazy\" decoding=\"async\" src=\"https:\/\/archibat.com\/blog\/wp-content\/uploads\/2022\/08\/refugee-museum-of-denmark-flugt-big-bjarke-ingels-corten-steel_dezeen_2364_col_25-640x480.jpg\" alt=\"\" class=\"wp-image-18687\" width=\"1450\" height=\"1087\" srcset=\"https:\/\/archibat.com\/blog\/wp-content\/uploads\/2022\/08\/refugee-museum-of-denmark-flugt-big-bjarke-ingels-corten-steel_dezeen_2364_col_25-640x480.jpg 640w, https:\/\/archibat.com\/blog\/wp-content\/uploads\/2022\/08\/refugee-museum-of-denmark-flugt-big-bjarke-ingels-corten-steel_dezeen_2364_col_25-300x225.jpg 300w, https:\/\/archibat.com\/blog\/wp-content\/uploads\/2022\/08\/refugee-museum-of-denmark-flugt-big-bjarke-ingels-corten-steel_dezeen_2364_col_25-768x576.jpg 768w, https:\/\/archibat.com\/blog\/wp-content\/uploads\/2022\/08\/refugee-museum-of-denmark-flugt-big-bjarke-ingels-corten-steel_dezeen_2364_col_25-1536x1152.jpg 1536w, https:\/\/archibat.com\/blog\/wp-content\/uploads\/2022\/08\/refugee-museum-of-denmark-flugt-big-bjarke-ingels-corten-steel_dezeen_2364_col_25-2048x1536.jpg 2048w\" sizes=\"auto, (max-width: 1450px) 100vw, 1450px\" \/><\/figure>\n\n\n\n<p>Le Mus\u00e9e est structur\u00e9 autour de 3&nbsp;b\u00e2timents distincts sur un seul niveau. Le b\u00e2timent nord a \u00e9t\u00e9 r\u00e9nov\u00e9 pour accueillir les principaux espaces d\u2019exposition imagin\u00e9s par Tinker Imagineers, une agence de design bas\u00e9e aux Pays-Bas. La partie sud du Mus\u00e9e int\u00e8gre un caf\u00e9, des espaces de conf\u00e9rences et des bureaux.&nbsp;<\/p>\n\n\n\n<p>Le troisi\u00e8me espace dont est compos\u00e9 le mus\u00e9e FLUGT est l\u2019extension cr\u00e9\u00e9e par l\u2019agence d\u2019architecture BIG. C\u2019est une structure courbe qui forme comme le symbole \u00ab\u2009om\u2009\u00bb qui relie les deux b\u00e2timents historiques. Les fa\u00e7ades sont en acier Corten, un acier patinable qui rappelle celles en briques rouges des murs de l\u2019ancien h\u00f4pital.&nbsp;<\/p>\n\n\n\n<figure class=\"wp-block-image size-large\"><img loading=\"lazy\" decoding=\"async\" width=\"720\" height=\"480\" src=\"https:\/\/archibat.com\/blog\/wp-content\/uploads\/2022\/08\/refugee-museum-of-denmark-flugt-big-bjarke-ingels-corten-steel_dezeen_2364_col_7-720x480.jpg\" alt=\"\" class=\"wp-image-18691\" srcset=\"https:\/\/archibat.com\/blog\/wp-content\/uploads\/2022\/08\/refugee-museum-of-denmark-flugt-big-bjarke-ingels-corten-steel_dezeen_2364_col_7-720x480.jpg 720w, https:\/\/archibat.com\/blog\/wp-content\/uploads\/2022\/08\/refugee-museum-of-denmark-flugt-big-bjarke-ingels-corten-steel_dezeen_2364_col_7-300x200.jpg 300w, https:\/\/archibat.com\/blog\/wp-content\/uploads\/2022\/08\/refugee-museum-of-denmark-flugt-big-bjarke-ingels-corten-steel_dezeen_2364_col_7-768x512.jpg 768w, https:\/\/archibat.com\/blog\/wp-content\/uploads\/2022\/08\/refugee-museum-of-denmark-flugt-big-bjarke-ingels-corten-steel_dezeen_2364_col_7-1536x1025.jpg 1536w, https:\/\/archibat.com\/blog\/wp-content\/uploads\/2022\/08\/refugee-museum-of-denmark-flugt-big-bjarke-ingels-corten-steel_dezeen_2364_col_7-2048x1366.jpg 2048w, https:\/\/archibat.com\/blog\/wp-content\/uploads\/2022\/08\/refugee-museum-of-denmark-flugt-big-bjarke-ingels-corten-steel_dezeen_2364_col_7-1440x960.jpg 1440w, https:\/\/archibat.com\/blog\/wp-content\/uploads\/2022\/08\/refugee-museum-of-denmark-flugt-big-bjarke-ingels-corten-steel_dezeen_2364_col_7-960x640.jpg 960w, https:\/\/archibat.com\/blog\/wp-content\/uploads\/2022\/08\/refugee-museum-of-denmark-flugt-big-bjarke-ingels-corten-steel_dezeen_2364_col_7-1920x1280.jpg 1920w, https:\/\/archibat.com\/blog\/wp-content\/uploads\/2022\/08\/refugee-museum-of-denmark-flugt-big-bjarke-ingels-corten-steel_dezeen_2364_col_7-350x233.jpg 350w, https:\/\/archibat.com\/blog\/wp-content\/uploads\/2022\/08\/refugee-museum-of-denmark-flugt-big-bjarke-ingels-corten-steel_dezeen_2364_col_7-700x466.jpg 700w\" sizes=\"auto, (max-width: 720px) 100vw, 720px\" \/><\/figure>\n\n\n\n<p>\u00c0 l\u2019int\u00e9rieur, c\u2019est un vitrage toute hauteur et incurv\u00e9 qui donne \u00e0 voir la for\u00eat environnante ainsi qu\u2019un petit jardin int\u00e9rieur semi-clos et un bassin circulaire peu profond. La structure apparente de la nouvelle extension est en bois massif con\u00e7ue pour faire \u00e9cho aux toits en bois des b\u00e2timents d\u2019origine.<\/p>\n\n\n\n<figure class=\"wp-block-image size-large is-resized\"><img loading=\"lazy\" decoding=\"async\" src=\"https:\/\/archibat.com\/blog\/wp-content\/uploads\/2022\/08\/refugee-museum-of-denmark-flugt-big-bjarke-ingels-corten-steel_dezeen_2364_col_10-852x682-1-600x480.jpg\" alt=\"\" class=\"wp-image-18680\" width=\"1450\" height=\"1160\" srcset=\"https:\/\/archibat.com\/blog\/wp-content\/uploads\/2022\/08\/refugee-museum-of-denmark-flugt-big-bjarke-ingels-corten-steel_dezeen_2364_col_10-852x682-1-600x480.jpg 600w, https:\/\/archibat.com\/blog\/wp-content\/uploads\/2022\/08\/refugee-museum-of-denmark-flugt-big-bjarke-ingels-corten-steel_dezeen_2364_col_10-852x682-1-300x240.jpg 300w, https:\/\/archibat.com\/blog\/wp-content\/uploads\/2022\/08\/refugee-museum-of-denmark-flugt-big-bjarke-ingels-corten-steel_dezeen_2364_col_10-852x682-1-768x615.jpg 768w, https:\/\/archibat.com\/blog\/wp-content\/uploads\/2022\/08\/refugee-museum-of-denmark-flugt-big-bjarke-ingels-corten-steel_dezeen_2364_col_10-852x682-1.jpg 852w\" sizes=\"auto, (max-width: 1450px) 100vw, 1450px\" \/><\/figure>\n\n\n\n<figure class=\"wp-block-image size-large is-resized\"><img loading=\"lazy\" decoding=\"async\" src=\"https:\/\/archibat.com\/blog\/wp-content\/uploads\/2022\/08\/refugee-museum-of-denmark-flugt-big-bjarke-ingels-corten-steel_dezeen_2364_col_14-scaled-1-360x480.jpg\" alt=\"\" class=\"wp-image-18693\" width=\"1450\" height=\"1933\" srcset=\"https:\/\/archibat.com\/blog\/wp-content\/uploads\/2022\/08\/refugee-museum-of-denmark-flugt-big-bjarke-ingels-corten-steel_dezeen_2364_col_14-scaled-1-360x480.jpg 360w, https:\/\/archibat.com\/blog\/wp-content\/uploads\/2022\/08\/refugee-museum-of-denmark-flugt-big-bjarke-ingels-corten-steel_dezeen_2364_col_14-scaled-1-225x300.jpg 225w, https:\/\/archibat.com\/blog\/wp-content\/uploads\/2022\/08\/refugee-museum-of-denmark-flugt-big-bjarke-ingels-corten-steel_dezeen_2364_col_14-scaled-1-768x1024.jpg 768w, https:\/\/archibat.com\/blog\/wp-content\/uploads\/2022\/08\/refugee-museum-of-denmark-flugt-big-bjarke-ingels-corten-steel_dezeen_2364_col_14-scaled-1-1152x1536.jpg 1152w, https:\/\/archibat.com\/blog\/wp-content\/uploads\/2022\/08\/refugee-museum-of-denmark-flugt-big-bjarke-ingels-corten-steel_dezeen_2364_col_14-scaled-1-1536x2048.jpg 1536w, https:\/\/archibat.com\/blog\/wp-content\/uploads\/2022\/08\/refugee-museum-of-denmark-flugt-big-bjarke-ingels-corten-steel_dezeen_2364_col_14-scaled-1.jpg 1773w\" sizes=\"auto, (max-width: 1450px) 100vw, 1450px\" \/><\/figure>\n\n\n\n<p>La collaboration de l\u2019agence BIG et du Vardemuseerne a permis la cr\u00e9ation d\u2019un lieu unique \u00ab\u2009Nous nous sommes engag\u00e9s dans ce projet de tout notre c\u0153ur avec l\u2019un des plus grands challenges du monde \u2014 comment nous accueillons et prot\u00e9geons nos concitoyens du monde quand ils sont oblig\u00e9s de fuir.\u2009\u00bb&nbsp;&nbsp;ajoute Ingels.<\/p>\n\n\n\n<p><strong>Architectes :<\/strong> BIG<\/p>\n\n\n\n<div style=\"height:20px\" aria-hidden=\"true\" class=\"wp-block-spacer\"><\/div>\n\n\n\n<p><strong>Vous recherchez des postes en Architecture ?\u00a0<a href=\"https:\/\/archibat.com\/fr\/offres-demploi\" target=\"_blank\" rel=\"noreferrer noopener\">Consultez nos offres <\/a><\/strong><a href=\"https:\/\/archibat.com\/fr\/offres-demploi\" target=\"_blank\" rel=\"noreferrer noopener\"><strong>!<\/strong><\/a><\/p>\n","protected":false},"excerpt":{"rendered":"<p>Le mus\u00e9e des r\u00e9fugi\u00e9s du Danemark, FLUGT, se situe \u00e0 Oksb\u00f8l au sud du pays sur la c\u00f4te ouest. Il a \u00e9t\u00e9 r\u00e9alis\u00e9 sur le\u2026<\/p>\n","protected":false},"author":2,"featured_media":18678,"comment_status":"closed","ping_status":"closed","sticky":false,"template":"","format":"standard","meta":{"_acf_changed":false,"footnotes":""},"categories":[3],"tags":[1240,2879,3309,2619,1621,3307,2253,3306],"class_list":["post-18677","post","type-post","status-publish","format-standard","has-post-thumbnail","hentry","category-architecture-et-design","tag-architecture-2","tag-batiment-historique","tag-big","tag-danemark","tag-extension","tag-flugt","tag-musee-2","tag-oksbol"],"acf":[],"yoast_head":"<!-- This site is optimized with the Yoast SEO plugin v24.8.1 - https:\/\/yoast.com\/wordpress\/plugins\/seo\/ -->\n<title>Le Mus\u00e9e des r\u00e9fugi\u00e9s au Danemark sur le site d\u2019un ancien h\u00f4pital &#8211; ArchiBat Mag<\/title>\n<meta name=\"robots\" content=\"index, follow, max-snippet:-1, max-image-preview:large, max-video-preview:-1\" \/>\n<link rel=\"canonical\" href=\"https:\/\/archibat.com\/blog\/le-musee-des-refugies-au-danemark-sur-le-site-dun-ancien-hopital\/\" \/>\n<meta property=\"og:locale\" content=\"fr_FR\" \/>\n<meta property=\"og:type\" content=\"article\" \/>\n<meta property=\"og:title\" content=\"Le Mus\u00e9e des r\u00e9fugi\u00e9s au Danemark sur le site d\u2019un ancien h\u00f4pital &#8211; ArchiBat Mag\" \/>\n<meta property=\"og:description\" content=\"Le mus\u00e9e des r\u00e9fugi\u00e9s du Danemark, FLUGT, se situe \u00e0 Oksb\u00f8l au sud du pays sur la c\u00f4te ouest. Il a \u00e9t\u00e9 r\u00e9alis\u00e9 sur le\u2026\" \/>\n<meta property=\"og:url\" content=\"https:\/\/archibat.com\/blog\/le-musee-des-refugies-au-danemark-sur-le-site-dun-ancien-hopital\/\" \/>\n<meta property=\"og:site_name\" content=\"ArchiBat Mag\" \/>\n<meta property=\"article:published_time\" content=\"2022-08-16T12:00:00+00:00\" \/>\n<meta property=\"article:modified_time\" content=\"2023-03-24T15:43:41+00:00\" \/>\n<meta property=\"og:image\" content=\"https:\/\/archibat.com\/blog\/wp-content\/uploads\/2022\/08\/archibat-mag-musee-de-refugies-Danemark.jpg\" \/>\n\t<meta property=\"og:image:width\" content=\"2364\" \/>\n\t<meta property=\"og:image:height\" content=\"1329\" \/>\n\t<meta property=\"og:image:type\" content=\"image\/jpeg\" \/>\n<meta name=\"author\" content=\"communication\" \/>\n<meta name=\"twitter:card\" content=\"summary_large_image\" \/>\n<meta name=\"twitter:label1\" content=\"\u00c9crit par\" \/>\n\t<meta name=\"twitter:data1\" content=\"communication\" \/>\n\t<meta name=\"twitter:label2\" content=\"Dur\u00e9e de lecture estim\u00e9e\" \/>\n\t<meta name=\"twitter:data2\" content=\"3 minutes\" \/>\n<script type=\"application\/ld+json\" class=\"yoast-schema-graph\">{\"@context\":\"https:\/\/schema.org\",\"@graph\":[{\"@type\":\"WebPage\",\"@id\":\"https:\/\/archibat.com\/blog\/le-musee-des-refugies-au-danemark-sur-le-site-dun-ancien-hopital\/\",\"url\":\"https:\/\/archibat.com\/blog\/le-musee-des-refugies-au-danemark-sur-le-site-dun-ancien-hopital\/\",\"name\":\"Le Mus\u00e9e des r\u00e9fugi\u00e9s au Danemark sur le site d\u2019un ancien h\u00f4pital &#8211; ArchiBat Mag\",\"isPartOf\":{\"@id\":\"https:\/\/archibat.com\/blog\/#website\"},\"primaryImageOfPage\":{\"@id\":\"https:\/\/archibat.com\/blog\/le-musee-des-refugies-au-danemark-sur-le-site-dun-ancien-hopital\/#primaryimage\"},\"image\":{\"@id\":\"https:\/\/archibat.com\/blog\/le-musee-des-refugies-au-danemark-sur-le-site-dun-ancien-hopital\/#primaryimage\"},\"thumbnailUrl\":\"https:\/\/archibat.com\/blog\/wp-content\/uploads\/2022\/08\/archibat-mag-musee-de-refugies-Danemark.jpg\",\"datePublished\":\"2022-08-16T12:00:00+00:00\",\"dateModified\":\"2023-03-24T15:43:41+00:00\",\"author\":{\"@id\":\"https:\/\/archibat.com\/blog\/#\/schema\/person\/c246f0d63b5e719c2cbe4f9bd494bf12\"},\"breadcrumb\":{\"@id\":\"https:\/\/archibat.com\/blog\/le-musee-des-refugies-au-danemark-sur-le-site-dun-ancien-hopital\/#breadcrumb\"},\"inLanguage\":\"fr-FR\",\"potentialAction\":[{\"@type\":\"ReadAction\",\"target\":[\"https:\/\/archibat.com\/blog\/le-musee-des-refugies-au-danemark-sur-le-site-dun-ancien-hopital\/\"]}]},{\"@type\":\"ImageObject\",\"inLanguage\":\"fr-FR\",\"@id\":\"https:\/\/archibat.com\/blog\/le-musee-des-refugies-au-danemark-sur-le-site-dun-ancien-hopital\/#primaryimage\",\"url\":\"https:\/\/archibat.com\/blog\/wp-content\/uploads\/2022\/08\/archibat-mag-musee-de-refugies-Danemark.jpg\",\"contentUrl\":\"https:\/\/archibat.com\/blog\/wp-content\/uploads\/2022\/08\/archibat-mag-musee-de-refugies-Danemark.jpg\",\"width\":2364,\"height\":1329},{\"@type\":\"BreadcrumbList\",\"@id\":\"https:\/\/archibat.com\/blog\/le-musee-des-refugies-au-danemark-sur-le-site-dun-ancien-hopital\/#breadcrumb\",\"itemListElement\":[{\"@type\":\"ListItem\",\"position\":1,\"name\":\"Home\",\"item\":\"https:\/\/archibat.com\/blog\/\"},{\"@type\":\"ListItem\",\"position\":2,\"name\":\"Le Mus\u00e9e des r\u00e9fugi\u00e9s au Danemark sur le site d\u2019un ancien h\u00f4pital\"}]},{\"@type\":\"WebSite\",\"@id\":\"https:\/\/archibat.com\/blog\/#website\",\"url\":\"https:\/\/archibat.com\/blog\/\",\"name\":\"ArchiBat Mag\",\"description\":\"Vous souhaitez connaitre les derni\u00e8res actualit\u00e9s sur l\u2019Architecture, le Design ou les Ressources Humaines ? D\u00e9couvrez ArchiBat Mag, le magazine d\u00e9di\u00e9 aux m\u00e9tiers de l&#039;Architecture et de l&#039;Ing\u00e9nierie.\",\"potentialAction\":[{\"@type\":\"SearchAction\",\"target\":{\"@type\":\"EntryPoint\",\"urlTemplate\":\"https:\/\/archibat.com\/blog\/?s={search_term_string}\"},\"query-input\":{\"@type\":\"PropertyValueSpecification\",\"valueRequired\":true,\"valueName\":\"search_term_string\"}}],\"inLanguage\":\"fr-FR\"},{\"@type\":\"Person\",\"@id\":\"https:\/\/archibat.com\/blog\/#\/schema\/person\/c246f0d63b5e719c2cbe4f9bd494bf12\",\"name\":\"communication\"}]}<\/script>\n<!-- \/ Yoast SEO plugin. -->","yoast_head_json":{"title":"Le Mus\u00e9e des r\u00e9fugi\u00e9s au Danemark sur le site d\u2019un ancien h\u00f4pital &#8211; ArchiBat Mag","robots":{"index":"index","follow":"follow","max-snippet":"max-snippet:-1","max-image-preview":"max-image-preview:large","max-video-preview":"max-video-preview:-1"},"canonical":"https:\/\/archibat.com\/blog\/le-musee-des-refugies-au-danemark-sur-le-site-dun-ancien-hopital\/","og_locale":"fr_FR","og_type":"article","og_title":"Le Mus\u00e9e des r\u00e9fugi\u00e9s au Danemark sur le site d\u2019un ancien h\u00f4pital &#8211; ArchiBat Mag","og_description":"Le mus\u00e9e des r\u00e9fugi\u00e9s du Danemark, FLUGT, se situe \u00e0 Oksb\u00f8l au sud du pays sur la c\u00f4te ouest. Il a \u00e9t\u00e9 r\u00e9alis\u00e9 sur le\u2026","og_url":"https:\/\/archibat.com\/blog\/le-musee-des-refugies-au-danemark-sur-le-site-dun-ancien-hopital\/","og_site_name":"ArchiBat Mag","article_published_time":"2022-08-16T12:00:00+00:00","article_modified_time":"2023-03-24T15:43:41+00:00","og_image":[{"width":2364,"height":1329,"url":"https:\/\/archibat.com\/blog\/wp-content\/uploads\/2022\/08\/archibat-mag-musee-de-refugies-Danemark.jpg","type":"image\/jpeg"}],"author":"communication","twitter_card":"summary_large_image","twitter_misc":{"\u00c9crit par":"communication","Dur\u00e9e de lecture estim\u00e9e":"3 minutes"},"schema":{"@context":"https:\/\/schema.org","@graph":[{"@type":"WebPage","@id":"https:\/\/archibat.com\/blog\/le-musee-des-refugies-au-danemark-sur-le-site-dun-ancien-hopital\/","url":"https:\/\/archibat.com\/blog\/le-musee-des-refugies-au-danemark-sur-le-site-dun-ancien-hopital\/","name":"Le Mus\u00e9e des r\u00e9fugi\u00e9s au Danemark sur le site d\u2019un ancien h\u00f4pital &#8211; ArchiBat Mag","isPartOf":{"@id":"https:\/\/archibat.com\/blog\/#website"},"primaryImageOfPage":{"@id":"https:\/\/archibat.com\/blog\/le-musee-des-refugies-au-danemark-sur-le-site-dun-ancien-hopital\/#primaryimage"},"image":{"@id":"https:\/\/archibat.com\/blog\/le-musee-des-refugies-au-danemark-sur-le-site-dun-ancien-hopital\/#primaryimage"},"thumbnailUrl":"https:\/\/archibat.com\/blog\/wp-content\/uploads\/2022\/08\/archibat-mag-musee-de-refugies-Danemark.jpg","datePublished":"2022-08-16T12:00:00+00:00","dateModified":"2023-03-24T15:43:41+00:00","author":{"@id":"https:\/\/archibat.com\/blog\/#\/schema\/person\/c246f0d63b5e719c2cbe4f9bd494bf12"},"breadcrumb":{"@id":"https:\/\/archibat.com\/blog\/le-musee-des-refugies-au-danemark-sur-le-site-dun-ancien-hopital\/#breadcrumb"},"inLanguage":"fr-FR","potentialAction":[{"@type":"ReadAction","target":["https:\/\/archibat.com\/blog\/le-musee-des-refugies-au-danemark-sur-le-site-dun-ancien-hopital\/"]}]},{"@type":"ImageObject","inLanguage":"fr-FR","@id":"https:\/\/archibat.com\/blog\/le-musee-des-refugies-au-danemark-sur-le-site-dun-ancien-hopital\/#primaryimage","url":"https:\/\/archibat.com\/blog\/wp-content\/uploads\/2022\/08\/archibat-mag-musee-de-refugies-Danemark.jpg","contentUrl":"https:\/\/archibat.com\/blog\/wp-content\/uploads\/2022\/08\/archibat-mag-musee-de-refugies-Danemark.jpg","width":2364,"height":1329},{"@type":"BreadcrumbList","@id":"https:\/\/archibat.com\/blog\/le-musee-des-refugies-au-danemark-sur-le-site-dun-ancien-hopital\/#breadcrumb","itemListElement":[{"@type":"ListItem","position":1,"name":"Home","item":"https:\/\/archibat.com\/blog\/"},{"@type":"ListItem","position":2,"name":"Le Mus\u00e9e des r\u00e9fugi\u00e9s au Danemark sur le site d\u2019un ancien h\u00f4pital"}]},{"@type":"WebSite","@id":"https:\/\/archibat.com\/blog\/#website","url":"https:\/\/archibat.com\/blog\/","name":"ArchiBat Mag","description":"Vous souhaitez connaitre les derni\u00e8res actualit\u00e9s sur l\u2019Architecture, le Design ou les Ressources Humaines ? D\u00e9couvrez ArchiBat Mag, le magazine d\u00e9di\u00e9 aux m\u00e9tiers de l&#039;Architecture et de l&#039;Ing\u00e9nierie.","potentialAction":[{"@type":"SearchAction","target":{"@type":"EntryPoint","urlTemplate":"https:\/\/archibat.com\/blog\/?s={search_term_string}"},"query-input":{"@type":"PropertyValueSpecification","valueRequired":true,"valueName":"search_term_string"}}],"inLanguage":"fr-FR"},{"@type":"Person","@id":"https:\/\/archibat.com\/blog\/#\/schema\/person\/c246f0d63b5e719c2cbe4f9bd494bf12","name":"communication"}]}},"_links":{"self":[{"href":"https:\/\/archibat.com\/blog\/wp-json\/wp\/v2\/posts\/18677","targetHints":{"allow":["GET"]}}],"collection":[{"href":"https:\/\/archibat.com\/blog\/wp-json\/wp\/v2\/posts"}],"about":[{"href":"https:\/\/archibat.com\/blog\/wp-json\/wp\/v2\/types\/post"}],"author":[{"embeddable":true,"href":"https:\/\/archibat.com\/blog\/wp-json\/wp\/v2\/users\/2"}],"replies":[{"embeddable":true,"href":"https:\/\/archibat.com\/blog\/wp-json\/wp\/v2\/comments?post=18677"}],"version-history":[{"count":2,"href":"https:\/\/archibat.com\/blog\/wp-json\/wp\/v2\/posts\/18677\/revisions"}],"predecessor-version":[{"id":20561,"href":"https:\/\/archibat.com\/blog\/wp-json\/wp\/v2\/posts\/18677\/revisions\/20561"}],"wp:featuredmedia":[{"embeddable":true,"href":"https:\/\/archibat.com\/blog\/wp-json\/wp\/v2\/media\/18678"}],"wp:attachment":[{"href":"https:\/\/archibat.com\/blog\/wp-json\/wp\/v2\/media?parent=18677"}],"wp:term":[{"taxonomy":"category","embeddable":true,"href":"https:\/\/archibat.com\/blog\/wp-json\/wp\/v2\/categories?post=18677"},{"taxonomy":"post_tag","embeddable":true,"href":"https:\/\/archibat.com\/blog\/wp-json\/wp\/v2\/tags?post=18677"}],"curies":[{"name":"wp","href":"https:\/\/api.w.org\/{rel}","templated":true}]}}