{"id":1877,"date":"2016-06-07T21:12:09","date_gmt":"2016-06-07T20:12:09","guid":{"rendered":"https:\/\/www.archibat.com\/blog\/?p=1877"},"modified":"2018-10-29T17:36:08","modified_gmt":"2018-10-29T16:36:08","slug":"management-a-lere-numerique","status":"publish","type":"post","link":"https:\/\/archibat.com\/blog\/management-a-lere-numerique\/","title":{"rendered":"Le management \u00e0 l\u2019\u00e8re du num\u00e9rique"},"content":{"rendered":"<p>Le num\u00e9rique a boulevers\u00e9 le paysage de l\u2019\u00e9conomie mondiale. Il a acc\u00e9l\u00e9r\u00e9 et facilit\u00e9 l\u2019acc\u00e8s au savoir et il transforme les structures hi\u00e9rarchiques jusqu\u2019\u00e0 pr\u00e9sent verticales pour les pousser vers des structures matricielles ou en r\u00e9seaux.<\/p>\n<h2>Un management&#8230; transversal, lib\u00e9r\u00e9, participatif.<\/h2>\n<p>L&rsquo;av\u00e8nement de l&rsquo;\u00e9conomie num\u00e9rique modifie en profondeur les modes d&rsquo;organisation en entreprise. Pour qu\u2019un manager puisse \u00eatre reconnu par son \u00e9quipe, il doit se remettre en question et changer ses m\u00e9thodes. Avant, celui-ci d\u00e9tenait l\u2019information et choisissait de la divulguer ou non. C\u2019est ce qui lui conf\u00e9rait son autorit\u00e9. Aujourd\u2019hui, il n\u2019est plus seulement manager mais il doit devenir leader. Il est le moteur de son \u00e9quipe, il doit valoriser ses collaborateurs, les encourager, leur faire confiance, les rendre autonomes. Son r\u00f4le est de favoriser et de faciliter l\u2019\u00e9change d\u2019informations. Ce sont ces comp\u00e9tences de leader qui l\u00e9gitimeront son statut et non plus l\u2019inverse.<\/p>\n<h2>L&rsquo;homme au coeur de l&rsquo;organisation des entreprises<\/h2>\n<p>Certaines entreprises l\u2019ont bien compris\u00a0: les organigrammes ne sont plus verticaux et le taylorisme est un mod\u00e8le \u00e0 bout de souffle. L\u2019individu est aujourd&rsquo;hui \u00e0 l\u2019interconnexion de plusieurs communaut\u00e9s\u00a0: son m\u00e9tier, sa filiale, son \u00e9quipe, sa tribu&#8230; On ne peut plus le d\u00e9finir que par son seul intitul\u00e9 de poste. C&rsquo;est la prise en compte de l&rsquo;homme au sein de l&rsquo;entreprise qui devient la plus importante. Chaque individu doit b\u00e9n\u00e9ficier de plus de libert\u00e9s, d&rsquo;autonomie et de confiance pour effectuer son travail car la r\u00e9mun\u00e9ration seule ne suffit plus \u00e0 motiver les salari\u00e9s dans le temps. Pour l&rsquo;entreprise, c&rsquo;est un souffle nouveau. Les salari\u00e9s sont plus impliqu\u00e9s donc plus productifs et l&rsquo;ensemble de l&rsquo;\u00e9quipe peut \u00eatre f\u00e9d\u00e9r\u00e9e autour des valeurs communes propres \u00e0 la culture de chaque entreprise.<\/p>\n<h2>Vers un droit \u00e0 la d\u00e9connexion professionnelle<\/h2>\n<p>Avec l\u2019arriv\u00e9e du digital dans le monde de l&rsquo;entreprise, la l\u00e9gislation n\u2019a pas r\u00e9ussi \u00e0 suivre et des questions subsistent. Quand commence et s\u2019arr\u00eate une journ\u00e9e de travail pour un cadre qui a acc\u00e8s \u00e0 ses emails sur son t\u00e9l\u00e9phone\u00a0? Quelles r\u00e8gles pour le droit \u00e0 la d\u00e9connexion\u00a0? Quelles interf\u00e9rences entre vie priv\u00e9e et vie professionnelle ? Quand commence l&rsquo;une et quand s&rsquo;arr\u00eate l&rsquo;autre ? Le temps de travail effectif devient une donn\u00e9e de plus en plus floue et chacun doit r\u00e9fl\u00e9chir au bon usage des outils digitaux \u00e0 la fois sur son lieu de travail et dans sa vie priv\u00e9e.<\/p>\n<p>&nbsp;<\/p>\n<p><em><strong>Et vous, arrivez vous \u00e0 mettre en pratique la d\u00e9connexion professionnelle ?!<\/strong><\/em><\/p>\n","protected":false},"excerpt":{"rendered":"<p>Le num\u00e9rique a boulevers\u00e9 le paysage de l\u2019\u00e9conomie mondiale. Il a acc\u00e9l\u00e9r\u00e9 et facilit\u00e9 l\u2019acc\u00e8s au savoir et il transforme les structures hi\u00e9rarchiques jusqu\u2019\u00e0 pr\u00e9sent\u2026<\/p>\n","protected":false},"author":2,"featured_media":1878,"comment_status":"closed","ping_status":"closed","sticky":false,"template":"","format":"standard","meta":{"_acf_changed":false,"footnotes":""},"categories":[4],"tags":[],"class_list":["post-1877","post","type-post","status-publish","format-standard","has-post-thumbnail","hentry","category-ressources-humaines"],"acf":[],"yoast_head":"<!-- This site is optimized with the Yoast SEO plugin v24.8.1 - https:\/\/yoast.com\/wordpress\/plugins\/seo\/ -->\n<title>Le management \u00e0 l\u2019\u00e8re du num\u00e9rique &#8211; ArchiBat Mag<\/title>\n<meta name=\"description\" content=\"Le num\u00e9rique a boulevers\u00e9 le paysage de l\u2019\u00e9conomie mondiale. Il a acc\u00e9l\u00e9r\u00e9 et facilit\u00e9 l\u2019acc\u00e8s au savoir et il transforme les structures hi\u00e9rarchiques jusqu\u2019\u00e0 pr\u00e9sent verticales pour les pousser vers des structures matricielles ou en r\u00e9seaux.\" \/>\n<meta name=\"robots\" content=\"index, follow, max-snippet:-1, max-image-preview:large, max-video-preview:-1\" \/>\n<link rel=\"canonical\" href=\"https:\/\/archibat.com\/blog\/management-a-lere-numerique\/\" \/>\n<meta property=\"og:locale\" content=\"fr_FR\" \/>\n<meta property=\"og:type\" content=\"article\" \/>\n<meta property=\"og:title\" content=\"Le management \u00e0 l\u2019\u00e8re du num\u00e9rique &#8211; ArchiBat Mag\" \/>\n<meta property=\"og:description\" content=\"Le num\u00e9rique a boulevers\u00e9 le paysage de l\u2019\u00e9conomie mondiale. Il a acc\u00e9l\u00e9r\u00e9 et facilit\u00e9 l\u2019acc\u00e8s au savoir et il transforme les structures hi\u00e9rarchiques jusqu\u2019\u00e0 pr\u00e9sent verticales pour les pousser vers des structures matricielles ou en r\u00e9seaux.\" \/>\n<meta property=\"og:url\" content=\"https:\/\/archibat.com\/blog\/management-a-lere-numerique\/\" \/>\n<meta property=\"og:site_name\" content=\"ArchiBat Mag\" \/>\n<meta property=\"article:published_time\" content=\"2016-06-07T20:12:09+00:00\" \/>\n<meta property=\"article:modified_time\" content=\"2018-10-29T16:36:08+00:00\" \/>\n<meta property=\"og:image\" content=\"https:\/\/archibat.com\/blog\/wp-content\/uploads\/2016\/06\/Fotolia_111918094_XS-2.jpg\" \/>\n\t<meta property=\"og:image:width\" content=\"635\" \/>\n\t<meta property=\"og:image:height\" content=\"327\" \/>\n\t<meta property=\"og:image:type\" content=\"image\/jpeg\" \/>\n<meta name=\"author\" content=\"communication\" \/>\n<meta name=\"twitter:card\" content=\"summary_large_image\" \/>\n<meta name=\"twitter:label1\" content=\"\u00c9crit par\" \/>\n\t<meta name=\"twitter:data1\" content=\"communication\" \/>\n\t<meta name=\"twitter:label2\" content=\"Dur\u00e9e de lecture estim\u00e9e\" \/>\n\t<meta name=\"twitter:data2\" content=\"2 minutes\" \/>\n<script type=\"application\/ld+json\" class=\"yoast-schema-graph\">{\"@context\":\"https:\/\/schema.org\",\"@graph\":[{\"@type\":\"WebPage\",\"@id\":\"https:\/\/archibat.com\/blog\/management-a-lere-numerique\/\",\"url\":\"https:\/\/archibat.com\/blog\/management-a-lere-numerique\/\",\"name\":\"Le management \u00e0 l\u2019\u00e8re du num\u00e9rique &#8211; ArchiBat Mag\",\"isPartOf\":{\"@id\":\"https:\/\/archibat.com\/blog\/#website\"},\"primaryImageOfPage\":{\"@id\":\"https:\/\/archibat.com\/blog\/management-a-lere-numerique\/#primaryimage\"},\"image\":{\"@id\":\"https:\/\/archibat.com\/blog\/management-a-lere-numerique\/#primaryimage\"},\"thumbnailUrl\":\"https:\/\/archibat.com\/blog\/wp-content\/uploads\/2016\/06\/Fotolia_111918094_XS-2.jpg\",\"datePublished\":\"2016-06-07T20:12:09+00:00\",\"dateModified\":\"2018-10-29T16:36:08+00:00\",\"author\":{\"@id\":\"https:\/\/archibat.com\/blog\/#\/schema\/person\/c246f0d63b5e719c2cbe4f9bd494bf12\"},\"description\":\"Le num\u00e9rique a boulevers\u00e9 le paysage de l\u2019\u00e9conomie mondiale. Il a acc\u00e9l\u00e9r\u00e9 et facilit\u00e9 l\u2019acc\u00e8s au savoir et il transforme les structures hi\u00e9rarchiques jusqu\u2019\u00e0 pr\u00e9sent verticales pour les pousser vers des structures matricielles ou en r\u00e9seaux.\",\"breadcrumb\":{\"@id\":\"https:\/\/archibat.com\/blog\/management-a-lere-numerique\/#breadcrumb\"},\"inLanguage\":\"fr-FR\",\"potentialAction\":[{\"@type\":\"ReadAction\",\"target\":[\"https:\/\/archibat.com\/blog\/management-a-lere-numerique\/\"]}]},{\"@type\":\"ImageObject\",\"inLanguage\":\"fr-FR\",\"@id\":\"https:\/\/archibat.com\/blog\/management-a-lere-numerique\/#primaryimage\",\"url\":\"https:\/\/archibat.com\/blog\/wp-content\/uploads\/2016\/06\/Fotolia_111918094_XS-2.jpg\",\"contentUrl\":\"https:\/\/archibat.com\/blog\/wp-content\/uploads\/2016\/06\/Fotolia_111918094_XS-2.jpg\",\"width\":635,\"height\":327,\"caption\":\"management num\u00e9rique\"},{\"@type\":\"BreadcrumbList\",\"@id\":\"https:\/\/archibat.com\/blog\/management-a-lere-numerique\/#breadcrumb\",\"itemListElement\":[{\"@type\":\"ListItem\",\"position\":1,\"name\":\"Home\",\"item\":\"https:\/\/archibat.com\/blog\/\"},{\"@type\":\"ListItem\",\"position\":2,\"name\":\"Le management \u00e0 l\u2019\u00e8re du num\u00e9rique\"}]},{\"@type\":\"WebSite\",\"@id\":\"https:\/\/archibat.com\/blog\/#website\",\"url\":\"https:\/\/archibat.com\/blog\/\",\"name\":\"ArchiBat Mag\",\"description\":\"Vous souhaitez connaitre les derni\u00e8res actualit\u00e9s sur l\u2019Architecture, le Design ou les Ressources Humaines ? D\u00e9couvrez ArchiBat Mag, le magazine d\u00e9di\u00e9 aux m\u00e9tiers de l&#039;Architecture et de l&#039;Ing\u00e9nierie.\",\"potentialAction\":[{\"@type\":\"SearchAction\",\"target\":{\"@type\":\"EntryPoint\",\"urlTemplate\":\"https:\/\/archibat.com\/blog\/?s={search_term_string}\"},\"query-input\":{\"@type\":\"PropertyValueSpecification\",\"valueRequired\":true,\"valueName\":\"search_term_string\"}}],\"inLanguage\":\"fr-FR\"},{\"@type\":\"Person\",\"@id\":\"https:\/\/archibat.com\/blog\/#\/schema\/person\/c246f0d63b5e719c2cbe4f9bd494bf12\",\"name\":\"communication\"}]}<\/script>\n<!-- \/ Yoast SEO plugin. -->","yoast_head_json":{"title":"Le management \u00e0 l\u2019\u00e8re du num\u00e9rique &#8211; ArchiBat Mag","description":"Le num\u00e9rique a boulevers\u00e9 le paysage de l\u2019\u00e9conomie mondiale. Il a acc\u00e9l\u00e9r\u00e9 et facilit\u00e9 l\u2019acc\u00e8s au savoir et il transforme les structures hi\u00e9rarchiques jusqu\u2019\u00e0 pr\u00e9sent verticales pour les pousser vers des structures matricielles ou en r\u00e9seaux.","robots":{"index":"index","follow":"follow","max-snippet":"max-snippet:-1","max-image-preview":"max-image-preview:large","max-video-preview":"max-video-preview:-1"},"canonical":"https:\/\/archibat.com\/blog\/management-a-lere-numerique\/","og_locale":"fr_FR","og_type":"article","og_title":"Le management \u00e0 l\u2019\u00e8re du num\u00e9rique &#8211; ArchiBat Mag","og_description":"Le num\u00e9rique a boulevers\u00e9 le paysage de l\u2019\u00e9conomie mondiale. Il a acc\u00e9l\u00e9r\u00e9 et facilit\u00e9 l\u2019acc\u00e8s au savoir et il transforme les structures hi\u00e9rarchiques jusqu\u2019\u00e0 pr\u00e9sent verticales pour les pousser vers des structures matricielles ou en r\u00e9seaux.","og_url":"https:\/\/archibat.com\/blog\/management-a-lere-numerique\/","og_site_name":"ArchiBat Mag","article_published_time":"2016-06-07T20:12:09+00:00","article_modified_time":"2018-10-29T16:36:08+00:00","og_image":[{"width":635,"height":327,"url":"https:\/\/archibat.com\/blog\/wp-content\/uploads\/2016\/06\/Fotolia_111918094_XS-2.jpg","type":"image\/jpeg"}],"author":"communication","twitter_card":"summary_large_image","twitter_misc":{"\u00c9crit par":"communication","Dur\u00e9e de lecture estim\u00e9e":"2 minutes"},"schema":{"@context":"https:\/\/schema.org","@graph":[{"@type":"WebPage","@id":"https:\/\/archibat.com\/blog\/management-a-lere-numerique\/","url":"https:\/\/archibat.com\/blog\/management-a-lere-numerique\/","name":"Le management \u00e0 l\u2019\u00e8re du num\u00e9rique &#8211; ArchiBat Mag","isPartOf":{"@id":"https:\/\/archibat.com\/blog\/#website"},"primaryImageOfPage":{"@id":"https:\/\/archibat.com\/blog\/management-a-lere-numerique\/#primaryimage"},"image":{"@id":"https:\/\/archibat.com\/blog\/management-a-lere-numerique\/#primaryimage"},"thumbnailUrl":"https:\/\/archibat.com\/blog\/wp-content\/uploads\/2016\/06\/Fotolia_111918094_XS-2.jpg","datePublished":"2016-06-07T20:12:09+00:00","dateModified":"2018-10-29T16:36:08+00:00","author":{"@id":"https:\/\/archibat.com\/blog\/#\/schema\/person\/c246f0d63b5e719c2cbe4f9bd494bf12"},"description":"Le num\u00e9rique a boulevers\u00e9 le paysage de l\u2019\u00e9conomie mondiale. Il a acc\u00e9l\u00e9r\u00e9 et facilit\u00e9 l\u2019acc\u00e8s au savoir et il transforme les structures hi\u00e9rarchiques jusqu\u2019\u00e0 pr\u00e9sent verticales pour les pousser vers des structures matricielles ou en r\u00e9seaux.","breadcrumb":{"@id":"https:\/\/archibat.com\/blog\/management-a-lere-numerique\/#breadcrumb"},"inLanguage":"fr-FR","potentialAction":[{"@type":"ReadAction","target":["https:\/\/archibat.com\/blog\/management-a-lere-numerique\/"]}]},{"@type":"ImageObject","inLanguage":"fr-FR","@id":"https:\/\/archibat.com\/blog\/management-a-lere-numerique\/#primaryimage","url":"https:\/\/archibat.com\/blog\/wp-content\/uploads\/2016\/06\/Fotolia_111918094_XS-2.jpg","contentUrl":"https:\/\/archibat.com\/blog\/wp-content\/uploads\/2016\/06\/Fotolia_111918094_XS-2.jpg","width":635,"height":327,"caption":"management num\u00e9rique"},{"@type":"BreadcrumbList","@id":"https:\/\/archibat.com\/blog\/management-a-lere-numerique\/#breadcrumb","itemListElement":[{"@type":"ListItem","position":1,"name":"Home","item":"https:\/\/archibat.com\/blog\/"},{"@type":"ListItem","position":2,"name":"Le management \u00e0 l\u2019\u00e8re du num\u00e9rique"}]},{"@type":"WebSite","@id":"https:\/\/archibat.com\/blog\/#website","url":"https:\/\/archibat.com\/blog\/","name":"ArchiBat Mag","description":"Vous souhaitez connaitre les derni\u00e8res actualit\u00e9s sur l\u2019Architecture, le Design ou les Ressources Humaines ? D\u00e9couvrez ArchiBat Mag, le magazine d\u00e9di\u00e9 aux m\u00e9tiers de l&#039;Architecture et de l&#039;Ing\u00e9nierie.","potentialAction":[{"@type":"SearchAction","target":{"@type":"EntryPoint","urlTemplate":"https:\/\/archibat.com\/blog\/?s={search_term_string}"},"query-input":{"@type":"PropertyValueSpecification","valueRequired":true,"valueName":"search_term_string"}}],"inLanguage":"fr-FR"},{"@type":"Person","@id":"https:\/\/archibat.com\/blog\/#\/schema\/person\/c246f0d63b5e719c2cbe4f9bd494bf12","name":"communication"}]}},"_links":{"self":[{"href":"https:\/\/archibat.com\/blog\/wp-json\/wp\/v2\/posts\/1877","targetHints":{"allow":["GET"]}}],"collection":[{"href":"https:\/\/archibat.com\/blog\/wp-json\/wp\/v2\/posts"}],"about":[{"href":"https:\/\/archibat.com\/blog\/wp-json\/wp\/v2\/types\/post"}],"author":[{"embeddable":true,"href":"https:\/\/archibat.com\/blog\/wp-json\/wp\/v2\/users\/2"}],"replies":[{"embeddable":true,"href":"https:\/\/archibat.com\/blog\/wp-json\/wp\/v2\/comments?post=1877"}],"version-history":[{"count":1,"href":"https:\/\/archibat.com\/blog\/wp-json\/wp\/v2\/posts\/1877\/revisions"}],"predecessor-version":[{"id":6157,"href":"https:\/\/archibat.com\/blog\/wp-json\/wp\/v2\/posts\/1877\/revisions\/6157"}],"wp:featuredmedia":[{"embeddable":true,"href":"https:\/\/archibat.com\/blog\/wp-json\/wp\/v2\/media\/1878"}],"wp:attachment":[{"href":"https:\/\/archibat.com\/blog\/wp-json\/wp\/v2\/media?parent=1877"}],"wp:term":[{"taxonomy":"category","embeddable":true,"href":"https:\/\/archibat.com\/blog\/wp-json\/wp\/v2\/categories?post=1877"},{"taxonomy":"post_tag","embeddable":true,"href":"https:\/\/archibat.com\/blog\/wp-json\/wp\/v2\/tags?post=1877"}],"curies":[{"name":"wp","href":"https:\/\/api.w.org\/{rel}","templated":true}]}}