{"id":1881,"date":"2016-06-09T06:26:16","date_gmt":"2016-06-09T05:26:16","guid":{"rendered":"https:\/\/www.archibat.com\/blog\/?p=1881"},"modified":"2018-10-29T17:35:42","modified_gmt":"2018-10-29T16:35:42","slug":"lion-dor-lespagne-a-biennale-de-venise","status":"publish","type":"post","link":"https:\/\/archibat.com\/blog\/lion-dor-lespagne-a-biennale-de-venise\/","title":{"rendered":"Un Lion d\u2019Or pour l\u2019Espagne \u00e0 la Biennale de Venise"},"content":{"rendered":"<p>La biennale d\u2019architecture de Venise 2016 a d\u00e9but\u00e9 le 28 mai et durera jusqu\u2019au 27 novembre. Cette ann\u00e9e, le th\u00e8me choisi par Alejandro Aravena, directeur g\u00e9n\u00e9ral de la biennale et prix Pritzker 2016 est \u00ab\u00a0Reporting from the front\u00a0\u00bb. L\u2019Espagne a \u00e9t\u00e9 r\u00e9compens\u00e9e d\u2019un Lion d\u2019Or pour la meilleure participation nationale pour l\u2019exposition \u00ab\u00a0Unfinished\u00a0\u00bb r\u00e9alis\u00e9e par Inaqui Carnicero et Carlos Quitans.<\/p>\n<h2>Pourquoi \u00ab\u00a0Unfinished\u00a0\u00bb\u00a0?<\/h2>\n<p>L\u2019architecture a \u00e9t\u00e9 tr\u00e8s fortement impact\u00e9e par la crise \u00e9conomique de 2008 et encore plus en Espagne. Avant la crise, de nombreux b\u00e2timents \u00e9taient construits \u00e0 la h\u00e2te sans qu\u2019il y ait de r\u00e9elle r\u00e9flexion sur leur n\u00e9cessit\u00e9 ou sur la validit\u00e9 des plans. La crise est alors arriv\u00e9e. Et beaucoup de constructions ont alors \u00e9t\u00e9 \u2026 abandonn\u00e9es.<\/p>\n<p><img loading=\"lazy\" decoding=\"async\" src=\"https:\/\/www.archibat.com\/blog\/wp-content\/uploads\/2016\/06\/copyright_laurian_ghinitoiu_spain_8_of_9-2.jpg\" alt=\"Biennale de Venise\" width=\"635\" height=\"423\" \/><\/p>\n<h2>Une exposition photographique<\/h2>\n<p>Les photographies expos\u00e9es pr\u00e9sentent les travaux d\u2019architectes ayant d\u00e9cid\u00e9 de saisir les opportunit\u00e9s que repr\u00e9sentent ces b\u00e2timents en friche. Ce sont donc 55 projets qui sont expos\u00e9s dans les diff\u00e9rentes pi\u00e8ces autour de l\u2019espace central. Le but n\u2019est pas de pointer du doigt les aspects n\u00e9gatifs mais bien au contraire, de mettre en lumi\u00e8re les initiatives et les strat\u00e9gies de r\u00e9habilitation de ces lieux.<\/p>\n<p><img loading=\"lazy\" decoding=\"async\" src=\"https:\/\/www.archibat.com\/blog\/wp-content\/uploads\/2016\/06\/copyright_laurian_ghinitoiu_spain_2_of_9-2.jpg\" alt=\"Biennale de Venise\" width=\"635\" height=\"423\" \/><\/p>\n<h2>Et les autres laur\u00e9ats\u00a0?<\/h2>\n<p>Les Paraguayens de l\u2019entreprise Gabinete de Arquitectura ont \u00e9galement re\u00e7u un Lion d\u2019Or pour leur exposition situ\u00e9e dans le pavillon Central. Ils parlent de tout ce qu\u2019il est possible de faire avec deux ressources faciles \u00e0 trouver\u00a0: des briques et de la main d\u2019\u0153uvre peu qualifi\u00e9e. Les Nig\u00e9rians du studio NLE ont\u00a0 re\u00e7u un prix pour leur \u00e9cole flottante. Le Japon et le P\u00e9rou ont re\u00e7u des mentions sp\u00e9ciales pour leurs pavillons nationaux. L\u2019architecte br\u00e9silien Paulo Mendes de la Rocha a re\u00e7u une r\u00e9compense pour son \u0153uvre tout au long de sa vie.<\/p>\n<p>&nbsp;<\/p>\n<p><em><strong>Envie de d\u00e9couvrir les expositions de la Biennale ? Foncez, vous avez encore jusqu&rsquo;\u00e0 fin novembre pour aller a Venise<\/strong><\/em><\/p>\n","protected":false},"excerpt":{"rendered":"<p>La biennale d\u2019architecture de Venise 2016 a d\u00e9but\u00e9 le 28 mai et durera jusqu\u2019au 27 novembre. Cette ann\u00e9e, le th\u00e8me choisi par Alejandro Aravena, directeur\u2026<\/p>\n","protected":false},"author":2,"featured_media":1882,"comment_status":"closed","ping_status":"closed","sticky":false,"template":"","format":"standard","meta":{"_acf_changed":false,"footnotes":""},"categories":[3],"tags":[],"class_list":["post-1881","post","type-post","status-publish","format-standard","has-post-thumbnail","hentry","category-architecture-et-design"],"acf":[],"yoast_head":"<!-- This site is optimized with the Yoast SEO plugin v24.8.1 - https:\/\/yoast.com\/wordpress\/plugins\/seo\/ -->\n<title>Un Lion d\u2019Or pour l\u2019Espagne \u00e0 la Biennale de Venise &#8211; ArchiBat Mag<\/title>\n<meta name=\"robots\" content=\"index, follow, max-snippet:-1, max-image-preview:large, max-video-preview:-1\" \/>\n<link rel=\"canonical\" href=\"https:\/\/archibat.com\/blog\/lion-dor-lespagne-a-biennale-de-venise\/\" \/>\n<meta property=\"og:locale\" content=\"fr_FR\" \/>\n<meta property=\"og:type\" content=\"article\" \/>\n<meta property=\"og:title\" content=\"Un Lion d\u2019Or pour l\u2019Espagne \u00e0 la Biennale de Venise &#8211; ArchiBat Mag\" \/>\n<meta property=\"og:description\" content=\"La biennale d\u2019architecture de Venise 2016 a d\u00e9but\u00e9 le 28 mai et durera jusqu\u2019au 27 novembre. Cette ann\u00e9e, le th\u00e8me choisi par Alejandro Aravena, directeur\u2026\" \/>\n<meta property=\"og:url\" content=\"https:\/\/archibat.com\/blog\/lion-dor-lespagne-a-biennale-de-venise\/\" \/>\n<meta property=\"og:site_name\" content=\"ArchiBat Mag\" \/>\n<meta property=\"article:published_time\" content=\"2016-06-09T05:26:16+00:00\" \/>\n<meta property=\"article:modified_time\" content=\"2018-10-29T16:35:42+00:00\" \/>\n<meta property=\"og:image\" content=\"https:\/\/archibat.com\/blog\/wp-content\/uploads\/2016\/06\/copyright_laurian_ghinitoiu_spain_1_of_9-2.jpg\" \/>\n\t<meta property=\"og:image:width\" content=\"635\" \/>\n\t<meta property=\"og:image:height\" content=\"327\" \/>\n\t<meta property=\"og:image:type\" content=\"image\/jpeg\" \/>\n<meta name=\"author\" content=\"communication\" \/>\n<meta name=\"twitter:card\" content=\"summary_large_image\" \/>\n<meta name=\"twitter:label1\" content=\"\u00c9crit par\" \/>\n\t<meta name=\"twitter:data1\" content=\"communication\" \/>\n\t<meta name=\"twitter:label2\" content=\"Dur\u00e9e de lecture estim\u00e9e\" \/>\n\t<meta name=\"twitter:data2\" content=\"2 minutes\" \/>\n<script type=\"application\/ld+json\" class=\"yoast-schema-graph\">{\"@context\":\"https:\/\/schema.org\",\"@graph\":[{\"@type\":\"WebPage\",\"@id\":\"https:\/\/archibat.com\/blog\/lion-dor-lespagne-a-biennale-de-venise\/\",\"url\":\"https:\/\/archibat.com\/blog\/lion-dor-lespagne-a-biennale-de-venise\/\",\"name\":\"Un Lion d\u2019Or pour l\u2019Espagne \u00e0 la Biennale de Venise &#8211; ArchiBat Mag\",\"isPartOf\":{\"@id\":\"https:\/\/archibat.com\/blog\/#website\"},\"primaryImageOfPage\":{\"@id\":\"https:\/\/archibat.com\/blog\/lion-dor-lespagne-a-biennale-de-venise\/#primaryimage\"},\"image\":{\"@id\":\"https:\/\/archibat.com\/blog\/lion-dor-lespagne-a-biennale-de-venise\/#primaryimage\"},\"thumbnailUrl\":\"https:\/\/archibat.com\/blog\/wp-content\/uploads\/2016\/06\/copyright_laurian_ghinitoiu_spain_1_of_9-2.jpg\",\"datePublished\":\"2016-06-09T05:26:16+00:00\",\"dateModified\":\"2018-10-29T16:35:42+00:00\",\"author\":{\"@id\":\"https:\/\/archibat.com\/blog\/#\/schema\/person\/c246f0d63b5e719c2cbe4f9bd494bf12\"},\"breadcrumb\":{\"@id\":\"https:\/\/archibat.com\/blog\/lion-dor-lespagne-a-biennale-de-venise\/#breadcrumb\"},\"inLanguage\":\"fr-FR\",\"potentialAction\":[{\"@type\":\"ReadAction\",\"target\":[\"https:\/\/archibat.com\/blog\/lion-dor-lespagne-a-biennale-de-venise\/\"]}]},{\"@type\":\"ImageObject\",\"inLanguage\":\"fr-FR\",\"@id\":\"https:\/\/archibat.com\/blog\/lion-dor-lespagne-a-biennale-de-venise\/#primaryimage\",\"url\":\"https:\/\/archibat.com\/blog\/wp-content\/uploads\/2016\/06\/copyright_laurian_ghinitoiu_spain_1_of_9-2.jpg\",\"contentUrl\":\"https:\/\/archibat.com\/blog\/wp-content\/uploads\/2016\/06\/copyright_laurian_ghinitoiu_spain_1_of_9-2.jpg\",\"width\":635,\"height\":327,\"caption\":\"Biennale de Venise\"},{\"@type\":\"BreadcrumbList\",\"@id\":\"https:\/\/archibat.com\/blog\/lion-dor-lespagne-a-biennale-de-venise\/#breadcrumb\",\"itemListElement\":[{\"@type\":\"ListItem\",\"position\":1,\"name\":\"Home\",\"item\":\"https:\/\/archibat.com\/blog\/\"},{\"@type\":\"ListItem\",\"position\":2,\"name\":\"Un Lion d\u2019Or pour l\u2019Espagne \u00e0 la Biennale de Venise\"}]},{\"@type\":\"WebSite\",\"@id\":\"https:\/\/archibat.com\/blog\/#website\",\"url\":\"https:\/\/archibat.com\/blog\/\",\"name\":\"ArchiBat Mag\",\"description\":\"Vous souhaitez connaitre les derni\u00e8res actualit\u00e9s sur l\u2019Architecture, le Design ou les Ressources Humaines ? D\u00e9couvrez ArchiBat Mag, le magazine d\u00e9di\u00e9 aux m\u00e9tiers de l&#039;Architecture et de l&#039;Ing\u00e9nierie.\",\"potentialAction\":[{\"@type\":\"SearchAction\",\"target\":{\"@type\":\"EntryPoint\",\"urlTemplate\":\"https:\/\/archibat.com\/blog\/?s={search_term_string}\"},\"query-input\":{\"@type\":\"PropertyValueSpecification\",\"valueRequired\":true,\"valueName\":\"search_term_string\"}}],\"inLanguage\":\"fr-FR\"},{\"@type\":\"Person\",\"@id\":\"https:\/\/archibat.com\/blog\/#\/schema\/person\/c246f0d63b5e719c2cbe4f9bd494bf12\",\"name\":\"communication\"}]}<\/script>\n<!-- \/ Yoast SEO plugin. -->","yoast_head_json":{"title":"Un Lion d\u2019Or pour l\u2019Espagne \u00e0 la Biennale de Venise &#8211; ArchiBat Mag","robots":{"index":"index","follow":"follow","max-snippet":"max-snippet:-1","max-image-preview":"max-image-preview:large","max-video-preview":"max-video-preview:-1"},"canonical":"https:\/\/archibat.com\/blog\/lion-dor-lespagne-a-biennale-de-venise\/","og_locale":"fr_FR","og_type":"article","og_title":"Un Lion d\u2019Or pour l\u2019Espagne \u00e0 la Biennale de Venise &#8211; ArchiBat Mag","og_description":"La biennale d\u2019architecture de Venise 2016 a d\u00e9but\u00e9 le 28 mai et durera jusqu\u2019au 27 novembre. Cette ann\u00e9e, le th\u00e8me choisi par Alejandro Aravena, directeur\u2026","og_url":"https:\/\/archibat.com\/blog\/lion-dor-lespagne-a-biennale-de-venise\/","og_site_name":"ArchiBat Mag","article_published_time":"2016-06-09T05:26:16+00:00","article_modified_time":"2018-10-29T16:35:42+00:00","og_image":[{"width":635,"height":327,"url":"https:\/\/archibat.com\/blog\/wp-content\/uploads\/2016\/06\/copyright_laurian_ghinitoiu_spain_1_of_9-2.jpg","type":"image\/jpeg"}],"author":"communication","twitter_card":"summary_large_image","twitter_misc":{"\u00c9crit par":"communication","Dur\u00e9e de lecture estim\u00e9e":"2 minutes"},"schema":{"@context":"https:\/\/schema.org","@graph":[{"@type":"WebPage","@id":"https:\/\/archibat.com\/blog\/lion-dor-lespagne-a-biennale-de-venise\/","url":"https:\/\/archibat.com\/blog\/lion-dor-lespagne-a-biennale-de-venise\/","name":"Un Lion d\u2019Or pour l\u2019Espagne \u00e0 la Biennale de Venise &#8211; ArchiBat Mag","isPartOf":{"@id":"https:\/\/archibat.com\/blog\/#website"},"primaryImageOfPage":{"@id":"https:\/\/archibat.com\/blog\/lion-dor-lespagne-a-biennale-de-venise\/#primaryimage"},"image":{"@id":"https:\/\/archibat.com\/blog\/lion-dor-lespagne-a-biennale-de-venise\/#primaryimage"},"thumbnailUrl":"https:\/\/archibat.com\/blog\/wp-content\/uploads\/2016\/06\/copyright_laurian_ghinitoiu_spain_1_of_9-2.jpg","datePublished":"2016-06-09T05:26:16+00:00","dateModified":"2018-10-29T16:35:42+00:00","author":{"@id":"https:\/\/archibat.com\/blog\/#\/schema\/person\/c246f0d63b5e719c2cbe4f9bd494bf12"},"breadcrumb":{"@id":"https:\/\/archibat.com\/blog\/lion-dor-lespagne-a-biennale-de-venise\/#breadcrumb"},"inLanguage":"fr-FR","potentialAction":[{"@type":"ReadAction","target":["https:\/\/archibat.com\/blog\/lion-dor-lespagne-a-biennale-de-venise\/"]}]},{"@type":"ImageObject","inLanguage":"fr-FR","@id":"https:\/\/archibat.com\/blog\/lion-dor-lespagne-a-biennale-de-venise\/#primaryimage","url":"https:\/\/archibat.com\/blog\/wp-content\/uploads\/2016\/06\/copyright_laurian_ghinitoiu_spain_1_of_9-2.jpg","contentUrl":"https:\/\/archibat.com\/blog\/wp-content\/uploads\/2016\/06\/copyright_laurian_ghinitoiu_spain_1_of_9-2.jpg","width":635,"height":327,"caption":"Biennale de Venise"},{"@type":"BreadcrumbList","@id":"https:\/\/archibat.com\/blog\/lion-dor-lespagne-a-biennale-de-venise\/#breadcrumb","itemListElement":[{"@type":"ListItem","position":1,"name":"Home","item":"https:\/\/archibat.com\/blog\/"},{"@type":"ListItem","position":2,"name":"Un Lion d\u2019Or pour l\u2019Espagne \u00e0 la Biennale de Venise"}]},{"@type":"WebSite","@id":"https:\/\/archibat.com\/blog\/#website","url":"https:\/\/archibat.com\/blog\/","name":"ArchiBat Mag","description":"Vous souhaitez connaitre les derni\u00e8res actualit\u00e9s sur l\u2019Architecture, le Design ou les Ressources Humaines ? D\u00e9couvrez ArchiBat Mag, le magazine d\u00e9di\u00e9 aux m\u00e9tiers de l&#039;Architecture et de l&#039;Ing\u00e9nierie.","potentialAction":[{"@type":"SearchAction","target":{"@type":"EntryPoint","urlTemplate":"https:\/\/archibat.com\/blog\/?s={search_term_string}"},"query-input":{"@type":"PropertyValueSpecification","valueRequired":true,"valueName":"search_term_string"}}],"inLanguage":"fr-FR"},{"@type":"Person","@id":"https:\/\/archibat.com\/blog\/#\/schema\/person\/c246f0d63b5e719c2cbe4f9bd494bf12","name":"communication"}]}},"_links":{"self":[{"href":"https:\/\/archibat.com\/blog\/wp-json\/wp\/v2\/posts\/1881","targetHints":{"allow":["GET"]}}],"collection":[{"href":"https:\/\/archibat.com\/blog\/wp-json\/wp\/v2\/posts"}],"about":[{"href":"https:\/\/archibat.com\/blog\/wp-json\/wp\/v2\/types\/post"}],"author":[{"embeddable":true,"href":"https:\/\/archibat.com\/blog\/wp-json\/wp\/v2\/users\/2"}],"replies":[{"embeddable":true,"href":"https:\/\/archibat.com\/blog\/wp-json\/wp\/v2\/comments?post=1881"}],"version-history":[{"count":1,"href":"https:\/\/archibat.com\/blog\/wp-json\/wp\/v2\/posts\/1881\/revisions"}],"predecessor-version":[{"id":6156,"href":"https:\/\/archibat.com\/blog\/wp-json\/wp\/v2\/posts\/1881\/revisions\/6156"}],"wp:featuredmedia":[{"embeddable":true,"href":"https:\/\/archibat.com\/blog\/wp-json\/wp\/v2\/media\/1882"}],"wp:attachment":[{"href":"https:\/\/archibat.com\/blog\/wp-json\/wp\/v2\/media?parent=1881"}],"wp:term":[{"taxonomy":"category","embeddable":true,"href":"https:\/\/archibat.com\/blog\/wp-json\/wp\/v2\/categories?post=1881"},{"taxonomy":"post_tag","embeddable":true,"href":"https:\/\/archibat.com\/blog\/wp-json\/wp\/v2\/tags?post=1881"}],"curies":[{"name":"wp","href":"https:\/\/api.w.org\/{rel}","templated":true}]}}