{"id":19004,"date":"2022-10-11T14:00:00","date_gmt":"2022-10-11T12:00:00","guid":{"rendered":"https:\/\/archibat.com\/blog\/?p=19004"},"modified":"2023-03-24T16:28:53","modified_gmt":"2023-03-24T15:28:53","slug":"lines-innovation-center-un-cube-harmonieux-et-interconnecte","status":"publish","type":"post","link":"https:\/\/archibat.com\/blog\/lines-innovation-center-un-cube-harmonieux-et-interconnecte\/","title":{"rendered":"L\u2019INES, un cube harmonieux et interconnect\u00e9"},"content":{"rendered":"\n<p>Le centre d\u2019innovation de l\u2019Universit\u00e9 de Bio Bio (UBB \u2013 Universidad del Bio-Bio) se situe dans la ville de Concepci\u00f3n au Chili. Le b\u00e2timent a \u00e9t\u00e9 con\u00e7u par le studio local d\u2019art et d\u2019architecture Pezo von Ellrichshausen entre 2013 et 2015, mais n\u2019a \u00e9t\u00e9 achev\u00e9 qu\u2019en 2021. Le campus regroupe des facult\u00e9s d\u2019ing\u00e9nierie, d\u2019architecture et de management. L\u2019Innovation Center est d\u00e9di\u00e9 aux activit\u00e9s de recherche de l\u2019universit\u00e9. L\u2019objectif de L\u2019INES Innovation Center est de r\u00e9aliser un b\u00e2timent qui inspire la solidit\u00e9 et l\u2019harmonie, tout en \u00e9tant un mod\u00e8le d\u2019innovation pour refl\u00e9ter les ambitions acad\u00e9miques de l\u2019universit\u00e9.<\/p>\n\n\n\n<figure class=\"wp-block-image size-large is-resized\"><img loading=\"lazy\" decoding=\"async\" src=\"https:\/\/archibat.com\/blog\/wp-content\/uploads\/2022\/10\/ines-by-pezo-von-ellrichshausen4-1-480x480.jpg\" alt=\"\" class=\"wp-image-19026\" width=\"1450\" height=\"1450\" srcset=\"https:\/\/archibat.com\/blog\/wp-content\/uploads\/2022\/10\/ines-by-pezo-von-ellrichshausen4-1-480x480.jpg 480w, https:\/\/archibat.com\/blog\/wp-content\/uploads\/2022\/10\/ines-by-pezo-von-ellrichshausen4-1-300x300.jpg 300w, https:\/\/archibat.com\/blog\/wp-content\/uploads\/2022\/10\/ines-by-pezo-von-ellrichshausen4-1-432x432.jpg 432w, https:\/\/archibat.com\/blog\/wp-content\/uploads\/2022\/10\/ines-by-pezo-von-ellrichshausen4-1-768x768.jpg 768w, https:\/\/archibat.com\/blog\/wp-content\/uploads\/2022\/10\/ines-by-pezo-von-ellrichshausen4-1-864x864.jpg 864w, https:\/\/archibat.com\/blog\/wp-content\/uploads\/2022\/10\/ines-by-pezo-von-ellrichshausen4-1-600x600.jpg 600w, https:\/\/archibat.com\/blog\/wp-content\/uploads\/2022\/10\/ines-by-pezo-von-ellrichshausen4-1.jpg 1500w\" sizes=\"auto, (max-width: 1450px) 100vw, 1450px\" \/><\/figure>\n\n\n\n<p>Le b\u00e2timent de 5&nbsp;\u00e9tages s\u2019\u00e9tend sur 2000 m2. Il a \u00e9t\u00e9 con\u00e7u en forme de cube reposant sur une base en bois. Cet aspect flottant donne l\u2019impression qu\u2019il peut \u00eatre lanc\u00e9, retourn\u00e9, ramass\u00e9 sans changer d\u2019apparence. Sa structure en bois est caract\u00e9ristique du travail des architectes, tout comme l\u2019aspect ext\u00e9rieur cubique et les connexions entre les diff\u00e9rents espaces. Le bois et le b\u00e9ton teint\u00e9 en ocre rouge s\u2019y m\u00e9langent pour cr\u00e9er une atmosph\u00e8re chaleureuse et intimiste.&nbsp;<\/p>\n\n\n\n<p>\u00c0 l\u2019int\u00e9rieur, les espaces sont interconnect\u00e9s horizontalement, mais \u00e9galement verticalement. Une tr\u00e9mie circulaire centrale, dont le diam\u00e8tre se r\u00e9duit au fur et \u00e0 mesure de l\u2019ascension, se termine par un hublot avec vue sur le ciel.&nbsp;&nbsp;Au deuxi\u00e8me \u00e9tage, tous les espaces communiquent par des ouvertures en demi-cercles et ont pour point de fuite le jardin du campus. Cette mani\u00e8re de lier les espaces entre eux permet de donner une sensation de perspective mais \u00e9galement d\u2019inciter au travail commun. Les espaces de r\u00e9unions et de travail individuel int\u00e8grent un mobilier flexible et l\u00e9ger pour une souplesse d\u2019am\u00e9nagement optimale.<\/p>\n\n\n\n<figure class=\"wp-block-image size-large is-resized\"><img loading=\"lazy\" decoding=\"async\" src=\"https:\/\/archibat.com\/blog\/wp-content\/uploads\/2022\/10\/ines-by-pezo-von-ellrichshausen3-360x480.jpg\" alt=\"\" class=\"wp-image-19011\" width=\"1450\" height=\"1933\" srcset=\"https:\/\/archibat.com\/blog\/wp-content\/uploads\/2022\/10\/ines-by-pezo-von-ellrichshausen3-360x480.jpg 360w, https:\/\/archibat.com\/blog\/wp-content\/uploads\/2022\/10\/ines-by-pezo-von-ellrichshausen3-225x300.jpg 225w, https:\/\/archibat.com\/blog\/wp-content\/uploads\/2022\/10\/ines-by-pezo-von-ellrichshausen3-768x1024.jpg 768w, https:\/\/archibat.com\/blog\/wp-content\/uploads\/2022\/10\/ines-by-pezo-von-ellrichshausen3-1152x1536.jpg 1152w, https:\/\/archibat.com\/blog\/wp-content\/uploads\/2022\/10\/ines-by-pezo-von-ellrichshausen3.jpg 1500w\" sizes=\"auto, (max-width: 1450px) 100vw, 1450px\" \/><\/figure>\n\n\n\n<figure class=\"wp-block-image size-large\"><img loading=\"lazy\" decoding=\"async\" width=\"640\" height=\"480\" src=\"https:\/\/archibat.com\/blog\/wp-content\/uploads\/2022\/10\/ines-by-pezo-von-ellrichshausen2-640x480.jpg\" alt=\"\" class=\"wp-image-19019\" srcset=\"https:\/\/archibat.com\/blog\/wp-content\/uploads\/2022\/10\/ines-by-pezo-von-ellrichshausen2-640x480.jpg 640w, https:\/\/archibat.com\/blog\/wp-content\/uploads\/2022\/10\/ines-by-pezo-von-ellrichshausen2-300x225.jpg 300w, https:\/\/archibat.com\/blog\/wp-content\/uploads\/2022\/10\/ines-by-pezo-von-ellrichshausen2-768x576.jpg 768w, https:\/\/archibat.com\/blog\/wp-content\/uploads\/2022\/10\/ines-by-pezo-von-ellrichshausen2.jpg 1500w\" sizes=\"auto, (max-width: 640px) 100vw, 640px\" \/><\/figure>\n\n\n\n<p>On retrouve des espaces de travail privatifs qui se situent dans les angles du b\u00e2timent. Ils sont en forme de quart de cercle et occupent plus d\u2019espace au sol au fur et \u00e0 mesure que la tr\u00e9mie circulaire diminue. L\u2019id\u00e9e de cette conception est de ne pas attribuer un espace \u00e0 un type de travail particulier, mais plut\u00f4t d\u2019affranchir les fronti\u00e8res et d\u2019offrir des espaces polyvalents et pluridisciplinaires \u00e0 tous. Des placards y sont int\u00e9gr\u00e9s et ont \u00e9t\u00e9 r\u00e9alis\u00e9s sur mesure. Les murs incurv\u00e9s des espaces de travail priv\u00e9s peuvent servir d\u2019espace d\u2019exposition. Le belv\u00e9d\u00e8re sur le toit, qui est accessible par un escalier en colima\u00e7on, signe le travail des architectes.&nbsp;<\/p>\n\n\n\n<figure class=\"wp-block-image size-large is-resized\"><img loading=\"lazy\" decoding=\"async\" src=\"https:\/\/archibat.com\/blog\/wp-content\/uploads\/2022\/10\/ines-by-pezo-von-ellrichshausen-480x480.jpg\" alt=\"\" class=\"wp-image-19013\" width=\"1450\" height=\"1450\" srcset=\"https:\/\/archibat.com\/blog\/wp-content\/uploads\/2022\/10\/ines-by-pezo-von-ellrichshausen-480x480.jpg 480w, https:\/\/archibat.com\/blog\/wp-content\/uploads\/2022\/10\/ines-by-pezo-von-ellrichshausen-300x300.jpg 300w, https:\/\/archibat.com\/blog\/wp-content\/uploads\/2022\/10\/ines-by-pezo-von-ellrichshausen-432x432.jpg 432w, https:\/\/archibat.com\/blog\/wp-content\/uploads\/2022\/10\/ines-by-pezo-von-ellrichshausen-768x768.jpg 768w, https:\/\/archibat.com\/blog\/wp-content\/uploads\/2022\/10\/ines-by-pezo-von-ellrichshausen-864x864.jpg 864w, https:\/\/archibat.com\/blog\/wp-content\/uploads\/2022\/10\/ines-by-pezo-von-ellrichshausen-600x600.jpg 600w, https:\/\/archibat.com\/blog\/wp-content\/uploads\/2022\/10\/ines-by-pezo-von-ellrichshausen.jpg 1500w\" sizes=\"auto, (max-width: 1450px) 100vw, 1450px\" \/><\/figure>\n\n\n\n<figure class=\"wp-block-image size-large is-resized\"><img loading=\"lazy\" decoding=\"async\" src=\"https:\/\/archibat.com\/blog\/wp-content\/uploads\/2022\/10\/ines-by-pezo-von-ellrichshausen1-1-480x480.jpg\" alt=\"\" class=\"wp-image-19028\" width=\"1550\" height=\"1550\" srcset=\"https:\/\/archibat.com\/blog\/wp-content\/uploads\/2022\/10\/ines-by-pezo-von-ellrichshausen1-1-480x480.jpg 480w, https:\/\/archibat.com\/blog\/wp-content\/uploads\/2022\/10\/ines-by-pezo-von-ellrichshausen1-1-300x300.jpg 300w, https:\/\/archibat.com\/blog\/wp-content\/uploads\/2022\/10\/ines-by-pezo-von-ellrichshausen1-1-432x432.jpg 432w, https:\/\/archibat.com\/blog\/wp-content\/uploads\/2022\/10\/ines-by-pezo-von-ellrichshausen1-1-768x768.jpg 768w, https:\/\/archibat.com\/blog\/wp-content\/uploads\/2022\/10\/ines-by-pezo-von-ellrichshausen1-1-864x864.jpg 864w, https:\/\/archibat.com\/blog\/wp-content\/uploads\/2022\/10\/ines-by-pezo-von-ellrichshausen1-1-600x600.jpg 600w, https:\/\/archibat.com\/blog\/wp-content\/uploads\/2022\/10\/ines-by-pezo-von-ellrichshausen1-1.jpg 1500w\" sizes=\"auto, (max-width: 1550px) 100vw, 1550px\" \/><\/figure>\n\n\n\n<p>Le studio d\u2019art et d\u2019architecture Pezo von Ellrichshausen est connu dans le monde entier pour son travail innovant. Leurs projets d\u00e9butent souvent par des peintures et des croquis en couleur pour inspirer leurs clients. Leurs peintures de Cien House, petit b\u00e2timent en b\u00e9ton blanc accroch\u00e9 \u00e0 flanc de montagne, font partie de la collection permanente du Museum of Modern Art de New York.<\/p>\n\n\n\n<p><strong>Architectes :<\/strong> Pezo von Ellrichshausen<\/p>\n\n\n\n<p><strong>Cr\u00e9dit photos : <\/strong>thecoolhunter<\/p>\n\n\n\n<div style=\"height:20px\" aria-hidden=\"true\" class=\"wp-block-spacer\"><\/div>\n\n\n\n<p><strong>Vous recherchez un emploi en Architecture ?\u00a0<\/strong><a rel=\"noreferrer noopener\" href=\"https:\/\/archibat.com\/fr\/offres-demploi\" target=\"_blank\"><strong>Consultez nos offres !<\/strong><\/a><\/p>\n","protected":false},"excerpt":{"rendered":"<p>Le centre d\u2019innovation de l\u2019Universit\u00e9 de Bio Bio (UBB \u2013 Universidad del Bio-Bio) se situe dans la ville de Concepci\u00f3n au Chili. Le b\u00e2timent a\u2026<\/p>\n","protected":false},"author":2,"featured_media":19007,"comment_status":"closed","ping_status":"closed","sticky":false,"template":"","format":"standard","meta":{"_acf_changed":false,"footnotes":""},"categories":[3],"tags":[1240,3356,2349,3355,1961],"class_list":["post-19004","post","type-post","status-publish","format-standard","has-post-thumbnail","hentry","category-architecture-et-design","tag-architecture-2","tag-campus-universitaire","tag-chili","tag-ines-innovation-center","tag-pezo-von-ellrichshausen"],"acf":[],"yoast_head":"<!-- This site is optimized with the Yoast SEO plugin v24.8.1 - https:\/\/yoast.com\/wordpress\/plugins\/seo\/ -->\n<title>L\u2019INES, un cube harmonieux et interconnect\u00e9 &#8211; ArchiBat Mag<\/title>\n<meta name=\"robots\" content=\"index, follow, max-snippet:-1, max-image-preview:large, max-video-preview:-1\" \/>\n<link rel=\"canonical\" href=\"https:\/\/archibat.com\/blog\/lines-innovation-center-un-cube-harmonieux-et-interconnecte\/\" \/>\n<meta property=\"og:locale\" content=\"fr_FR\" \/>\n<meta property=\"og:type\" content=\"article\" \/>\n<meta property=\"og:title\" content=\"L\u2019INES, un cube harmonieux et interconnect\u00e9 &#8211; ArchiBat Mag\" \/>\n<meta property=\"og:description\" content=\"Le centre d\u2019innovation de l\u2019Universit\u00e9 de Bio Bio (UBB \u2013 Universidad del Bio-Bio) se situe dans la ville de Concepci\u00f3n au Chili. Le b\u00e2timent a\u2026\" \/>\n<meta property=\"og:url\" content=\"https:\/\/archibat.com\/blog\/lines-innovation-center-un-cube-harmonieux-et-interconnecte\/\" \/>\n<meta property=\"og:site_name\" content=\"ArchiBat Mag\" \/>\n<meta property=\"article:published_time\" content=\"2022-10-11T12:00:00+00:00\" \/>\n<meta property=\"article:modified_time\" content=\"2023-03-24T15:28:53+00:00\" \/>\n<meta property=\"og:image\" content=\"https:\/\/archibat.com\/blog\/wp-content\/uploads\/2022\/10\/Ines-Innovation-center-un-cube-harmonieux-archibat-mag-cover1.png\" \/>\n\t<meta property=\"og:image:width\" content=\"640\" \/>\n\t<meta property=\"og:image:height\" content=\"532\" \/>\n\t<meta property=\"og:image:type\" content=\"image\/png\" \/>\n<meta name=\"author\" content=\"communication\" \/>\n<meta name=\"twitter:card\" content=\"summary_large_image\" \/>\n<meta name=\"twitter:label1\" content=\"\u00c9crit par\" \/>\n\t<meta name=\"twitter:data1\" content=\"communication\" \/>\n\t<meta name=\"twitter:label2\" content=\"Dur\u00e9e de lecture estim\u00e9e\" \/>\n\t<meta name=\"twitter:data2\" content=\"3 minutes\" \/>\n<script type=\"application\/ld+json\" class=\"yoast-schema-graph\">{\"@context\":\"https:\/\/schema.org\",\"@graph\":[{\"@type\":\"WebPage\",\"@id\":\"https:\/\/archibat.com\/blog\/lines-innovation-center-un-cube-harmonieux-et-interconnecte\/\",\"url\":\"https:\/\/archibat.com\/blog\/lines-innovation-center-un-cube-harmonieux-et-interconnecte\/\",\"name\":\"L\u2019INES, un cube harmonieux et interconnect\u00e9 &#8211; ArchiBat Mag\",\"isPartOf\":{\"@id\":\"https:\/\/archibat.com\/blog\/#website\"},\"primaryImageOfPage\":{\"@id\":\"https:\/\/archibat.com\/blog\/lines-innovation-center-un-cube-harmonieux-et-interconnecte\/#primaryimage\"},\"image\":{\"@id\":\"https:\/\/archibat.com\/blog\/lines-innovation-center-un-cube-harmonieux-et-interconnecte\/#primaryimage\"},\"thumbnailUrl\":\"https:\/\/archibat.com\/blog\/wp-content\/uploads\/2022\/10\/Ines-Innovation-center-un-cube-harmonieux-archibat-mag-cover1.png\",\"datePublished\":\"2022-10-11T12:00:00+00:00\",\"dateModified\":\"2023-03-24T15:28:53+00:00\",\"author\":{\"@id\":\"https:\/\/archibat.com\/blog\/#\/schema\/person\/c246f0d63b5e719c2cbe4f9bd494bf12\"},\"breadcrumb\":{\"@id\":\"https:\/\/archibat.com\/blog\/lines-innovation-center-un-cube-harmonieux-et-interconnecte\/#breadcrumb\"},\"inLanguage\":\"fr-FR\",\"potentialAction\":[{\"@type\":\"ReadAction\",\"target\":[\"https:\/\/archibat.com\/blog\/lines-innovation-center-un-cube-harmonieux-et-interconnecte\/\"]}]},{\"@type\":\"ImageObject\",\"inLanguage\":\"fr-FR\",\"@id\":\"https:\/\/archibat.com\/blog\/lines-innovation-center-un-cube-harmonieux-et-interconnecte\/#primaryimage\",\"url\":\"https:\/\/archibat.com\/blog\/wp-content\/uploads\/2022\/10\/Ines-Innovation-center-un-cube-harmonieux-archibat-mag-cover1.png\",\"contentUrl\":\"https:\/\/archibat.com\/blog\/wp-content\/uploads\/2022\/10\/Ines-Innovation-center-un-cube-harmonieux-archibat-mag-cover1.png\",\"width\":640,\"height\":532},{\"@type\":\"BreadcrumbList\",\"@id\":\"https:\/\/archibat.com\/blog\/lines-innovation-center-un-cube-harmonieux-et-interconnecte\/#breadcrumb\",\"itemListElement\":[{\"@type\":\"ListItem\",\"position\":1,\"name\":\"Home\",\"item\":\"https:\/\/archibat.com\/blog\/\"},{\"@type\":\"ListItem\",\"position\":2,\"name\":\"L\u2019INES, un cube harmonieux et interconnect\u00e9\"}]},{\"@type\":\"WebSite\",\"@id\":\"https:\/\/archibat.com\/blog\/#website\",\"url\":\"https:\/\/archibat.com\/blog\/\",\"name\":\"ArchiBat Mag\",\"description\":\"Vous souhaitez connaitre les derni\u00e8res actualit\u00e9s sur l\u2019Architecture, le Design ou les Ressources Humaines ? D\u00e9couvrez ArchiBat Mag, le magazine d\u00e9di\u00e9 aux m\u00e9tiers de l&#039;Architecture et de l&#039;Ing\u00e9nierie.\",\"potentialAction\":[{\"@type\":\"SearchAction\",\"target\":{\"@type\":\"EntryPoint\",\"urlTemplate\":\"https:\/\/archibat.com\/blog\/?s={search_term_string}\"},\"query-input\":{\"@type\":\"PropertyValueSpecification\",\"valueRequired\":true,\"valueName\":\"search_term_string\"}}],\"inLanguage\":\"fr-FR\"},{\"@type\":\"Person\",\"@id\":\"https:\/\/archibat.com\/blog\/#\/schema\/person\/c246f0d63b5e719c2cbe4f9bd494bf12\",\"name\":\"communication\"}]}<\/script>\n<!-- \/ Yoast SEO plugin. -->","yoast_head_json":{"title":"L\u2019INES, un cube harmonieux et interconnect\u00e9 &#8211; ArchiBat Mag","robots":{"index":"index","follow":"follow","max-snippet":"max-snippet:-1","max-image-preview":"max-image-preview:large","max-video-preview":"max-video-preview:-1"},"canonical":"https:\/\/archibat.com\/blog\/lines-innovation-center-un-cube-harmonieux-et-interconnecte\/","og_locale":"fr_FR","og_type":"article","og_title":"L\u2019INES, un cube harmonieux et interconnect\u00e9 &#8211; ArchiBat Mag","og_description":"Le centre d\u2019innovation de l\u2019Universit\u00e9 de Bio Bio (UBB \u2013 Universidad del Bio-Bio) se situe dans la ville de Concepci\u00f3n au Chili. Le b\u00e2timent a\u2026","og_url":"https:\/\/archibat.com\/blog\/lines-innovation-center-un-cube-harmonieux-et-interconnecte\/","og_site_name":"ArchiBat Mag","article_published_time":"2022-10-11T12:00:00+00:00","article_modified_time":"2023-03-24T15:28:53+00:00","og_image":[{"width":640,"height":532,"url":"https:\/\/archibat.com\/blog\/wp-content\/uploads\/2022\/10\/Ines-Innovation-center-un-cube-harmonieux-archibat-mag-cover1.png","type":"image\/png"}],"author":"communication","twitter_card":"summary_large_image","twitter_misc":{"\u00c9crit par":"communication","Dur\u00e9e de lecture estim\u00e9e":"3 minutes"},"schema":{"@context":"https:\/\/schema.org","@graph":[{"@type":"WebPage","@id":"https:\/\/archibat.com\/blog\/lines-innovation-center-un-cube-harmonieux-et-interconnecte\/","url":"https:\/\/archibat.com\/blog\/lines-innovation-center-un-cube-harmonieux-et-interconnecte\/","name":"L\u2019INES, un cube harmonieux et interconnect\u00e9 &#8211; ArchiBat Mag","isPartOf":{"@id":"https:\/\/archibat.com\/blog\/#website"},"primaryImageOfPage":{"@id":"https:\/\/archibat.com\/blog\/lines-innovation-center-un-cube-harmonieux-et-interconnecte\/#primaryimage"},"image":{"@id":"https:\/\/archibat.com\/blog\/lines-innovation-center-un-cube-harmonieux-et-interconnecte\/#primaryimage"},"thumbnailUrl":"https:\/\/archibat.com\/blog\/wp-content\/uploads\/2022\/10\/Ines-Innovation-center-un-cube-harmonieux-archibat-mag-cover1.png","datePublished":"2022-10-11T12:00:00+00:00","dateModified":"2023-03-24T15:28:53+00:00","author":{"@id":"https:\/\/archibat.com\/blog\/#\/schema\/person\/c246f0d63b5e719c2cbe4f9bd494bf12"},"breadcrumb":{"@id":"https:\/\/archibat.com\/blog\/lines-innovation-center-un-cube-harmonieux-et-interconnecte\/#breadcrumb"},"inLanguage":"fr-FR","potentialAction":[{"@type":"ReadAction","target":["https:\/\/archibat.com\/blog\/lines-innovation-center-un-cube-harmonieux-et-interconnecte\/"]}]},{"@type":"ImageObject","inLanguage":"fr-FR","@id":"https:\/\/archibat.com\/blog\/lines-innovation-center-un-cube-harmonieux-et-interconnecte\/#primaryimage","url":"https:\/\/archibat.com\/blog\/wp-content\/uploads\/2022\/10\/Ines-Innovation-center-un-cube-harmonieux-archibat-mag-cover1.png","contentUrl":"https:\/\/archibat.com\/blog\/wp-content\/uploads\/2022\/10\/Ines-Innovation-center-un-cube-harmonieux-archibat-mag-cover1.png","width":640,"height":532},{"@type":"BreadcrumbList","@id":"https:\/\/archibat.com\/blog\/lines-innovation-center-un-cube-harmonieux-et-interconnecte\/#breadcrumb","itemListElement":[{"@type":"ListItem","position":1,"name":"Home","item":"https:\/\/archibat.com\/blog\/"},{"@type":"ListItem","position":2,"name":"L\u2019INES, un cube harmonieux et interconnect\u00e9"}]},{"@type":"WebSite","@id":"https:\/\/archibat.com\/blog\/#website","url":"https:\/\/archibat.com\/blog\/","name":"ArchiBat Mag","description":"Vous souhaitez connaitre les derni\u00e8res actualit\u00e9s sur l\u2019Architecture, le Design ou les Ressources Humaines ? D\u00e9couvrez ArchiBat Mag, le magazine d\u00e9di\u00e9 aux m\u00e9tiers de l&#039;Architecture et de l&#039;Ing\u00e9nierie.","potentialAction":[{"@type":"SearchAction","target":{"@type":"EntryPoint","urlTemplate":"https:\/\/archibat.com\/blog\/?s={search_term_string}"},"query-input":{"@type":"PropertyValueSpecification","valueRequired":true,"valueName":"search_term_string"}}],"inLanguage":"fr-FR"},{"@type":"Person","@id":"https:\/\/archibat.com\/blog\/#\/schema\/person\/c246f0d63b5e719c2cbe4f9bd494bf12","name":"communication"}]}},"_links":{"self":[{"href":"https:\/\/archibat.com\/blog\/wp-json\/wp\/v2\/posts\/19004","targetHints":{"allow":["GET"]}}],"collection":[{"href":"https:\/\/archibat.com\/blog\/wp-json\/wp\/v2\/posts"}],"about":[{"href":"https:\/\/archibat.com\/blog\/wp-json\/wp\/v2\/types\/post"}],"author":[{"embeddable":true,"href":"https:\/\/archibat.com\/blog\/wp-json\/wp\/v2\/users\/2"}],"replies":[{"embeddable":true,"href":"https:\/\/archibat.com\/blog\/wp-json\/wp\/v2\/comments?post=19004"}],"version-history":[{"count":3,"href":"https:\/\/archibat.com\/blog\/wp-json\/wp\/v2\/posts\/19004\/revisions"}],"predecessor-version":[{"id":20554,"href":"https:\/\/archibat.com\/blog\/wp-json\/wp\/v2\/posts\/19004\/revisions\/20554"}],"wp:featuredmedia":[{"embeddable":true,"href":"https:\/\/archibat.com\/blog\/wp-json\/wp\/v2\/media\/19007"}],"wp:attachment":[{"href":"https:\/\/archibat.com\/blog\/wp-json\/wp\/v2\/media?parent=19004"}],"wp:term":[{"taxonomy":"category","embeddable":true,"href":"https:\/\/archibat.com\/blog\/wp-json\/wp\/v2\/categories?post=19004"},{"taxonomy":"post_tag","embeddable":true,"href":"https:\/\/archibat.com\/blog\/wp-json\/wp\/v2\/tags?post=19004"}],"curies":[{"name":"wp","href":"https:\/\/api.w.org\/{rel}","templated":true}]}}