{"id":1905,"date":"2016-06-22T18:44:42","date_gmt":"2016-06-22T17:44:42","guid":{"rendered":"https:\/\/www.archibat.com\/blog\/?p=1905"},"modified":"2018-10-29T17:33:01","modified_gmt":"2018-10-29T16:33:01","slug":"vie-cadres-2016","status":"publish","type":"post","link":"https:\/\/archibat.com\/blog\/vie-cadres-2016\/","title":{"rendered":"\u00catre cadre en 2016, qu\u2019est ce que cela signifie ?"},"content":{"rendered":"<p>En 2016, l\u2019emploi des cadres semble \u00eatre \u00e0 la hausse avec des pr\u00e9visions de 182 000 \u00e0 200 000 cr\u00e9ations d\u2019emplois. Il s\u2019agirait d\u2019une augmentation de 10% par rapport \u00e0 l\u2019ann\u00e9e derni\u00e8re. Mais \u00eatre cadre en France en 2016, qu\u2019est ce que cela signifie\u00a0?<\/p>\n<h2>Premier emploi et responsabilit\u00e9s<\/h2>\n<p>A l\u2019heure actuelle, on ne devient plus cadre apr\u00e8s de nombreuses ann\u00e9es de travail comme cela a pu \u00eatre le cas. On note qu\u2019un peu moins de la moiti\u00e9 des personnes d\u00e9butant leur carri\u00e8re (48%) obtiennent le statut de cadre. La raison \u00e0 cet engouement est que ce statut permet aux entreprises plus de flexibilit\u00e9 concernant le temps de travail. Un cadre sur deux a un forfait horaire sup\u00e9rieur \u00e0 35h (avec des RTT). En moyenne, les cadres d\u00e9clarent travailler 42,5h par semaine. Ils sont 37% \u00e0 travailler plus de 45h et parmi eux, 5% plus de 55h.<\/p>\n<h2>Expert vs Manager<\/h2>\n<p>Le statut de cadre manager n\u2019est pas aussi majoritaire que ce que l\u2019on pourrait penser. En effet, dans l\u2019enqu\u00eate r\u00e9alis\u00e9e par Cadremploi et IFOP, ils sont 61% \u00e0 se d\u00e9finir comme \u00ab\u00a0experts\u00a0\u00bb, alors que les 39% restant se qualifient de \u00ab\u00a0managers\u00a0\u00bb. Cependant, ils sont 54% \u00e0 \u00e9voquer des \u00ab\u00a0responsabilit\u00e9s manag\u00e9riales\u00a0\u00bb.<\/p>\n<h2>Quel \u00e9quilibre pour les cadres\u00a0?<\/h2>\n<p>Avec les horaires \u00e9voqu\u00e9s ci-dessus, l\u2019\u00e9quilibre vie pro \u2013 vie perso n\u2019est pas consid\u00e9r\u00e9 comme facile \u00e0 obtenir. De plus, seulement 18% des cadres sont s\u00e9dentaires, ce qui ne facilite pas cet \u00e9quilibre. N\u00e9anmoins, lorsqu\u2019on leur demande s\u2019ils seraient pr\u00eats \u00e0 refuser une promotion afin de privil\u00e9gier leur vie de famille, pr\u00e8s de la moiti\u00e9 r\u00e9pond de mani\u00e8re n\u00e9gative.<\/p>\n<p>L\u2019arriv\u00e9e du num\u00e9rique a chang\u00e9 leurs habitudes de travail et a rendu la communication plus fluide avec les autres salari\u00e9s. Ils ont gagn\u00e9 en mobilit\u00e9 mais \u00e9galement en horaires de travail plus qu\u2019extensibles. (cf. <a href=\"https:\/\/www.archibat.com\/blog\/management-a-lere-numerique\/\" target=\"_blank\" rel=\"noopener\">Le management \u00e0 l\u2019\u00e8re du num\u00e9rique<\/a>)<\/p>\n<p>&nbsp;<\/p>\n<p><em><strong>Et vous, le statut de cadre vous fait-il r\u00eaver ?<\/strong><\/em><\/p>\n","protected":false},"excerpt":{"rendered":"<p>En 2016, l\u2019emploi des cadres semble \u00eatre \u00e0 la hausse avec des pr\u00e9visions de 182 000 \u00e0 200 000 cr\u00e9ations d\u2019emplois. Il s\u2019agirait d\u2019une augmentation\u2026<\/p>\n","protected":false},"author":2,"featured_media":1941,"comment_status":"closed","ping_status":"closed","sticky":false,"template":"","format":"standard","meta":{"_acf_changed":false,"footnotes":""},"categories":[4],"tags":[1613,1614],"class_list":["post-1905","post","type-post","status-publish","format-standard","has-post-thumbnail","hentry","category-ressources-humaines","tag-cadre","tag-condition-de-travail"],"acf":[],"yoast_head":"<!-- This site is optimized with the Yoast SEO plugin v24.8.1 - https:\/\/yoast.com\/wordpress\/plugins\/seo\/ -->\n<title>\u00catre cadre en 2016, qu\u2019est ce que cela signifie ? &#8211; ArchiBat Mag<\/title>\n<meta name=\"robots\" content=\"index, follow, max-snippet:-1, max-image-preview:large, max-video-preview:-1\" \/>\n<link rel=\"canonical\" href=\"https:\/\/archibat.com\/blog\/vie-cadres-2016\/\" \/>\n<meta property=\"og:locale\" content=\"fr_FR\" \/>\n<meta property=\"og:type\" content=\"article\" \/>\n<meta property=\"og:title\" content=\"\u00catre cadre en 2016, qu\u2019est ce que cela signifie ? &#8211; ArchiBat Mag\" \/>\n<meta property=\"og:description\" content=\"En 2016, l\u2019emploi des cadres semble \u00eatre \u00e0 la hausse avec des pr\u00e9visions de 182 000 \u00e0 200 000 cr\u00e9ations d\u2019emplois. Il s\u2019agirait d\u2019une augmentation\u2026\" \/>\n<meta property=\"og:url\" content=\"https:\/\/archibat.com\/blog\/vie-cadres-2016\/\" \/>\n<meta property=\"og:site_name\" content=\"ArchiBat Mag\" \/>\n<meta property=\"article:published_time\" content=\"2016-06-22T17:44:42+00:00\" \/>\n<meta property=\"article:modified_time\" content=\"2018-10-29T16:33:01+00:00\" \/>\n<meta property=\"og:image\" content=\"https:\/\/archibat.com\/blog\/wp-content\/uploads\/2016\/06\/Fotolia_111670656_S-resize-2.jpg\" \/>\n\t<meta property=\"og:image:width\" content=\"635\" \/>\n\t<meta property=\"og:image:height\" content=\"327\" \/>\n\t<meta property=\"og:image:type\" content=\"image\/jpeg\" \/>\n<meta name=\"author\" content=\"communication\" \/>\n<meta name=\"twitter:card\" content=\"summary_large_image\" \/>\n<meta name=\"twitter:label1\" content=\"\u00c9crit par\" \/>\n\t<meta name=\"twitter:data1\" content=\"communication\" \/>\n\t<meta name=\"twitter:label2\" content=\"Dur\u00e9e de lecture estim\u00e9e\" \/>\n\t<meta name=\"twitter:data2\" content=\"2 minutes\" \/>\n<script type=\"application\/ld+json\" class=\"yoast-schema-graph\">{\"@context\":\"https:\/\/schema.org\",\"@graph\":[{\"@type\":\"WebPage\",\"@id\":\"https:\/\/archibat.com\/blog\/vie-cadres-2016\/\",\"url\":\"https:\/\/archibat.com\/blog\/vie-cadres-2016\/\",\"name\":\"\u00catre cadre en 2016, qu\u2019est ce que cela signifie ? &#8211; ArchiBat Mag\",\"isPartOf\":{\"@id\":\"https:\/\/archibat.com\/blog\/#website\"},\"primaryImageOfPage\":{\"@id\":\"https:\/\/archibat.com\/blog\/vie-cadres-2016\/#primaryimage\"},\"image\":{\"@id\":\"https:\/\/archibat.com\/blog\/vie-cadres-2016\/#primaryimage\"},\"thumbnailUrl\":\"https:\/\/archibat.com\/blog\/wp-content\/uploads\/2016\/06\/Fotolia_111670656_S-resize-2.jpg\",\"datePublished\":\"2016-06-22T17:44:42+00:00\",\"dateModified\":\"2018-10-29T16:33:01+00:00\",\"author\":{\"@id\":\"https:\/\/archibat.com\/blog\/#\/schema\/person\/c246f0d63b5e719c2cbe4f9bd494bf12\"},\"breadcrumb\":{\"@id\":\"https:\/\/archibat.com\/blog\/vie-cadres-2016\/#breadcrumb\"},\"inLanguage\":\"fr-FR\",\"potentialAction\":[{\"@type\":\"ReadAction\",\"target\":[\"https:\/\/archibat.com\/blog\/vie-cadres-2016\/\"]}]},{\"@type\":\"ImageObject\",\"inLanguage\":\"fr-FR\",\"@id\":\"https:\/\/archibat.com\/blog\/vie-cadres-2016\/#primaryimage\",\"url\":\"https:\/\/archibat.com\/blog\/wp-content\/uploads\/2016\/06\/Fotolia_111670656_S-resize-2.jpg\",\"contentUrl\":\"https:\/\/archibat.com\/blog\/wp-content\/uploads\/2016\/06\/Fotolia_111670656_S-resize-2.jpg\",\"width\":635,\"height\":327,\"caption\":\"Group of business colleagues working in a boardroom meeting.\"},{\"@type\":\"BreadcrumbList\",\"@id\":\"https:\/\/archibat.com\/blog\/vie-cadres-2016\/#breadcrumb\",\"itemListElement\":[{\"@type\":\"ListItem\",\"position\":1,\"name\":\"Home\",\"item\":\"https:\/\/archibat.com\/blog\/\"},{\"@type\":\"ListItem\",\"position\":2,\"name\":\"\u00catre cadre en 2016, qu\u2019est ce que cela signifie ?\"}]},{\"@type\":\"WebSite\",\"@id\":\"https:\/\/archibat.com\/blog\/#website\",\"url\":\"https:\/\/archibat.com\/blog\/\",\"name\":\"ArchiBat Mag\",\"description\":\"Vous souhaitez connaitre les derni\u00e8res actualit\u00e9s sur l\u2019Architecture, le Design ou les Ressources Humaines ? D\u00e9couvrez ArchiBat Mag, le magazine d\u00e9di\u00e9 aux m\u00e9tiers de l&#039;Architecture et de l&#039;Ing\u00e9nierie.\",\"potentialAction\":[{\"@type\":\"SearchAction\",\"target\":{\"@type\":\"EntryPoint\",\"urlTemplate\":\"https:\/\/archibat.com\/blog\/?s={search_term_string}\"},\"query-input\":{\"@type\":\"PropertyValueSpecification\",\"valueRequired\":true,\"valueName\":\"search_term_string\"}}],\"inLanguage\":\"fr-FR\"},{\"@type\":\"Person\",\"@id\":\"https:\/\/archibat.com\/blog\/#\/schema\/person\/c246f0d63b5e719c2cbe4f9bd494bf12\",\"name\":\"communication\"}]}<\/script>\n<!-- \/ Yoast SEO plugin. -->","yoast_head_json":{"title":"\u00catre cadre en 2016, qu\u2019est ce que cela signifie ? &#8211; ArchiBat Mag","robots":{"index":"index","follow":"follow","max-snippet":"max-snippet:-1","max-image-preview":"max-image-preview:large","max-video-preview":"max-video-preview:-1"},"canonical":"https:\/\/archibat.com\/blog\/vie-cadres-2016\/","og_locale":"fr_FR","og_type":"article","og_title":"\u00catre cadre en 2016, qu\u2019est ce que cela signifie ? &#8211; ArchiBat Mag","og_description":"En 2016, l\u2019emploi des cadres semble \u00eatre \u00e0 la hausse avec des pr\u00e9visions de 182 000 \u00e0 200 000 cr\u00e9ations d\u2019emplois. Il s\u2019agirait d\u2019une augmentation\u2026","og_url":"https:\/\/archibat.com\/blog\/vie-cadres-2016\/","og_site_name":"ArchiBat Mag","article_published_time":"2016-06-22T17:44:42+00:00","article_modified_time":"2018-10-29T16:33:01+00:00","og_image":[{"width":635,"height":327,"url":"https:\/\/archibat.com\/blog\/wp-content\/uploads\/2016\/06\/Fotolia_111670656_S-resize-2.jpg","type":"image\/jpeg"}],"author":"communication","twitter_card":"summary_large_image","twitter_misc":{"\u00c9crit par":"communication","Dur\u00e9e de lecture estim\u00e9e":"2 minutes"},"schema":{"@context":"https:\/\/schema.org","@graph":[{"@type":"WebPage","@id":"https:\/\/archibat.com\/blog\/vie-cadres-2016\/","url":"https:\/\/archibat.com\/blog\/vie-cadres-2016\/","name":"\u00catre cadre en 2016, qu\u2019est ce que cela signifie ? &#8211; ArchiBat Mag","isPartOf":{"@id":"https:\/\/archibat.com\/blog\/#website"},"primaryImageOfPage":{"@id":"https:\/\/archibat.com\/blog\/vie-cadres-2016\/#primaryimage"},"image":{"@id":"https:\/\/archibat.com\/blog\/vie-cadres-2016\/#primaryimage"},"thumbnailUrl":"https:\/\/archibat.com\/blog\/wp-content\/uploads\/2016\/06\/Fotolia_111670656_S-resize-2.jpg","datePublished":"2016-06-22T17:44:42+00:00","dateModified":"2018-10-29T16:33:01+00:00","author":{"@id":"https:\/\/archibat.com\/blog\/#\/schema\/person\/c246f0d63b5e719c2cbe4f9bd494bf12"},"breadcrumb":{"@id":"https:\/\/archibat.com\/blog\/vie-cadres-2016\/#breadcrumb"},"inLanguage":"fr-FR","potentialAction":[{"@type":"ReadAction","target":["https:\/\/archibat.com\/blog\/vie-cadres-2016\/"]}]},{"@type":"ImageObject","inLanguage":"fr-FR","@id":"https:\/\/archibat.com\/blog\/vie-cadres-2016\/#primaryimage","url":"https:\/\/archibat.com\/blog\/wp-content\/uploads\/2016\/06\/Fotolia_111670656_S-resize-2.jpg","contentUrl":"https:\/\/archibat.com\/blog\/wp-content\/uploads\/2016\/06\/Fotolia_111670656_S-resize-2.jpg","width":635,"height":327,"caption":"Group of business colleagues working in a boardroom meeting."},{"@type":"BreadcrumbList","@id":"https:\/\/archibat.com\/blog\/vie-cadres-2016\/#breadcrumb","itemListElement":[{"@type":"ListItem","position":1,"name":"Home","item":"https:\/\/archibat.com\/blog\/"},{"@type":"ListItem","position":2,"name":"\u00catre cadre en 2016, qu\u2019est ce que cela signifie ?"}]},{"@type":"WebSite","@id":"https:\/\/archibat.com\/blog\/#website","url":"https:\/\/archibat.com\/blog\/","name":"ArchiBat Mag","description":"Vous souhaitez connaitre les derni\u00e8res actualit\u00e9s sur l\u2019Architecture, le Design ou les Ressources Humaines ? D\u00e9couvrez ArchiBat Mag, le magazine d\u00e9di\u00e9 aux m\u00e9tiers de l&#039;Architecture et de l&#039;Ing\u00e9nierie.","potentialAction":[{"@type":"SearchAction","target":{"@type":"EntryPoint","urlTemplate":"https:\/\/archibat.com\/blog\/?s={search_term_string}"},"query-input":{"@type":"PropertyValueSpecification","valueRequired":true,"valueName":"search_term_string"}}],"inLanguage":"fr-FR"},{"@type":"Person","@id":"https:\/\/archibat.com\/blog\/#\/schema\/person\/c246f0d63b5e719c2cbe4f9bd494bf12","name":"communication"}]}},"_links":{"self":[{"href":"https:\/\/archibat.com\/blog\/wp-json\/wp\/v2\/posts\/1905","targetHints":{"allow":["GET"]}}],"collection":[{"href":"https:\/\/archibat.com\/blog\/wp-json\/wp\/v2\/posts"}],"about":[{"href":"https:\/\/archibat.com\/blog\/wp-json\/wp\/v2\/types\/post"}],"author":[{"embeddable":true,"href":"https:\/\/archibat.com\/blog\/wp-json\/wp\/v2\/users\/2"}],"replies":[{"embeddable":true,"href":"https:\/\/archibat.com\/blog\/wp-json\/wp\/v2\/comments?post=1905"}],"version-history":[{"count":2,"href":"https:\/\/archibat.com\/blog\/wp-json\/wp\/v2\/posts\/1905\/revisions"}],"predecessor-version":[{"id":6151,"href":"https:\/\/archibat.com\/blog\/wp-json\/wp\/v2\/posts\/1905\/revisions\/6151"}],"wp:featuredmedia":[{"embeddable":true,"href":"https:\/\/archibat.com\/blog\/wp-json\/wp\/v2\/media\/1941"}],"wp:attachment":[{"href":"https:\/\/archibat.com\/blog\/wp-json\/wp\/v2\/media?parent=1905"}],"wp:term":[{"taxonomy":"category","embeddable":true,"href":"https:\/\/archibat.com\/blog\/wp-json\/wp\/v2\/categories?post=1905"},{"taxonomy":"post_tag","embeddable":true,"href":"https:\/\/archibat.com\/blog\/wp-json\/wp\/v2\/tags?post=1905"}],"curies":[{"name":"wp","href":"https:\/\/api.w.org\/{rel}","templated":true}]}}