{"id":1909,"date":"2016-06-23T06:03:00","date_gmt":"2016-06-23T05:03:00","guid":{"rendered":"https:\/\/www.archibat.com\/blog\/?p=1909"},"modified":"2018-11-23T16:04:33","modified_gmt":"2018-11-23T15:04:33","slug":"nouvelle-extension-sfmoma","status":"publish","type":"post","link":"https:\/\/archibat.com\/blog\/nouvelle-extension-sfmoma\/","title":{"rendered":"La nouvelle extension du SFMOMA"},"content":{"rendered":"<p>Le mus\u00e9e d\u2019art moderne de San Francisco a r\u00e9-ouvert le 14 mai 2016. Apr\u00e8s trois ans de travaux, la nouvelle extension du mus\u00e9e accueille \u00e0 nouveau le public. Ce mus\u00e9e a \u00e9t\u00e9 inaugur\u00e9 pour la premi\u00e8re fois il y a bient\u00f4t 20 ans. Le b\u00e2timent a maintenant 7 \u00e9tages, et le cinqui\u00e8me niveau est plus grand que tous les \u00e9tages de l\u2019ancien b\u00e2timent r\u00e9unis.<\/p>\n<h2>L\u2019un des plus grands mus\u00e9es des Etats Unis<\/h2>\n<p>Les fondateurs de la marque de v\u00eatements internationale \u00ab\u00a0Gap\u00a0\u00bb, Donald et Doris Fisher, ont accumul\u00e9 au fil des ans une grande collection d\u2019\u0153uvres d\u2019art contemporain du milieu et de la fin du 20<sup>e<\/sup> si\u00e8cle. Ils ont pass\u00e9 un accord inhabituel avec le SFMOMA pour que le mus\u00e9e puisse exposer les 1100 \u0153uvres pendant au moins 100 ans.<\/p>\n<p>Le mus\u00e9e a donc imm\u00e9diatement lanc\u00e9 un projet pour l\u2019extension du mus\u00e9e.<\/p>\n<p>En plus d\u2019accueillir la collection des Fisher, le mus\u00e9e a re\u00e7u environ 3000 nouvelles \u0153uvres et par cons\u00e9quent est devenu l\u2019un des plus grands mus\u00e9es des Etats Unis, plus grand m\u00eame que le mus\u00e9e d\u2019art moderne de New York\u00a0!<\/p>\n<h2>La c\u00e9l\u00e8bre fa\u00e7ade Est<\/h2>\n<p>Le mus\u00e9e a doubl\u00e9 de surface, et celle des galeries a m\u00eame tripl\u00e9. C\u2019est le cabinet norv\u00e9gien Snohetta qui a con\u00e7u le nouveau b\u00e2timent. La fa\u00e7ade Est s\u2019inspire de l\u2019eau et du brouillard bien connus de la baie de San Francisco. Elle est constitu\u00e9e de 700 panneaux de fibres de verre renforc\u00e9s par des polym\u00e8res, fa\u00e7onn\u00e9es et fabriqu\u00e9es dans la r\u00e9gion. Les cristaux de silicate incrust\u00e9s dans la fa\u00e7ade captent et refl\u00e8tent la lumi\u00e8re changeante.<\/p>\n<p><img loading=\"lazy\" decoding=\"async\" class=\"alignnone size-full wp-image-1913\" src=\"https:\/\/www.archibat.com\/blog\/wp-content\/uploads\/2016\/06\/24._SFMOMA_fac\u0327ade_of_Sn\u00f8hetta_expansion__photo_\u00a9_Henrik_Kam__courtesy_SFMOMA-3.jpg\" alt=\"SFMOMA\" width=\"635\" height=\"964\" srcset=\"https:\/\/archibat.com\/blog\/wp-content\/uploads\/2016\/06\/24._SFMOMA_fac\u0327ade_of_Sn\u00f8hetta_expansion__photo_\u00a9_Henrik_Kam__courtesy_SFMOMA-3.jpg 635w, https:\/\/archibat.com\/blog\/wp-content\/uploads\/2016\/06\/24._SFMOMA_fac\u0327ade_of_Sn\u00f8hetta_expansion__photo_\u00a9_Henrik_Kam__courtesy_SFMOMA-3-198x300.jpg 198w, https:\/\/archibat.com\/blog\/wp-content\/uploads\/2016\/06\/24._SFMOMA_fac\u0327ade_of_Sn\u00f8hetta_expansion__photo_\u00a9_Henrik_Kam__courtesy_SFMOMA-3-316x480.jpg 316w\" sizes=\"auto, (max-width: 635px) 100vw, 635px\" \/> <img loading=\"lazy\" decoding=\"async\" class=\"alignnone size-full wp-image-1911\" src=\"https:\/\/www.archibat.com\/blog\/wp-content\/uploads\/2016\/06\/5._Sn\u00f8hetta_expansion_of_the_new_SFMOMA__photo_\u00a9_Iwan_Baan__courtesy_SFMOMA-2.jpg\" alt=\"SFMOMA\" width=\"635\" height=\"423\" srcset=\"https:\/\/archibat.com\/blog\/wp-content\/uploads\/2016\/06\/5._Sn\u00f8hetta_expansion_of_the_new_SFMOMA__photo_\u00a9_Iwan_Baan__courtesy_SFMOMA-2.jpg 635w, https:\/\/archibat.com\/blog\/wp-content\/uploads\/2016\/06\/5._Sn\u00f8hetta_expansion_of_the_new_SFMOMA__photo_\u00a9_Iwan_Baan__courtesy_SFMOMA-2-300x200.jpg 300w, https:\/\/archibat.com\/blog\/wp-content\/uploads\/2016\/06\/5._Sn\u00f8hetta_expansion_of_the_new_SFMOMA__photo_\u00a9_Iwan_Baan__courtesy_SFMOMA-2-350x233.jpg 350w\" sizes=\"auto, (max-width: 635px) 100vw, 635px\" \/><\/p>\n<p>Des terrasses r\u00e9parties \u00e0 diff\u00e9rents niveaux pr\u00e9sentent des \u0153uvres en plein air telles que des sculptures et offrent des vues spectaculaires sur la ville. Le b\u00e2timent a \u00e9t\u00e9 con\u00e7u de mani\u00e8re \u00e9coresponsable\u00a0: il a \u00e9t\u00e9 certifi\u00e9 pour une r\u00e9duction de 30% de sa consommation en eau, et de 15% de sa consommation \u00e9nerg\u00e9tique.<\/p>\n<p><img loading=\"lazy\" decoding=\"async\" class=\"alignnone size-full wp-image-1912\" src=\"https:\/\/www.archibat.com\/blog\/wp-content\/uploads\/2016\/06\/8._Alexander_Calder_Motion_Lab_The_Fisher_Collection_exhibition_at_SFMOMA__photo_\u00a9_Iwan_Baan__courtesy_SFMOMA-2.jpg\" alt=\"SFMOMA\" width=\"635\" height=\"423\" srcset=\"https:\/\/archibat.com\/blog\/wp-content\/uploads\/2016\/06\/8._Alexander_Calder_Motion_Lab_The_Fisher_Collection_exhibition_at_SFMOMA__photo_\u00a9_Iwan_Baan__courtesy_SFMOMA-2.jpg 635w, https:\/\/archibat.com\/blog\/wp-content\/uploads\/2016\/06\/8._Alexander_Calder_Motion_Lab_The_Fisher_Collection_exhibition_at_SFMOMA__photo_\u00a9_Iwan_Baan__courtesy_SFMOMA-2-300x200.jpg 300w, https:\/\/archibat.com\/blog\/wp-content\/uploads\/2016\/06\/8._Alexander_Calder_Motion_Lab_The_Fisher_Collection_exhibition_at_SFMOMA__photo_\u00a9_Iwan_Baan__courtesy_SFMOMA-2-350x233.jpg 350w\" sizes=\"auto, (max-width: 635px) 100vw, 635px\" \/><\/p>\n<p><em><strong>Un mus\u00e9e plus \u00e9cologique, l\u2019id\u00e9e nous plait. Et vous\u00a0?<\/strong><\/em><\/p>\n","protected":false},"excerpt":{"rendered":"<p>Le mus\u00e9e d\u2019art moderne de San Francisco a r\u00e9-ouvert le 14 mai 2016. Apr\u00e8s trois ans de travaux, la nouvelle extension du mus\u00e9e accueille \u00e0\u2026<\/p>\n","protected":false},"author":2,"featured_media":1910,"comment_status":"closed","ping_status":"closed","sticky":false,"template":"","format":"standard","meta":{"_acf_changed":false,"footnotes":""},"categories":[3],"tags":[1621,1622],"class_list":["post-1909","post","type-post","status-publish","format-standard","has-post-thumbnail","hentry","category-architecture-et-design","tag-extension","tag-sfmoma"],"acf":[],"yoast_head":"<!-- This site is optimized with the Yoast SEO plugin v24.8.1 - https:\/\/yoast.com\/wordpress\/plugins\/seo\/ -->\n<title>La nouvelle extension du SFMOMA &#8211; ArchiBat Mag<\/title>\n<meta name=\"robots\" content=\"index, follow, max-snippet:-1, max-image-preview:large, max-video-preview:-1\" \/>\n<link rel=\"canonical\" href=\"https:\/\/archibat.com\/blog\/nouvelle-extension-sfmoma\/\" \/>\n<meta property=\"og:locale\" content=\"fr_FR\" \/>\n<meta property=\"og:type\" content=\"article\" \/>\n<meta property=\"og:title\" content=\"La nouvelle extension du SFMOMA &#8211; ArchiBat Mag\" \/>\n<meta property=\"og:description\" content=\"Le mus\u00e9e d\u2019art moderne de San Francisco a r\u00e9-ouvert le 14 mai 2016. Apr\u00e8s trois ans de travaux, la nouvelle extension du mus\u00e9e accueille \u00e0\u2026\" \/>\n<meta property=\"og:url\" content=\"https:\/\/archibat.com\/blog\/nouvelle-extension-sfmoma\/\" \/>\n<meta property=\"og:site_name\" content=\"ArchiBat Mag\" \/>\n<meta property=\"article:published_time\" content=\"2016-06-23T05:03:00+00:00\" \/>\n<meta property=\"article:modified_time\" content=\"2018-11-23T15:04:33+00:00\" \/>\n<meta property=\"og:image\" content=\"https:\/\/archibat.com\/blog\/wp-content\/uploads\/2016\/06\/2._Sn\u00f8hetta_expansion_of_the_new_SFMOMA__2016__photo_\u00a9_Henrik_Kam__courtesy_SFMOMA-2.jpg\" \/>\n\t<meta property=\"og:image:width\" content=\"635\" \/>\n\t<meta property=\"og:image:height\" content=\"327\" \/>\n\t<meta property=\"og:image:type\" content=\"image\/jpeg\" \/>\n<meta name=\"author\" content=\"communication\" \/>\n<meta name=\"twitter:card\" content=\"summary_large_image\" \/>\n<meta name=\"twitter:label1\" content=\"\u00c9crit par\" \/>\n\t<meta name=\"twitter:data1\" content=\"communication\" \/>\n\t<meta name=\"twitter:label2\" content=\"Dur\u00e9e de lecture estim\u00e9e\" \/>\n\t<meta name=\"twitter:data2\" content=\"2 minutes\" \/>\n<script type=\"application\/ld+json\" class=\"yoast-schema-graph\">{\"@context\":\"https:\/\/schema.org\",\"@graph\":[{\"@type\":\"WebPage\",\"@id\":\"https:\/\/archibat.com\/blog\/nouvelle-extension-sfmoma\/\",\"url\":\"https:\/\/archibat.com\/blog\/nouvelle-extension-sfmoma\/\",\"name\":\"La nouvelle extension du SFMOMA &#8211; ArchiBat Mag\",\"isPartOf\":{\"@id\":\"https:\/\/archibat.com\/blog\/#website\"},\"primaryImageOfPage\":{\"@id\":\"https:\/\/archibat.com\/blog\/nouvelle-extension-sfmoma\/#primaryimage\"},\"image\":{\"@id\":\"https:\/\/archibat.com\/blog\/nouvelle-extension-sfmoma\/#primaryimage\"},\"thumbnailUrl\":\"https:\/\/archibat.com\/blog\/wp-content\/uploads\/2016\/06\/2._Sn\u00f8hetta_expansion_of_the_new_SFMOMA__2016__photo_\u00a9_Henrik_Kam__courtesy_SFMOMA-2.jpg\",\"datePublished\":\"2016-06-23T05:03:00+00:00\",\"dateModified\":\"2018-11-23T15:04:33+00:00\",\"author\":{\"@id\":\"https:\/\/archibat.com\/blog\/#\/schema\/person\/c246f0d63b5e719c2cbe4f9bd494bf12\"},\"breadcrumb\":{\"@id\":\"https:\/\/archibat.com\/blog\/nouvelle-extension-sfmoma\/#breadcrumb\"},\"inLanguage\":\"fr-FR\",\"potentialAction\":[{\"@type\":\"ReadAction\",\"target\":[\"https:\/\/archibat.com\/blog\/nouvelle-extension-sfmoma\/\"]}]},{\"@type\":\"ImageObject\",\"inLanguage\":\"fr-FR\",\"@id\":\"https:\/\/archibat.com\/blog\/nouvelle-extension-sfmoma\/#primaryimage\",\"url\":\"https:\/\/archibat.com\/blog\/wp-content\/uploads\/2016\/06\/2._Sn\u00f8hetta_expansion_of_the_new_SFMOMA__2016__photo_\u00a9_Henrik_Kam__courtesy_SFMOMA-2.jpg\",\"contentUrl\":\"https:\/\/archibat.com\/blog\/wp-content\/uploads\/2016\/06\/2._Sn\u00f8hetta_expansion_of_the_new_SFMOMA__2016__photo_\u00a9_Henrik_Kam__courtesy_SFMOMA-2.jpg\",\"width\":635,\"height\":327},{\"@type\":\"BreadcrumbList\",\"@id\":\"https:\/\/archibat.com\/blog\/nouvelle-extension-sfmoma\/#breadcrumb\",\"itemListElement\":[{\"@type\":\"ListItem\",\"position\":1,\"name\":\"Home\",\"item\":\"https:\/\/archibat.com\/blog\/\"},{\"@type\":\"ListItem\",\"position\":2,\"name\":\"La nouvelle extension du SFMOMA\"}]},{\"@type\":\"WebSite\",\"@id\":\"https:\/\/archibat.com\/blog\/#website\",\"url\":\"https:\/\/archibat.com\/blog\/\",\"name\":\"ArchiBat Mag\",\"description\":\"Vous souhaitez connaitre les derni\u00e8res actualit\u00e9s sur l\u2019Architecture, le Design ou les Ressources Humaines ? D\u00e9couvrez ArchiBat Mag, le magazine d\u00e9di\u00e9 aux m\u00e9tiers de l&#039;Architecture et de l&#039;Ing\u00e9nierie.\",\"potentialAction\":[{\"@type\":\"SearchAction\",\"target\":{\"@type\":\"EntryPoint\",\"urlTemplate\":\"https:\/\/archibat.com\/blog\/?s={search_term_string}\"},\"query-input\":{\"@type\":\"PropertyValueSpecification\",\"valueRequired\":true,\"valueName\":\"search_term_string\"}}],\"inLanguage\":\"fr-FR\"},{\"@type\":\"Person\",\"@id\":\"https:\/\/archibat.com\/blog\/#\/schema\/person\/c246f0d63b5e719c2cbe4f9bd494bf12\",\"name\":\"communication\"}]}<\/script>\n<!-- \/ Yoast SEO plugin. -->","yoast_head_json":{"title":"La nouvelle extension du SFMOMA &#8211; ArchiBat Mag","robots":{"index":"index","follow":"follow","max-snippet":"max-snippet:-1","max-image-preview":"max-image-preview:large","max-video-preview":"max-video-preview:-1"},"canonical":"https:\/\/archibat.com\/blog\/nouvelle-extension-sfmoma\/","og_locale":"fr_FR","og_type":"article","og_title":"La nouvelle extension du SFMOMA &#8211; ArchiBat Mag","og_description":"Le mus\u00e9e d\u2019art moderne de San Francisco a r\u00e9-ouvert le 14 mai 2016. Apr\u00e8s trois ans de travaux, la nouvelle extension du mus\u00e9e accueille \u00e0\u2026","og_url":"https:\/\/archibat.com\/blog\/nouvelle-extension-sfmoma\/","og_site_name":"ArchiBat Mag","article_published_time":"2016-06-23T05:03:00+00:00","article_modified_time":"2018-11-23T15:04:33+00:00","og_image":[{"width":635,"height":327,"url":"https:\/\/archibat.com\/blog\/wp-content\/uploads\/2016\/06\/2._Sn\u00f8hetta_expansion_of_the_new_SFMOMA__2016__photo_\u00a9_Henrik_Kam__courtesy_SFMOMA-2.jpg","type":"image\/jpeg"}],"author":"communication","twitter_card":"summary_large_image","twitter_misc":{"\u00c9crit par":"communication","Dur\u00e9e de lecture estim\u00e9e":"2 minutes"},"schema":{"@context":"https:\/\/schema.org","@graph":[{"@type":"WebPage","@id":"https:\/\/archibat.com\/blog\/nouvelle-extension-sfmoma\/","url":"https:\/\/archibat.com\/blog\/nouvelle-extension-sfmoma\/","name":"La nouvelle extension du SFMOMA &#8211; ArchiBat Mag","isPartOf":{"@id":"https:\/\/archibat.com\/blog\/#website"},"primaryImageOfPage":{"@id":"https:\/\/archibat.com\/blog\/nouvelle-extension-sfmoma\/#primaryimage"},"image":{"@id":"https:\/\/archibat.com\/blog\/nouvelle-extension-sfmoma\/#primaryimage"},"thumbnailUrl":"https:\/\/archibat.com\/blog\/wp-content\/uploads\/2016\/06\/2._Sn\u00f8hetta_expansion_of_the_new_SFMOMA__2016__photo_\u00a9_Henrik_Kam__courtesy_SFMOMA-2.jpg","datePublished":"2016-06-23T05:03:00+00:00","dateModified":"2018-11-23T15:04:33+00:00","author":{"@id":"https:\/\/archibat.com\/blog\/#\/schema\/person\/c246f0d63b5e719c2cbe4f9bd494bf12"},"breadcrumb":{"@id":"https:\/\/archibat.com\/blog\/nouvelle-extension-sfmoma\/#breadcrumb"},"inLanguage":"fr-FR","potentialAction":[{"@type":"ReadAction","target":["https:\/\/archibat.com\/blog\/nouvelle-extension-sfmoma\/"]}]},{"@type":"ImageObject","inLanguage":"fr-FR","@id":"https:\/\/archibat.com\/blog\/nouvelle-extension-sfmoma\/#primaryimage","url":"https:\/\/archibat.com\/blog\/wp-content\/uploads\/2016\/06\/2._Sn\u00f8hetta_expansion_of_the_new_SFMOMA__2016__photo_\u00a9_Henrik_Kam__courtesy_SFMOMA-2.jpg","contentUrl":"https:\/\/archibat.com\/blog\/wp-content\/uploads\/2016\/06\/2._Sn\u00f8hetta_expansion_of_the_new_SFMOMA__2016__photo_\u00a9_Henrik_Kam__courtesy_SFMOMA-2.jpg","width":635,"height":327},{"@type":"BreadcrumbList","@id":"https:\/\/archibat.com\/blog\/nouvelle-extension-sfmoma\/#breadcrumb","itemListElement":[{"@type":"ListItem","position":1,"name":"Home","item":"https:\/\/archibat.com\/blog\/"},{"@type":"ListItem","position":2,"name":"La nouvelle extension du SFMOMA"}]},{"@type":"WebSite","@id":"https:\/\/archibat.com\/blog\/#website","url":"https:\/\/archibat.com\/blog\/","name":"ArchiBat Mag","description":"Vous souhaitez connaitre les derni\u00e8res actualit\u00e9s sur l\u2019Architecture, le Design ou les Ressources Humaines ? D\u00e9couvrez ArchiBat Mag, le magazine d\u00e9di\u00e9 aux m\u00e9tiers de l&#039;Architecture et de l&#039;Ing\u00e9nierie.","potentialAction":[{"@type":"SearchAction","target":{"@type":"EntryPoint","urlTemplate":"https:\/\/archibat.com\/blog\/?s={search_term_string}"},"query-input":{"@type":"PropertyValueSpecification","valueRequired":true,"valueName":"search_term_string"}}],"inLanguage":"fr-FR"},{"@type":"Person","@id":"https:\/\/archibat.com\/blog\/#\/schema\/person\/c246f0d63b5e719c2cbe4f9bd494bf12","name":"communication"}]}},"_links":{"self":[{"href":"https:\/\/archibat.com\/blog\/wp-json\/wp\/v2\/posts\/1909","targetHints":{"allow":["GET"]}}],"collection":[{"href":"https:\/\/archibat.com\/blog\/wp-json\/wp\/v2\/posts"}],"about":[{"href":"https:\/\/archibat.com\/blog\/wp-json\/wp\/v2\/types\/post"}],"author":[{"embeddable":true,"href":"https:\/\/archibat.com\/blog\/wp-json\/wp\/v2\/users\/2"}],"replies":[{"embeddable":true,"href":"https:\/\/archibat.com\/blog\/wp-json\/wp\/v2\/comments?post=1909"}],"version-history":[{"count":2,"href":"https:\/\/archibat.com\/blog\/wp-json\/wp\/v2\/posts\/1909\/revisions"}],"predecessor-version":[{"id":7804,"href":"https:\/\/archibat.com\/blog\/wp-json\/wp\/v2\/posts\/1909\/revisions\/7804"}],"wp:featuredmedia":[{"embeddable":true,"href":"https:\/\/archibat.com\/blog\/wp-json\/wp\/v2\/media\/1910"}],"wp:attachment":[{"href":"https:\/\/archibat.com\/blog\/wp-json\/wp\/v2\/media?parent=1909"}],"wp:term":[{"taxonomy":"category","embeddable":true,"href":"https:\/\/archibat.com\/blog\/wp-json\/wp\/v2\/categories?post=1909"},{"taxonomy":"post_tag","embeddable":true,"href":"https:\/\/archibat.com\/blog\/wp-json\/wp\/v2\/tags?post=1909"}],"curies":[{"name":"wp","href":"https:\/\/api.w.org\/{rel}","templated":true}]}}