{"id":19760,"date":"2023-01-13T14:00:00","date_gmt":"2023-01-13T13:00:00","guid":{"rendered":"https:\/\/archibat.com\/blog\/?p=19760"},"modified":"2023-03-24T16:15:14","modified_gmt":"2023-03-24T15:15:14","slug":"le-prix-constructive-alps-recompense-les-projets-durables","status":"publish","type":"post","link":"https:\/\/archibat.com\/blog\/le-prix-constructive-alps-recompense-les-projets-durables\/","title":{"rendered":"Le prix \u00ab Constructive Alps \u00bb r\u00e9compense les projets durables"},"content":{"rendered":"\n<p>\u00ab&nbsp;En cette p\u00e9riode de Greenwashing, nous voulons aiguiser le regard du public en diff\u00e9renciant les projets vraiment durables de ceux qui se disent simplement \u00ab&nbsp;green&nbsp;\u00bb en fa\u00e7ade, affirme Robert Mair, professeur d\u2019architecture \u00e0 l\u2019universit\u00e9 du Liechtenstein et membre du jury du prix \u00ab&nbsp;Constructive Alps&nbsp;\u00bb.<\/p>\n\n\n\n<p>Voici les quatre r\u00e9alisations qui ont remport\u00e9 le prix en 2022&nbsp;:<\/p>\n\n\n\n<p><\/p>\n\n\n\n<h3 class=\"wp-block-heading\"><strong>Premi\u00e8re place&nbsp;: L\u2019\u00e9cole Feld \u00e0 Azmoos en Suisse par&nbsp;Felgendreher Olfs K\u00f6chling Architekten<\/strong><\/h3>\n\n\n\n<figure class=\"wp-block-image size-large is-resized\"><img loading=\"lazy\" decoding=\"async\" src=\"https:\/\/archibat.com\/blog\/wp-content\/uploads\/2023\/01\/archibat-mag-photo-01-projet-constructive-Alps-1-1-720x480.jpg\" alt=\"\" class=\"wp-image-19777\" width=\"1449\" height=\"966\" srcset=\"https:\/\/archibat.com\/blog\/wp-content\/uploads\/2023\/01\/archibat-mag-photo-01-projet-constructive-Alps-1-1-720x480.jpg 720w, https:\/\/archibat.com\/blog\/wp-content\/uploads\/2023\/01\/archibat-mag-photo-01-projet-constructive-Alps-1-1-300x200.jpg 300w, https:\/\/archibat.com\/blog\/wp-content\/uploads\/2023\/01\/archibat-mag-photo-01-projet-constructive-Alps-1-1-768x512.jpg 768w, https:\/\/archibat.com\/blog\/wp-content\/uploads\/2023\/01\/archibat-mag-photo-01-projet-constructive-Alps-1-1-350x233.jpg 350w, https:\/\/archibat.com\/blog\/wp-content\/uploads\/2023\/01\/archibat-mag-photo-01-projet-constructive-Alps-1-1-700x466.jpg 700w, https:\/\/archibat.com\/blog\/wp-content\/uploads\/2023\/01\/archibat-mag-photo-01-projet-constructive-Alps-1-1.jpg 900w\" sizes=\"auto, (max-width: 1449px) 100vw, 1449px\" \/><\/figure>\n\n\n\n<p>L\u2019\u00e9cole Feld, situ\u00e9e dans le village idyllique de Azmoos, a augment\u00e9 ses effectifs de 80 \u00e0 200 \u00e9l\u00e8ves et avait donc besoin de s\u2019agrandir. Cependant, dans une zone montagneuse, l\u2019espace est rare. \u00ab&nbsp;Dans ces cas l\u00e0, les architectes sont cens\u00e9s faire de la magie, d\u00e9clare Robert Mair, et dans le cadre de ce projet, ils ont apparemment r\u00e9ussi.&nbsp;\u00bb<\/p>\n\n\n\n<figure class=\"wp-block-image size-large is-resized\"><img loading=\"lazy\" decoding=\"async\" src=\"https:\/\/archibat.com\/blog\/wp-content\/uploads\/2023\/01\/archibat-mag-photo-02-projet-constructive-Alps-1-2-360x480.jpg\" alt=\"\" class=\"wp-image-19807\" width=\"1450\" height=\"1933\" srcset=\"https:\/\/archibat.com\/blog\/wp-content\/uploads\/2023\/01\/archibat-mag-photo-02-projet-constructive-Alps-1-2-360x480.jpg 360w, https:\/\/archibat.com\/blog\/wp-content\/uploads\/2023\/01\/archibat-mag-photo-02-projet-constructive-Alps-1-2-225x300.jpg 225w, https:\/\/archibat.com\/blog\/wp-content\/uploads\/2023\/01\/archibat-mag-photo-02-projet-constructive-Alps-1-2-768x1024.jpg 768w, https:\/\/archibat.com\/blog\/wp-content\/uploads\/2023\/01\/archibat-mag-photo-02-projet-constructive-Alps-1-2.jpg 900w\" sizes=\"auto, (max-width: 1450px) 100vw, 1450px\" \/><\/figure>\n\n\n\n<p>En articulant cinq b\u00e2timents \u00e0 pignons, l\u2019\u00e9cole s\u2019int\u00e8gre parfaitement dans le paysage. Bas\u00e9s sur les b\u00e2timents de ferme originellement construits \u00e0 cet endroit, les nouveaux volumes se fondent non seulement dans leur environnement, mais permettent aussi \u00e0 la lumi\u00e8re naturelle des montagnes de baigner les classes, les couloirs et les espaces communs. \u00ab&nbsp;Il n\u2019y a aucun espace sombre, explique Mair, chaque m\u00e8tre carr\u00e9 a une luminosit\u00e9 optimale.&nbsp;\u00bb Grace \u00e0 la surface g\u00e9n\u00e9reuse du toit, l\u2019\u00e9nergie solaire est collect\u00e9e facilement. Le b\u00e2timent en produit deux fois plus que ce qui est n\u00e9cessaire \u00e0 son fonctionnement.&nbsp;<\/p>\n\n\n\n<figure class=\"wp-block-image size-large is-resized\"><img loading=\"lazy\" decoding=\"async\" src=\"https:\/\/archibat.com\/blog\/wp-content\/uploads\/2023\/01\/archibat-mag-photo-03-projet-constructive-Alps-1-2-360x480.jpg\" alt=\"\" class=\"wp-image-19810\" width=\"1450\" height=\"1933\" srcset=\"https:\/\/archibat.com\/blog\/wp-content\/uploads\/2023\/01\/archibat-mag-photo-03-projet-constructive-Alps-1-2-360x480.jpg 360w, https:\/\/archibat.com\/blog\/wp-content\/uploads\/2023\/01\/archibat-mag-photo-03-projet-constructive-Alps-1-2-225x300.jpg 225w, https:\/\/archibat.com\/blog\/wp-content\/uploads\/2023\/01\/archibat-mag-photo-03-projet-constructive-Alps-1-2-768x1024.jpg 768w, https:\/\/archibat.com\/blog\/wp-content\/uploads\/2023\/01\/archibat-mag-photo-03-projet-constructive-Alps-1-2.jpg 900w\" sizes=\"auto, (max-width: 1450px) 100vw, 1450px\" \/><\/figure>\n\n\n\n<h3 class=\"wp-block-heading\"><strong>Deuxi\u00e8me place \u2013 ex-aequo&nbsp;: Le si\u00e8ge de&nbsp;\u00d6koFEN \u00e0 Saint-Baldoph, Chamb\u00e9ry en France par atelier17c architects<\/strong><\/h3>\n\n\n\n<figure class=\"wp-block-image size-large is-resized\"><img loading=\"lazy\" decoding=\"async\" src=\"https:\/\/archibat.com\/blog\/wp-content\/uploads\/2023\/01\/article-mag-photo01-article-constructive-Alps-1-720x480.jpg\" alt=\"\" class=\"wp-image-19783\" width=\"1450\" height=\"965\" srcset=\"https:\/\/archibat.com\/blog\/wp-content\/uploads\/2023\/01\/article-mag-photo01-article-constructive-Alps-1-720x480.jpg 720w, https:\/\/archibat.com\/blog\/wp-content\/uploads\/2023\/01\/article-mag-photo01-article-constructive-Alps-1-300x200.jpg 300w, https:\/\/archibat.com\/blog\/wp-content\/uploads\/2023\/01\/article-mag-photo01-article-constructive-Alps-1-768x511.jpg 768w, https:\/\/archibat.com\/blog\/wp-content\/uploads\/2023\/01\/article-mag-photo01-article-constructive-Alps-1-350x233.jpg 350w, https:\/\/archibat.com\/blog\/wp-content\/uploads\/2023\/01\/article-mag-photo01-article-constructive-Alps-1-700x466.jpg 700w, https:\/\/archibat.com\/blog\/wp-content\/uploads\/2023\/01\/article-mag-photo01-article-constructive-Alps-1.jpg 900w\" sizes=\"auto, (max-width: 1450px) 100vw, 1450px\" \/><\/figure>\n\n\n\n<p>Construit \u00e0 la fronti\u00e8re d\u2019un ancien site industriel et d\u2019un marais, la toiture de l\u2019\u00e9difice se d\u00e9coupe comme les montages en arri\u00e8re plan. Les architectes se sont servis uniquement de bois local. Andi G\u00f6tz, membre du jury et consultant environnemental pour la protection des Alpes rappelle&nbsp;: \u00ab&nbsp;Si on souhaite un projet vraiment durable, il est fort probable que le bois de la r\u00e9gion soit l\u2019un des principaux mat\u00e9riau utilis\u00e9.&nbsp;\u00bb&nbsp;<\/p>\n\n\n\n<figure class=\"wp-block-image size-large is-resized\"><img loading=\"lazy\" decoding=\"async\" src=\"https:\/\/archibat.com\/blog\/wp-content\/uploads\/2023\/01\/article-mag-photo02-article-constructive-Alps-1-720x480.jpg\" alt=\"\" class=\"wp-image-19785\" width=\"1450\" height=\"967\" srcset=\"https:\/\/archibat.com\/blog\/wp-content\/uploads\/2023\/01\/article-mag-photo02-article-constructive-Alps-1-720x480.jpg 720w, https:\/\/archibat.com\/blog\/wp-content\/uploads\/2023\/01\/article-mag-photo02-article-constructive-Alps-1-300x200.jpg 300w, https:\/\/archibat.com\/blog\/wp-content\/uploads\/2023\/01\/article-mag-photo02-article-constructive-Alps-1-768x512.jpg 768w, https:\/\/archibat.com\/blog\/wp-content\/uploads\/2023\/01\/article-mag-photo02-article-constructive-Alps-1-350x233.jpg 350w, https:\/\/archibat.com\/blog\/wp-content\/uploads\/2023\/01\/article-mag-photo02-article-constructive-Alps-1-700x466.jpg 700w, https:\/\/archibat.com\/blog\/wp-content\/uploads\/2023\/01\/article-mag-photo02-article-constructive-Alps-1.jpg 900w\" sizes=\"auto, (max-width: 1450px) 100vw, 1450px\" \/><\/figure>\n\n\n\n<p>\u00d6koFEN \u00e9tant une entreprise qui fabrique des syst\u00e8mes de chauffage au bois, leur projet a une double signification, en montrant l\u2019utilit\u00e9 du bois comme mat\u00e9riau de construction mais aussi comme source d\u2019\u00e9nergie et de chaleur. Cependant, le bois n\u2019est pas le seul \u00e9l\u00e9ment durable de cette construction. En effet, de larges baies vitr\u00e9es font entrer lumi\u00e8re et chaleur et offrent une vue d\u00e9gag\u00e9e sur le paysage. On trouve \u00e9galement des ouvertures habilement plac\u00e9es dans les cloisons permettant de diffuser la lumi\u00e8re sur tout l\u2019\u00e9tage.&nbsp;<\/p>\n\n\n\n<figure class=\"wp-block-image size-large is-resized\"><img loading=\"lazy\" decoding=\"async\" src=\"https:\/\/archibat.com\/blog\/wp-content\/uploads\/2023\/01\/article-mag-photo03-article-constructive-Alps-1-600x480.jpg\" alt=\"\" class=\"wp-image-19787\" width=\"1450\" height=\"1160\" srcset=\"https:\/\/archibat.com\/blog\/wp-content\/uploads\/2023\/01\/article-mag-photo03-article-constructive-Alps-1-600x480.jpg 600w, https:\/\/archibat.com\/blog\/wp-content\/uploads\/2023\/01\/article-mag-photo03-article-constructive-Alps-1-300x240.jpg 300w, https:\/\/archibat.com\/blog\/wp-content\/uploads\/2023\/01\/article-mag-photo03-article-constructive-Alps-1-768x614.jpg 768w, https:\/\/archibat.com\/blog\/wp-content\/uploads\/2023\/01\/article-mag-photo03-article-constructive-Alps-1.jpg 900w\" sizes=\"auto, (max-width: 1450px) 100vw, 1450px\" \/><\/figure>\n\n\n\n<p>L\u2019\u00e9nergie photovolta\u00efque est coupl\u00e9e \u00e0 une chaudi\u00e8re \u00e0 granul\u00e9s afin d\u2019apporter de la chaleur en hiver. L\u2019\u00e9difice limite \u00e9galement la surchauffe en \u00e9t\u00e9 avec son syst\u00e8me automatis\u00e9 de ventilation naturelle.&nbsp;<\/p>\n\n\n\n<h3 class=\"wp-block-heading\"><strong>Deuxi\u00e8me place \u2013 ex-aequo&nbsp;: Les appartements Ghiringhelli \u00e0 Bellinzona en Suisse par Oxid Architektur<\/strong><\/h3>\n\n\n\n<figure class=\"wp-block-image size-large\"><img loading=\"lazy\" decoding=\"async\" width=\"720\" height=\"478\" src=\"https:\/\/archibat.com\/blog\/wp-content\/uploads\/2023\/01\/article-mag-appartements-Ghiringhelli-a-Bellinzona-en-Suisse01-720x478.jpg\" alt=\"\" class=\"wp-image-19789\" srcset=\"https:\/\/archibat.com\/blog\/wp-content\/uploads\/2023\/01\/article-mag-appartements-Ghiringhelli-a-Bellinzona-en-Suisse01-720x478.jpg 720w, https:\/\/archibat.com\/blog\/wp-content\/uploads\/2023\/01\/article-mag-appartements-Ghiringhelli-a-Bellinzona-en-Suisse01-300x199.jpg 300w, https:\/\/archibat.com\/blog\/wp-content\/uploads\/2023\/01\/article-mag-appartements-Ghiringhelli-a-Bellinzona-en-Suisse01-768x510.jpg 768w, https:\/\/archibat.com\/blog\/wp-content\/uploads\/2023\/01\/article-mag-appartements-Ghiringhelli-a-Bellinzona-en-Suisse01-350x233.jpg 350w, https:\/\/archibat.com\/blog\/wp-content\/uploads\/2023\/01\/article-mag-appartements-Ghiringhelli-a-Bellinzona-en-Suisse01-700x466.jpg 700w, https:\/\/archibat.com\/blog\/wp-content\/uploads\/2023\/01\/article-mag-appartements-Ghiringhelli-a-Bellinzona-en-Suisse01.jpg 900w\" sizes=\"auto, (max-width: 720px) 100vw, 720px\" \/><\/figure>\n\n\n\n<p>Pour ce projet, la durabilit\u00e9 se d\u00e9cline dans tous les aspects, \u00e0 la fois environnementale, mat\u00e9rielle et sociale. Ces appartements remportent non seulement le deuxi\u00e8me prix, mais aussi la palme du logement de grande qualit\u00e9 \u00e0 prix mod\u00e9r\u00e9, tout en gardant un esprit de village.&nbsp;&nbsp;<\/p>\n\n\n\n<figure class=\"wp-block-image size-large is-resized\"><img loading=\"lazy\" decoding=\"async\" src=\"https:\/\/archibat.com\/blog\/wp-content\/uploads\/2023\/01\/article-mag-appartements-Ghiringhelli-a-Bellinzona-en-Suisse02-640x480.jpg\" alt=\"\" class=\"wp-image-19791\" width=\"1449\" height=\"1088\" srcset=\"https:\/\/archibat.com\/blog\/wp-content\/uploads\/2023\/01\/article-mag-appartements-Ghiringhelli-a-Bellinzona-en-Suisse02-640x480.jpg 640w, https:\/\/archibat.com\/blog\/wp-content\/uploads\/2023\/01\/article-mag-appartements-Ghiringhelli-a-Bellinzona-en-Suisse02-300x225.jpg 300w, https:\/\/archibat.com\/blog\/wp-content\/uploads\/2023\/01\/article-mag-appartements-Ghiringhelli-a-Bellinzona-en-Suisse02-768x576.jpg 768w, https:\/\/archibat.com\/blog\/wp-content\/uploads\/2023\/01\/article-mag-appartements-Ghiringhelli-a-Bellinzona-en-Suisse02.jpg 900w\" sizes=\"auto, (max-width: 1449px) 100vw, 1449px\" \/><\/figure>\n\n\n\n<p>Selon le jury, \u00ab&nbsp;les infrastructures telles que l\u2019appentis en bois pour garer les v\u00e9los, les espaces collectifs, l\u2019aire de jeu pour enfants et le jardin communautaire offrent une vie de quartier tr\u00e8s appr\u00e9ciable&nbsp;\u00bb. Donnant sur la cour, les balcons sont communs, sans cloisonnements, cr\u00e9ant ainsi un espace de vie partag\u00e9, tr\u00e8s riche pour les interactions sociales.&nbsp;<\/p>\n\n\n\n<figure class=\"wp-block-image size-large is-resized\"><img loading=\"lazy\" decoding=\"async\" src=\"https:\/\/archibat.com\/blog\/wp-content\/uploads\/2023\/01\/article-mag-appartements-Ghiringhelli-a-Bellinzona-en-Suisse03-640x480.jpg\" alt=\"\" class=\"wp-image-19793\" width=\"1449\" height=\"1088\" srcset=\"https:\/\/archibat.com\/blog\/wp-content\/uploads\/2023\/01\/article-mag-appartements-Ghiringhelli-a-Bellinzona-en-Suisse03-640x480.jpg 640w, https:\/\/archibat.com\/blog\/wp-content\/uploads\/2023\/01\/article-mag-appartements-Ghiringhelli-a-Bellinzona-en-Suisse03-300x225.jpg 300w, https:\/\/archibat.com\/blog\/wp-content\/uploads\/2023\/01\/article-mag-appartements-Ghiringhelli-a-Bellinzona-en-Suisse03-768x576.jpg 768w, https:\/\/archibat.com\/blog\/wp-content\/uploads\/2023\/01\/article-mag-appartements-Ghiringhelli-a-Bellinzona-en-Suisse03.jpg 900w\" sizes=\"auto, (max-width: 1449px) 100vw, 1449px\" \/><\/figure>\n\n\n\n<h3 class=\"wp-block-heading\"><strong>Troisi\u00e8me place&nbsp;: Falkenh\u00fctte Inn \u00e0 Hinterriss en Autriche par Rainer Schmid Architects<\/strong><\/h3>\n\n\n\n<figure class=\"wp-block-image size-large is-resized\"><img loading=\"lazy\" decoding=\"async\" src=\"https:\/\/archibat.com\/blog\/wp-content\/uploads\/2023\/01\/archibat-mag-Falkenhutte-Inn-a-Hinterriss-en-Autriche01-720x480.jpg\" alt=\"\" class=\"wp-image-19795\" width=\"1450\" height=\"965\" srcset=\"https:\/\/archibat.com\/blog\/wp-content\/uploads\/2023\/01\/archibat-mag-Falkenhutte-Inn-a-Hinterriss-en-Autriche01-720x480.jpg 720w, https:\/\/archibat.com\/blog\/wp-content\/uploads\/2023\/01\/archibat-mag-Falkenhutte-Inn-a-Hinterriss-en-Autriche01-300x200.jpg 300w, https:\/\/archibat.com\/blog\/wp-content\/uploads\/2023\/01\/archibat-mag-Falkenhutte-Inn-a-Hinterriss-en-Autriche01-768x511.jpg 768w, https:\/\/archibat.com\/blog\/wp-content\/uploads\/2023\/01\/archibat-mag-Falkenhutte-Inn-a-Hinterriss-en-Autriche01-350x233.jpg 350w, https:\/\/archibat.com\/blog\/wp-content\/uploads\/2023\/01\/archibat-mag-Falkenhutte-Inn-a-Hinterriss-en-Autriche01-700x466.jpg 700w, https:\/\/archibat.com\/blog\/wp-content\/uploads\/2023\/01\/archibat-mag-Falkenhutte-Inn-a-Hinterriss-en-Autriche01.jpg 900w\" sizes=\"auto, (max-width: 1450px) 100vw, 1450px\" \/><\/figure>\n\n\n\n<p>L\u2019h\u00f4tel Falkenh\u00fctte a \u00e9t\u00e9 d\u00e9velopp\u00e9 sur le site d\u2019un ancien refuge de montagne, utilis\u00e9 par les randonneurs depuis pr\u00e8s de 100 ans, dans le massif Karwendel. Les architectes ont utilis\u00e9 de la pierre et du bois et ont travaill\u00e9 en suivant des techniques de constructions rurales, afin de rappeler l\u2019architecture originelle du refuge qui s\u2019int\u00e9grait parfaitement au paysage environnant. Le design int\u00e9rieur, dans le pur style \u00ab&nbsp;Alpin&nbsp;\u00bb, comporte majoritairement du bois brut, cr\u00e9ant une atmosph\u00e8re authentique et reposante pour les marcheurs qui y font halte.&nbsp;<\/p>\n\n\n\n<figure class=\"wp-block-image size-large is-resized\"><img loading=\"lazy\" decoding=\"async\" src=\"https:\/\/archibat.com\/blog\/wp-content\/uploads\/2023\/01\/archibat-mag-Falkenhutte-Inn-a-Hinterriss-en-Autriche02-720x480.jpg\" alt=\"\" class=\"wp-image-19797\" width=\"1449\" height=\"966\" srcset=\"https:\/\/archibat.com\/blog\/wp-content\/uploads\/2023\/01\/archibat-mag-Falkenhutte-Inn-a-Hinterriss-en-Autriche02-720x480.jpg 720w, https:\/\/archibat.com\/blog\/wp-content\/uploads\/2023\/01\/archibat-mag-Falkenhutte-Inn-a-Hinterriss-en-Autriche02-300x200.jpg 300w, https:\/\/archibat.com\/blog\/wp-content\/uploads\/2023\/01\/archibat-mag-Falkenhutte-Inn-a-Hinterriss-en-Autriche02-768x512.jpg 768w, https:\/\/archibat.com\/blog\/wp-content\/uploads\/2023\/01\/archibat-mag-Falkenhutte-Inn-a-Hinterriss-en-Autriche02-350x233.jpg 350w, https:\/\/archibat.com\/blog\/wp-content\/uploads\/2023\/01\/archibat-mag-Falkenhutte-Inn-a-Hinterriss-en-Autriche02-700x466.jpg 700w, https:\/\/archibat.com\/blog\/wp-content\/uploads\/2023\/01\/archibat-mag-Falkenhutte-Inn-a-Hinterriss-en-Autriche02.jpg 900w\" sizes=\"auto, (max-width: 1449px) 100vw, 1449px\" \/><\/figure>\n\n\n\n<p><strong>Cr\u00e9dits photos :<\/strong> Georg Aerni \/ Philip Heckhausen \/ Charly Broyez \/ Ren\u00e9 D\u00fcrr \/ Rainer Schmid \/ <\/p>\n\n\n\n<div style=\"height:20px\" aria-hidden=\"true\" class=\"wp-block-spacer\"><\/div>\n\n\n\n<p><strong>Vous recherchez un emploi en Architecture ? <\/strong><a rel=\"noreferrer noopener\" href=\"https:\/\/archibat.com\/fr\/offres-demploi\" target=\"_blank\"><strong>Consultez nos offres d\u2019emploi<\/strong>.<\/a><\/p>\n","protected":false},"excerpt":{"rendered":"<p>\u00ab&nbsp;En cette p\u00e9riode de Greenwashing, nous voulons aiguiser le regard du public en diff\u00e9renciant les projets vraiment durables de ceux qui se disent simplement \u00ab&nbsp;green&nbsp;\u00bb\u2026<\/p>\n","protected":false},"author":2,"featured_media":19761,"comment_status":"closed","ping_status":"closed","sticky":false,"template":"","format":"standard","meta":{"_acf_changed":false,"footnotes":""},"categories":[3],"tags":[3444,3445,1240,3452,3442,3446,1299,3448,3439,2547,3450,3451,1252,1303,3441,2896,3447,3453,1760,3440,3443,1713],"class_list":["post-19760","post","type-post","status-publish","format-standard","has-post-thumbnail","hentry","category-architecture-et-design","tag-appartements","tag-appartements-ghiringhelli","tag-architecture-2","tag-atelier17c-architects","tag-autriche","tag-bellinzona","tag-bois","tag-chambery","tag-constructive-alps","tag-ecole-2","tag-ecole-feld-2","tag-felgendreher-olfs-kochling-architekten","tag-france","tag-hotel","tag-hotel-falkenhutte","tag-materiaux-durables","tag-okofen","tag-oxid-architektur","tag-prix","tag-projets-durables","tag-rainer-schmid-architects","tag-suisse"],"acf":[],"yoast_head":"<!-- This site is optimized with the Yoast SEO plugin v24.8.1 - https:\/\/yoast.com\/wordpress\/plugins\/seo\/ -->\n<title>Le prix \u00ab Constructive Alps \u00bb r\u00e9compense les projets durables &#8211; ArchiBat Mag<\/title>\n<meta name=\"robots\" content=\"index, follow, max-snippet:-1, max-image-preview:large, max-video-preview:-1\" \/>\n<link rel=\"canonical\" href=\"https:\/\/archibat.com\/blog\/le-prix-constructive-alps-recompense-les-projets-durables\/\" \/>\n<meta property=\"og:locale\" content=\"fr_FR\" \/>\n<meta property=\"og:type\" content=\"article\" \/>\n<meta property=\"og:title\" content=\"Le prix \u00ab Constructive Alps \u00bb r\u00e9compense les projets durables &#8211; ArchiBat Mag\" \/>\n<meta property=\"og:description\" content=\"\u00ab&nbsp;En cette p\u00e9riode de Greenwashing, nous voulons aiguiser le regard du public en diff\u00e9renciant les projets vraiment durables de ceux qui se disent simplement \u00ab&nbsp;green&nbsp;\u00bb\u2026\" \/>\n<meta property=\"og:url\" content=\"https:\/\/archibat.com\/blog\/le-prix-constructive-alps-recompense-les-projets-durables\/\" \/>\n<meta property=\"og:site_name\" content=\"ArchiBat Mag\" \/>\n<meta property=\"article:published_time\" content=\"2023-01-13T13:00:00+00:00\" \/>\n<meta property=\"article:modified_time\" content=\"2023-03-24T15:15:14+00:00\" \/>\n<meta property=\"og:image\" content=\"https:\/\/archibat.com\/blog\/wp-content\/uploads\/2023\/01\/archibat-mag-le-prix-constructive-alps.jpg\" \/>\n\t<meta property=\"og:image:width\" content=\"900\" \/>\n\t<meta property=\"og:image:height\" content=\"599\" \/>\n\t<meta property=\"og:image:type\" content=\"image\/jpeg\" \/>\n<meta name=\"author\" content=\"communication\" \/>\n<meta name=\"twitter:card\" content=\"summary_large_image\" \/>\n<meta name=\"twitter:label1\" content=\"\u00c9crit par\" \/>\n\t<meta name=\"twitter:data1\" content=\"communication\" \/>\n\t<meta name=\"twitter:label2\" content=\"Dur\u00e9e de lecture estim\u00e9e\" \/>\n\t<meta name=\"twitter:data2\" content=\"4 minutes\" \/>\n<script type=\"application\/ld+json\" class=\"yoast-schema-graph\">{\"@context\":\"https:\/\/schema.org\",\"@graph\":[{\"@type\":\"WebPage\",\"@id\":\"https:\/\/archibat.com\/blog\/le-prix-constructive-alps-recompense-les-projets-durables\/\",\"url\":\"https:\/\/archibat.com\/blog\/le-prix-constructive-alps-recompense-les-projets-durables\/\",\"name\":\"Le prix \u00ab Constructive Alps \u00bb r\u00e9compense les projets durables &#8211; ArchiBat Mag\",\"isPartOf\":{\"@id\":\"https:\/\/archibat.com\/blog\/#website\"},\"primaryImageOfPage\":{\"@id\":\"https:\/\/archibat.com\/blog\/le-prix-constructive-alps-recompense-les-projets-durables\/#primaryimage\"},\"image\":{\"@id\":\"https:\/\/archibat.com\/blog\/le-prix-constructive-alps-recompense-les-projets-durables\/#primaryimage\"},\"thumbnailUrl\":\"https:\/\/archibat.com\/blog\/wp-content\/uploads\/2023\/01\/archibat-mag-le-prix-constructive-alps.jpg\",\"datePublished\":\"2023-01-13T13:00:00+00:00\",\"dateModified\":\"2023-03-24T15:15:14+00:00\",\"author\":{\"@id\":\"https:\/\/archibat.com\/blog\/#\/schema\/person\/c246f0d63b5e719c2cbe4f9bd494bf12\"},\"breadcrumb\":{\"@id\":\"https:\/\/archibat.com\/blog\/le-prix-constructive-alps-recompense-les-projets-durables\/#breadcrumb\"},\"inLanguage\":\"fr-FR\",\"potentialAction\":[{\"@type\":\"ReadAction\",\"target\":[\"https:\/\/archibat.com\/blog\/le-prix-constructive-alps-recompense-les-projets-durables\/\"]}]},{\"@type\":\"ImageObject\",\"inLanguage\":\"fr-FR\",\"@id\":\"https:\/\/archibat.com\/blog\/le-prix-constructive-alps-recompense-les-projets-durables\/#primaryimage\",\"url\":\"https:\/\/archibat.com\/blog\/wp-content\/uploads\/2023\/01\/archibat-mag-le-prix-constructive-alps.jpg\",\"contentUrl\":\"https:\/\/archibat.com\/blog\/wp-content\/uploads\/2023\/01\/archibat-mag-le-prix-constructive-alps.jpg\",\"width\":900,\"height\":599,\"caption\":\"archibat-mag-le-prix-constructive-alps\"},{\"@type\":\"BreadcrumbList\",\"@id\":\"https:\/\/archibat.com\/blog\/le-prix-constructive-alps-recompense-les-projets-durables\/#breadcrumb\",\"itemListElement\":[{\"@type\":\"ListItem\",\"position\":1,\"name\":\"Home\",\"item\":\"https:\/\/archibat.com\/blog\/\"},{\"@type\":\"ListItem\",\"position\":2,\"name\":\"Le prix \u00ab Constructive Alps \u00bb r\u00e9compense les projets durables\"}]},{\"@type\":\"WebSite\",\"@id\":\"https:\/\/archibat.com\/blog\/#website\",\"url\":\"https:\/\/archibat.com\/blog\/\",\"name\":\"ArchiBat Mag\",\"description\":\"Vous souhaitez connaitre les derni\u00e8res actualit\u00e9s sur l\u2019Architecture, le Design ou les Ressources Humaines ? D\u00e9couvrez ArchiBat Mag, le magazine d\u00e9di\u00e9 aux m\u00e9tiers de l&#039;Architecture et de l&#039;Ing\u00e9nierie.\",\"potentialAction\":[{\"@type\":\"SearchAction\",\"target\":{\"@type\":\"EntryPoint\",\"urlTemplate\":\"https:\/\/archibat.com\/blog\/?s={search_term_string}\"},\"query-input\":{\"@type\":\"PropertyValueSpecification\",\"valueRequired\":true,\"valueName\":\"search_term_string\"}}],\"inLanguage\":\"fr-FR\"},{\"@type\":\"Person\",\"@id\":\"https:\/\/archibat.com\/blog\/#\/schema\/person\/c246f0d63b5e719c2cbe4f9bd494bf12\",\"name\":\"communication\"}]}<\/script>\n<!-- \/ Yoast SEO plugin. -->","yoast_head_json":{"title":"Le prix \u00ab Constructive Alps \u00bb r\u00e9compense les projets durables &#8211; ArchiBat Mag","robots":{"index":"index","follow":"follow","max-snippet":"max-snippet:-1","max-image-preview":"max-image-preview:large","max-video-preview":"max-video-preview:-1"},"canonical":"https:\/\/archibat.com\/blog\/le-prix-constructive-alps-recompense-les-projets-durables\/","og_locale":"fr_FR","og_type":"article","og_title":"Le prix \u00ab Constructive Alps \u00bb r\u00e9compense les projets durables &#8211; ArchiBat Mag","og_description":"\u00ab&nbsp;En cette p\u00e9riode de Greenwashing, nous voulons aiguiser le regard du public en diff\u00e9renciant les projets vraiment durables de ceux qui se disent simplement \u00ab&nbsp;green&nbsp;\u00bb\u2026","og_url":"https:\/\/archibat.com\/blog\/le-prix-constructive-alps-recompense-les-projets-durables\/","og_site_name":"ArchiBat Mag","article_published_time":"2023-01-13T13:00:00+00:00","article_modified_time":"2023-03-24T15:15:14+00:00","og_image":[{"width":900,"height":599,"url":"https:\/\/archibat.com\/blog\/wp-content\/uploads\/2023\/01\/archibat-mag-le-prix-constructive-alps.jpg","type":"image\/jpeg"}],"author":"communication","twitter_card":"summary_large_image","twitter_misc":{"\u00c9crit par":"communication","Dur\u00e9e de lecture estim\u00e9e":"4 minutes"},"schema":{"@context":"https:\/\/schema.org","@graph":[{"@type":"WebPage","@id":"https:\/\/archibat.com\/blog\/le-prix-constructive-alps-recompense-les-projets-durables\/","url":"https:\/\/archibat.com\/blog\/le-prix-constructive-alps-recompense-les-projets-durables\/","name":"Le prix \u00ab Constructive Alps \u00bb r\u00e9compense les projets durables &#8211; ArchiBat Mag","isPartOf":{"@id":"https:\/\/archibat.com\/blog\/#website"},"primaryImageOfPage":{"@id":"https:\/\/archibat.com\/blog\/le-prix-constructive-alps-recompense-les-projets-durables\/#primaryimage"},"image":{"@id":"https:\/\/archibat.com\/blog\/le-prix-constructive-alps-recompense-les-projets-durables\/#primaryimage"},"thumbnailUrl":"https:\/\/archibat.com\/blog\/wp-content\/uploads\/2023\/01\/archibat-mag-le-prix-constructive-alps.jpg","datePublished":"2023-01-13T13:00:00+00:00","dateModified":"2023-03-24T15:15:14+00:00","author":{"@id":"https:\/\/archibat.com\/blog\/#\/schema\/person\/c246f0d63b5e719c2cbe4f9bd494bf12"},"breadcrumb":{"@id":"https:\/\/archibat.com\/blog\/le-prix-constructive-alps-recompense-les-projets-durables\/#breadcrumb"},"inLanguage":"fr-FR","potentialAction":[{"@type":"ReadAction","target":["https:\/\/archibat.com\/blog\/le-prix-constructive-alps-recompense-les-projets-durables\/"]}]},{"@type":"ImageObject","inLanguage":"fr-FR","@id":"https:\/\/archibat.com\/blog\/le-prix-constructive-alps-recompense-les-projets-durables\/#primaryimage","url":"https:\/\/archibat.com\/blog\/wp-content\/uploads\/2023\/01\/archibat-mag-le-prix-constructive-alps.jpg","contentUrl":"https:\/\/archibat.com\/blog\/wp-content\/uploads\/2023\/01\/archibat-mag-le-prix-constructive-alps.jpg","width":900,"height":599,"caption":"archibat-mag-le-prix-constructive-alps"},{"@type":"BreadcrumbList","@id":"https:\/\/archibat.com\/blog\/le-prix-constructive-alps-recompense-les-projets-durables\/#breadcrumb","itemListElement":[{"@type":"ListItem","position":1,"name":"Home","item":"https:\/\/archibat.com\/blog\/"},{"@type":"ListItem","position":2,"name":"Le prix \u00ab Constructive Alps \u00bb r\u00e9compense les projets durables"}]},{"@type":"WebSite","@id":"https:\/\/archibat.com\/blog\/#website","url":"https:\/\/archibat.com\/blog\/","name":"ArchiBat Mag","description":"Vous souhaitez connaitre les derni\u00e8res actualit\u00e9s sur l\u2019Architecture, le Design ou les Ressources Humaines ? D\u00e9couvrez ArchiBat Mag, le magazine d\u00e9di\u00e9 aux m\u00e9tiers de l&#039;Architecture et de l&#039;Ing\u00e9nierie.","potentialAction":[{"@type":"SearchAction","target":{"@type":"EntryPoint","urlTemplate":"https:\/\/archibat.com\/blog\/?s={search_term_string}"},"query-input":{"@type":"PropertyValueSpecification","valueRequired":true,"valueName":"search_term_string"}}],"inLanguage":"fr-FR"},{"@type":"Person","@id":"https:\/\/archibat.com\/blog\/#\/schema\/person\/c246f0d63b5e719c2cbe4f9bd494bf12","name":"communication"}]}},"_links":{"self":[{"href":"https:\/\/archibat.com\/blog\/wp-json\/wp\/v2\/posts\/19760","targetHints":{"allow":["GET"]}}],"collection":[{"href":"https:\/\/archibat.com\/blog\/wp-json\/wp\/v2\/posts"}],"about":[{"href":"https:\/\/archibat.com\/blog\/wp-json\/wp\/v2\/types\/post"}],"author":[{"embeddable":true,"href":"https:\/\/archibat.com\/blog\/wp-json\/wp\/v2\/users\/2"}],"replies":[{"embeddable":true,"href":"https:\/\/archibat.com\/blog\/wp-json\/wp\/v2\/comments?post=19760"}],"version-history":[{"count":3,"href":"https:\/\/archibat.com\/blog\/wp-json\/wp\/v2\/posts\/19760\/revisions"}],"predecessor-version":[{"id":20535,"href":"https:\/\/archibat.com\/blog\/wp-json\/wp\/v2\/posts\/19760\/revisions\/20535"}],"wp:featuredmedia":[{"embeddable":true,"href":"https:\/\/archibat.com\/blog\/wp-json\/wp\/v2\/media\/19761"}],"wp:attachment":[{"href":"https:\/\/archibat.com\/blog\/wp-json\/wp\/v2\/media?parent=19760"}],"wp:term":[{"taxonomy":"category","embeddable":true,"href":"https:\/\/archibat.com\/blog\/wp-json\/wp\/v2\/categories?post=19760"},{"taxonomy":"post_tag","embeddable":true,"href":"https:\/\/archibat.com\/blog\/wp-json\/wp\/v2\/tags?post=19760"}],"curies":[{"name":"wp","href":"https:\/\/api.w.org\/{rel}","templated":true}]}}