{"id":20147,"date":"2023-02-10T14:00:00","date_gmt":"2023-02-10T13:00:00","guid":{"rendered":"https:\/\/archibat.com\/blog\/?p=20147"},"modified":"2023-03-24T16:10:19","modified_gmt":"2023-03-24T15:10:19","slug":"sublimer-le-bati-historique-par-leclairage","status":"publish","type":"post","link":"https:\/\/archibat.com\/blog\/sublimer-le-bati-historique-par-leclairage\/","title":{"rendered":"Sublimer le b\u00e2ti historique par l\u2019\u00e9clairage"},"content":{"rendered":"\n<p>Lorsque nous p\u00e9n\u00e9trons dans des b\u00e2timents \u00e0 l\u2019architecture s\u00e9culaire, l\u2019\u00e9motion est toujours palpable. La conception d\u2019\u00e9clairage, contemporaine et innovante, peut sublimer les constructions anciennes sous les projecteurs du monde moderne, en conservant leur riche histoire tout en ajoutant une pertinence contemporaine \u00e0 leur pr\u00e9sence dans le monde d\u2019aujourd\u2019hui.<\/p>\n\n\n\n<p>Voici quatre int\u00e9rieurs historiques o\u00f9 le design lumineux permet de mettre en valeur leur pass\u00e9 tout en les ancrant dans la vie moderne.&nbsp;<\/p>\n\n\n\n<div style=\"height:20px\" aria-hidden=\"true\" class=\"wp-block-spacer\"><\/div>\n\n\n\n<h3 class=\"wp-block-heading\"><strong>Trans Sensorial Gateway \u00e0 Milan, Italie, par le collectif d\u2019architecture noa*&nbsp;<\/strong><\/h3>\n\n\n\n<p>Pour sublimer une porte du 17\u00e8me si\u00e8cle \u00e0 Milan, le collectif d\u2019architecture noa* a travaill\u00e9 en collaboration avec le studio ewo, expert en design lumineux. Il s\u2019agit ici de toucher chaque individu de fa\u00e7on personnelle en influant sur la relation entre lui-m\u00eame et l\u2019espace. Ce travail trans-sensoriel pr\u00e9sente une chor\u00e9graphie de son et de lumi\u00e8re unique, activ\u00e9e par des d\u00e9tecteurs de mouvements et adapt\u00e9e \u00e0 l\u2019ambiance du lieu, ce qui permet l\u2019implication \u00e9motionnelle du visiteur. En combinant l\u2019architecture historique \u00e0 la technologie lumineuse et sonore, l\u2019espace est transform\u00e9 afin d\u2019obtenir une exp\u00e9rience \u00e0 la fois captivante, interactive et originale.&nbsp;<\/p>\n\n\n\n<figure class=\"wp-block-image size-large is-resized\"><img loading=\"lazy\" decoding=\"async\" src=\"https:\/\/archibat.com\/blog\/wp-content\/uploads\/2023\/02\/archibat-mag-02-Trans-Sensorial-Gateway-a-Milan-Italie-noa-720x480.jpg\" alt=\"\" class=\"wp-image-20150\" width=\"1449\" height=\"966\" srcset=\"https:\/\/archibat.com\/blog\/wp-content\/uploads\/2023\/02\/archibat-mag-02-Trans-Sensorial-Gateway-a-Milan-Italie-noa-720x480.jpg 720w, https:\/\/archibat.com\/blog\/wp-content\/uploads\/2023\/02\/archibat-mag-02-Trans-Sensorial-Gateway-a-Milan-Italie-noa-300x200.jpg 300w, https:\/\/archibat.com\/blog\/wp-content\/uploads\/2023\/02\/archibat-mag-02-Trans-Sensorial-Gateway-a-Milan-Italie-noa-768x512.jpg 768w, https:\/\/archibat.com\/blog\/wp-content\/uploads\/2023\/02\/archibat-mag-02-Trans-Sensorial-Gateway-a-Milan-Italie-noa-350x233.jpg 350w, https:\/\/archibat.com\/blog\/wp-content\/uploads\/2023\/02\/archibat-mag-02-Trans-Sensorial-Gateway-a-Milan-Italie-noa-700x466.jpg 700w, https:\/\/archibat.com\/blog\/wp-content\/uploads\/2023\/02\/archibat-mag-02-Trans-Sensorial-Gateway-a-Milan-Italie-noa.jpg 900w\" sizes=\"auto, (max-width: 1449px) 100vw, 1449px\" \/><\/figure>\n\n\n\n<figure class=\"wp-block-image size-large is-resized\"><img loading=\"lazy\" decoding=\"async\" src=\"https:\/\/archibat.com\/blog\/wp-content\/uploads\/2023\/02\/archibat-mag-04-Trans-Sensorial-Gateway-a-Milan-Italie-noa-720x480.jpg\" alt=\"\" class=\"wp-image-20154\" width=\"1449\" height=\"966\" srcset=\"https:\/\/archibat.com\/blog\/wp-content\/uploads\/2023\/02\/archibat-mag-04-Trans-Sensorial-Gateway-a-Milan-Italie-noa-720x480.jpg 720w, https:\/\/archibat.com\/blog\/wp-content\/uploads\/2023\/02\/archibat-mag-04-Trans-Sensorial-Gateway-a-Milan-Italie-noa-300x200.jpg 300w, https:\/\/archibat.com\/blog\/wp-content\/uploads\/2023\/02\/archibat-mag-04-Trans-Sensorial-Gateway-a-Milan-Italie-noa-768x512.jpg 768w, https:\/\/archibat.com\/blog\/wp-content\/uploads\/2023\/02\/archibat-mag-04-Trans-Sensorial-Gateway-a-Milan-Italie-noa-350x233.jpg 350w, https:\/\/archibat.com\/blog\/wp-content\/uploads\/2023\/02\/archibat-mag-04-Trans-Sensorial-Gateway-a-Milan-Italie-noa-700x466.jpg 700w, https:\/\/archibat.com\/blog\/wp-content\/uploads\/2023\/02\/archibat-mag-04-Trans-Sensorial-Gateway-a-Milan-Italie-noa.jpg 900w\" sizes=\"auto, (max-width: 1449px) 100vw, 1449px\" \/><\/figure>\n\n\n\n<figure class=\"wp-block-image size-large is-resized\"><img loading=\"lazy\" decoding=\"async\" src=\"https:\/\/archibat.com\/blog\/wp-content\/uploads\/2023\/02\/archibat-mag-03-Trans-Sensorial-Gateway-a-Milan-Italie-noa-720x480.jpg\" alt=\"\" class=\"wp-image-20152\" width=\"1449\" height=\"966\" srcset=\"https:\/\/archibat.com\/blog\/wp-content\/uploads\/2023\/02\/archibat-mag-03-Trans-Sensorial-Gateway-a-Milan-Italie-noa-720x480.jpg 720w, https:\/\/archibat.com\/blog\/wp-content\/uploads\/2023\/02\/archibat-mag-03-Trans-Sensorial-Gateway-a-Milan-Italie-noa-300x200.jpg 300w, https:\/\/archibat.com\/blog\/wp-content\/uploads\/2023\/02\/archibat-mag-03-Trans-Sensorial-Gateway-a-Milan-Italie-noa-768x512.jpg 768w, https:\/\/archibat.com\/blog\/wp-content\/uploads\/2023\/02\/archibat-mag-03-Trans-Sensorial-Gateway-a-Milan-Italie-noa-350x233.jpg 350w, https:\/\/archibat.com\/blog\/wp-content\/uploads\/2023\/02\/archibat-mag-03-Trans-Sensorial-Gateway-a-Milan-Italie-noa-700x466.jpg 700w, https:\/\/archibat.com\/blog\/wp-content\/uploads\/2023\/02\/archibat-mag-03-Trans-Sensorial-Gateway-a-Milan-Italie-noa.jpg 900w\" sizes=\"auto, (max-width: 1449px) 100vw, 1449px\" \/><\/figure>\n\n\n\n<div style=\"height:20px\" aria-hidden=\"true\" class=\"wp-block-spacer\"><\/div>\n\n\n\n<h3 class=\"wp-block-heading\"><strong>La nouvelle entr\u00e9e du Domus Aurea \u00e0 Rome, Italie, par Stefano Boeri Architectti<\/strong><\/h3>\n\n\n\n<p>La Domus Aurea, ou \u201cmaison dor\u00e9e\u201d, construite pour l\u2019empereur N\u00e9ron il y a environ 2000 ans, a \u00e9t\u00e9 source d\u2019inspiration pour de nombreux artistes au cours des si\u00e8cles. Un nouveau chemin, imagin\u00e9 par Stefano Boeri, permet maintenant aux visiteurs d\u2019y entrer et d\u2019acc\u00e9der \u00e0 la salle \u00e0 manger ronde, pi\u00e8ce la plus connue de l\u2019\u00e9difice o\u00f9 se tiennent diverses expositions artistiques. Le chemin pi\u00e9ton est illumin\u00e9 afin de donner l\u2019illusion d\u2019un \u201cguide entre les ruines\u201d. Il est \u00e9galement compl\u00e8tement autonome avec une structure autoportante, ce qui respecte la construction antique. Les jeux de lumi\u00e8re permettent de mettre en valeur les d\u00e9tails de construction, les textures ainsi que les vestiges de l\u2019ancienne citerne et de la structure thermale au fur et \u00e0 mesure que le visiteur progresse sur le chemin.&nbsp;<\/p>\n\n\n\n<figure class=\"wp-block-image size-large is-resized\"><img loading=\"lazy\" decoding=\"async\" src=\"https:\/\/archibat.com\/blog\/wp-content\/uploads\/2023\/02\/01-archibat-mag-la-nouvelle-entree-du-Domus-Aurea-a-Rome-Italie-par-Stefano-Boeri-Architectti-526x480.jpg\" alt=\"\" class=\"wp-image-20160\" width=\"1430\" height=\"1305\" srcset=\"https:\/\/archibat.com\/blog\/wp-content\/uploads\/2023\/02\/01-archibat-mag-la-nouvelle-entree-du-Domus-Aurea-a-Rome-Italie-par-Stefano-Boeri-Architectti-526x480.jpg 526w, https:\/\/archibat.com\/blog\/wp-content\/uploads\/2023\/02\/01-archibat-mag-la-nouvelle-entree-du-Domus-Aurea-a-Rome-Italie-par-Stefano-Boeri-Architectti-300x274.jpg 300w, https:\/\/archibat.com\/blog\/wp-content\/uploads\/2023\/02\/01-archibat-mag-la-nouvelle-entree-du-Domus-Aurea-a-Rome-Italie-par-Stefano-Boeri-Architectti-768x701.jpg 768w, https:\/\/archibat.com\/blog\/wp-content\/uploads\/2023\/02\/01-archibat-mag-la-nouvelle-entree-du-Domus-Aurea-a-Rome-Italie-par-Stefano-Boeri-Architectti.jpg 900w\" sizes=\"auto, (max-width: 1430px) 100vw, 1430px\" \/><\/figure>\n\n\n\n<figure class=\"wp-block-image size-large is-resized\"><img loading=\"lazy\" decoding=\"async\" src=\"https:\/\/archibat.com\/blog\/wp-content\/uploads\/2023\/02\/02-archibat-mag-La-nouvelle-entree-du-Domus-Aurea-a-Rome-Italie-par-Stefano-Boeri-Architectti-720x480.jpg\" alt=\"\" class=\"wp-image-20162\" width=\"1450\" height=\"965\" srcset=\"https:\/\/archibat.com\/blog\/wp-content\/uploads\/2023\/02\/02-archibat-mag-La-nouvelle-entree-du-Domus-Aurea-a-Rome-Italie-par-Stefano-Boeri-Architectti-720x480.jpg 720w, https:\/\/archibat.com\/blog\/wp-content\/uploads\/2023\/02\/02-archibat-mag-La-nouvelle-entree-du-Domus-Aurea-a-Rome-Italie-par-Stefano-Boeri-Architectti-300x200.jpg 300w, https:\/\/archibat.com\/blog\/wp-content\/uploads\/2023\/02\/02-archibat-mag-La-nouvelle-entree-du-Domus-Aurea-a-Rome-Italie-par-Stefano-Boeri-Architectti-768x511.jpg 768w, https:\/\/archibat.com\/blog\/wp-content\/uploads\/2023\/02\/02-archibat-mag-La-nouvelle-entree-du-Domus-Aurea-a-Rome-Italie-par-Stefano-Boeri-Architectti-350x233.jpg 350w, https:\/\/archibat.com\/blog\/wp-content\/uploads\/2023\/02\/02-archibat-mag-La-nouvelle-entree-du-Domus-Aurea-a-Rome-Italie-par-Stefano-Boeri-Architectti-700x466.jpg 700w, https:\/\/archibat.com\/blog\/wp-content\/uploads\/2023\/02\/02-archibat-mag-La-nouvelle-entree-du-Domus-Aurea-a-Rome-Italie-par-Stefano-Boeri-Architectti.jpg 900w\" sizes=\"auto, (max-width: 1450px) 100vw, 1450px\" \/><\/figure>\n\n\n\n<figure class=\"wp-block-image size-large is-resized\"><img loading=\"lazy\" decoding=\"async\" src=\"https:\/\/archibat.com\/blog\/wp-content\/uploads\/2023\/02\/archibat-mag-03-La-nouvelle-entree-du-Domus-Aurea-a-Rome-Italie-par-Stefano-Boeri-Architectti-320x480.jpg\" alt=\"\" class=\"wp-image-20164\" width=\"1450\" height=\"2175\" srcset=\"https:\/\/archibat.com\/blog\/wp-content\/uploads\/2023\/02\/archibat-mag-03-La-nouvelle-entree-du-Domus-Aurea-a-Rome-Italie-par-Stefano-Boeri-Architectti-320x480.jpg 320w, https:\/\/archibat.com\/blog\/wp-content\/uploads\/2023\/02\/archibat-mag-03-La-nouvelle-entree-du-Domus-Aurea-a-Rome-Italie-par-Stefano-Boeri-Architectti-200x300.jpg 200w\" sizes=\"auto, (max-width: 1450px) 100vw, 1450px\" \/><\/figure>\n\n\n\n<div style=\"height:20px\" aria-hidden=\"true\" class=\"wp-block-spacer\"><\/div>\n\n\n\n<h3 class=\"wp-block-heading\"><strong>Le pavillon \u00c9ph\u00e9m\u00e8re LR3 \u00e0 Barcelona, Espagne par NeuronaLab and Ruben Casquero<\/strong><\/h3>\n\n\n\n<p>L\u2019ancien h\u00f4pital de Sant Pau \u00e0 Barcelone est class\u00e9 au patrimoine de l\u2019UNESCO, n\u00e9anmoins, une partie de celui-ci est utilis\u00e9 comme espace d\u2019exposition. Pour la nouvelle collection de la marque de \u201cslow fashion\u201d LR3, le pavillon va se transformer de fa\u00e7on \u00e9ph\u00e9m\u00e8re, le temps d\u2019une exposition. Une structure autoportante a \u00e9t\u00e9 install\u00e9e dans le lieu, en respectant la construction originelle mais sans entrer en contact avec celle-ci. A l\u2019int\u00e9rieur de cette structure temporaire, les visiteurs sont plong\u00e9s dans une ambiance lumineuse orange, couleur de la marque. Ils exp\u00e9rimentent ensuite un monde virtuel avec des avatars, puis passent en dessous d\u2019un affichage LED vo\u00fbt\u00e9, avant de pouvoir enfin admirer la collection de v\u00eatements dans le troisi\u00e8me espace.&nbsp;<\/p>\n\n\n\n<figure class=\"wp-block-image size-large is-resized\"><img loading=\"lazy\" decoding=\"async\" src=\"https:\/\/archibat.com\/blog\/wp-content\/uploads\/2023\/02\/Le-pavillon-Ephemere-LR3-a-Barcelona-Espagne-par-NeuronaLab-and-Ruben-Casquero01-554x480.jpg\" alt=\"\" class=\"wp-image-20166\" width=\"1450\" height=\"1256\" srcset=\"https:\/\/archibat.com\/blog\/wp-content\/uploads\/2023\/02\/Le-pavillon-Ephemere-LR3-a-Barcelona-Espagne-par-NeuronaLab-and-Ruben-Casquero01-554x480.jpg 554w, https:\/\/archibat.com\/blog\/wp-content\/uploads\/2023\/02\/Le-pavillon-Ephemere-LR3-a-Barcelona-Espagne-par-NeuronaLab-and-Ruben-Casquero01-300x260.jpg 300w, https:\/\/archibat.com\/blog\/wp-content\/uploads\/2023\/02\/Le-pavillon-Ephemere-LR3-a-Barcelona-Espagne-par-NeuronaLab-and-Ruben-Casquero01-768x666.jpg 768w, https:\/\/archibat.com\/blog\/wp-content\/uploads\/2023\/02\/Le-pavillon-Ephemere-LR3-a-Barcelona-Espagne-par-NeuronaLab-and-Ruben-Casquero01.jpg 900w\" sizes=\"auto, (max-width: 1450px) 100vw, 1450px\" \/><\/figure>\n\n\n\n<figure class=\"wp-block-image size-large is-resized\"><img loading=\"lazy\" decoding=\"async\" src=\"https:\/\/archibat.com\/blog\/wp-content\/uploads\/2023\/02\/Le-pavillon-Ephemere-LR3-a-Barcelona-Espagne-par-NeuronaLab-and-Ruben-Casquero03-720x430.jpg\" alt=\"\" class=\"wp-image-20170\" width=\"1449\" height=\"866\" srcset=\"https:\/\/archibat.com\/blog\/wp-content\/uploads\/2023\/02\/Le-pavillon-Ephemere-LR3-a-Barcelona-Espagne-par-NeuronaLab-and-Ruben-Casquero03-720x430.jpg 720w, https:\/\/archibat.com\/blog\/wp-content\/uploads\/2023\/02\/Le-pavillon-Ephemere-LR3-a-Barcelona-Espagne-par-NeuronaLab-and-Ruben-Casquero03-300x179.jpg 300w, https:\/\/archibat.com\/blog\/wp-content\/uploads\/2023\/02\/Le-pavillon-Ephemere-LR3-a-Barcelona-Espagne-par-NeuronaLab-and-Ruben-Casquero03-768x459.jpg 768w, https:\/\/archibat.com\/blog\/wp-content\/uploads\/2023\/02\/Le-pavillon-Ephemere-LR3-a-Barcelona-Espagne-par-NeuronaLab-and-Ruben-Casquero03.jpg 900w\" sizes=\"auto, (max-width: 1449px) 100vw, 1449px\" \/><\/figure>\n\n\n\n<figure class=\"wp-block-image size-large is-resized\"><img loading=\"lazy\" decoding=\"async\" src=\"https:\/\/archibat.com\/blog\/wp-content\/uploads\/2023\/02\/Le-pavillon-Ephemere-LR3-a-Barcelona-Espagne-par-NeuronaLab-and-Ruben-Casquero02-383x480.jpg\" alt=\"\" class=\"wp-image-20168\" width=\"1450\" height=\"1817\" srcset=\"https:\/\/archibat.com\/blog\/wp-content\/uploads\/2023\/02\/Le-pavillon-Ephemere-LR3-a-Barcelona-Espagne-par-NeuronaLab-and-Ruben-Casquero02-383x480.jpg 383w, https:\/\/archibat.com\/blog\/wp-content\/uploads\/2023\/02\/Le-pavillon-Ephemere-LR3-a-Barcelona-Espagne-par-NeuronaLab-and-Ruben-Casquero02-239x300.jpg 239w, https:\/\/archibat.com\/blog\/wp-content\/uploads\/2023\/02\/Le-pavillon-Ephemere-LR3-a-Barcelona-Espagne-par-NeuronaLab-and-Ruben-Casquero02-768x962.jpg 768w, https:\/\/archibat.com\/blog\/wp-content\/uploads\/2023\/02\/Le-pavillon-Ephemere-LR3-a-Barcelona-Espagne-par-NeuronaLab-and-Ruben-Casquero02.jpg 798w\" sizes=\"auto, (max-width: 1450px) 100vw, 1450px\" \/><\/figure>\n\n\n\n<div style=\"height:20px\" aria-hidden=\"true\" class=\"wp-block-spacer\"><\/div>\n\n\n\n<h3 class=\"wp-block-heading\"><strong>Exposition et mus\u00e9e du Pante\u00e3o dos Almeida \u00e0 Abrantes, Portugal par Space workers<\/strong><\/h3>\n\n\n\n<p>Construite en 1215, l\u2019\u00e9glise Santa Maria do Castelo \u00e0 Abrantes au Portugal a des r\u00e8gles strictes en termes de travaux et de restauration. Lorsque les architectes de spaceworkers se voient confier la t\u00e2che de moderniser cette \u00e9glise transform\u00e9e en panth\u00e9on au 15\u00e8me si\u00e8cle, tous les am\u00e9nagements devaient \u00eatre r\u00e9versibles afin de ne pas alt\u00e9rer la dimension historique du lieu.&nbsp;<\/p>\n\n\n\n<p>Le projet int\u00e8gre un plancher en pin, pos\u00e9 sur le sol existant en terre. Un espace entre celui-ci et les murs originaux a \u00e9t\u00e9 pr\u00e9serv\u00e9. Des lignes de lumi\u00e8res d\u00e9limitent des cadres en verre qui supportent les \u00e9l\u00e9ments graphiques de l\u2019exposition. Donnant une impression a\u00e9rienne et flottante, l\u2019installation transporte les visiteurs dans un monde \u00e0 la fois historique et virtuel.<\/p>\n\n\n\n<figure class=\"wp-block-image size-large is-resized\"><img loading=\"lazy\" decoding=\"async\" src=\"https:\/\/archibat.com\/blog\/wp-content\/uploads\/2023\/02\/Exposition-et-musee-du-Panteao-dos-Almeida-a-Abrantes-Portugal-par-space-workers01-482x480.jpg\" alt=\"\" class=\"wp-image-20172\" width=\"1449\" height=\"1444\" srcset=\"https:\/\/archibat.com\/blog\/wp-content\/uploads\/2023\/02\/Exposition-et-musee-du-Panteao-dos-Almeida-a-Abrantes-Portugal-par-space-workers01-482x480.jpg 482w, https:\/\/archibat.com\/blog\/wp-content\/uploads\/2023\/02\/Exposition-et-musee-du-Panteao-dos-Almeida-a-Abrantes-Portugal-par-space-workers01-300x300.jpg 300w, https:\/\/archibat.com\/blog\/wp-content\/uploads\/2023\/02\/Exposition-et-musee-du-Panteao-dos-Almeida-a-Abrantes-Portugal-par-space-workers01-432x432.jpg 432w, https:\/\/archibat.com\/blog\/wp-content\/uploads\/2023\/02\/Exposition-et-musee-du-Panteao-dos-Almeida-a-Abrantes-Portugal-par-space-workers01-768x765.jpg 768w, https:\/\/archibat.com\/blog\/wp-content\/uploads\/2023\/02\/Exposition-et-musee-du-Panteao-dos-Almeida-a-Abrantes-Portugal-par-space-workers01.jpg 900w\" sizes=\"auto, (max-width: 1449px) 100vw, 1449px\" \/><\/figure>\n\n\n\n<figure class=\"wp-block-image size-large is-resized\"><img loading=\"lazy\" decoding=\"async\" src=\"https:\/\/archibat.com\/blog\/wp-content\/uploads\/2023\/02\/Exposition-et-musee-du-Panteao-dos-Almeida-a-Abrantes-Portugal-par-space-workers02-1-480x480.jpg\" alt=\"\" class=\"wp-image-20178\" width=\"1450\" height=\"1450\" srcset=\"https:\/\/archibat.com\/blog\/wp-content\/uploads\/2023\/02\/Exposition-et-musee-du-Panteao-dos-Almeida-a-Abrantes-Portugal-par-space-workers02-1-480x480.jpg 480w, https:\/\/archibat.com\/blog\/wp-content\/uploads\/2023\/02\/Exposition-et-musee-du-Panteao-dos-Almeida-a-Abrantes-Portugal-par-space-workers02-1-300x300.jpg 300w, https:\/\/archibat.com\/blog\/wp-content\/uploads\/2023\/02\/Exposition-et-musee-du-Panteao-dos-Almeida-a-Abrantes-Portugal-par-space-workers02-1-432x432.jpg 432w, https:\/\/archibat.com\/blog\/wp-content\/uploads\/2023\/02\/Exposition-et-musee-du-Panteao-dos-Almeida-a-Abrantes-Portugal-par-space-workers02-1-768x768.jpg 768w, https:\/\/archibat.com\/blog\/wp-content\/uploads\/2023\/02\/Exposition-et-musee-du-Panteao-dos-Almeida-a-Abrantes-Portugal-par-space-workers02-1-864x864.jpg 864w, https:\/\/archibat.com\/blog\/wp-content\/uploads\/2023\/02\/Exposition-et-musee-du-Panteao-dos-Almeida-a-Abrantes-Portugal-par-space-workers02-1-600x600.jpg 600w, https:\/\/archibat.com\/blog\/wp-content\/uploads\/2023\/02\/Exposition-et-musee-du-Panteao-dos-Almeida-a-Abrantes-Portugal-par-space-workers02-1.jpg 900w\" sizes=\"auto, (max-width: 1450px) 100vw, 1450px\" \/><\/figure>\n\n\n\n<p><strong>Cr\u00e9dits photos : <\/strong>&nbsp;Alex Filz \/ Lorenzo Masotto \/ Pol Viladoms \/ Fernando Guerra | FG+SG<\/p>\n\n\n\n<div style=\"height:20px\" aria-hidden=\"true\" class=\"wp-block-spacer\"><\/div>\n\n\n\n<p><strong>Vous recherchez un emploi en Architecture d\u2019int\u00e9rieur ?\u00a0<\/strong><a rel=\"noreferrer noopener\" href=\"https:\/\/archibat.com\/fr\/offres-demploi\" target=\"_blank\"><strong>Consultez nos offres d\u2019emploi<\/strong>.<\/a><\/p>\n","protected":false},"excerpt":{"rendered":"<p>Lorsque nous p\u00e9n\u00e9trons dans des b\u00e2timents \u00e0 l\u2019architecture s\u00e9culaire, l\u2019\u00e9motion est toujours palpable. La conception d\u2019\u00e9clairage, contemporaine et innovante, peut sublimer les constructions anciennes sous\u2026<\/p>\n","protected":false},"author":2,"featured_media":20148,"comment_status":"closed","ping_status":"closed","sticky":false,"template":"","format":"standard","meta":{"_acf_changed":false,"footnotes":""},"categories":[3],"tags":[3475,3474],"class_list":["post-20147","post","type-post","status-publish","format-standard","has-post-thumbnail","hentry","category-architecture-et-design","tag-batiments-historiques","tag-design-lumineux"],"acf":[],"yoast_head":"<!-- This site is optimized with the Yoast SEO plugin v24.8.1 - https:\/\/yoast.com\/wordpress\/plugins\/seo\/ -->\n<title>Sublimer le b\u00e2ti historique par l\u2019\u00e9clairage &#8211; ArchiBat Mag<\/title>\n<meta name=\"robots\" content=\"index, follow, max-snippet:-1, max-image-preview:large, max-video-preview:-1\" \/>\n<link rel=\"canonical\" href=\"https:\/\/archibat.com\/blog\/sublimer-le-bati-historique-par-leclairage\/\" \/>\n<meta property=\"og:locale\" content=\"fr_FR\" \/>\n<meta property=\"og:type\" content=\"article\" \/>\n<meta property=\"og:title\" content=\"Sublimer le b\u00e2ti historique par l\u2019\u00e9clairage &#8211; ArchiBat Mag\" \/>\n<meta property=\"og:description\" content=\"Lorsque nous p\u00e9n\u00e9trons dans des b\u00e2timents \u00e0 l\u2019architecture s\u00e9culaire, l\u2019\u00e9motion est toujours palpable. La conception d\u2019\u00e9clairage, contemporaine et innovante, peut sublimer les constructions anciennes sous\u2026\" \/>\n<meta property=\"og:url\" content=\"https:\/\/archibat.com\/blog\/sublimer-le-bati-historique-par-leclairage\/\" \/>\n<meta property=\"og:site_name\" content=\"ArchiBat Mag\" \/>\n<meta property=\"article:published_time\" content=\"2023-02-10T13:00:00+00:00\" \/>\n<meta property=\"article:modified_time\" content=\"2023-03-24T15:10:19+00:00\" \/>\n<meta property=\"og:image\" content=\"https:\/\/archibat.com\/blog\/wp-content\/uploads\/2023\/02\/archibat-mag-cover-transforming-traditional-architecture-with-atmospheric-lighting-design.jpg\" \/>\n\t<meta property=\"og:image:width\" content=\"1033\" \/>\n\t<meta property=\"og:image:height\" content=\"1000\" \/>\n\t<meta property=\"og:image:type\" content=\"image\/jpeg\" \/>\n<meta name=\"author\" content=\"communication\" \/>\n<meta name=\"twitter:card\" content=\"summary_large_image\" \/>\n<meta name=\"twitter:label1\" content=\"\u00c9crit par\" \/>\n\t<meta name=\"twitter:data1\" content=\"communication\" \/>\n\t<meta name=\"twitter:label2\" content=\"Dur\u00e9e de lecture estim\u00e9e\" \/>\n\t<meta name=\"twitter:data2\" content=\"3 minutes\" \/>\n<script type=\"application\/ld+json\" class=\"yoast-schema-graph\">{\"@context\":\"https:\/\/schema.org\",\"@graph\":[{\"@type\":\"WebPage\",\"@id\":\"https:\/\/archibat.com\/blog\/sublimer-le-bati-historique-par-leclairage\/\",\"url\":\"https:\/\/archibat.com\/blog\/sublimer-le-bati-historique-par-leclairage\/\",\"name\":\"Sublimer le b\u00e2ti historique par l\u2019\u00e9clairage &#8211; ArchiBat Mag\",\"isPartOf\":{\"@id\":\"https:\/\/archibat.com\/blog\/#website\"},\"primaryImageOfPage\":{\"@id\":\"https:\/\/archibat.com\/blog\/sublimer-le-bati-historique-par-leclairage\/#primaryimage\"},\"image\":{\"@id\":\"https:\/\/archibat.com\/blog\/sublimer-le-bati-historique-par-leclairage\/#primaryimage\"},\"thumbnailUrl\":\"https:\/\/archibat.com\/blog\/wp-content\/uploads\/2023\/02\/archibat-mag-cover-transforming-traditional-architecture-with-atmospheric-lighting-design.jpg\",\"datePublished\":\"2023-02-10T13:00:00+00:00\",\"dateModified\":\"2023-03-24T15:10:19+00:00\",\"author\":{\"@id\":\"https:\/\/archibat.com\/blog\/#\/schema\/person\/c246f0d63b5e719c2cbe4f9bd494bf12\"},\"breadcrumb\":{\"@id\":\"https:\/\/archibat.com\/blog\/sublimer-le-bati-historique-par-leclairage\/#breadcrumb\"},\"inLanguage\":\"fr-FR\",\"potentialAction\":[{\"@type\":\"ReadAction\",\"target\":[\"https:\/\/archibat.com\/blog\/sublimer-le-bati-historique-par-leclairage\/\"]}]},{\"@type\":\"ImageObject\",\"inLanguage\":\"fr-FR\",\"@id\":\"https:\/\/archibat.com\/blog\/sublimer-le-bati-historique-par-leclairage\/#primaryimage\",\"url\":\"https:\/\/archibat.com\/blog\/wp-content\/uploads\/2023\/02\/archibat-mag-cover-transforming-traditional-architecture-with-atmospheric-lighting-design.jpg\",\"contentUrl\":\"https:\/\/archibat.com\/blog\/wp-content\/uploads\/2023\/02\/archibat-mag-cover-transforming-traditional-architecture-with-atmospheric-lighting-design.jpg\",\"width\":1033,\"height\":1000,\"caption\":\"archibat-mag-cover-transforming-traditional-architecture-with-atmospheric-lighting-design\"},{\"@type\":\"BreadcrumbList\",\"@id\":\"https:\/\/archibat.com\/blog\/sublimer-le-bati-historique-par-leclairage\/#breadcrumb\",\"itemListElement\":[{\"@type\":\"ListItem\",\"position\":1,\"name\":\"Home\",\"item\":\"https:\/\/archibat.com\/blog\/\"},{\"@type\":\"ListItem\",\"position\":2,\"name\":\"Sublimer le b\u00e2ti historique par l\u2019\u00e9clairage\"}]},{\"@type\":\"WebSite\",\"@id\":\"https:\/\/archibat.com\/blog\/#website\",\"url\":\"https:\/\/archibat.com\/blog\/\",\"name\":\"ArchiBat Mag\",\"description\":\"Vous souhaitez connaitre les derni\u00e8res actualit\u00e9s sur l\u2019Architecture, le Design ou les Ressources Humaines ? D\u00e9couvrez ArchiBat Mag, le magazine d\u00e9di\u00e9 aux m\u00e9tiers de l&#039;Architecture et de l&#039;Ing\u00e9nierie.\",\"potentialAction\":[{\"@type\":\"SearchAction\",\"target\":{\"@type\":\"EntryPoint\",\"urlTemplate\":\"https:\/\/archibat.com\/blog\/?s={search_term_string}\"},\"query-input\":{\"@type\":\"PropertyValueSpecification\",\"valueRequired\":true,\"valueName\":\"search_term_string\"}}],\"inLanguage\":\"fr-FR\"},{\"@type\":\"Person\",\"@id\":\"https:\/\/archibat.com\/blog\/#\/schema\/person\/c246f0d63b5e719c2cbe4f9bd494bf12\",\"name\":\"communication\"}]}<\/script>\n<!-- \/ Yoast SEO plugin. -->","yoast_head_json":{"title":"Sublimer le b\u00e2ti historique par l\u2019\u00e9clairage &#8211; ArchiBat Mag","robots":{"index":"index","follow":"follow","max-snippet":"max-snippet:-1","max-image-preview":"max-image-preview:large","max-video-preview":"max-video-preview:-1"},"canonical":"https:\/\/archibat.com\/blog\/sublimer-le-bati-historique-par-leclairage\/","og_locale":"fr_FR","og_type":"article","og_title":"Sublimer le b\u00e2ti historique par l\u2019\u00e9clairage &#8211; ArchiBat Mag","og_description":"Lorsque nous p\u00e9n\u00e9trons dans des b\u00e2timents \u00e0 l\u2019architecture s\u00e9culaire, l\u2019\u00e9motion est toujours palpable. La conception d\u2019\u00e9clairage, contemporaine et innovante, peut sublimer les constructions anciennes sous\u2026","og_url":"https:\/\/archibat.com\/blog\/sublimer-le-bati-historique-par-leclairage\/","og_site_name":"ArchiBat Mag","article_published_time":"2023-02-10T13:00:00+00:00","article_modified_time":"2023-03-24T15:10:19+00:00","og_image":[{"width":1033,"height":1000,"url":"https:\/\/archibat.com\/blog\/wp-content\/uploads\/2023\/02\/archibat-mag-cover-transforming-traditional-architecture-with-atmospheric-lighting-design.jpg","type":"image\/jpeg"}],"author":"communication","twitter_card":"summary_large_image","twitter_misc":{"\u00c9crit par":"communication","Dur\u00e9e de lecture estim\u00e9e":"3 minutes"},"schema":{"@context":"https:\/\/schema.org","@graph":[{"@type":"WebPage","@id":"https:\/\/archibat.com\/blog\/sublimer-le-bati-historique-par-leclairage\/","url":"https:\/\/archibat.com\/blog\/sublimer-le-bati-historique-par-leclairage\/","name":"Sublimer le b\u00e2ti historique par l\u2019\u00e9clairage &#8211; ArchiBat Mag","isPartOf":{"@id":"https:\/\/archibat.com\/blog\/#website"},"primaryImageOfPage":{"@id":"https:\/\/archibat.com\/blog\/sublimer-le-bati-historique-par-leclairage\/#primaryimage"},"image":{"@id":"https:\/\/archibat.com\/blog\/sublimer-le-bati-historique-par-leclairage\/#primaryimage"},"thumbnailUrl":"https:\/\/archibat.com\/blog\/wp-content\/uploads\/2023\/02\/archibat-mag-cover-transforming-traditional-architecture-with-atmospheric-lighting-design.jpg","datePublished":"2023-02-10T13:00:00+00:00","dateModified":"2023-03-24T15:10:19+00:00","author":{"@id":"https:\/\/archibat.com\/blog\/#\/schema\/person\/c246f0d63b5e719c2cbe4f9bd494bf12"},"breadcrumb":{"@id":"https:\/\/archibat.com\/blog\/sublimer-le-bati-historique-par-leclairage\/#breadcrumb"},"inLanguage":"fr-FR","potentialAction":[{"@type":"ReadAction","target":["https:\/\/archibat.com\/blog\/sublimer-le-bati-historique-par-leclairage\/"]}]},{"@type":"ImageObject","inLanguage":"fr-FR","@id":"https:\/\/archibat.com\/blog\/sublimer-le-bati-historique-par-leclairage\/#primaryimage","url":"https:\/\/archibat.com\/blog\/wp-content\/uploads\/2023\/02\/archibat-mag-cover-transforming-traditional-architecture-with-atmospheric-lighting-design.jpg","contentUrl":"https:\/\/archibat.com\/blog\/wp-content\/uploads\/2023\/02\/archibat-mag-cover-transforming-traditional-architecture-with-atmospheric-lighting-design.jpg","width":1033,"height":1000,"caption":"archibat-mag-cover-transforming-traditional-architecture-with-atmospheric-lighting-design"},{"@type":"BreadcrumbList","@id":"https:\/\/archibat.com\/blog\/sublimer-le-bati-historique-par-leclairage\/#breadcrumb","itemListElement":[{"@type":"ListItem","position":1,"name":"Home","item":"https:\/\/archibat.com\/blog\/"},{"@type":"ListItem","position":2,"name":"Sublimer le b\u00e2ti historique par l\u2019\u00e9clairage"}]},{"@type":"WebSite","@id":"https:\/\/archibat.com\/blog\/#website","url":"https:\/\/archibat.com\/blog\/","name":"ArchiBat Mag","description":"Vous souhaitez connaitre les derni\u00e8res actualit\u00e9s sur l\u2019Architecture, le Design ou les Ressources Humaines ? D\u00e9couvrez ArchiBat Mag, le magazine d\u00e9di\u00e9 aux m\u00e9tiers de l&#039;Architecture et de l&#039;Ing\u00e9nierie.","potentialAction":[{"@type":"SearchAction","target":{"@type":"EntryPoint","urlTemplate":"https:\/\/archibat.com\/blog\/?s={search_term_string}"},"query-input":{"@type":"PropertyValueSpecification","valueRequired":true,"valueName":"search_term_string"}}],"inLanguage":"fr-FR"},{"@type":"Person","@id":"https:\/\/archibat.com\/blog\/#\/schema\/person\/c246f0d63b5e719c2cbe4f9bd494bf12","name":"communication"}]}},"_links":{"self":[{"href":"https:\/\/archibat.com\/blog\/wp-json\/wp\/v2\/posts\/20147","targetHints":{"allow":["GET"]}}],"collection":[{"href":"https:\/\/archibat.com\/blog\/wp-json\/wp\/v2\/posts"}],"about":[{"href":"https:\/\/archibat.com\/blog\/wp-json\/wp\/v2\/types\/post"}],"author":[{"embeddable":true,"href":"https:\/\/archibat.com\/blog\/wp-json\/wp\/v2\/users\/2"}],"replies":[{"embeddable":true,"href":"https:\/\/archibat.com\/blog\/wp-json\/wp\/v2\/comments?post=20147"}],"version-history":[{"count":3,"href":"https:\/\/archibat.com\/blog\/wp-json\/wp\/v2\/posts\/20147\/revisions"}],"predecessor-version":[{"id":20529,"href":"https:\/\/archibat.com\/blog\/wp-json\/wp\/v2\/posts\/20147\/revisions\/20529"}],"wp:featuredmedia":[{"embeddable":true,"href":"https:\/\/archibat.com\/blog\/wp-json\/wp\/v2\/media\/20148"}],"wp:attachment":[{"href":"https:\/\/archibat.com\/blog\/wp-json\/wp\/v2\/media?parent=20147"}],"wp:term":[{"taxonomy":"category","embeddable":true,"href":"https:\/\/archibat.com\/blog\/wp-json\/wp\/v2\/categories?post=20147"},{"taxonomy":"post_tag","embeddable":true,"href":"https:\/\/archibat.com\/blog\/wp-json\/wp\/v2\/tags?post=20147"}],"curies":[{"name":"wp","href":"https:\/\/api.w.org\/{rel}","templated":true}]}}