{"id":20725,"date":"2023-04-18T14:00:00","date_gmt":"2023-04-18T12:00:00","guid":{"rendered":"https:\/\/archibat.com\/blog\/?p=20725"},"modified":"2023-04-18T19:02:55","modified_gmt":"2023-04-18T17:02:55","slug":"un-jardin-interieur-mobile-pour-une-maison-de-retraite","status":"publish","type":"post","link":"https:\/\/archibat.com\/blog\/un-jardin-interieur-mobile-pour-une-maison-de-retraite\/","title":{"rendered":"Un jardin int\u00e9rieur mobile pour une maison de retraite"},"content":{"rendered":"\n<p>Les agences d\u2019architecture D\/DOCK et MOSS ont cr\u00e9\u00e9 un jardin int\u00e9rieur mobile pour une maison de retraite \u00e0 Amsterdam, exclusivement r\u00e9alis\u00e9 en mat\u00e9riaux durables. Un ensemble de mobilier et de plantations sur roulettes ont \u00e9t\u00e9 install\u00e9s dans le hall de la maison de retraite. Ces derniers peuvent \u00eatre organis\u00e9s de fa\u00e7on diff\u00e9rente selon les configurations que l\u2019on souhaite pour la pi\u00e8ce. Ce jardin rend la pi\u00e8ce vivante et chaleureuse tout en restant totalement flexible.<\/p>\n\n\n\n<figure class=\"wp-block-image size-large is-resized\"><img loading=\"lazy\" decoding=\"async\" src=\"https:\/\/archibat.com\/blog\/wp-content\/uploads\/2023\/04\/archibat-mag-06-un-jardin-interieur-mobile-pour-une-maison-de-retraite-599x480.jpg\" alt=\"\" class=\"wp-image-20745\" width=\"1450\" height=\"1162\" srcset=\"https:\/\/archibat.com\/blog\/wp-content\/uploads\/2023\/04\/archibat-mag-06-un-jardin-interieur-mobile-pour-une-maison-de-retraite-599x480.jpg 599w, https:\/\/archibat.com\/blog\/wp-content\/uploads\/2023\/04\/archibat-mag-06-un-jardin-interieur-mobile-pour-une-maison-de-retraite-300x241.jpg 300w, https:\/\/archibat.com\/blog\/wp-content\/uploads\/2023\/04\/archibat-mag-06-un-jardin-interieur-mobile-pour-une-maison-de-retraite-768x616.jpg 768w, https:\/\/archibat.com\/blog\/wp-content\/uploads\/2023\/04\/archibat-mag-06-un-jardin-interieur-mobile-pour-une-maison-de-retraite.jpg 1024w\" sizes=\"auto, (max-width: 1450px) 100vw, 1450px\" \/><\/figure>\n\n\n\n<p>La direction des soins d\u2019Amsterdam, l\u2019Amsta, a command\u00e9 \u00e0 ces deux agences une solution pour am\u00e9liorer l\u2019atmosph\u00e8re de cet atrium, jug\u00e9 trop froid et avec une r\u00e9sonance importante. Dans le m\u00eame temps, cet espace \u00e9tant utilis\u00e9 pour diverses activit\u00e9s, il devait imp\u00e9rativement \u00eatre modulable.<\/p>\n\n\n\n<figure class=\"wp-block-image size-large is-resized\"><img loading=\"lazy\" decoding=\"async\" src=\"https:\/\/archibat.com\/blog\/wp-content\/uploads\/2023\/04\/archibat-mag-03-un-jardin-interieur-mobile-pour-une-maison-de-retraite-720x480.jpg\" alt=\"\" class=\"wp-image-20732\" width=\"1450\" height=\"965\" srcset=\"https:\/\/archibat.com\/blog\/wp-content\/uploads\/2023\/04\/archibat-mag-03-un-jardin-interieur-mobile-pour-une-maison-de-retraite-720x480.jpg 720w, https:\/\/archibat.com\/blog\/wp-content\/uploads\/2023\/04\/archibat-mag-03-un-jardin-interieur-mobile-pour-une-maison-de-retraite-300x200.jpg 300w, https:\/\/archibat.com\/blog\/wp-content\/uploads\/2023\/04\/archibat-mag-03-un-jardin-interieur-mobile-pour-une-maison-de-retraite-768x512.jpg 768w, https:\/\/archibat.com\/blog\/wp-content\/uploads\/2023\/04\/archibat-mag-03-un-jardin-interieur-mobile-pour-une-maison-de-retraite-960x640.jpg 960w, https:\/\/archibat.com\/blog\/wp-content\/uploads\/2023\/04\/archibat-mag-03-un-jardin-interieur-mobile-pour-une-maison-de-retraite-350x233.jpg 350w, https:\/\/archibat.com\/blog\/wp-content\/uploads\/2023\/04\/archibat-mag-03-un-jardin-interieur-mobile-pour-une-maison-de-retraite-700x466.jpg 700w\" sizes=\"auto, (max-width: 1450px) 100vw, 1450px\" \/><\/figure>\n\n\n\n<p>Les architectes se sont empar\u00e9s du d\u00e9fi et ont trouv\u00e9 l\u2019id\u00e9e d\u2019un jardin int\u00e9rieur sur roulettes, utilisant des mat\u00e9riaux locaux et durables. Ce jardin comprend 33 \u00e9l\u00e9ments, tous d\u00e9pla\u00e7ables, qui peuvent \u00eatre arrang\u00e9s au gr\u00e9 des besoins. Le bois, le mobilier confortable, les plantes et l\u2019utilisation de couleurs douces et naturelles rendent l\u2019ambiance agr\u00e9able et permettent aux r\u00e9sidents de profiter pleinement de cet espace.&nbsp;<\/p>\n\n\n\n<h3 class=\"wp-block-heading\"><strong>Les configurations<\/strong><\/h3>\n\n\n\n<p>Les configurations basiques du jardin sugg\u00e9r\u00e9es par les architectes correspondent \u00e0 des temps quotidiens comme les repas ou les visites. Il existe \u00e9galement des possibilit\u00e9s de configurations plus exceptionnelles pour des \u00e9v\u00e8nements destin\u00e9s aux r\u00e9sidents tels que des concerts de piano, des apr\u00e8s-midi de jeux ou des petits march\u00e9s.&nbsp;<\/p>\n\n\n\n<figure class=\"wp-block-image size-large is-resized\"><img loading=\"lazy\" decoding=\"async\" src=\"https:\/\/archibat.com\/blog\/wp-content\/uploads\/2023\/04\/archibat-mag-05-un-jardin-interieur-mobile-pour-une-maison-de-retraite-598x480.jpg\" alt=\"\" class=\"wp-image-20734\" width=\"1450\" height=\"1162\" srcset=\"https:\/\/archibat.com\/blog\/wp-content\/uploads\/2023\/04\/archibat-mag-05-un-jardin-interieur-mobile-pour-une-maison-de-retraite-598x480.jpg 598w, https:\/\/archibat.com\/blog\/wp-content\/uploads\/2023\/04\/archibat-mag-05-un-jardin-interieur-mobile-pour-une-maison-de-retraite-300x241.jpg 300w, https:\/\/archibat.com\/blog\/wp-content\/uploads\/2023\/04\/archibat-mag-05-un-jardin-interieur-mobile-pour-une-maison-de-retraite-768x616.jpg 768w, https:\/\/archibat.com\/blog\/wp-content\/uploads\/2023\/04\/archibat-mag-05-un-jardin-interieur-mobile-pour-une-maison-de-retraite-1536x1232.jpg 1536w, https:\/\/archibat.com\/blog\/wp-content\/uploads\/2023\/04\/archibat-mag-05-un-jardin-interieur-mobile-pour-une-maison-de-retraite-2048x1643.jpg 2048w\" sizes=\"auto, (max-width: 1450px) 100vw, 1450px\" \/><\/figure>\n\n\n\n<p><\/p>\n\n\n\n<p>Le design tient compte des besoins des r\u00e9sidents atteints de d\u00e9mence s\u00e9nile et les couleurs ont \u00e9t\u00e9 choisies sp\u00e9cifiquement pour \u00e9viter trop de stimuli. Les chaises sont \u00e9galement \u00e9quip\u00e9es d\u2019accoudoirs et sont \u00e0 une hauteur id\u00e9ale pour s&rsquo;asseoir sans trop se baisser. Les diff\u00e9rentes configurations sont r\u00e9alis\u00e9es uniquement par le personnel et de fa\u00e7on mod\u00e9r\u00e9e afin d\u2019\u00e9viter de trop perturber les personnes tr\u00e8s \u00e2g\u00e9es.&nbsp;<\/p>\n\n\n\n<figure class=\"wp-block-image size-large is-resized\"><img loading=\"lazy\" decoding=\"async\" src=\"https:\/\/archibat.com\/blog\/wp-content\/uploads\/2023\/04\/archibat-mag-04-un-jardin-interieur-mobile-pour-une-maison-de-retraite-384x480.jpg\" alt=\"\" class=\"wp-image-20736\" width=\"1450\" height=\"1813\" srcset=\"https:\/\/archibat.com\/blog\/wp-content\/uploads\/2023\/04\/archibat-mag-04-un-jardin-interieur-mobile-pour-une-maison-de-retraite-384x480.jpg 384w, https:\/\/archibat.com\/blog\/wp-content\/uploads\/2023\/04\/archibat-mag-04-un-jardin-interieur-mobile-pour-une-maison-de-retraite-240x300.jpg 240w, https:\/\/archibat.com\/blog\/wp-content\/uploads\/2023\/04\/archibat-mag-04-un-jardin-interieur-mobile-pour-une-maison-de-retraite-768x960.jpg 768w, https:\/\/archibat.com\/blog\/wp-content\/uploads\/2023\/04\/archibat-mag-04-un-jardin-interieur-mobile-pour-une-maison-de-retraite.jpg 1152w\" sizes=\"auto, (max-width: 1450px) 100vw, 1450px\" \/><\/figure>\n\n\n\n<p>Le mobilier est fabriqu\u00e9 avec des mat\u00e9riaux enti\u00e8rement recycl\u00e9s. La marqueterie des meubles est r\u00e9alis\u00e9e avec des chutes de bois provenant des usines d\u2019ameublements. Ces chutes ne sont g\u00e9n\u00e9ralement pas enti\u00e8rement recycl\u00e9es \u00e0 cause de la duret\u00e9 du bois ou des traitements r\u00e9alis\u00e9s sur celui-ci. Cependant, pour ce projet, ces chutes de bois se pr\u00eataient \u00e0 merveille aux besoins des architectes, qui comptent les utiliser encore dans le futur pour d\u2019autres r\u00e9alisations.&nbsp;<\/p>\n\n\n\n<h3 class=\"wp-block-heading\"><strong>La v\u00e9g\u00e9tation&nbsp;<\/strong><\/h3>\n\n\n\n<p>Le placement des massifs v\u00e9g\u00e9taux est adapt\u00e9 \u00e0 l\u2019utilisation de l\u2019espace. Certaines plantes sont basses et cr\u00e9ent un espace plut\u00f4t ouvert, \u00e0 contrario, d\u2019autres sont hautes et denses, cr\u00e9ant un espace plus prot\u00e9g\u00e9 et intime. Les esp\u00e8ces ont \u00e9t\u00e9 choisies en fonction de leur r\u00e9sistance et de leur couleur. Les jardini\u00e8res divisent la pi\u00e8ce en quatre zones et cassent son aspect gigantesque.&nbsp;Le placement des massifs v\u00e9g\u00e9taux est adapt\u00e9 \u00e0 l\u2019utilisation de l\u2019espace. Certaines plantes sont basses et cr\u00e9ent un espace plut\u00f4t ouvert, \u00e0 contrario, d\u2019autres sont hautes et denses, cr\u00e9ant un espace plus prot\u00e9g\u00e9 et intime. Les esp\u00e8ces ont \u00e9t\u00e9 choisies en fonction de leur r\u00e9sistance et de leur couleur. Les jardini\u00e8res divisent la pi\u00e8ce en quatre zones et cassent son aspect gigantesque.&nbsp;<\/p>\n\n\n\n<figure class=\"wp-block-image size-large is-resized\"><img loading=\"lazy\" decoding=\"async\" src=\"https:\/\/archibat.com\/blog\/wp-content\/uploads\/2023\/04\/archibat-mag-02-un-jardin-interieur-mobile-pour-une-maison-de-retraite-640x480.jpg\" alt=\"\" class=\"wp-image-20742\" width=\"1449\" height=\"1088\" srcset=\"https:\/\/archibat.com\/blog\/wp-content\/uploads\/2023\/04\/archibat-mag-02-un-jardin-interieur-mobile-pour-une-maison-de-retraite-640x480.jpg 640w, https:\/\/archibat.com\/blog\/wp-content\/uploads\/2023\/04\/archibat-mag-02-un-jardin-interieur-mobile-pour-une-maison-de-retraite-300x225.jpg 300w, https:\/\/archibat.com\/blog\/wp-content\/uploads\/2023\/04\/archibat-mag-02-un-jardin-interieur-mobile-pour-une-maison-de-retraite-768x576.jpg 768w, https:\/\/archibat.com\/blog\/wp-content\/uploads\/2023\/04\/archibat-mag-02-un-jardin-interieur-mobile-pour-une-maison-de-retraite-1536x1152.jpg 1536w, https:\/\/archibat.com\/blog\/wp-content\/uploads\/2023\/04\/archibat-mag-02-un-jardin-interieur-mobile-pour-une-maison-de-retraite-2048x1536.jpg 2048w\" sizes=\"auto, (max-width: 1449px) 100vw, 1449px\" \/><\/figure>\n\n\n\n<p>Cet am\u00e9nagement sublime ce b\u00e2timent historique. En effet, il date de 1782 et a \u00e9t\u00e9 construit par Abraham van der Hart. Il fait partie des monuments historiques de la ville d\u2019Amsterdam depuis 1970. L\u2019artiste Ramses Shaffy, entre autres, a pass\u00e9 les derni\u00e8res ann\u00e9es de sa vie ici.<\/p>\n\n\n\n<div style=\"height:20px\" aria-hidden=\"true\" class=\"wp-block-spacer\"><\/div>\n\n\n\n<p><strong>Architectes : <\/strong>D\/DOCK, MOSS<\/p>\n\n\n\n<hr class=\"wp-block-separator\"\/>\n\n\n\n<p><strong>Vous recherchez un poste en Architecture ou en Architecture d&rsquo;int\u00e9rieur ? <a rel=\"noreferrer noopener\" href=\"https:\/\/archibat.com\/fr\/offres-demploi\" target=\"_blank\">D\u00e9couvrez nos offres !<\/a><\/strong>  <\/p>\n","protected":false},"excerpt":{"rendered":"<p>Les agences d\u2019architecture D\/DOCK et MOSS ont cr\u00e9\u00e9 un jardin int\u00e9rieur mobile pour une maison de retraite \u00e0 Amsterdam, exclusivement r\u00e9alis\u00e9 en mat\u00e9riaux durables. Un\u2026<\/p>\n","protected":false},"author":2,"featured_media":20726,"comment_status":"closed","ping_status":"closed","sticky":false,"template":"","format":"standard","meta":{"_acf_changed":false,"footnotes":""},"categories":[3],"tags":[2186,1821,3529,3530,2896,1777,3254],"class_list":["post-20725","post","type-post","status-publish","format-standard","has-post-thumbnail","hentry","category-architecture-et-design","tag-amsterdam","tag-architecture-dinterieur","tag-jardin-interieur","tag-maison-de-retraite","tag-materiaux-durables","tag-mobile","tag-pays-bas"],"acf":[],"yoast_head":"<!-- This site is optimized with the Yoast SEO plugin v24.8.1 - https:\/\/yoast.com\/wordpress\/plugins\/seo\/ -->\n<title>Un jardin int\u00e9rieur mobile pour une maison de retraite &#8211; ArchiBat Mag<\/title>\n<meta name=\"robots\" content=\"index, follow, max-snippet:-1, max-image-preview:large, max-video-preview:-1\" \/>\n<link rel=\"canonical\" href=\"https:\/\/archibat.com\/blog\/un-jardin-interieur-mobile-pour-une-maison-de-retraite\/\" \/>\n<meta property=\"og:locale\" content=\"fr_FR\" \/>\n<meta property=\"og:type\" content=\"article\" \/>\n<meta property=\"og:title\" content=\"Un jardin int\u00e9rieur mobile pour une maison de retraite &#8211; ArchiBat Mag\" \/>\n<meta property=\"og:description\" content=\"Les agences d\u2019architecture D\/DOCK et MOSS ont cr\u00e9\u00e9 un jardin int\u00e9rieur mobile pour une maison de retraite \u00e0 Amsterdam, exclusivement r\u00e9alis\u00e9 en mat\u00e9riaux durables. Un\u2026\" \/>\n<meta property=\"og:url\" content=\"https:\/\/archibat.com\/blog\/un-jardin-interieur-mobile-pour-une-maison-de-retraite\/\" \/>\n<meta property=\"og:site_name\" content=\"ArchiBat Mag\" \/>\n<meta property=\"article:published_time\" content=\"2023-04-18T12:00:00+00:00\" \/>\n<meta property=\"article:modified_time\" content=\"2023-04-18T17:02:55+00:00\" \/>\n<meta property=\"og:image\" content=\"https:\/\/archibat.com\/blog\/wp-content\/uploads\/2023\/04\/archibat-mag-cover-un-jardin-interieur-mobile-pour-une-maison-de-retraite.jpg\" \/>\n\t<meta property=\"og:image:width\" content=\"2400\" \/>\n\t<meta property=\"og:image:height\" content=\"1601\" \/>\n\t<meta property=\"og:image:type\" content=\"image\/jpeg\" \/>\n<meta name=\"author\" content=\"communication\" \/>\n<meta name=\"twitter:card\" content=\"summary_large_image\" \/>\n<meta name=\"twitter:label1\" content=\"\u00c9crit par\" \/>\n\t<meta name=\"twitter:data1\" content=\"communication\" \/>\n\t<meta name=\"twitter:label2\" content=\"Dur\u00e9e de lecture estim\u00e9e\" \/>\n\t<meta name=\"twitter:data2\" content=\"3 minutes\" \/>\n<script type=\"application\/ld+json\" class=\"yoast-schema-graph\">{\"@context\":\"https:\/\/schema.org\",\"@graph\":[{\"@type\":\"WebPage\",\"@id\":\"https:\/\/archibat.com\/blog\/un-jardin-interieur-mobile-pour-une-maison-de-retraite\/\",\"url\":\"https:\/\/archibat.com\/blog\/un-jardin-interieur-mobile-pour-une-maison-de-retraite\/\",\"name\":\"Un jardin int\u00e9rieur mobile pour une maison de retraite &#8211; ArchiBat Mag\",\"isPartOf\":{\"@id\":\"https:\/\/archibat.com\/blog\/#website\"},\"primaryImageOfPage\":{\"@id\":\"https:\/\/archibat.com\/blog\/un-jardin-interieur-mobile-pour-une-maison-de-retraite\/#primaryimage\"},\"image\":{\"@id\":\"https:\/\/archibat.com\/blog\/un-jardin-interieur-mobile-pour-une-maison-de-retraite\/#primaryimage\"},\"thumbnailUrl\":\"https:\/\/archibat.com\/blog\/wp-content\/uploads\/2023\/04\/archibat-mag-cover-un-jardin-interieur-mobile-pour-une-maison-de-retraite.jpg\",\"datePublished\":\"2023-04-18T12:00:00+00:00\",\"dateModified\":\"2023-04-18T17:02:55+00:00\",\"author\":{\"@id\":\"https:\/\/archibat.com\/blog\/#\/schema\/person\/c246f0d63b5e719c2cbe4f9bd494bf12\"},\"breadcrumb\":{\"@id\":\"https:\/\/archibat.com\/blog\/un-jardin-interieur-mobile-pour-une-maison-de-retraite\/#breadcrumb\"},\"inLanguage\":\"fr-FR\",\"potentialAction\":[{\"@type\":\"ReadAction\",\"target\":[\"https:\/\/archibat.com\/blog\/un-jardin-interieur-mobile-pour-une-maison-de-retraite\/\"]}]},{\"@type\":\"ImageObject\",\"inLanguage\":\"fr-FR\",\"@id\":\"https:\/\/archibat.com\/blog\/un-jardin-interieur-mobile-pour-une-maison-de-retraite\/#primaryimage\",\"url\":\"https:\/\/archibat.com\/blog\/wp-content\/uploads\/2023\/04\/archibat-mag-cover-un-jardin-interieur-mobile-pour-une-maison-de-retraite.jpg\",\"contentUrl\":\"https:\/\/archibat.com\/blog\/wp-content\/uploads\/2023\/04\/archibat-mag-cover-un-jardin-interieur-mobile-pour-une-maison-de-retraite.jpg\",\"width\":2400,\"height\":1601,\"caption\":\"un-jardin-interieur-mobile-dans-une-maison-de-retraite\"},{\"@type\":\"BreadcrumbList\",\"@id\":\"https:\/\/archibat.com\/blog\/un-jardin-interieur-mobile-pour-une-maison-de-retraite\/#breadcrumb\",\"itemListElement\":[{\"@type\":\"ListItem\",\"position\":1,\"name\":\"Home\",\"item\":\"https:\/\/archibat.com\/blog\/\"},{\"@type\":\"ListItem\",\"position\":2,\"name\":\"Un jardin int\u00e9rieur mobile pour une maison de retraite\"}]},{\"@type\":\"WebSite\",\"@id\":\"https:\/\/archibat.com\/blog\/#website\",\"url\":\"https:\/\/archibat.com\/blog\/\",\"name\":\"ArchiBat Mag\",\"description\":\"Vous souhaitez connaitre les derni\u00e8res actualit\u00e9s sur l\u2019Architecture, le Design ou les Ressources Humaines ? D\u00e9couvrez ArchiBat Mag, le magazine d\u00e9di\u00e9 aux m\u00e9tiers de l&#039;Architecture et de l&#039;Ing\u00e9nierie.\",\"potentialAction\":[{\"@type\":\"SearchAction\",\"target\":{\"@type\":\"EntryPoint\",\"urlTemplate\":\"https:\/\/archibat.com\/blog\/?s={search_term_string}\"},\"query-input\":{\"@type\":\"PropertyValueSpecification\",\"valueRequired\":true,\"valueName\":\"search_term_string\"}}],\"inLanguage\":\"fr-FR\"},{\"@type\":\"Person\",\"@id\":\"https:\/\/archibat.com\/blog\/#\/schema\/person\/c246f0d63b5e719c2cbe4f9bd494bf12\",\"name\":\"communication\"}]}<\/script>\n<!-- \/ Yoast SEO plugin. -->","yoast_head_json":{"title":"Un jardin int\u00e9rieur mobile pour une maison de retraite &#8211; ArchiBat Mag","robots":{"index":"index","follow":"follow","max-snippet":"max-snippet:-1","max-image-preview":"max-image-preview:large","max-video-preview":"max-video-preview:-1"},"canonical":"https:\/\/archibat.com\/blog\/un-jardin-interieur-mobile-pour-une-maison-de-retraite\/","og_locale":"fr_FR","og_type":"article","og_title":"Un jardin int\u00e9rieur mobile pour une maison de retraite &#8211; ArchiBat Mag","og_description":"Les agences d\u2019architecture D\/DOCK et MOSS ont cr\u00e9\u00e9 un jardin int\u00e9rieur mobile pour une maison de retraite \u00e0 Amsterdam, exclusivement r\u00e9alis\u00e9 en mat\u00e9riaux durables. Un\u2026","og_url":"https:\/\/archibat.com\/blog\/un-jardin-interieur-mobile-pour-une-maison-de-retraite\/","og_site_name":"ArchiBat Mag","article_published_time":"2023-04-18T12:00:00+00:00","article_modified_time":"2023-04-18T17:02:55+00:00","og_image":[{"width":2400,"height":1601,"url":"https:\/\/archibat.com\/blog\/wp-content\/uploads\/2023\/04\/archibat-mag-cover-un-jardin-interieur-mobile-pour-une-maison-de-retraite.jpg","type":"image\/jpeg"}],"author":"communication","twitter_card":"summary_large_image","twitter_misc":{"\u00c9crit par":"communication","Dur\u00e9e de lecture estim\u00e9e":"3 minutes"},"schema":{"@context":"https:\/\/schema.org","@graph":[{"@type":"WebPage","@id":"https:\/\/archibat.com\/blog\/un-jardin-interieur-mobile-pour-une-maison-de-retraite\/","url":"https:\/\/archibat.com\/blog\/un-jardin-interieur-mobile-pour-une-maison-de-retraite\/","name":"Un jardin int\u00e9rieur mobile pour une maison de retraite &#8211; ArchiBat Mag","isPartOf":{"@id":"https:\/\/archibat.com\/blog\/#website"},"primaryImageOfPage":{"@id":"https:\/\/archibat.com\/blog\/un-jardin-interieur-mobile-pour-une-maison-de-retraite\/#primaryimage"},"image":{"@id":"https:\/\/archibat.com\/blog\/un-jardin-interieur-mobile-pour-une-maison-de-retraite\/#primaryimage"},"thumbnailUrl":"https:\/\/archibat.com\/blog\/wp-content\/uploads\/2023\/04\/archibat-mag-cover-un-jardin-interieur-mobile-pour-une-maison-de-retraite.jpg","datePublished":"2023-04-18T12:00:00+00:00","dateModified":"2023-04-18T17:02:55+00:00","author":{"@id":"https:\/\/archibat.com\/blog\/#\/schema\/person\/c246f0d63b5e719c2cbe4f9bd494bf12"},"breadcrumb":{"@id":"https:\/\/archibat.com\/blog\/un-jardin-interieur-mobile-pour-une-maison-de-retraite\/#breadcrumb"},"inLanguage":"fr-FR","potentialAction":[{"@type":"ReadAction","target":["https:\/\/archibat.com\/blog\/un-jardin-interieur-mobile-pour-une-maison-de-retraite\/"]}]},{"@type":"ImageObject","inLanguage":"fr-FR","@id":"https:\/\/archibat.com\/blog\/un-jardin-interieur-mobile-pour-une-maison-de-retraite\/#primaryimage","url":"https:\/\/archibat.com\/blog\/wp-content\/uploads\/2023\/04\/archibat-mag-cover-un-jardin-interieur-mobile-pour-une-maison-de-retraite.jpg","contentUrl":"https:\/\/archibat.com\/blog\/wp-content\/uploads\/2023\/04\/archibat-mag-cover-un-jardin-interieur-mobile-pour-une-maison-de-retraite.jpg","width":2400,"height":1601,"caption":"un-jardin-interieur-mobile-dans-une-maison-de-retraite"},{"@type":"BreadcrumbList","@id":"https:\/\/archibat.com\/blog\/un-jardin-interieur-mobile-pour-une-maison-de-retraite\/#breadcrumb","itemListElement":[{"@type":"ListItem","position":1,"name":"Home","item":"https:\/\/archibat.com\/blog\/"},{"@type":"ListItem","position":2,"name":"Un jardin int\u00e9rieur mobile pour une maison de retraite"}]},{"@type":"WebSite","@id":"https:\/\/archibat.com\/blog\/#website","url":"https:\/\/archibat.com\/blog\/","name":"ArchiBat Mag","description":"Vous souhaitez connaitre les derni\u00e8res actualit\u00e9s sur l\u2019Architecture, le Design ou les Ressources Humaines ? D\u00e9couvrez ArchiBat Mag, le magazine d\u00e9di\u00e9 aux m\u00e9tiers de l&#039;Architecture et de l&#039;Ing\u00e9nierie.","potentialAction":[{"@type":"SearchAction","target":{"@type":"EntryPoint","urlTemplate":"https:\/\/archibat.com\/blog\/?s={search_term_string}"},"query-input":{"@type":"PropertyValueSpecification","valueRequired":true,"valueName":"search_term_string"}}],"inLanguage":"fr-FR"},{"@type":"Person","@id":"https:\/\/archibat.com\/blog\/#\/schema\/person\/c246f0d63b5e719c2cbe4f9bd494bf12","name":"communication"}]}},"_links":{"self":[{"href":"https:\/\/archibat.com\/blog\/wp-json\/wp\/v2\/posts\/20725","targetHints":{"allow":["GET"]}}],"collection":[{"href":"https:\/\/archibat.com\/blog\/wp-json\/wp\/v2\/posts"}],"about":[{"href":"https:\/\/archibat.com\/blog\/wp-json\/wp\/v2\/types\/post"}],"author":[{"embeddable":true,"href":"https:\/\/archibat.com\/blog\/wp-json\/wp\/v2\/users\/2"}],"replies":[{"embeddable":true,"href":"https:\/\/archibat.com\/blog\/wp-json\/wp\/v2\/comments?post=20725"}],"version-history":[{"count":3,"href":"https:\/\/archibat.com\/blog\/wp-json\/wp\/v2\/posts\/20725\/revisions"}],"predecessor-version":[{"id":20851,"href":"https:\/\/archibat.com\/blog\/wp-json\/wp\/v2\/posts\/20725\/revisions\/20851"}],"wp:featuredmedia":[{"embeddable":true,"href":"https:\/\/archibat.com\/blog\/wp-json\/wp\/v2\/media\/20726"}],"wp:attachment":[{"href":"https:\/\/archibat.com\/blog\/wp-json\/wp\/v2\/media?parent=20725"}],"wp:term":[{"taxonomy":"category","embeddable":true,"href":"https:\/\/archibat.com\/blog\/wp-json\/wp\/v2\/categories?post=20725"},{"taxonomy":"post_tag","embeddable":true,"href":"https:\/\/archibat.com\/blog\/wp-json\/wp\/v2\/tags?post=20725"}],"curies":[{"name":"wp","href":"https:\/\/api.w.org\/{rel}","templated":true}]}}