{"id":21696,"date":"2023-09-26T14:00:22","date_gmt":"2023-09-26T12:00:22","guid":{"rendered":"https:\/\/archibat.com\/blog\/?p=21696"},"modified":"2023-09-29T16:23:03","modified_gmt":"2023-09-29T14:23:03","slug":"une-creche-a-hauteur-denfant-au-japon","status":"publish","type":"post","link":"https:\/\/archibat.com\/blog\/une-creche-a-hauteur-denfant-au-japon\/","title":{"rendered":"Une cr\u00e8che \u00e0 hauteur d\u2019enfant au Japon"},"content":{"rendered":"\n<p>Ce projet de cr\u00e8che con\u00e7u par l\u2019agence TERRAIN architects est situ\u00e9 \u00e0 Kashimada, un quartier de la banlieue de Tokyo. Connu pour attirer de nombreuses familles avec enfants, ce quartier jouxte une zone d\u2019activit\u00e9 entour\u00e9e d\u2019un habitat r\u00e9sidentiel. L\u2019installation d\u2019une cr\u00e8che \u00e9tait donc une n\u00e9cessit\u00e9.&nbsp;<\/p>\n\n\n\n<figure class=\"wp-block-image size-large\"><img loading=\"lazy\" decoding=\"async\" width=\"716\" height=\"480\" src=\"https:\/\/archibat.com\/blog\/wp-content\/uploads\/2023\/09\/archibat-mag-01-une-creche-au-Japon-716x480.jpg\" alt=\"\" class=\"wp-image-21703\" srcset=\"https:\/\/archibat.com\/blog\/wp-content\/uploads\/2023\/09\/archibat-mag-01-une-creche-au-Japon-716x480.jpg 716w, https:\/\/archibat.com\/blog\/wp-content\/uploads\/2023\/09\/archibat-mag-01-une-creche-au-Japon-300x201.jpg 300w, https:\/\/archibat.com\/blog\/wp-content\/uploads\/2023\/09\/archibat-mag-01-une-creche-au-Japon-768x515.jpg 768w, https:\/\/archibat.com\/blog\/wp-content\/uploads\/2023\/09\/archibat-mag-01-une-creche-au-Japon.jpg 1492w\" sizes=\"auto, (max-width: 716px) 100vw, 716px\" \/><\/figure>\n\n\n\n<p>Le site choisi se situe entre une route passante et une promenade pi\u00e9tonne de type coul\u00e9e verte tr\u00e8s fr\u00e9quent\u00e9e par les habitants. Il est entour\u00e9 de diff\u00e9rents \u00e9quipements publics tels qu&rsquo;une caserne de pompiers, les bureaux du service des eaux ainsi que de nombreuses maisons.&nbsp;<\/p>\n\n\n\n<figure class=\"wp-block-image size-large is-resized\"><img loading=\"lazy\" decoding=\"async\" src=\"https:\/\/archibat.com\/blog\/wp-content\/uploads\/2023\/09\/archibat-mag-06-une-creche-au-Japon-720x480.jpg\" alt=\"\" class=\"wp-image-21707\" width=\"1449\" height=\"966\" srcset=\"https:\/\/archibat.com\/blog\/wp-content\/uploads\/2023\/09\/archibat-mag-06-une-creche-au-Japon-720x480.jpg 720w, https:\/\/archibat.com\/blog\/wp-content\/uploads\/2023\/09\/archibat-mag-06-une-creche-au-Japon-300x200.jpg 300w, https:\/\/archibat.com\/blog\/wp-content\/uploads\/2023\/09\/archibat-mag-06-une-creche-au-Japon-768x511.jpg 768w, https:\/\/archibat.com\/blog\/wp-content\/uploads\/2023\/09\/archibat-mag-06-une-creche-au-Japon-1440x960.jpg 1440w, https:\/\/archibat.com\/blog\/wp-content\/uploads\/2023\/09\/archibat-mag-06-une-creche-au-Japon-960x640.jpg 960w, https:\/\/archibat.com\/blog\/wp-content\/uploads\/2023\/09\/archibat-mag-06-une-creche-au-Japon-350x233.jpg 350w, https:\/\/archibat.com\/blog\/wp-content\/uploads\/2023\/09\/archibat-mag-06-une-creche-au-Japon-700x466.jpg 700w, https:\/\/archibat.com\/blog\/wp-content\/uploads\/2023\/09\/archibat-mag-06-une-creche-au-Japon.jpg 1502w\" sizes=\"auto, (max-width: 1449px) 100vw, 1449px\" \/><\/figure>\n\n\n\n<p>Le b\u00e2timent en bois de deux \u00e9tages a \u00e9t\u00e9 construit sur un ancien site industriel assurant la distribution de l\u2019eau. Le b\u00e2timent est astucieusement implant\u00e9 au c\u0153ur de la communaut\u00e9 et cr\u00e9e, de par sa position, un pont entre les g\u00e9n\u00e9rations.&nbsp;<\/p>\n\n\n\n<figure class=\"wp-block-image size-large\"><img loading=\"lazy\" decoding=\"async\" width=\"720\" height=\"480\" src=\"https:\/\/archibat.com\/blog\/wp-content\/uploads\/2023\/09\/archibat-mag-08-une-creche-au-Japon-720x480.jpg\" alt=\"\" class=\"wp-image-21709\" srcset=\"https:\/\/archibat.com\/blog\/wp-content\/uploads\/2023\/09\/archibat-mag-08-une-creche-au-Japon-720x480.jpg 720w, https:\/\/archibat.com\/blog\/wp-content\/uploads\/2023\/09\/archibat-mag-08-une-creche-au-Japon-300x200.jpg 300w, https:\/\/archibat.com\/blog\/wp-content\/uploads\/2023\/09\/archibat-mag-08-une-creche-au-Japon-768x512.jpg 768w, https:\/\/archibat.com\/blog\/wp-content\/uploads\/2023\/09\/archibat-mag-08-une-creche-au-Japon-1440x960.jpg 1440w, https:\/\/archibat.com\/blog\/wp-content\/uploads\/2023\/09\/archibat-mag-08-une-creche-au-Japon-960x640.jpg 960w, https:\/\/archibat.com\/blog\/wp-content\/uploads\/2023\/09\/archibat-mag-08-une-creche-au-Japon-350x233.jpg 350w, https:\/\/archibat.com\/blog\/wp-content\/uploads\/2023\/09\/archibat-mag-08-une-creche-au-Japon-700x466.jpg 700w, https:\/\/archibat.com\/blog\/wp-content\/uploads\/2023\/09\/archibat-mag-08-une-creche-au-Japon.jpg 1500w\" sizes=\"auto, (max-width: 720px) 100vw, 720px\" \/><\/figure>\n\n\n\n<p>Depuis la coul\u00e9e verte adjacente, dot\u00e9e de grands arbres et de bancs, les passants peuvent voir la cour de r\u00e9cr\u00e9ation et l&rsquo;aire de jeux. Depuis la cr\u00e8che, on peut observer les personnes \u00e2g\u00e9es qui se prom\u00e8nent sur ce chemin bois\u00e9.&nbsp;<\/p>\n\n\n\n<figure class=\"wp-block-image size-large\"><img loading=\"lazy\" decoding=\"async\" width=\"720\" height=\"480\" src=\"https:\/\/archibat.com\/blog\/wp-content\/uploads\/2023\/09\/archibat-mag-03-une-creche-au-Japon.jpg-720x480.jpg\" alt=\"\" class=\"wp-image-21737\" srcset=\"https:\/\/archibat.com\/blog\/wp-content\/uploads\/2023\/09\/archibat-mag-03-une-creche-au-Japon.jpg-720x480.jpg 720w, https:\/\/archibat.com\/blog\/wp-content\/uploads\/2023\/09\/archibat-mag-03-une-creche-au-Japon.jpg-300x200.jpg 300w, https:\/\/archibat.com\/blog\/wp-content\/uploads\/2023\/09\/archibat-mag-03-une-creche-au-Japon.jpg-768x512.jpg 768w, https:\/\/archibat.com\/blog\/wp-content\/uploads\/2023\/09\/archibat-mag-03-une-creche-au-Japon.jpg-1440x960.jpg 1440w, https:\/\/archibat.com\/blog\/wp-content\/uploads\/2023\/09\/archibat-mag-03-une-creche-au-Japon.jpg-960x640.jpg 960w, https:\/\/archibat.com\/blog\/wp-content\/uploads\/2023\/09\/archibat-mag-03-une-creche-au-Japon.jpg-350x233.jpg 350w, https:\/\/archibat.com\/blog\/wp-content\/uploads\/2023\/09\/archibat-mag-03-une-creche-au-Japon.jpg-700x466.jpg 700w, https:\/\/archibat.com\/blog\/wp-content\/uploads\/2023\/09\/archibat-mag-03-une-creche-au-Japon.jpg.jpg 1500w\" sizes=\"auto, (max-width: 720px) 100vw, 720px\" \/><\/figure>\n\n\n\n<figure class=\"wp-block-image size-large\"><img loading=\"lazy\" decoding=\"async\" width=\"720\" height=\"480\" src=\"https:\/\/archibat.com\/blog\/wp-content\/uploads\/2023\/09\/archibat-mag-09-une-creche-au-Japon-720x480.jpg\" alt=\"\" class=\"wp-image-21711\" srcset=\"https:\/\/archibat.com\/blog\/wp-content\/uploads\/2023\/09\/archibat-mag-09-une-creche-au-Japon-720x480.jpg 720w, https:\/\/archibat.com\/blog\/wp-content\/uploads\/2023\/09\/archibat-mag-09-une-creche-au-Japon-300x200.jpg 300w, https:\/\/archibat.com\/blog\/wp-content\/uploads\/2023\/09\/archibat-mag-09-une-creche-au-Japon-768x512.jpg 768w, https:\/\/archibat.com\/blog\/wp-content\/uploads\/2023\/09\/archibat-mag-09-une-creche-au-Japon-1440x960.jpg 1440w, https:\/\/archibat.com\/blog\/wp-content\/uploads\/2023\/09\/archibat-mag-09-une-creche-au-Japon-960x640.jpg 960w, https:\/\/archibat.com\/blog\/wp-content\/uploads\/2023\/09\/archibat-mag-09-une-creche-au-Japon-350x233.jpg 350w, https:\/\/archibat.com\/blog\/wp-content\/uploads\/2023\/09\/archibat-mag-09-une-creche-au-Japon-700x466.jpg 700w, https:\/\/archibat.com\/blog\/wp-content\/uploads\/2023\/09\/archibat-mag-09-une-creche-au-Japon.jpg 1500w\" sizes=\"auto, (max-width: 720px) 100vw, 720px\" \/><\/figure>\n\n\n\n<p>Apr\u00e8s avoir pass\u00e9 une longue p\u00e9riode \u00e0 observer les jeunes enfants, les architectes ont constat\u00e9 que la dimension sp\u00e9cifique cr\u00e9\u00e9e par la combinaison de 8 tatamis (hachijyo-ma) correspondait bien \u00e0 leur taille et \u00e0 leurs mouvements. Ainsi, chaque pi\u00e8ce de la cr\u00e8che dispos\u00e9e en moulin \u00e0 vent, se compose de quatre de ces tatamis entourant la colonne du poteau central, d\u00e9cal\u00e9s de 3,64 m l\u2019un de l\u2019autre (longueur cr\u00e9\u00e9e par deux tatamis ou futa-ma).<\/p>\n\n\n\n<figure class=\"wp-block-image size-large\"><img loading=\"lazy\" decoding=\"async\" width=\"720\" height=\"480\" src=\"https:\/\/archibat.com\/blog\/wp-content\/uploads\/2023\/09\/archibat-mag-07-une-creche-au-Japon-1-720x480.jpg\" alt=\"\" class=\"wp-image-21739\" srcset=\"https:\/\/archibat.com\/blog\/wp-content\/uploads\/2023\/09\/archibat-mag-07-une-creche-au-Japon-1-720x480.jpg 720w, https:\/\/archibat.com\/blog\/wp-content\/uploads\/2023\/09\/archibat-mag-07-une-creche-au-Japon-1-300x200.jpg 300w, https:\/\/archibat.com\/blog\/wp-content\/uploads\/2023\/09\/archibat-mag-07-une-creche-au-Japon-1-768x511.jpg 768w, https:\/\/archibat.com\/blog\/wp-content\/uploads\/2023\/09\/archibat-mag-07-une-creche-au-Japon-1-1440x960.jpg 1440w, https:\/\/archibat.com\/blog\/wp-content\/uploads\/2023\/09\/archibat-mag-07-une-creche-au-Japon-1-960x640.jpg 960w, https:\/\/archibat.com\/blog\/wp-content\/uploads\/2023\/09\/archibat-mag-07-une-creche-au-Japon-1-350x233.jpg 350w, https:\/\/archibat.com\/blog\/wp-content\/uploads\/2023\/09\/archibat-mag-07-une-creche-au-Japon-1-700x466.jpg 700w, https:\/\/archibat.com\/blog\/wp-content\/uploads\/2023\/09\/archibat-mag-07-une-creche-au-Japon-1.jpg 1502w\" sizes=\"auto, (max-width: 720px) 100vw, 720px\" \/><\/figure>\n\n\n\n<figure class=\"wp-block-image size-large is-resized\"><img loading=\"lazy\" decoding=\"async\" src=\"https:\/\/archibat.com\/blog\/wp-content\/uploads\/2023\/09\/archibat-mag-13-une-creche-au-Japon-2-320x480.jpg\" alt=\"\" class=\"wp-image-21735\" width=\"1450\" height=\"2173\" srcset=\"https:\/\/archibat.com\/blog\/wp-content\/uploads\/2023\/09\/archibat-mag-13-une-creche-au-Japon-2-320x480.jpg 320w, https:\/\/archibat.com\/blog\/wp-content\/uploads\/2023\/09\/archibat-mag-13-une-creche-au-Japon-2-200x300.jpg 200w, https:\/\/archibat.com\/blog\/wp-content\/uploads\/2023\/09\/archibat-mag-13-une-creche-au-Japon-2.jpg 667w\" sizes=\"auto, (max-width: 1450px) 100vw, 1450px\" \/><\/figure>\n\n\n\n<figure class=\"wp-block-image size-large is-resized\"><img loading=\"lazy\" decoding=\"async\" src=\"https:\/\/archibat.com\/blog\/wp-content\/uploads\/2023\/09\/archibat-mag-1-une-creche-au-Japon-444x480.jpg\" alt=\"\" class=\"wp-image-21713\" width=\"1450\" height=\"1568\" srcset=\"https:\/\/archibat.com\/blog\/wp-content\/uploads\/2023\/09\/archibat-mag-1-une-creche-au-Japon-444x480.jpg 444w, https:\/\/archibat.com\/blog\/wp-content\/uploads\/2023\/09\/archibat-mag-1-une-creche-au-Japon-278x300.jpg 278w, https:\/\/archibat.com\/blog\/wp-content\/uploads\/2023\/09\/archibat-mag-1-une-creche-au-Japon-768x830.jpg 768w, https:\/\/archibat.com\/blog\/wp-content\/uploads\/2023\/09\/archibat-mag-1-une-creche-au-Japon.jpg 925w\" sizes=\"auto, (max-width: 1450px) 100vw, 1450px\" \/><\/figure>\n\n\n\n<figure class=\"wp-block-image size-large is-resized\"><img loading=\"lazy\" decoding=\"async\" src=\"https:\/\/archibat.com\/blog\/wp-content\/uploads\/2023\/09\/230823-english-plan-2f-2-432x480.jpg\" alt=\"\" class=\"wp-image-21719\" width=\"1450\" height=\"1610\" srcset=\"https:\/\/archibat.com\/blog\/wp-content\/uploads\/2023\/09\/230823-english-plan-2f-2-432x480.jpg 432w, https:\/\/archibat.com\/blog\/wp-content\/uploads\/2023\/09\/230823-english-plan-2f-2-270x300.jpg 270w, https:\/\/archibat.com\/blog\/wp-content\/uploads\/2023\/09\/230823-english-plan-2f-2-768x853.jpg 768w, https:\/\/archibat.com\/blog\/wp-content\/uploads\/2023\/09\/230823-english-plan-2f-2.jpg 900w\" sizes=\"auto, (max-width: 1450px) 100vw, 1450px\" \/><\/figure>\n\n\n\n<p>Chacune des quatre ambiances de la cr\u00e8che se partagent une pi\u00e8ce appel\u00e9e \u00ab Junk-Box \u00bb. C&rsquo;est un espace de rangement de type Montessori o\u00f9 les \u00e9tag\u00e8res sont \u00e0 la hauteur des enfants afin qu\u2019ils puissent choisir des jeux en autonomie. Des placards de taille normale permettent aussi de stocker des objets hors de port\u00e9e des enfants. D\u2019autres espaces communs, tels que les toilettes, sont \u00e9galement pr\u00e9vus \u00e0 cet endroit. C\u2019est un lieu central qui fonctionne comme une entr\u00e9e reliant les quatre salles de la cr\u00e8che.<\/p>\n\n\n\n<figure class=\"wp-block-image size-large\"><img loading=\"lazy\" decoding=\"async\" width=\"720\" height=\"480\" src=\"https:\/\/archibat.com\/blog\/wp-content\/uploads\/2023\/09\/archibat-mag-10-une-creche-au-Japon-1-720x480.jpg\" alt=\"\" class=\"wp-image-21723\" srcset=\"https:\/\/archibat.com\/blog\/wp-content\/uploads\/2023\/09\/archibat-mag-10-une-creche-au-Japon-1-720x480.jpg 720w, https:\/\/archibat.com\/blog\/wp-content\/uploads\/2023\/09\/archibat-mag-10-une-creche-au-Japon-1-300x200.jpg 300w, https:\/\/archibat.com\/blog\/wp-content\/uploads\/2023\/09\/archibat-mag-10-une-creche-au-Japon-1-768x512.jpg 768w, https:\/\/archibat.com\/blog\/wp-content\/uploads\/2023\/09\/archibat-mag-10-une-creche-au-Japon-1-1440x960.jpg 1440w, https:\/\/archibat.com\/blog\/wp-content\/uploads\/2023\/09\/archibat-mag-10-une-creche-au-Japon-1-960x640.jpg 960w, https:\/\/archibat.com\/blog\/wp-content\/uploads\/2023\/09\/archibat-mag-10-une-creche-au-Japon-1-350x233.jpg 350w, https:\/\/archibat.com\/blog\/wp-content\/uploads\/2023\/09\/archibat-mag-10-une-creche-au-Japon-1-700x466.jpg 700w, https:\/\/archibat.com\/blog\/wp-content\/uploads\/2023\/09\/archibat-mag-10-une-creche-au-Japon-1.jpg 1500w\" sizes=\"auto, (max-width: 720px) 100vw, 720px\" \/><\/figure>\n\n\n\n<figure class=\"wp-block-image size-large is-resized\"><img loading=\"lazy\" decoding=\"async\" src=\"https:\/\/archibat.com\/blog\/wp-content\/uploads\/2023\/09\/archibat-mag-12-une-creche-au-Japon-320x480.jpg\" alt=\"\" class=\"wp-image-21725\" width=\"1450\" height=\"2173\" srcset=\"https:\/\/archibat.com\/blog\/wp-content\/uploads\/2023\/09\/archibat-mag-12-une-creche-au-Japon-320x480.jpg 320w, https:\/\/archibat.com\/blog\/wp-content\/uploads\/2023\/09\/archibat-mag-12-une-creche-au-Japon-200x300.jpg 200w, https:\/\/archibat.com\/blog\/wp-content\/uploads\/2023\/09\/archibat-mag-12-une-creche-au-Japon.jpg 667w\" sizes=\"auto, (max-width: 1450px) 100vw, 1450px\" \/><\/figure>\n\n\n\n<p>La cr\u00e8che se compose de deux b\u00e2timents connect\u00e9s entre eux par un couloir \u00e9troit. Chaque b\u00e2timent est ind\u00e9pendant et applique le m\u00eame m\u00e9canisme structurel. Les murs porteurs sont plac\u00e9s strat\u00e9giquement autour de la \u00ab Junk-Box \u00bb, cr\u00e9ant ainsi un espace central faisant office d\u2019entr\u00e9e et favorisant la connexion entre l&rsquo;ext\u00e9rieur et l&rsquo;int\u00e9rieur. Ce plan en moulin \u00e0 vent, ainsi que l\u2019utilisation d\u2019\u00e9l\u00e9ments structurels tels que des rondins et des poutres, sugg\u00e8rent en douceur un mouvement permanent.<\/p>\n\n\n\n<figure class=\"wp-block-image size-large\"><img loading=\"lazy\" decoding=\"async\" width=\"720\" height=\"480\" src=\"https:\/\/archibat.com\/blog\/wp-content\/uploads\/2023\/09\/archibat-mag-02-une-creche-au-Japon.jpg-720x480.jpg\" alt=\"\" class=\"wp-image-21733\" srcset=\"https:\/\/archibat.com\/blog\/wp-content\/uploads\/2023\/09\/archibat-mag-02-une-creche-au-Japon.jpg-720x480.jpg 720w, https:\/\/archibat.com\/blog\/wp-content\/uploads\/2023\/09\/archibat-mag-02-une-creche-au-Japon.jpg-300x200.jpg 300w, https:\/\/archibat.com\/blog\/wp-content\/uploads\/2023\/09\/archibat-mag-02-une-creche-au-Japon.jpg-768x512.jpg 768w, https:\/\/archibat.com\/blog\/wp-content\/uploads\/2023\/09\/archibat-mag-02-une-creche-au-Japon.jpg-1440x960.jpg 1440w, https:\/\/archibat.com\/blog\/wp-content\/uploads\/2023\/09\/archibat-mag-02-une-creche-au-Japon.jpg-960x640.jpg 960w, https:\/\/archibat.com\/blog\/wp-content\/uploads\/2023\/09\/archibat-mag-02-une-creche-au-Japon.jpg-350x233.jpg 350w, https:\/\/archibat.com\/blog\/wp-content\/uploads\/2023\/09\/archibat-mag-02-une-creche-au-Japon.jpg-700x466.jpg 700w, https:\/\/archibat.com\/blog\/wp-content\/uploads\/2023\/09\/archibat-mag-02-une-creche-au-Japon.jpg.jpg 1500w\" sizes=\"auto, (max-width: 720px) 100vw, 720px\" \/><\/figure>\n\n\n\n<figure class=\"wp-block-image size-large\"><img loading=\"lazy\" decoding=\"async\" width=\"720\" height=\"480\" src=\"https:\/\/archibat.com\/blog\/wp-content\/uploads\/2023\/09\/archibat-mag-05-une-creche-au-Japon.jpg-720x480.jpg\" alt=\"\" class=\"wp-image-21729\" srcset=\"https:\/\/archibat.com\/blog\/wp-content\/uploads\/2023\/09\/archibat-mag-05-une-creche-au-Japon.jpg-720x480.jpg 720w, https:\/\/archibat.com\/blog\/wp-content\/uploads\/2023\/09\/archibat-mag-05-une-creche-au-Japon.jpg-300x200.jpg 300w, https:\/\/archibat.com\/blog\/wp-content\/uploads\/2023\/09\/archibat-mag-05-une-creche-au-Japon.jpg-768x512.jpg 768w, https:\/\/archibat.com\/blog\/wp-content\/uploads\/2023\/09\/archibat-mag-05-une-creche-au-Japon.jpg-1440x960.jpg 1440w, https:\/\/archibat.com\/blog\/wp-content\/uploads\/2023\/09\/archibat-mag-05-une-creche-au-Japon.jpg-960x640.jpg 960w, https:\/\/archibat.com\/blog\/wp-content\/uploads\/2023\/09\/archibat-mag-05-une-creche-au-Japon.jpg-350x233.jpg 350w, https:\/\/archibat.com\/blog\/wp-content\/uploads\/2023\/09\/archibat-mag-05-une-creche-au-Japon.jpg-700x466.jpg 700w, https:\/\/archibat.com\/blog\/wp-content\/uploads\/2023\/09\/archibat-mag-05-une-creche-au-Japon.jpg.jpg 1500w\" sizes=\"auto, (max-width: 720px) 100vw, 720px\" \/><\/figure>\n\n\n\n<p><strong>Architectes : <\/strong>TERRAIN architects<\/p>\n\n\n\n<p><strong>Cr\u00e9dits photos :<\/strong> Yuichi Higurashi<\/p>\n\n\n\n<hr class=\"wp-block-separator\"\/>\n\n\n\n<p><strong>Vous recherchez un poste en Architecture ?<\/strong><a rel=\"noreferrer noopener\" href=\"https:\/\/archibat.com\/fr\/offres-demploi\" target=\"_blank\">&nbsp;D\u00e9couvrez nos offres d\u2019emploi !<\/a><\/p>\n","protected":false},"excerpt":{"rendered":"<p>Ce projet de cr\u00e8che con\u00e7u par l\u2019agence TERRAIN architects est situ\u00e9 \u00e0 Kashimada, un quartier de la banlieue de Tokyo. Connu pour attirer de nombreuses\u2026<\/p>\n","protected":false},"author":2,"featured_media":21747,"comment_status":"closed","ping_status":"closed","sticky":false,"template":"","format":"standard","meta":{"_acf_changed":false,"footnotes":""},"categories":[3],"tags":[3670,1240,2222,1255,3671,2791],"class_list":["post-21696","post","type-post","status-publish","format-standard","has-post-thumbnail","hentry","category-architecture-et-design","tag-agence-terrain","tag-architecture-2","tag-creche","tag-japon","tag-kashimada","tag-tokyo-2"],"acf":[],"yoast_head":"<!-- This site is optimized with the Yoast SEO plugin v24.8.1 - https:\/\/yoast.com\/wordpress\/plugins\/seo\/ -->\n<title>Une cr\u00e8che \u00e0 hauteur d\u2019enfant au Japon &#8211; ArchiBat Mag<\/title>\n<meta name=\"robots\" content=\"index, follow, max-snippet:-1, max-image-preview:large, max-video-preview:-1\" \/>\n<link rel=\"canonical\" href=\"https:\/\/archibat.com\/blog\/une-creche-a-hauteur-denfant-au-japon\/\" \/>\n<meta property=\"og:locale\" content=\"fr_FR\" \/>\n<meta property=\"og:type\" content=\"article\" \/>\n<meta property=\"og:title\" content=\"Une cr\u00e8che \u00e0 hauteur d\u2019enfant au Japon &#8211; ArchiBat Mag\" \/>\n<meta property=\"og:description\" content=\"Ce projet de cr\u00e8che con\u00e7u par l\u2019agence TERRAIN architects est situ\u00e9 \u00e0 Kashimada, un quartier de la banlieue de Tokyo. Connu pour attirer de nombreuses\u2026\" \/>\n<meta property=\"og:url\" content=\"https:\/\/archibat.com\/blog\/une-creche-a-hauteur-denfant-au-japon\/\" \/>\n<meta property=\"og:site_name\" content=\"ArchiBat Mag\" \/>\n<meta property=\"article:published_time\" content=\"2023-09-26T12:00:22+00:00\" \/>\n<meta property=\"article:modified_time\" content=\"2023-09-29T14:23:03+00:00\" \/>\n<meta property=\"og:image\" content=\"https:\/\/archibat.com\/blog\/wp-content\/uploads\/2023\/09\/archibat-mag-04-une-creche-au-Japon-1.jpg-1.jpg\" \/>\n\t<meta property=\"og:image:width\" content=\"1500\" \/>\n\t<meta property=\"og:image:height\" content=\"1000\" \/>\n\t<meta property=\"og:image:type\" content=\"image\/jpeg\" \/>\n<meta name=\"author\" content=\"communication\" \/>\n<meta name=\"twitter:card\" content=\"summary_large_image\" \/>\n<meta name=\"twitter:label1\" content=\"\u00c9crit par\" \/>\n\t<meta name=\"twitter:data1\" content=\"communication\" \/>\n\t<meta name=\"twitter:label2\" content=\"Dur\u00e9e de lecture estim\u00e9e\" \/>\n\t<meta name=\"twitter:data2\" content=\"2 minutes\" \/>\n<script type=\"application\/ld+json\" class=\"yoast-schema-graph\">{\"@context\":\"https:\/\/schema.org\",\"@graph\":[{\"@type\":\"WebPage\",\"@id\":\"https:\/\/archibat.com\/blog\/une-creche-a-hauteur-denfant-au-japon\/\",\"url\":\"https:\/\/archibat.com\/blog\/une-creche-a-hauteur-denfant-au-japon\/\",\"name\":\"Une cr\u00e8che \u00e0 hauteur d\u2019enfant au Japon &#8211; ArchiBat Mag\",\"isPartOf\":{\"@id\":\"https:\/\/archibat.com\/blog\/#website\"},\"primaryImageOfPage\":{\"@id\":\"https:\/\/archibat.com\/blog\/une-creche-a-hauteur-denfant-au-japon\/#primaryimage\"},\"image\":{\"@id\":\"https:\/\/archibat.com\/blog\/une-creche-a-hauteur-denfant-au-japon\/#primaryimage\"},\"thumbnailUrl\":\"https:\/\/archibat.com\/blog\/wp-content\/uploads\/2023\/09\/archibat-mag-04-une-creche-au-Japon-1.jpg-1.jpg\",\"datePublished\":\"2023-09-26T12:00:22+00:00\",\"dateModified\":\"2023-09-29T14:23:03+00:00\",\"author\":{\"@id\":\"https:\/\/archibat.com\/blog\/#\/schema\/person\/c246f0d63b5e719c2cbe4f9bd494bf12\"},\"breadcrumb\":{\"@id\":\"https:\/\/archibat.com\/blog\/une-creche-a-hauteur-denfant-au-japon\/#breadcrumb\"},\"inLanguage\":\"fr-FR\",\"potentialAction\":[{\"@type\":\"ReadAction\",\"target\":[\"https:\/\/archibat.com\/blog\/une-creche-a-hauteur-denfant-au-japon\/\"]}]},{\"@type\":\"ImageObject\",\"inLanguage\":\"fr-FR\",\"@id\":\"https:\/\/archibat.com\/blog\/une-creche-a-hauteur-denfant-au-japon\/#primaryimage\",\"url\":\"https:\/\/archibat.com\/blog\/wp-content\/uploads\/2023\/09\/archibat-mag-04-une-creche-au-Japon-1.jpg-1.jpg\",\"contentUrl\":\"https:\/\/archibat.com\/blog\/wp-content\/uploads\/2023\/09\/archibat-mag-04-une-creche-au-Japon-1.jpg-1.jpg\",\"width\":1500,\"height\":1000},{\"@type\":\"BreadcrumbList\",\"@id\":\"https:\/\/archibat.com\/blog\/une-creche-a-hauteur-denfant-au-japon\/#breadcrumb\",\"itemListElement\":[{\"@type\":\"ListItem\",\"position\":1,\"name\":\"Home\",\"item\":\"https:\/\/archibat.com\/blog\/\"},{\"@type\":\"ListItem\",\"position\":2,\"name\":\"Une cr\u00e8che \u00e0 hauteur d\u2019enfant au Japon\"}]},{\"@type\":\"WebSite\",\"@id\":\"https:\/\/archibat.com\/blog\/#website\",\"url\":\"https:\/\/archibat.com\/blog\/\",\"name\":\"ArchiBat Mag\",\"description\":\"Vous souhaitez connaitre les derni\u00e8res actualit\u00e9s sur l\u2019Architecture, le Design ou les Ressources Humaines ? D\u00e9couvrez ArchiBat Mag, le magazine d\u00e9di\u00e9 aux m\u00e9tiers de l&#039;Architecture et de l&#039;Ing\u00e9nierie.\",\"potentialAction\":[{\"@type\":\"SearchAction\",\"target\":{\"@type\":\"EntryPoint\",\"urlTemplate\":\"https:\/\/archibat.com\/blog\/?s={search_term_string}\"},\"query-input\":{\"@type\":\"PropertyValueSpecification\",\"valueRequired\":true,\"valueName\":\"search_term_string\"}}],\"inLanguage\":\"fr-FR\"},{\"@type\":\"Person\",\"@id\":\"https:\/\/archibat.com\/blog\/#\/schema\/person\/c246f0d63b5e719c2cbe4f9bd494bf12\",\"name\":\"communication\"}]}<\/script>\n<!-- \/ Yoast SEO plugin. -->","yoast_head_json":{"title":"Une cr\u00e8che \u00e0 hauteur d\u2019enfant au Japon &#8211; ArchiBat Mag","robots":{"index":"index","follow":"follow","max-snippet":"max-snippet:-1","max-image-preview":"max-image-preview:large","max-video-preview":"max-video-preview:-1"},"canonical":"https:\/\/archibat.com\/blog\/une-creche-a-hauteur-denfant-au-japon\/","og_locale":"fr_FR","og_type":"article","og_title":"Une cr\u00e8che \u00e0 hauteur d\u2019enfant au Japon &#8211; ArchiBat Mag","og_description":"Ce projet de cr\u00e8che con\u00e7u par l\u2019agence TERRAIN architects est situ\u00e9 \u00e0 Kashimada, un quartier de la banlieue de Tokyo. Connu pour attirer de nombreuses\u2026","og_url":"https:\/\/archibat.com\/blog\/une-creche-a-hauteur-denfant-au-japon\/","og_site_name":"ArchiBat Mag","article_published_time":"2023-09-26T12:00:22+00:00","article_modified_time":"2023-09-29T14:23:03+00:00","og_image":[{"width":1500,"height":1000,"url":"https:\/\/archibat.com\/blog\/wp-content\/uploads\/2023\/09\/archibat-mag-04-une-creche-au-Japon-1.jpg-1.jpg","type":"image\/jpeg"}],"author":"communication","twitter_card":"summary_large_image","twitter_misc":{"\u00c9crit par":"communication","Dur\u00e9e de lecture estim\u00e9e":"2 minutes"},"schema":{"@context":"https:\/\/schema.org","@graph":[{"@type":"WebPage","@id":"https:\/\/archibat.com\/blog\/une-creche-a-hauteur-denfant-au-japon\/","url":"https:\/\/archibat.com\/blog\/une-creche-a-hauteur-denfant-au-japon\/","name":"Une cr\u00e8che \u00e0 hauteur d\u2019enfant au Japon &#8211; ArchiBat Mag","isPartOf":{"@id":"https:\/\/archibat.com\/blog\/#website"},"primaryImageOfPage":{"@id":"https:\/\/archibat.com\/blog\/une-creche-a-hauteur-denfant-au-japon\/#primaryimage"},"image":{"@id":"https:\/\/archibat.com\/blog\/une-creche-a-hauteur-denfant-au-japon\/#primaryimage"},"thumbnailUrl":"https:\/\/archibat.com\/blog\/wp-content\/uploads\/2023\/09\/archibat-mag-04-une-creche-au-Japon-1.jpg-1.jpg","datePublished":"2023-09-26T12:00:22+00:00","dateModified":"2023-09-29T14:23:03+00:00","author":{"@id":"https:\/\/archibat.com\/blog\/#\/schema\/person\/c246f0d63b5e719c2cbe4f9bd494bf12"},"breadcrumb":{"@id":"https:\/\/archibat.com\/blog\/une-creche-a-hauteur-denfant-au-japon\/#breadcrumb"},"inLanguage":"fr-FR","potentialAction":[{"@type":"ReadAction","target":["https:\/\/archibat.com\/blog\/une-creche-a-hauteur-denfant-au-japon\/"]}]},{"@type":"ImageObject","inLanguage":"fr-FR","@id":"https:\/\/archibat.com\/blog\/une-creche-a-hauteur-denfant-au-japon\/#primaryimage","url":"https:\/\/archibat.com\/blog\/wp-content\/uploads\/2023\/09\/archibat-mag-04-une-creche-au-Japon-1.jpg-1.jpg","contentUrl":"https:\/\/archibat.com\/blog\/wp-content\/uploads\/2023\/09\/archibat-mag-04-une-creche-au-Japon-1.jpg-1.jpg","width":1500,"height":1000},{"@type":"BreadcrumbList","@id":"https:\/\/archibat.com\/blog\/une-creche-a-hauteur-denfant-au-japon\/#breadcrumb","itemListElement":[{"@type":"ListItem","position":1,"name":"Home","item":"https:\/\/archibat.com\/blog\/"},{"@type":"ListItem","position":2,"name":"Une cr\u00e8che \u00e0 hauteur d\u2019enfant au Japon"}]},{"@type":"WebSite","@id":"https:\/\/archibat.com\/blog\/#website","url":"https:\/\/archibat.com\/blog\/","name":"ArchiBat Mag","description":"Vous souhaitez connaitre les derni\u00e8res actualit\u00e9s sur l\u2019Architecture, le Design ou les Ressources Humaines ? D\u00e9couvrez ArchiBat Mag, le magazine d\u00e9di\u00e9 aux m\u00e9tiers de l&#039;Architecture et de l&#039;Ing\u00e9nierie.","potentialAction":[{"@type":"SearchAction","target":{"@type":"EntryPoint","urlTemplate":"https:\/\/archibat.com\/blog\/?s={search_term_string}"},"query-input":{"@type":"PropertyValueSpecification","valueRequired":true,"valueName":"search_term_string"}}],"inLanguage":"fr-FR"},{"@type":"Person","@id":"https:\/\/archibat.com\/blog\/#\/schema\/person\/c246f0d63b5e719c2cbe4f9bd494bf12","name":"communication"}]}},"_links":{"self":[{"href":"https:\/\/archibat.com\/blog\/wp-json\/wp\/v2\/posts\/21696","targetHints":{"allow":["GET"]}}],"collection":[{"href":"https:\/\/archibat.com\/blog\/wp-json\/wp\/v2\/posts"}],"about":[{"href":"https:\/\/archibat.com\/blog\/wp-json\/wp\/v2\/types\/post"}],"author":[{"embeddable":true,"href":"https:\/\/archibat.com\/blog\/wp-json\/wp\/v2\/users\/2"}],"replies":[{"embeddable":true,"href":"https:\/\/archibat.com\/blog\/wp-json\/wp\/v2\/comments?post=21696"}],"version-history":[{"count":3,"href":"https:\/\/archibat.com\/blog\/wp-json\/wp\/v2\/posts\/21696\/revisions"}],"predecessor-version":[{"id":21750,"href":"https:\/\/archibat.com\/blog\/wp-json\/wp\/v2\/posts\/21696\/revisions\/21750"}],"wp:featuredmedia":[{"embeddable":true,"href":"https:\/\/archibat.com\/blog\/wp-json\/wp\/v2\/media\/21747"}],"wp:attachment":[{"href":"https:\/\/archibat.com\/blog\/wp-json\/wp\/v2\/media?parent=21696"}],"wp:term":[{"taxonomy":"category","embeddable":true,"href":"https:\/\/archibat.com\/blog\/wp-json\/wp\/v2\/categories?post=21696"},{"taxonomy":"post_tag","embeddable":true,"href":"https:\/\/archibat.com\/blog\/wp-json\/wp\/v2\/tags?post=21696"}],"curies":[{"name":"wp","href":"https:\/\/api.w.org\/{rel}","templated":true}]}}