{"id":22135,"date":"2023-12-01T14:00:00","date_gmt":"2023-12-01T13:00:00","guid":{"rendered":"https:\/\/archibat.com\/blog\/?p=22135"},"modified":"2023-11-28T11:09:47","modified_gmt":"2023-11-28T10:09:47","slug":"le-lumipod-une-chambre-dhotel-en-pleine-nature","status":"publish","type":"post","link":"https:\/\/archibat.com\/blog\/le-lumipod-une-chambre-dhotel-en-pleine-nature\/","title":{"rendered":"Le LUMIPOD : une chambre d\u2019h\u00f4tel en pleine nature"},"content":{"rendered":"\n<p>L\u2019Observatoire est une chambre d\u2019h\u00f4tel unique en son genre, pos\u00e9e au sommet du belv\u00e9d\u00e8re du Mont de Vaux, en plein c\u0153ur du Jura. Cette chambre se pr\u00e9sente sous forme d\u2019un Pod, install\u00e9 en pleine nature. Unique, elle offre la plus belle vue panoramique de la r\u00e9gion.&nbsp;<\/p>\n\n\n\n<figure class=\"wp-block-image size-large\"><img loading=\"lazy\" decoding=\"async\" width=\"720\" height=\"407\" src=\"https:\/\/archibat.com\/blog\/wp-content\/uploads\/2023\/11\/archibat-mag-01-une-chambredhotel-en-pleine-nature-720x407.jpg\" alt=\"\" class=\"wp-image-22140\" srcset=\"https:\/\/archibat.com\/blog\/wp-content\/uploads\/2023\/11\/archibat-mag-01-une-chambredhotel-en-pleine-nature-720x407.jpg 720w, https:\/\/archibat.com\/blog\/wp-content\/uploads\/2023\/11\/archibat-mag-01-une-chambredhotel-en-pleine-nature-300x170.jpg 300w, https:\/\/archibat.com\/blog\/wp-content\/uploads\/2023\/11\/archibat-mag-01-une-chambredhotel-en-pleine-nature-768x435.jpg 768w, https:\/\/archibat.com\/blog\/wp-content\/uploads\/2023\/11\/archibat-mag-01-une-chambredhotel-en-pleine-nature-1536x869.jpg 1536w, https:\/\/archibat.com\/blog\/wp-content\/uploads\/2023\/11\/archibat-mag-01-une-chambredhotel-en-pleine-nature-2048x1159.jpg 2048w\" sizes=\"auto, (max-width: 720px) 100vw, 720px\" \/><\/figure>\n\n\n\n<h3 class=\"wp-block-heading\"><strong>Un cocon 5 \u00e9toiles&nbsp;<\/strong><\/h3>\n\n\n\n<p>La chambre-Pod d\u2019une surface circulaire de 26 m\u00e8tres carr\u00e9s, se fond totalement dans son environnement. Prot\u00e9g\u00e9 des regards ext\u00e9rieurs, elle offre une d\u00e9connexion totale en symbiose avec la nature. Derri\u00e8re ses baies vitr\u00e9es courbes ou depuis sa terrasse priv\u00e9e, le panorama est \u00e0 couper le souffle. Accessible via un chemin p\u00e9destre priv\u00e9, l\u2019Observatoire est un lieu privil\u00e9gi\u00e9, destin\u00e9 \u00e0 tous ceux qui veulent prendre une pause pour se ressourcer loin de tout stress. La fronti\u00e8re entre int\u00e9rieur et ext\u00e9rieur est \u00e0 peine perceptible. La d\u00e9coration et les mat\u00e9riaux choisis pour l\u2019am\u00e9nagement int\u00e9rieur sont simples mais de qualit\u00e9. LumiPod est le parfait m\u00e9lange entre luxe et simplicit\u00e9.&nbsp;<\/p>\n\n\n\n<figure class=\"wp-block-image size-large\"><img loading=\"lazy\" decoding=\"async\" width=\"720\" height=\"480\" src=\"https:\/\/archibat.com\/blog\/wp-content\/uploads\/2023\/11\/archibat-mag-02-une-chambredhotel-en-pleine-nature-720x480.jpg\" alt=\"\" class=\"wp-image-22142\" srcset=\"https:\/\/archibat.com\/blog\/wp-content\/uploads\/2023\/11\/archibat-mag-02-une-chambredhotel-en-pleine-nature-720x480.jpg 720w, https:\/\/archibat.com\/blog\/wp-content\/uploads\/2023\/11\/archibat-mag-02-une-chambredhotel-en-pleine-nature-300x200.jpg 300w, https:\/\/archibat.com\/blog\/wp-content\/uploads\/2023\/11\/archibat-mag-02-une-chambredhotel-en-pleine-nature-768x512.jpg 768w, https:\/\/archibat.com\/blog\/wp-content\/uploads\/2023\/11\/archibat-mag-02-une-chambredhotel-en-pleine-nature-1536x1024.jpg 1536w, https:\/\/archibat.com\/blog\/wp-content\/uploads\/2023\/11\/archibat-mag-02-une-chambredhotel-en-pleine-nature-2048x1365.jpg 2048w, https:\/\/archibat.com\/blog\/wp-content\/uploads\/2023\/11\/archibat-mag-02-une-chambredhotel-en-pleine-nature-1440x960.jpg 1440w, https:\/\/archibat.com\/blog\/wp-content\/uploads\/2023\/11\/archibat-mag-02-une-chambredhotel-en-pleine-nature-960x640.jpg 960w, https:\/\/archibat.com\/blog\/wp-content\/uploads\/2023\/11\/archibat-mag-02-une-chambredhotel-en-pleine-nature-1920x1280.jpg 1920w, https:\/\/archibat.com\/blog\/wp-content\/uploads\/2023\/11\/archibat-mag-02-une-chambredhotel-en-pleine-nature-350x233.jpg 350w, https:\/\/archibat.com\/blog\/wp-content\/uploads\/2023\/11\/archibat-mag-02-une-chambredhotel-en-pleine-nature-700x466.jpg 700w\" sizes=\"auto, (max-width: 720px) 100vw, 720px\" \/><\/figure>\n\n\n\n<figure class=\"wp-block-image size-large\"><img loading=\"lazy\" decoding=\"async\" width=\"720\" height=\"480\" src=\"https:\/\/archibat.com\/blog\/wp-content\/uploads\/2023\/11\/archibat-mag-03-une-chambredhotel-en-pleine-nature-720x480.jpg\" alt=\"\" class=\"wp-image-22144\" srcset=\"https:\/\/archibat.com\/blog\/wp-content\/uploads\/2023\/11\/archibat-mag-03-une-chambredhotel-en-pleine-nature-720x480.jpg 720w, https:\/\/archibat.com\/blog\/wp-content\/uploads\/2023\/11\/archibat-mag-03-une-chambredhotel-en-pleine-nature-300x200.jpg 300w, https:\/\/archibat.com\/blog\/wp-content\/uploads\/2023\/11\/archibat-mag-03-une-chambredhotel-en-pleine-nature-768x512.jpg 768w, https:\/\/archibat.com\/blog\/wp-content\/uploads\/2023\/11\/archibat-mag-03-une-chambredhotel-en-pleine-nature-1536x1024.jpg 1536w, https:\/\/archibat.com\/blog\/wp-content\/uploads\/2023\/11\/archibat-mag-03-une-chambredhotel-en-pleine-nature-2048x1365.jpg 2048w, https:\/\/archibat.com\/blog\/wp-content\/uploads\/2023\/11\/archibat-mag-03-une-chambredhotel-en-pleine-nature-1440x960.jpg 1440w, https:\/\/archibat.com\/blog\/wp-content\/uploads\/2023\/11\/archibat-mag-03-une-chambredhotel-en-pleine-nature-960x640.jpg 960w, https:\/\/archibat.com\/blog\/wp-content\/uploads\/2023\/11\/archibat-mag-03-une-chambredhotel-en-pleine-nature-1920x1280.jpg 1920w, https:\/\/archibat.com\/blog\/wp-content\/uploads\/2023\/11\/archibat-mag-03-une-chambredhotel-en-pleine-nature-350x233.jpg 350w, https:\/\/archibat.com\/blog\/wp-content\/uploads\/2023\/11\/archibat-mag-03-une-chambredhotel-en-pleine-nature-700x466.jpg 700w\" sizes=\"auto, (max-width: 720px) 100vw, 720px\" \/><\/figure>\n\n\n\n<h3 class=\"wp-block-heading\"><strong>Une invitation \u00e0 s\u2019\u00e9vader<\/strong><\/h3>\n\n\n\n<p>Con\u00e7u et fabriqu\u00e9 en France, le LumiPod peut \u00eatre install\u00e9 presque partout gr\u00e2ce \u00e0 ses points de fondations l\u00e9gers, \u00e9tudi\u00e9s en fonction des diff\u00e9rents types de sol. Cette technique permet de limiter au maximum l\u2019impact de l\u2019installation sur le site naturel. Dans sa version actuelle, le LumiPod doit \u00eatre raccord\u00e9 aux r\u00e9seaux d&rsquo;eau et d\u2019\u00e9lectricit\u00e9, cependant une version 100% autonome est \u00e0 l\u2019\u00e9tude.<\/p>\n\n\n\n<figure class=\"wp-block-image size-large is-resized\"><img loading=\"lazy\" decoding=\"async\" src=\"https:\/\/archibat.com\/blog\/wp-content\/uploads\/2023\/11\/archibat-mag-08-une-chambredhotel-en-pleine-nature-720x480.jpg\" alt=\"\" class=\"wp-image-22164\" width=\"1450\" height=\"966\" srcset=\"https:\/\/archibat.com\/blog\/wp-content\/uploads\/2023\/11\/archibat-mag-08-une-chambredhotel-en-pleine-nature-720x480.jpg 720w, https:\/\/archibat.com\/blog\/wp-content\/uploads\/2023\/11\/archibat-mag-08-une-chambredhotel-en-pleine-nature-300x200.jpg 300w, https:\/\/archibat.com\/blog\/wp-content\/uploads\/2023\/11\/archibat-mag-08-une-chambredhotel-en-pleine-nature-768x512.jpg 768w, https:\/\/archibat.com\/blog\/wp-content\/uploads\/2023\/11\/archibat-mag-08-une-chambredhotel-en-pleine-nature-1536x1024.jpg 1536w, https:\/\/archibat.com\/blog\/wp-content\/uploads\/2023\/11\/archibat-mag-08-une-chambredhotel-en-pleine-nature-2048x1365.jpg 2048w, https:\/\/archibat.com\/blog\/wp-content\/uploads\/2023\/11\/archibat-mag-08-une-chambredhotel-en-pleine-nature-1440x960.jpg 1440w, https:\/\/archibat.com\/blog\/wp-content\/uploads\/2023\/11\/archibat-mag-08-une-chambredhotel-en-pleine-nature-960x640.jpg 960w, https:\/\/archibat.com\/blog\/wp-content\/uploads\/2023\/11\/archibat-mag-08-une-chambredhotel-en-pleine-nature-1920x1280.jpg 1920w, https:\/\/archibat.com\/blog\/wp-content\/uploads\/2023\/11\/archibat-mag-08-une-chambredhotel-en-pleine-nature-350x233.jpg 350w, https:\/\/archibat.com\/blog\/wp-content\/uploads\/2023\/11\/archibat-mag-08-une-chambredhotel-en-pleine-nature-700x466.jpg 700w\" sizes=\"auto, (max-width: 1450px) 100vw, 1450px\" \/><\/figure>\n\n\n\n<figure class=\"wp-block-image size-large\"><img loading=\"lazy\" decoding=\"async\" width=\"720\" height=\"480\" src=\"https:\/\/archibat.com\/blog\/wp-content\/uploads\/2023\/11\/archibat-mag-06-une-chambredhotel-en-pleine-nature-1-720x480.jpg\" alt=\"\" class=\"wp-image-22166\" srcset=\"https:\/\/archibat.com\/blog\/wp-content\/uploads\/2023\/11\/archibat-mag-06-une-chambredhotel-en-pleine-nature-1-720x480.jpg 720w, https:\/\/archibat.com\/blog\/wp-content\/uploads\/2023\/11\/archibat-mag-06-une-chambredhotel-en-pleine-nature-1-300x200.jpg 300w, https:\/\/archibat.com\/blog\/wp-content\/uploads\/2023\/11\/archibat-mag-06-une-chambredhotel-en-pleine-nature-1-768x512.jpg 768w, https:\/\/archibat.com\/blog\/wp-content\/uploads\/2023\/11\/archibat-mag-06-une-chambredhotel-en-pleine-nature-1-1536x1024.jpg 1536w, https:\/\/archibat.com\/blog\/wp-content\/uploads\/2023\/11\/archibat-mag-06-une-chambredhotel-en-pleine-nature-1-2048x1365.jpg 2048w, https:\/\/archibat.com\/blog\/wp-content\/uploads\/2023\/11\/archibat-mag-06-une-chambredhotel-en-pleine-nature-1-1440x960.jpg 1440w, https:\/\/archibat.com\/blog\/wp-content\/uploads\/2023\/11\/archibat-mag-06-une-chambredhotel-en-pleine-nature-1-960x640.jpg 960w, https:\/\/archibat.com\/blog\/wp-content\/uploads\/2023\/11\/archibat-mag-06-une-chambredhotel-en-pleine-nature-1-1920x1280.jpg 1920w, https:\/\/archibat.com\/blog\/wp-content\/uploads\/2023\/11\/archibat-mag-06-une-chambredhotel-en-pleine-nature-1-350x233.jpg 350w, https:\/\/archibat.com\/blog\/wp-content\/uploads\/2023\/11\/archibat-mag-06-une-chambredhotel-en-pleine-nature-1-700x466.jpg 700w\" sizes=\"auto, (max-width: 720px) 100vw, 720px\" \/><\/figure>\n\n\n\n<p>Le module, pr\u00e9fabriqu\u00e9 en acier, int\u00e8gre une baie vitr\u00e9e courbe qui s\u2019ouvre sur 120\u00b0. Dot\u00e9e d\u2019un double vitrage, elle existe aussi en triple vitrage pour r\u00e9pondre aux besoins climatiques plus rigoureux. Lorsqu\u2019elle est ouverte, la baie vitr\u00e9e permet au LumiPod de devenir une chambre en plein air, ouverte sur la nature. Lorsqu\u2019elle est ferm\u00e9e, cela devient un cocon protecteur pour les h\u00f4tes. Le LumiPod existe en diff\u00e9rentes tailles, de 5,80 \u00e0 8 m\u00e8tres de diam\u00e8tre, permettant de r\u00e9pondre \u00e0 tous les besoins. Le sauna LumiPod vient compl\u00e9ter la gamme pour offrir une exp\u00e9rience encore plus inoubliable.\u00a0<\/p>\n\n\n\n<figure class=\"wp-block-image size-large is-resized\"><img loading=\"lazy\" decoding=\"async\" src=\"https:\/\/archibat.com\/blog\/wp-content\/uploads\/2023\/11\/archibat-mag-04-une-chambredhotel-en-pleine-nature-1-329x480.jpg\" alt=\"\" class=\"wp-image-22160\" width=\"1450\" height=\"2116\" srcset=\"https:\/\/archibat.com\/blog\/wp-content\/uploads\/2023\/11\/archibat-mag-04-une-chambredhotel-en-pleine-nature-1-329x480.jpg 329w, https:\/\/archibat.com\/blog\/wp-content\/uploads\/2023\/11\/archibat-mag-04-une-chambredhotel-en-pleine-nature-1-206x300.jpg 206w, https:\/\/archibat.com\/blog\/wp-content\/uploads\/2023\/11\/archibat-mag-04-une-chambredhotel-en-pleine-nature-1-768x1120.jpg 768w, https:\/\/archibat.com\/blog\/wp-content\/uploads\/2023\/11\/archibat-mag-04-une-chambredhotel-en-pleine-nature-1.jpg 987w\" sizes=\"auto, (max-width: 1450px) 100vw, 1450px\" \/><\/figure>\n\n\n\n<figure class=\"wp-block-image size-large is-resized\"><img loading=\"lazy\" decoding=\"async\" src=\"https:\/\/archibat.com\/blog\/wp-content\/uploads\/2023\/11\/archibat-mag-07-une-chambredhotel-en-pleine-nature-1-329x480.jpg\" alt=\"\" class=\"wp-image-22162\" width=\"1450\" height=\"2116\" srcset=\"https:\/\/archibat.com\/blog\/wp-content\/uploads\/2023\/11\/archibat-mag-07-une-chambredhotel-en-pleine-nature-1-329x480.jpg 329w, https:\/\/archibat.com\/blog\/wp-content\/uploads\/2023\/11\/archibat-mag-07-une-chambredhotel-en-pleine-nature-1-206x300.jpg 206w, https:\/\/archibat.com\/blog\/wp-content\/uploads\/2023\/11\/archibat-mag-07-une-chambredhotel-en-pleine-nature-1-768x1120.jpg 768w, https:\/\/archibat.com\/blog\/wp-content\/uploads\/2023\/11\/archibat-mag-07-une-chambredhotel-en-pleine-nature-1.jpg 987w\" sizes=\"auto, (max-width: 1450px) 100vw, 1450px\" \/><\/figure>\n\n\n\n<p>LumiPod offre une fa\u00e7on diff\u00e9rente de penser un s\u00e9jour h\u00f4telier : loin de la foule, c\u2019est une immersion totale dans un environnement naturel, une invitation \u00e0 se focaliser sur l\u2019essentiel.\u00a0<\/p>\n\n\n\n<figure class=\"wp-block-image size-large\"><img loading=\"lazy\" decoding=\"async\" width=\"720\" height=\"480\" src=\"https:\/\/archibat.com\/blog\/wp-content\/uploads\/2023\/11\/archibat-mag-10-une-chambredhotel-en-pleine-nature-720x480.jpg\" alt=\"\" class=\"wp-image-22154\" srcset=\"https:\/\/archibat.com\/blog\/wp-content\/uploads\/2023\/11\/archibat-mag-10-une-chambredhotel-en-pleine-nature-720x480.jpg 720w, https:\/\/archibat.com\/blog\/wp-content\/uploads\/2023\/11\/archibat-mag-10-une-chambredhotel-en-pleine-nature-300x200.jpg 300w, https:\/\/archibat.com\/blog\/wp-content\/uploads\/2023\/11\/archibat-mag-10-une-chambredhotel-en-pleine-nature-768x512.jpg 768w, https:\/\/archibat.com\/blog\/wp-content\/uploads\/2023\/11\/archibat-mag-10-une-chambredhotel-en-pleine-nature-1536x1024.jpg 1536w, https:\/\/archibat.com\/blog\/wp-content\/uploads\/2023\/11\/archibat-mag-10-une-chambredhotel-en-pleine-nature-2048x1365.jpg 2048w, https:\/\/archibat.com\/blog\/wp-content\/uploads\/2023\/11\/archibat-mag-10-une-chambredhotel-en-pleine-nature-1440x960.jpg 1440w, https:\/\/archibat.com\/blog\/wp-content\/uploads\/2023\/11\/archibat-mag-10-une-chambredhotel-en-pleine-nature-960x640.jpg 960w, https:\/\/archibat.com\/blog\/wp-content\/uploads\/2023\/11\/archibat-mag-10-une-chambredhotel-en-pleine-nature-1920x1280.jpg 1920w, https:\/\/archibat.com\/blog\/wp-content\/uploads\/2023\/11\/archibat-mag-10-une-chambredhotel-en-pleine-nature-350x233.jpg 350w, https:\/\/archibat.com\/blog\/wp-content\/uploads\/2023\/11\/archibat-mag-10-une-chambredhotel-en-pleine-nature-700x466.jpg 700w\" sizes=\"auto, (max-width: 720px) 100vw, 720px\" \/><\/figure>\n\n\n\n<p><strong>Cr\u00e9dit photos : <\/strong>Jonathan Letoublon<\/p>\n\n\n\n<hr class=\"wp-block-separator\"\/>\n\n\n\n<p><strong>Vous recherchez un poste en Architecture ?<\/strong><a href=\"https:\/\/archibat.com\/fr\/offres-demploi\/architecture\" target=\"_blank\" rel=\"noreferrer noopener\">\u00a0D\u00e9couvrez nos offres d\u2019emploi !<\/a><\/p>\n","protected":false},"excerpt":{"rendered":"<p>L\u2019Observatoire est une chambre d\u2019h\u00f4tel unique en son genre, pos\u00e9e au sommet du belv\u00e9d\u00e8re du Mont de Vaux, en plein c\u0153ur du Jura. Cette chambre\u2026<\/p>\n","protected":false},"author":2,"featured_media":22136,"comment_status":"closed","ping_status":"closed","sticky":false,"template":"","format":"standard","meta":{"_acf_changed":false,"footnotes":""},"categories":[3],"tags":[3712,3709,3353,3710,3713,3711],"class_list":["post-22135","post","type-post","status-publish","format-standard","has-post-thumbnail","hentry","category-architecture-et-design","tag-chambre-pod","tag-eco-construction-2","tag-hotellerie","tag-jura","tag-lobservatoire","tag-pod"],"acf":[],"yoast_head":"<!-- This site is optimized with the Yoast SEO plugin v24.8.1 - https:\/\/yoast.com\/wordpress\/plugins\/seo\/ -->\n<title>Le LUMIPOD : une chambre d\u2019h\u00f4tel en pleine nature &#8211; ArchiBat Mag<\/title>\n<meta name=\"robots\" content=\"index, follow, max-snippet:-1, max-image-preview:large, max-video-preview:-1\" \/>\n<link rel=\"canonical\" href=\"https:\/\/archibat.com\/blog\/le-lumipod-une-chambre-dhotel-en-pleine-nature\/\" \/>\n<meta property=\"og:locale\" content=\"fr_FR\" \/>\n<meta property=\"og:type\" content=\"article\" \/>\n<meta property=\"og:title\" content=\"Le LUMIPOD : une chambre d\u2019h\u00f4tel en pleine nature &#8211; ArchiBat Mag\" \/>\n<meta property=\"og:description\" content=\"L\u2019Observatoire est une chambre d\u2019h\u00f4tel unique en son genre, pos\u00e9e au sommet du belv\u00e9d\u00e8re du Mont de Vaux, en plein c\u0153ur du Jura. Cette chambre\u2026\" \/>\n<meta property=\"og:url\" content=\"https:\/\/archibat.com\/blog\/le-lumipod-une-chambre-dhotel-en-pleine-nature\/\" \/>\n<meta property=\"og:site_name\" content=\"ArchiBat Mag\" \/>\n<meta property=\"article:published_time\" content=\"2023-12-01T13:00:00+00:00\" \/>\n<meta property=\"og:image\" content=\"https:\/\/archibat.com\/blog\/wp-content\/uploads\/2023\/11\/archibat-mag-cover-une-chambredhotel-en-pleine-nature.jpg\" \/>\n\t<meta property=\"og:image:width\" content=\"2400\" \/>\n\t<meta property=\"og:image:height\" content=\"1493\" \/>\n\t<meta property=\"og:image:type\" content=\"image\/jpeg\" \/>\n<meta name=\"author\" content=\"communication\" \/>\n<meta name=\"twitter:card\" content=\"summary_large_image\" \/>\n<meta name=\"twitter:label1\" content=\"\u00c9crit par\" \/>\n\t<meta name=\"twitter:data1\" content=\"communication\" \/>\n\t<meta name=\"twitter:label2\" content=\"Dur\u00e9e de lecture estim\u00e9e\" \/>\n\t<meta name=\"twitter:data2\" content=\"2 minutes\" \/>\n<script type=\"application\/ld+json\" class=\"yoast-schema-graph\">{\"@context\":\"https:\/\/schema.org\",\"@graph\":[{\"@type\":\"WebPage\",\"@id\":\"https:\/\/archibat.com\/blog\/le-lumipod-une-chambre-dhotel-en-pleine-nature\/\",\"url\":\"https:\/\/archibat.com\/blog\/le-lumipod-une-chambre-dhotel-en-pleine-nature\/\",\"name\":\"Le LUMIPOD : une chambre d\u2019h\u00f4tel en pleine nature &#8211; ArchiBat Mag\",\"isPartOf\":{\"@id\":\"https:\/\/archibat.com\/blog\/#website\"},\"primaryImageOfPage\":{\"@id\":\"https:\/\/archibat.com\/blog\/le-lumipod-une-chambre-dhotel-en-pleine-nature\/#primaryimage\"},\"image\":{\"@id\":\"https:\/\/archibat.com\/blog\/le-lumipod-une-chambre-dhotel-en-pleine-nature\/#primaryimage\"},\"thumbnailUrl\":\"https:\/\/archibat.com\/blog\/wp-content\/uploads\/2023\/11\/archibat-mag-cover-une-chambredhotel-en-pleine-nature.jpg\",\"datePublished\":\"2023-12-01T13:00:00+00:00\",\"author\":{\"@id\":\"https:\/\/archibat.com\/blog\/#\/schema\/person\/c246f0d63b5e719c2cbe4f9bd494bf12\"},\"breadcrumb\":{\"@id\":\"https:\/\/archibat.com\/blog\/le-lumipod-une-chambre-dhotel-en-pleine-nature\/#breadcrumb\"},\"inLanguage\":\"fr-FR\",\"potentialAction\":[{\"@type\":\"ReadAction\",\"target\":[\"https:\/\/archibat.com\/blog\/le-lumipod-une-chambre-dhotel-en-pleine-nature\/\"]}]},{\"@type\":\"ImageObject\",\"inLanguage\":\"fr-FR\",\"@id\":\"https:\/\/archibat.com\/blog\/le-lumipod-une-chambre-dhotel-en-pleine-nature\/#primaryimage\",\"url\":\"https:\/\/archibat.com\/blog\/wp-content\/uploads\/2023\/11\/archibat-mag-cover-une-chambredhotel-en-pleine-nature.jpg\",\"contentUrl\":\"https:\/\/archibat.com\/blog\/wp-content\/uploads\/2023\/11\/archibat-mag-cover-une-chambredhotel-en-pleine-nature.jpg\",\"width\":2400,\"height\":1493},{\"@type\":\"BreadcrumbList\",\"@id\":\"https:\/\/archibat.com\/blog\/le-lumipod-une-chambre-dhotel-en-pleine-nature\/#breadcrumb\",\"itemListElement\":[{\"@type\":\"ListItem\",\"position\":1,\"name\":\"Home\",\"item\":\"https:\/\/archibat.com\/blog\/\"},{\"@type\":\"ListItem\",\"position\":2,\"name\":\"Le LUMIPOD : une chambre d\u2019h\u00f4tel en pleine nature\"}]},{\"@type\":\"WebSite\",\"@id\":\"https:\/\/archibat.com\/blog\/#website\",\"url\":\"https:\/\/archibat.com\/blog\/\",\"name\":\"ArchiBat Mag\",\"description\":\"Vous souhaitez connaitre les derni\u00e8res actualit\u00e9s sur l\u2019Architecture, le Design ou les Ressources Humaines ? D\u00e9couvrez ArchiBat Mag, le magazine d\u00e9di\u00e9 aux m\u00e9tiers de l&#039;Architecture et de l&#039;Ing\u00e9nierie.\",\"potentialAction\":[{\"@type\":\"SearchAction\",\"target\":{\"@type\":\"EntryPoint\",\"urlTemplate\":\"https:\/\/archibat.com\/blog\/?s={search_term_string}\"},\"query-input\":{\"@type\":\"PropertyValueSpecification\",\"valueRequired\":true,\"valueName\":\"search_term_string\"}}],\"inLanguage\":\"fr-FR\"},{\"@type\":\"Person\",\"@id\":\"https:\/\/archibat.com\/blog\/#\/schema\/person\/c246f0d63b5e719c2cbe4f9bd494bf12\",\"name\":\"communication\"}]}<\/script>\n<!-- \/ Yoast SEO plugin. -->","yoast_head_json":{"title":"Le LUMIPOD : une chambre d\u2019h\u00f4tel en pleine nature &#8211; ArchiBat Mag","robots":{"index":"index","follow":"follow","max-snippet":"max-snippet:-1","max-image-preview":"max-image-preview:large","max-video-preview":"max-video-preview:-1"},"canonical":"https:\/\/archibat.com\/blog\/le-lumipod-une-chambre-dhotel-en-pleine-nature\/","og_locale":"fr_FR","og_type":"article","og_title":"Le LUMIPOD : une chambre d\u2019h\u00f4tel en pleine nature &#8211; ArchiBat Mag","og_description":"L\u2019Observatoire est une chambre d\u2019h\u00f4tel unique en son genre, pos\u00e9e au sommet du belv\u00e9d\u00e8re du Mont de Vaux, en plein c\u0153ur du Jura. Cette chambre\u2026","og_url":"https:\/\/archibat.com\/blog\/le-lumipod-une-chambre-dhotel-en-pleine-nature\/","og_site_name":"ArchiBat Mag","article_published_time":"2023-12-01T13:00:00+00:00","og_image":[{"width":2400,"height":1493,"url":"https:\/\/archibat.com\/blog\/wp-content\/uploads\/2023\/11\/archibat-mag-cover-une-chambredhotel-en-pleine-nature.jpg","type":"image\/jpeg"}],"author":"communication","twitter_card":"summary_large_image","twitter_misc":{"\u00c9crit par":"communication","Dur\u00e9e de lecture estim\u00e9e":"2 minutes"},"schema":{"@context":"https:\/\/schema.org","@graph":[{"@type":"WebPage","@id":"https:\/\/archibat.com\/blog\/le-lumipod-une-chambre-dhotel-en-pleine-nature\/","url":"https:\/\/archibat.com\/blog\/le-lumipod-une-chambre-dhotel-en-pleine-nature\/","name":"Le LUMIPOD : une chambre d\u2019h\u00f4tel en pleine nature &#8211; ArchiBat Mag","isPartOf":{"@id":"https:\/\/archibat.com\/blog\/#website"},"primaryImageOfPage":{"@id":"https:\/\/archibat.com\/blog\/le-lumipod-une-chambre-dhotel-en-pleine-nature\/#primaryimage"},"image":{"@id":"https:\/\/archibat.com\/blog\/le-lumipod-une-chambre-dhotel-en-pleine-nature\/#primaryimage"},"thumbnailUrl":"https:\/\/archibat.com\/blog\/wp-content\/uploads\/2023\/11\/archibat-mag-cover-une-chambredhotel-en-pleine-nature.jpg","datePublished":"2023-12-01T13:00:00+00:00","author":{"@id":"https:\/\/archibat.com\/blog\/#\/schema\/person\/c246f0d63b5e719c2cbe4f9bd494bf12"},"breadcrumb":{"@id":"https:\/\/archibat.com\/blog\/le-lumipod-une-chambre-dhotel-en-pleine-nature\/#breadcrumb"},"inLanguage":"fr-FR","potentialAction":[{"@type":"ReadAction","target":["https:\/\/archibat.com\/blog\/le-lumipod-une-chambre-dhotel-en-pleine-nature\/"]}]},{"@type":"ImageObject","inLanguage":"fr-FR","@id":"https:\/\/archibat.com\/blog\/le-lumipod-une-chambre-dhotel-en-pleine-nature\/#primaryimage","url":"https:\/\/archibat.com\/blog\/wp-content\/uploads\/2023\/11\/archibat-mag-cover-une-chambredhotel-en-pleine-nature.jpg","contentUrl":"https:\/\/archibat.com\/blog\/wp-content\/uploads\/2023\/11\/archibat-mag-cover-une-chambredhotel-en-pleine-nature.jpg","width":2400,"height":1493},{"@type":"BreadcrumbList","@id":"https:\/\/archibat.com\/blog\/le-lumipod-une-chambre-dhotel-en-pleine-nature\/#breadcrumb","itemListElement":[{"@type":"ListItem","position":1,"name":"Home","item":"https:\/\/archibat.com\/blog\/"},{"@type":"ListItem","position":2,"name":"Le LUMIPOD : une chambre d\u2019h\u00f4tel en pleine nature"}]},{"@type":"WebSite","@id":"https:\/\/archibat.com\/blog\/#website","url":"https:\/\/archibat.com\/blog\/","name":"ArchiBat Mag","description":"Vous souhaitez connaitre les derni\u00e8res actualit\u00e9s sur l\u2019Architecture, le Design ou les Ressources Humaines ? D\u00e9couvrez ArchiBat Mag, le magazine d\u00e9di\u00e9 aux m\u00e9tiers de l&#039;Architecture et de l&#039;Ing\u00e9nierie.","potentialAction":[{"@type":"SearchAction","target":{"@type":"EntryPoint","urlTemplate":"https:\/\/archibat.com\/blog\/?s={search_term_string}"},"query-input":{"@type":"PropertyValueSpecification","valueRequired":true,"valueName":"search_term_string"}}],"inLanguage":"fr-FR"},{"@type":"Person","@id":"https:\/\/archibat.com\/blog\/#\/schema\/person\/c246f0d63b5e719c2cbe4f9bd494bf12","name":"communication"}]}},"_links":{"self":[{"href":"https:\/\/archibat.com\/blog\/wp-json\/wp\/v2\/posts\/22135","targetHints":{"allow":["GET"]}}],"collection":[{"href":"https:\/\/archibat.com\/blog\/wp-json\/wp\/v2\/posts"}],"about":[{"href":"https:\/\/archibat.com\/blog\/wp-json\/wp\/v2\/types\/post"}],"author":[{"embeddable":true,"href":"https:\/\/archibat.com\/blog\/wp-json\/wp\/v2\/users\/2"}],"replies":[{"embeddable":true,"href":"https:\/\/archibat.com\/blog\/wp-json\/wp\/v2\/comments?post=22135"}],"version-history":[{"count":3,"href":"https:\/\/archibat.com\/blog\/wp-json\/wp\/v2\/posts\/22135\/revisions"}],"predecessor-version":[{"id":22169,"href":"https:\/\/archibat.com\/blog\/wp-json\/wp\/v2\/posts\/22135\/revisions\/22169"}],"wp:featuredmedia":[{"embeddable":true,"href":"https:\/\/archibat.com\/blog\/wp-json\/wp\/v2\/media\/22136"}],"wp:attachment":[{"href":"https:\/\/archibat.com\/blog\/wp-json\/wp\/v2\/media?parent=22135"}],"wp:term":[{"taxonomy":"category","embeddable":true,"href":"https:\/\/archibat.com\/blog\/wp-json\/wp\/v2\/categories?post=22135"},{"taxonomy":"post_tag","embeddable":true,"href":"https:\/\/archibat.com\/blog\/wp-json\/wp\/v2\/tags?post=22135"}],"curies":[{"name":"wp","href":"https:\/\/api.w.org\/{rel}","templated":true}]}}