{"id":224,"date":"2014-10-29T17:13:21","date_gmt":"2014-10-29T16:13:21","guid":{"rendered":"https:\/\/www.archibat.com\/blog\/?p=224"},"modified":"2018-11-12T18:04:00","modified_gmt":"2018-11-12T17:04:00","slug":"fondation-architectes-lurgence-lance-nouvel-appel-aux-dons","status":"publish","type":"post","link":"https:\/\/archibat.com\/blog\/fondation-architectes-lurgence-lance-nouvel-appel-aux-dons\/","title":{"rendered":"La Fondation Architectes de l\u2019Urgence lance un nouvel appel aux dons"},"content":{"rendered":"<p><strong>Un an apr\u00e8s le passage d\u2019Haiyan\/Yolanda, l\u2019un des plus puissants typhons jamais enregistr\u00e9s qui a d\u00e9vast\u00e9 les Philippines faisant un bilan humain tr\u00e8s lourd, la Fondation Architectes de l\u2019Urgence, fortement impliqu\u00e9e dans la reconstruction sur le terrain, fait le bilan. Plus de 5.000 \u00e9l\u00e8ves vont bient\u00f4t pouvoir r\u00e9int\u00e9grer des \u00e9coles neuves, d\u00e9centes et s\u00fbres. Les premiers chantiers se terminent. Mais l\u2018aide financi\u00e8re reste d\u2019actualit\u00e9. Un appel aux dons est lanc\u00e9, des dons dont on pourra encore d\u00e9duire le montant de ses imp\u00f4ts sur le revenu 2014 jusque 75% du montant vers\u00e9.<\/strong><\/p>\n<p>Le 15 novembre 2013, la Fondation Architectes de l\u2019Urgence se rend aux Philippines, frapp\u00e9es la semaine pr\u00e9c\u00e9dente par le typhon Haiyan\/Yolanda. Le pays est d\u00e9vast\u00e9. Au moins 10.000 morts et plus de 600.000 sans-abris sont recens\u00e9s. Le constat est alarmant. Son r\u00f4le : d\u2019abord s\u00e9curiser les lieux, puis aider les populations affect\u00e9es \u00e0 la reconstruction d\u2019habitats neufs. Les chantiers sont colossaux !<\/p>\n<p>D\u00e9but d\u00e9cembre 2013 commence ainsi la reconstruction de 2 \u00e9coles \u00e0 Roxas, sur l\u2019Ile de Panay. Elles sont inaugur\u00e9es quelques mois plus tard, en mars 2014. Plus de 500 \u00e9l\u00e8ves retournent en classe et 17 professeurs peuvent \u00e0 nouveau dispenser les cours dans des conditions d\u00e9centes et s\u00fbres.<\/p>\n<p>La Fondation des Architectes de l\u2019Urgence prend \u00e9galement en charge la reconstruction d\u2019autres \u00e9coles \u00e9ventr\u00e9es et d\u2019habitats an\u00e9antis :<\/p>\n<ul>\n<li><b>R\u00e9habilitation de 4 \u00e9coles \u00e0 Pilar<\/b> (Province de Capiz) sur l\u2019Ile de Panay en partenariat avec l\u2019association humanitaire allemande Welt Hunger Hilfe (WHH). Objectif : permettre d\u2019ici juin 2015 \u00e0 l\u2019ensemble des 3.050 \u00e9l\u00e8ves scolaris\u00e9s d\u2019\u00e9tudier dans des locaux s\u00e9curis\u00e9s. L\u2019une des 4 \u00e9coles, celle d\u2019Epifania, est d\u00e9j\u00e0 termin\u00e9e, l\u2019inauguration aura lieu d\u00e9but d\u00e9cembre 2014.<\/li>\n<li><b>R\u00e9habilitation de 4 autres \u00e9coles sur l\u2019Ile de Bantayan<\/b> situ\u00e9e au Nord de Cebu, tr\u00e8s endommag\u00e9e par Haiyan\/Yolanda, en partenariat avec l\u2019association humanitaire Caritas Suisse. Objectif : reconstruire \u00e0 neuf 14 b\u00e2timents pour y accueillir les 2.115 \u00e9l\u00e8ves scolaris\u00e9s. Inauguration pr\u00e9vue en novembre 2015.<\/li>\n<li><b>D\u00e9veloppement de projets de relogement p\u00e9renne des populations<\/b>, en collaboration avec les antennes locales d\u2019autres ONG internationales, car un an apr\u00e8s cette catastrophe, des centaines de milliers de personnes vivent encore dans des abris de fortune.<\/li>\n<\/ul>\n<p>Les reconstructions avancent bien, et m\u00eame certaines aboutissent enfin. Les populations reprennent espoir. Les \u00e9l\u00e8ves, le chemin de l\u2019\u00e9cole. Les chantiers restent cependant cons\u00e9quents et l\u2019aide financi\u00e8re reste elle bien d\u2019actualit\u00e9 pour atteindre les premiers objectifs de r\u00e9habilitation fix\u00e9s \u00e0 fin 2015.<\/p>\n<p>C\u2019est pourquoi la Fondation Architectes de l\u2019Urgence fait un nouvel appel aux dons en particulier aupr\u00e8s des personnes et des entreprises susceptibles d\u2019\u00eatre int\u00e9ress\u00e9es par une d\u00e9fiscalisation pouvant encore se r\u00e9percuter sur les imp\u00f4ts sur le revenu 2014 pouvant aller jusque 75% du montant vers\u00e9.<\/p>\n<p>Pour suivre les actions de la Fondation Architectes de l\u2019Urgence et effectuer un don, il suffit de se rendre sur son site : <a href=\"http:\/\/www.archi-urgent.com\/newsletter\/novembre2014\/www.archi-urgent.com\" target=\"_blank\" rel=\"noopener\">www.archi-urgent.com <\/a><\/p>\n","protected":false},"excerpt":{"rendered":"<p>Un an apr\u00e8s le passage d\u2019Haiyan\/Yolanda, l\u2019un des plus puissants typhons jamais enregistr\u00e9s qui a d\u00e9vast\u00e9 les Philippines faisant un bilan humain tr\u00e8s lourd, la\u2026<\/p>\n","protected":false},"author":2,"featured_media":227,"comment_status":"closed","ping_status":"closed","sticky":false,"template":"","format":"standard","meta":{"_acf_changed":false,"footnotes":""},"categories":[3],"tags":[],"class_list":["post-224","post","type-post","status-publish","format-standard","has-post-thumbnail","hentry","category-architecture-et-design"],"acf":[],"yoast_head":"<!-- This site is optimized with the Yoast SEO plugin v24.8.1 - https:\/\/yoast.com\/wordpress\/plugins\/seo\/ -->\n<title>La Fondation Architectes de l\u2019Urgence lance un nouvel appel aux dons &#8211; ArchiBat Mag<\/title>\n<meta name=\"description\" content=\"Un an apr\u00e8s le typhon Haiyan\/Yolanda, plus de 5.000 \u00e9l\u00e8ves sont en passe de retourner \u00e0 l\u2019\u00e9cole. Nouvel appel aux dons des Architectes de l&#039;urgence...\" \/>\n<meta name=\"robots\" content=\"index, follow, max-snippet:-1, max-image-preview:large, max-video-preview:-1\" \/>\n<link rel=\"canonical\" href=\"https:\/\/archibat.com\/blog\/fondation-architectes-lurgence-lance-nouvel-appel-aux-dons\/\" \/>\n<meta property=\"og:locale\" content=\"fr_FR\" \/>\n<meta property=\"og:type\" content=\"article\" \/>\n<meta property=\"og:title\" content=\"La Fondation Architectes de l\u2019Urgence lance un nouvel appel aux dons &#8211; ArchiBat Mag\" \/>\n<meta property=\"og:description\" content=\"Un an apr\u00e8s le typhon Haiyan\/Yolanda, plus de 5.000 \u00e9l\u00e8ves sont en passe de retourner \u00e0 l\u2019\u00e9cole. Nouvel appel aux dons des Architectes de l&#039;urgence...\" \/>\n<meta property=\"og:url\" content=\"https:\/\/archibat.com\/blog\/fondation-architectes-lurgence-lance-nouvel-appel-aux-dons\/\" \/>\n<meta property=\"og:site_name\" content=\"ArchiBat Mag\" \/>\n<meta property=\"article:published_time\" content=\"2014-10-29T16:13:21+00:00\" \/>\n<meta property=\"article:modified_time\" content=\"2018-11-12T17:04:00+00:00\" \/>\n<meta property=\"og:image\" content=\"https:\/\/archibat.com\/blog\/wp-content\/uploads\/2014\/11\/philippines-archi-urgent-2.png\" \/>\n\t<meta property=\"og:image:width\" content=\"635\" \/>\n\t<meta property=\"og:image:height\" content=\"357\" \/>\n\t<meta property=\"og:image:type\" content=\"image\/png\" \/>\n<meta name=\"author\" content=\"communication\" \/>\n<meta name=\"twitter:card\" content=\"summary_large_image\" \/>\n<meta name=\"twitter:label1\" content=\"\u00c9crit par\" \/>\n\t<meta name=\"twitter:data1\" content=\"communication\" \/>\n\t<meta name=\"twitter:label2\" content=\"Dur\u00e9e de lecture estim\u00e9e\" \/>\n\t<meta name=\"twitter:data2\" content=\"3 minutes\" \/>\n<script type=\"application\/ld+json\" class=\"yoast-schema-graph\">{\"@context\":\"https:\/\/schema.org\",\"@graph\":[{\"@type\":\"WebPage\",\"@id\":\"https:\/\/archibat.com\/blog\/fondation-architectes-lurgence-lance-nouvel-appel-aux-dons\/\",\"url\":\"https:\/\/archibat.com\/blog\/fondation-architectes-lurgence-lance-nouvel-appel-aux-dons\/\",\"name\":\"La Fondation Architectes de l\u2019Urgence lance un nouvel appel aux dons &#8211; ArchiBat Mag\",\"isPartOf\":{\"@id\":\"https:\/\/archibat.com\/blog\/#website\"},\"primaryImageOfPage\":{\"@id\":\"https:\/\/archibat.com\/blog\/fondation-architectes-lurgence-lance-nouvel-appel-aux-dons\/#primaryimage\"},\"image\":{\"@id\":\"https:\/\/archibat.com\/blog\/fondation-architectes-lurgence-lance-nouvel-appel-aux-dons\/#primaryimage\"},\"thumbnailUrl\":\"https:\/\/archibat.com\/blog\/wp-content\/uploads\/2014\/11\/philippines-archi-urgent-2.png\",\"datePublished\":\"2014-10-29T16:13:21+00:00\",\"dateModified\":\"2018-11-12T17:04:00+00:00\",\"author\":{\"@id\":\"https:\/\/archibat.com\/blog\/#\/schema\/person\/c246f0d63b5e719c2cbe4f9bd494bf12\"},\"description\":\"Un an apr\u00e8s le typhon Haiyan\/Yolanda, plus de 5.000 \u00e9l\u00e8ves sont en passe de retourner \u00e0 l\u2019\u00e9cole. Nouvel appel aux dons des Architectes de l'urgence...\",\"breadcrumb\":{\"@id\":\"https:\/\/archibat.com\/blog\/fondation-architectes-lurgence-lance-nouvel-appel-aux-dons\/#breadcrumb\"},\"inLanguage\":\"fr-FR\",\"potentialAction\":[{\"@type\":\"ReadAction\",\"target\":[\"https:\/\/archibat.com\/blog\/fondation-architectes-lurgence-lance-nouvel-appel-aux-dons\/\"]}]},{\"@type\":\"ImageObject\",\"inLanguage\":\"fr-FR\",\"@id\":\"https:\/\/archibat.com\/blog\/fondation-architectes-lurgence-lance-nouvel-appel-aux-dons\/#primaryimage\",\"url\":\"https:\/\/archibat.com\/blog\/wp-content\/uploads\/2014\/11\/philippines-archi-urgent-2.png\",\"contentUrl\":\"https:\/\/archibat.com\/blog\/wp-content\/uploads\/2014\/11\/philippines-archi-urgent-2.png\",\"width\":635,\"height\":357,\"caption\":\"architectes de l'urgence\"},{\"@type\":\"BreadcrumbList\",\"@id\":\"https:\/\/archibat.com\/blog\/fondation-architectes-lurgence-lance-nouvel-appel-aux-dons\/#breadcrumb\",\"itemListElement\":[{\"@type\":\"ListItem\",\"position\":1,\"name\":\"Home\",\"item\":\"https:\/\/archibat.com\/blog\/\"},{\"@type\":\"ListItem\",\"position\":2,\"name\":\"La Fondation Architectes de l\u2019Urgence lance un nouvel appel aux dons\"}]},{\"@type\":\"WebSite\",\"@id\":\"https:\/\/archibat.com\/blog\/#website\",\"url\":\"https:\/\/archibat.com\/blog\/\",\"name\":\"ArchiBat Mag\",\"description\":\"Vous souhaitez connaitre les derni\u00e8res actualit\u00e9s sur l\u2019Architecture, le Design ou les Ressources Humaines ? D\u00e9couvrez ArchiBat Mag, le magazine d\u00e9di\u00e9 aux m\u00e9tiers de l&#039;Architecture et de l&#039;Ing\u00e9nierie.\",\"potentialAction\":[{\"@type\":\"SearchAction\",\"target\":{\"@type\":\"EntryPoint\",\"urlTemplate\":\"https:\/\/archibat.com\/blog\/?s={search_term_string}\"},\"query-input\":{\"@type\":\"PropertyValueSpecification\",\"valueRequired\":true,\"valueName\":\"search_term_string\"}}],\"inLanguage\":\"fr-FR\"},{\"@type\":\"Person\",\"@id\":\"https:\/\/archibat.com\/blog\/#\/schema\/person\/c246f0d63b5e719c2cbe4f9bd494bf12\",\"name\":\"communication\"}]}<\/script>\n<!-- \/ Yoast SEO plugin. -->","yoast_head_json":{"title":"La Fondation Architectes de l\u2019Urgence lance un nouvel appel aux dons &#8211; ArchiBat Mag","description":"Un an apr\u00e8s le typhon Haiyan\/Yolanda, plus de 5.000 \u00e9l\u00e8ves sont en passe de retourner \u00e0 l\u2019\u00e9cole. Nouvel appel aux dons des Architectes de l'urgence...","robots":{"index":"index","follow":"follow","max-snippet":"max-snippet:-1","max-image-preview":"max-image-preview:large","max-video-preview":"max-video-preview:-1"},"canonical":"https:\/\/archibat.com\/blog\/fondation-architectes-lurgence-lance-nouvel-appel-aux-dons\/","og_locale":"fr_FR","og_type":"article","og_title":"La Fondation Architectes de l\u2019Urgence lance un nouvel appel aux dons &#8211; ArchiBat Mag","og_description":"Un an apr\u00e8s le typhon Haiyan\/Yolanda, plus de 5.000 \u00e9l\u00e8ves sont en passe de retourner \u00e0 l\u2019\u00e9cole. Nouvel appel aux dons des Architectes de l'urgence...","og_url":"https:\/\/archibat.com\/blog\/fondation-architectes-lurgence-lance-nouvel-appel-aux-dons\/","og_site_name":"ArchiBat Mag","article_published_time":"2014-10-29T16:13:21+00:00","article_modified_time":"2018-11-12T17:04:00+00:00","og_image":[{"width":635,"height":357,"url":"https:\/\/archibat.com\/blog\/wp-content\/uploads\/2014\/11\/philippines-archi-urgent-2.png","type":"image\/png"}],"author":"communication","twitter_card":"summary_large_image","twitter_misc":{"\u00c9crit par":"communication","Dur\u00e9e de lecture estim\u00e9e":"3 minutes"},"schema":{"@context":"https:\/\/schema.org","@graph":[{"@type":"WebPage","@id":"https:\/\/archibat.com\/blog\/fondation-architectes-lurgence-lance-nouvel-appel-aux-dons\/","url":"https:\/\/archibat.com\/blog\/fondation-architectes-lurgence-lance-nouvel-appel-aux-dons\/","name":"La Fondation Architectes de l\u2019Urgence lance un nouvel appel aux dons &#8211; ArchiBat Mag","isPartOf":{"@id":"https:\/\/archibat.com\/blog\/#website"},"primaryImageOfPage":{"@id":"https:\/\/archibat.com\/blog\/fondation-architectes-lurgence-lance-nouvel-appel-aux-dons\/#primaryimage"},"image":{"@id":"https:\/\/archibat.com\/blog\/fondation-architectes-lurgence-lance-nouvel-appel-aux-dons\/#primaryimage"},"thumbnailUrl":"https:\/\/archibat.com\/blog\/wp-content\/uploads\/2014\/11\/philippines-archi-urgent-2.png","datePublished":"2014-10-29T16:13:21+00:00","dateModified":"2018-11-12T17:04:00+00:00","author":{"@id":"https:\/\/archibat.com\/blog\/#\/schema\/person\/c246f0d63b5e719c2cbe4f9bd494bf12"},"description":"Un an apr\u00e8s le typhon Haiyan\/Yolanda, plus de 5.000 \u00e9l\u00e8ves sont en passe de retourner \u00e0 l\u2019\u00e9cole. Nouvel appel aux dons des Architectes de l'urgence...","breadcrumb":{"@id":"https:\/\/archibat.com\/blog\/fondation-architectes-lurgence-lance-nouvel-appel-aux-dons\/#breadcrumb"},"inLanguage":"fr-FR","potentialAction":[{"@type":"ReadAction","target":["https:\/\/archibat.com\/blog\/fondation-architectes-lurgence-lance-nouvel-appel-aux-dons\/"]}]},{"@type":"ImageObject","inLanguage":"fr-FR","@id":"https:\/\/archibat.com\/blog\/fondation-architectes-lurgence-lance-nouvel-appel-aux-dons\/#primaryimage","url":"https:\/\/archibat.com\/blog\/wp-content\/uploads\/2014\/11\/philippines-archi-urgent-2.png","contentUrl":"https:\/\/archibat.com\/blog\/wp-content\/uploads\/2014\/11\/philippines-archi-urgent-2.png","width":635,"height":357,"caption":"architectes de l'urgence"},{"@type":"BreadcrumbList","@id":"https:\/\/archibat.com\/blog\/fondation-architectes-lurgence-lance-nouvel-appel-aux-dons\/#breadcrumb","itemListElement":[{"@type":"ListItem","position":1,"name":"Home","item":"https:\/\/archibat.com\/blog\/"},{"@type":"ListItem","position":2,"name":"La Fondation Architectes de l\u2019Urgence lance un nouvel appel aux dons"}]},{"@type":"WebSite","@id":"https:\/\/archibat.com\/blog\/#website","url":"https:\/\/archibat.com\/blog\/","name":"ArchiBat Mag","description":"Vous souhaitez connaitre les derni\u00e8res actualit\u00e9s sur l\u2019Architecture, le Design ou les Ressources Humaines ? D\u00e9couvrez ArchiBat Mag, le magazine d\u00e9di\u00e9 aux m\u00e9tiers de l&#039;Architecture et de l&#039;Ing\u00e9nierie.","potentialAction":[{"@type":"SearchAction","target":{"@type":"EntryPoint","urlTemplate":"https:\/\/archibat.com\/blog\/?s={search_term_string}"},"query-input":{"@type":"PropertyValueSpecification","valueRequired":true,"valueName":"search_term_string"}}],"inLanguage":"fr-FR"},{"@type":"Person","@id":"https:\/\/archibat.com\/blog\/#\/schema\/person\/c246f0d63b5e719c2cbe4f9bd494bf12","name":"communication"}]}},"_links":{"self":[{"href":"https:\/\/archibat.com\/blog\/wp-json\/wp\/v2\/posts\/224","targetHints":{"allow":["GET"]}}],"collection":[{"href":"https:\/\/archibat.com\/blog\/wp-json\/wp\/v2\/posts"}],"about":[{"href":"https:\/\/archibat.com\/blog\/wp-json\/wp\/v2\/types\/post"}],"author":[{"embeddable":true,"href":"https:\/\/archibat.com\/blog\/wp-json\/wp\/v2\/users\/2"}],"replies":[{"embeddable":true,"href":"https:\/\/archibat.com\/blog\/wp-json\/wp\/v2\/comments?post=224"}],"version-history":[{"count":1,"href":"https:\/\/archibat.com\/blog\/wp-json\/wp\/v2\/posts\/224\/revisions"}],"predecessor-version":[{"id":7477,"href":"https:\/\/archibat.com\/blog\/wp-json\/wp\/v2\/posts\/224\/revisions\/7477"}],"wp:featuredmedia":[{"embeddable":true,"href":"https:\/\/archibat.com\/blog\/wp-json\/wp\/v2\/media\/227"}],"wp:attachment":[{"href":"https:\/\/archibat.com\/blog\/wp-json\/wp\/v2\/media?parent=224"}],"wp:term":[{"taxonomy":"category","embeddable":true,"href":"https:\/\/archibat.com\/blog\/wp-json\/wp\/v2\/categories?post=224"},{"taxonomy":"post_tag","embeddable":true,"href":"https:\/\/archibat.com\/blog\/wp-json\/wp\/v2\/tags?post=224"}],"curies":[{"name":"wp","href":"https:\/\/api.w.org\/{rel}","templated":true}]}}