{"id":22740,"date":"2024-03-26T14:00:00","date_gmt":"2024-03-26T13:00:00","guid":{"rendered":"https:\/\/archibat.com\/blog\/?p=22740"},"modified":"2024-03-25T22:11:09","modified_gmt":"2024-03-25T21:11:09","slug":"conjuguer-bien-etre-et-developpement-durable","status":"publish","type":"post","link":"https:\/\/archibat.com\/blog\/conjuguer-bien-etre-et-developpement-durable\/","title":{"rendered":"Conjuguer bien-\u00eatre et d\u00e9veloppement durable"},"content":{"rendered":"\n<p>La Loma Sagrada House a \u00e9t\u00e9 implant\u00e9e sur une terre tr\u00e8s ab\u00eem\u00e9e qui \u00e9tait initialement destin\u00e9e au b\u00e9tail. Afin de r\u00e9g\u00e9n\u00e9rer les sols,\u00a0<strong>les transferts de terre\u00a0<\/strong>ont \u00e9t\u00e9 r\u00e9duits au minimum durant le chantier pour que la nature puisse reprendre ses droits rapidement. La structure porteuse en bois de forme triangulaire tient compte de la pente \u00e0 35 degr\u00e9s afin de\u00a0<strong>minimiser l\u2019impact des fondations<\/strong>.\u00a0<\/p>\n\n\n\n<figure class=\"wp-block-image size-large\"><img loading=\"lazy\" decoding=\"async\" width=\"720\" height=\"480\" src=\"https:\/\/archibat.com\/blog\/wp-content\/uploads\/2024\/03\/archibat-mag-10-conjuguer-bien-e\u0302tre-et-de\u0301veloppement-durable-720x480.jpeg\" alt=\"\" class=\"wp-image-22760\" srcset=\"https:\/\/archibat.com\/blog\/wp-content\/uploads\/2024\/03\/archibat-mag-10-conjuguer-bien-e\u0302tre-et-de\u0301veloppement-durable-720x480.jpeg 720w, https:\/\/archibat.com\/blog\/wp-content\/uploads\/2024\/03\/archibat-mag-10-conjuguer-bien-e\u0302tre-et-de\u0301veloppement-durable-300x200.jpeg 300w, https:\/\/archibat.com\/blog\/wp-content\/uploads\/2024\/03\/archibat-mag-10-conjuguer-bien-e\u0302tre-et-de\u0301veloppement-durable-768x512.jpeg 768w, https:\/\/archibat.com\/blog\/wp-content\/uploads\/2024\/03\/archibat-mag-10-conjuguer-bien-e\u0302tre-et-de\u0301veloppement-durable-1440x960.jpeg 1440w, https:\/\/archibat.com\/blog\/wp-content\/uploads\/2024\/03\/archibat-mag-10-conjuguer-bien-e\u0302tre-et-de\u0301veloppement-durable-960x640.jpeg 960w, https:\/\/archibat.com\/blog\/wp-content\/uploads\/2024\/03\/archibat-mag-10-conjuguer-bien-e\u0302tre-et-de\u0301veloppement-durable-350x233.jpeg 350w, https:\/\/archibat.com\/blog\/wp-content\/uploads\/2024\/03\/archibat-mag-10-conjuguer-bien-e\u0302tre-et-de\u0301veloppement-durable-700x466.jpeg 700w, https:\/\/archibat.com\/blog\/wp-content\/uploads\/2024\/03\/archibat-mag-10-conjuguer-bien-e\u0302tre-et-de\u0301veloppement-durable.jpeg 1501w\" sizes=\"auto, (max-width: 720px) 100vw, 720px\" \/><\/figure>\n\n\n\n<figure class=\"wp-block-image size-large\"><img loading=\"lazy\" decoding=\"async\" width=\"720\" height=\"480\" src=\"https:\/\/archibat.com\/blog\/wp-content\/uploads\/2024\/03\/archibat-mag-08-conjuguer-bien-e\u0302tre-et-de\u0301veloppement-durable-720x480.jpeg\" alt=\"\" class=\"wp-image-22758\" srcset=\"https:\/\/archibat.com\/blog\/wp-content\/uploads\/2024\/03\/archibat-mag-08-conjuguer-bien-e\u0302tre-et-de\u0301veloppement-durable-720x480.jpeg 720w, https:\/\/archibat.com\/blog\/wp-content\/uploads\/2024\/03\/archibat-mag-08-conjuguer-bien-e\u0302tre-et-de\u0301veloppement-durable-300x200.jpeg 300w, https:\/\/archibat.com\/blog\/wp-content\/uploads\/2024\/03\/archibat-mag-08-conjuguer-bien-e\u0302tre-et-de\u0301veloppement-durable-768x512.jpeg 768w, https:\/\/archibat.com\/blog\/wp-content\/uploads\/2024\/03\/archibat-mag-08-conjuguer-bien-e\u0302tre-et-de\u0301veloppement-durable-1440x960.jpeg 1440w, https:\/\/archibat.com\/blog\/wp-content\/uploads\/2024\/03\/archibat-mag-08-conjuguer-bien-e\u0302tre-et-de\u0301veloppement-durable-960x640.jpeg 960w, https:\/\/archibat.com\/blog\/wp-content\/uploads\/2024\/03\/archibat-mag-08-conjuguer-bien-e\u0302tre-et-de\u0301veloppement-durable-350x233.jpeg 350w, https:\/\/archibat.com\/blog\/wp-content\/uploads\/2024\/03\/archibat-mag-08-conjuguer-bien-e\u0302tre-et-de\u0301veloppement-durable-700x466.jpeg 700w, https:\/\/archibat.com\/blog\/wp-content\/uploads\/2024\/03\/archibat-mag-08-conjuguer-bien-e\u0302tre-et-de\u0301veloppement-durable.jpeg 1499w\" sizes=\"auto, (max-width: 720px) 100vw, 720px\" \/><\/figure>\n\n\n\n<figure class=\"wp-block-image size-large\"><img loading=\"lazy\" decoding=\"async\" width=\"720\" height=\"480\" src=\"https:\/\/archibat.com\/blog\/wp-content\/uploads\/2024\/03\/archibat-mag-03-conjuguer-bien-e\u0302tre-et-de\u0301veloppement-durable-1.jpeg-1-720x480.jpeg\" alt=\"\" class=\"wp-image-22784\" srcset=\"https:\/\/archibat.com\/blog\/wp-content\/uploads\/2024\/03\/archibat-mag-03-conjuguer-bien-e\u0302tre-et-de\u0301veloppement-durable-1.jpeg-1-720x480.jpeg 720w, https:\/\/archibat.com\/blog\/wp-content\/uploads\/2024\/03\/archibat-mag-03-conjuguer-bien-e\u0302tre-et-de\u0301veloppement-durable-1.jpeg-1-300x200.jpeg 300w, https:\/\/archibat.com\/blog\/wp-content\/uploads\/2024\/03\/archibat-mag-03-conjuguer-bien-e\u0302tre-et-de\u0301veloppement-durable-1.jpeg-1-768x511.jpeg 768w, https:\/\/archibat.com\/blog\/wp-content\/uploads\/2024\/03\/archibat-mag-03-conjuguer-bien-e\u0302tre-et-de\u0301veloppement-durable-1.jpeg-1-1440x960.jpeg 1440w, https:\/\/archibat.com\/blog\/wp-content\/uploads\/2024\/03\/archibat-mag-03-conjuguer-bien-e\u0302tre-et-de\u0301veloppement-durable-1.jpeg-1-960x640.jpeg 960w, https:\/\/archibat.com\/blog\/wp-content\/uploads\/2024\/03\/archibat-mag-03-conjuguer-bien-e\u0302tre-et-de\u0301veloppement-durable-1.jpeg-1-350x233.jpeg 350w, https:\/\/archibat.com\/blog\/wp-content\/uploads\/2024\/03\/archibat-mag-03-conjuguer-bien-e\u0302tre-et-de\u0301veloppement-durable-1.jpeg-1-700x466.jpeg 700w, https:\/\/archibat.com\/blog\/wp-content\/uploads\/2024\/03\/archibat-mag-03-conjuguer-bien-e\u0302tre-et-de\u0301veloppement-durable-1.jpeg-1.jpeg 1502w\" sizes=\"auto, (max-width: 720px) 100vw, 720px\" \/><\/figure>\n\n\n\n<figure class=\"wp-block-image size-large\"><img loading=\"lazy\" decoding=\"async\" width=\"720\" height=\"466\" src=\"https:\/\/archibat.com\/blog\/wp-content\/uploads\/2024\/03\/archibat-mag-17-conjuguer-bien-e\u0302tre-et-de\u0301veloppement-durable-1-720x466.jpeg\" alt=\"\" class=\"wp-image-22756\" srcset=\"https:\/\/archibat.com\/blog\/wp-content\/uploads\/2024\/03\/archibat-mag-17-conjuguer-bien-e\u0302tre-et-de\u0301veloppement-durable-1-720x466.jpeg 720w, https:\/\/archibat.com\/blog\/wp-content\/uploads\/2024\/03\/archibat-mag-17-conjuguer-bien-e\u0302tre-et-de\u0301veloppement-durable-1-300x194.jpeg 300w, https:\/\/archibat.com\/blog\/wp-content\/uploads\/2024\/03\/archibat-mag-17-conjuguer-bien-e\u0302tre-et-de\u0301veloppement-durable-1-768x497.jpeg 768w, https:\/\/archibat.com\/blog\/wp-content\/uploads\/2024\/03\/archibat-mag-17-conjuguer-bien-e\u0302tre-et-de\u0301veloppement-durable-1-1536x994.jpeg 1536w, https:\/\/archibat.com\/blog\/wp-content\/uploads\/2024\/03\/archibat-mag-17-conjuguer-bien-e\u0302tre-et-de\u0301veloppement-durable-1.jpeg 1545w\" sizes=\"auto, (max-width: 720px) 100vw, 720px\" \/><\/figure>\n\n\n\n<p>Le projet, r\u00e9alis\u00e9 par\u00a0Salagnac Arquitectos, est compos\u00e9 de\u00a0<strong>plusieurs b\u00e2timents \u00e9coresponsables<\/strong>. La maison principale, perch\u00e9e sur la colline au sud, est abrit\u00e9e des vents violents d\u2019\u00e9t\u00e9. Ce micro-climat, riche en v\u00e9g\u00e9tation, agit comme un r\u00e9gulateur naturel de temp\u00e9rature.<\/p>\n\n\n\n<figure class=\"wp-block-image size-large\"><img loading=\"lazy\" decoding=\"async\" width=\"720\" height=\"480\" src=\"https:\/\/archibat.com\/blog\/wp-content\/uploads\/2024\/03\/archibat-mag-02-conjuguer-bien-e\u0302tre-et-de\u0301veloppement-durable.jpeg-720x480.jpeg\" alt=\"\" class=\"wp-image-22764\" srcset=\"https:\/\/archibat.com\/blog\/wp-content\/uploads\/2024\/03\/archibat-mag-02-conjuguer-bien-e\u0302tre-et-de\u0301veloppement-durable.jpeg-720x480.jpeg 720w, https:\/\/archibat.com\/blog\/wp-content\/uploads\/2024\/03\/archibat-mag-02-conjuguer-bien-e\u0302tre-et-de\u0301veloppement-durable.jpeg-300x200.jpeg 300w, https:\/\/archibat.com\/blog\/wp-content\/uploads\/2024\/03\/archibat-mag-02-conjuguer-bien-e\u0302tre-et-de\u0301veloppement-durable.jpeg-768x511.jpeg 768w, https:\/\/archibat.com\/blog\/wp-content\/uploads\/2024\/03\/archibat-mag-02-conjuguer-bien-e\u0302tre-et-de\u0301veloppement-durable.jpeg-1440x960.jpeg 1440w, https:\/\/archibat.com\/blog\/wp-content\/uploads\/2024\/03\/archibat-mag-02-conjuguer-bien-e\u0302tre-et-de\u0301veloppement-durable.jpeg-960x640.jpeg 960w, https:\/\/archibat.com\/blog\/wp-content\/uploads\/2024\/03\/archibat-mag-02-conjuguer-bien-e\u0302tre-et-de\u0301veloppement-durable.jpeg-350x233.jpeg 350w, https:\/\/archibat.com\/blog\/wp-content\/uploads\/2024\/03\/archibat-mag-02-conjuguer-bien-e\u0302tre-et-de\u0301veloppement-durable.jpeg-700x466.jpeg 700w, https:\/\/archibat.com\/blog\/wp-content\/uploads\/2024\/03\/archibat-mag-02-conjuguer-bien-e\u0302tre-et-de\u0301veloppement-durable.jpeg.jpeg 1502w\" sizes=\"auto, (max-width: 720px) 100vw, 720px\" \/><\/figure>\n\n\n\n<p>Le paysage se m\u00eale \u00e0 des zones de permaculture et de plantations qui attirent la faune, favorisant une osmose du b\u00e2ti avec la nature. La maison a \u00e9t\u00e9 construite avec\u00a0<strong>95% de bois provenant des plantations<\/strong>, afin de r\u00e9duire les \u00e9missions de CO2 et soutenir les objectifs environnementaux du gouvernement du Costa Rica. Dans les zones humides, une pierre naturelle locale a \u00e9t\u00e9 utilis\u00e9e pour \u00e9viter le recours aux mat\u00e9riaux industriels.\u00a0<\/p>\n\n\n\n<figure class=\"wp-block-image size-large\"><img loading=\"lazy\" decoding=\"async\" width=\"720\" height=\"480\" src=\"https:\/\/archibat.com\/blog\/wp-content\/uploads\/2024\/03\/archibat-mag-19-conjuguer-bien-e\u0302tre-et-de\u0301veloppement-durable-720x480.jpeg\" alt=\"\" class=\"wp-image-22792\" srcset=\"https:\/\/archibat.com\/blog\/wp-content\/uploads\/2024\/03\/archibat-mag-19-conjuguer-bien-e\u0302tre-et-de\u0301veloppement-durable-720x480.jpeg 720w, https:\/\/archibat.com\/blog\/wp-content\/uploads\/2024\/03\/archibat-mag-19-conjuguer-bien-e\u0302tre-et-de\u0301veloppement-durable-300x200.jpeg 300w, https:\/\/archibat.com\/blog\/wp-content\/uploads\/2024\/03\/archibat-mag-19-conjuguer-bien-e\u0302tre-et-de\u0301veloppement-durable-768x511.jpeg 768w, https:\/\/archibat.com\/blog\/wp-content\/uploads\/2024\/03\/archibat-mag-19-conjuguer-bien-e\u0302tre-et-de\u0301veloppement-durable-1440x960.jpeg 1440w, https:\/\/archibat.com\/blog\/wp-content\/uploads\/2024\/03\/archibat-mag-19-conjuguer-bien-e\u0302tre-et-de\u0301veloppement-durable-960x640.jpeg 960w, https:\/\/archibat.com\/blog\/wp-content\/uploads\/2024\/03\/archibat-mag-19-conjuguer-bien-e\u0302tre-et-de\u0301veloppement-durable-350x233.jpeg 350w, https:\/\/archibat.com\/blog\/wp-content\/uploads\/2024\/03\/archibat-mag-19-conjuguer-bien-e\u0302tre-et-de\u0301veloppement-durable-700x466.jpeg 700w, https:\/\/archibat.com\/blog\/wp-content\/uploads\/2024\/03\/archibat-mag-19-conjuguer-bien-e\u0302tre-et-de\u0301veloppement-durable.jpeg 1502w\" sizes=\"auto, (max-width: 720px) 100vw, 720px\" \/><\/figure>\n\n\n\n<figure class=\"wp-block-image size-large\"><img loading=\"lazy\" decoding=\"async\" width=\"720\" height=\"480\" src=\"https:\/\/archibat.com\/blog\/wp-content\/uploads\/2024\/03\/archibat-mag-01-conjuguer-bien-e\u0302tre-et-de\u0301veloppement-durable-720x480.jpeg\" alt=\"\" class=\"wp-image-22786\" srcset=\"https:\/\/archibat.com\/blog\/wp-content\/uploads\/2024\/03\/archibat-mag-01-conjuguer-bien-e\u0302tre-et-de\u0301veloppement-durable-720x480.jpeg 720w, https:\/\/archibat.com\/blog\/wp-content\/uploads\/2024\/03\/archibat-mag-01-conjuguer-bien-e\u0302tre-et-de\u0301veloppement-durable-300x200.jpeg 300w, https:\/\/archibat.com\/blog\/wp-content\/uploads\/2024\/03\/archibat-mag-01-conjuguer-bien-e\u0302tre-et-de\u0301veloppement-durable-768x512.jpeg 768w, https:\/\/archibat.com\/blog\/wp-content\/uploads\/2024\/03\/archibat-mag-01-conjuguer-bien-e\u0302tre-et-de\u0301veloppement-durable-1440x960.jpeg 1440w, https:\/\/archibat.com\/blog\/wp-content\/uploads\/2024\/03\/archibat-mag-01-conjuguer-bien-e\u0302tre-et-de\u0301veloppement-durable-960x640.jpeg 960w, https:\/\/archibat.com\/blog\/wp-content\/uploads\/2024\/03\/archibat-mag-01-conjuguer-bien-e\u0302tre-et-de\u0301veloppement-durable-350x233.jpeg 350w, https:\/\/archibat.com\/blog\/wp-content\/uploads\/2024\/03\/archibat-mag-01-conjuguer-bien-e\u0302tre-et-de\u0301veloppement-durable-700x466.jpeg 700w, https:\/\/archibat.com\/blog\/wp-content\/uploads\/2024\/03\/archibat-mag-01-conjuguer-bien-e\u0302tre-et-de\u0301veloppement-durable.jpeg 1501w\" sizes=\"auto, (max-width: 720px) 100vw, 720px\" \/><\/figure>\n\n\n\n<p>L\u2019approche est \u00e0 la fois durable pour la nature mais \u00e9galement\u00a0<strong>b\u00e9n\u00e9fique pour la sant\u00e9 humaine<\/strong>, en \u00e9vitant les rayonnements \u00e9lectromagn\u00e9tiques. Des\u00a0<strong>innovations en mati\u00e8re de respect de l\u2019environnement\u00a0<\/strong>ont \u00e9t\u00e9 mises en oeuvre, telles que : la ventilation naturelle, la protection solaire, la r\u00e9utilisation de l\u2019eau, les syst\u00e8mes d&rsquo;\u00e9nergie solaire ainsi que le traitement naturel des eaux y compris celle de la piscine.\u00a0<\/p>\n\n\n\n<figure class=\"wp-block-image size-large\"><img loading=\"lazy\" decoding=\"async\" width=\"720\" height=\"480\" src=\"https:\/\/archibat.com\/blog\/wp-content\/uploads\/2024\/03\/archibat-mag-06-conjuguer-bien-e\u0302tre-et-de\u0301veloppement-durable-720x480.jpeg\" alt=\"\" class=\"wp-image-22748\" srcset=\"https:\/\/archibat.com\/blog\/wp-content\/uploads\/2024\/03\/archibat-mag-06-conjuguer-bien-e\u0302tre-et-de\u0301veloppement-durable-720x480.jpeg 720w, https:\/\/archibat.com\/blog\/wp-content\/uploads\/2024\/03\/archibat-mag-06-conjuguer-bien-e\u0302tre-et-de\u0301veloppement-durable-300x200.jpeg 300w, https:\/\/archibat.com\/blog\/wp-content\/uploads\/2024\/03\/archibat-mag-06-conjuguer-bien-e\u0302tre-et-de\u0301veloppement-durable-768x512.jpeg 768w, https:\/\/archibat.com\/blog\/wp-content\/uploads\/2024\/03\/archibat-mag-06-conjuguer-bien-e\u0302tre-et-de\u0301veloppement-durable-1440x960.jpeg 1440w, https:\/\/archibat.com\/blog\/wp-content\/uploads\/2024\/03\/archibat-mag-06-conjuguer-bien-e\u0302tre-et-de\u0301veloppement-durable-960x640.jpeg 960w, https:\/\/archibat.com\/blog\/wp-content\/uploads\/2024\/03\/archibat-mag-06-conjuguer-bien-e\u0302tre-et-de\u0301veloppement-durable-350x233.jpeg 350w, https:\/\/archibat.com\/blog\/wp-content\/uploads\/2024\/03\/archibat-mag-06-conjuguer-bien-e\u0302tre-et-de\u0301veloppement-durable-700x466.jpeg 700w, https:\/\/archibat.com\/blog\/wp-content\/uploads\/2024\/03\/archibat-mag-06-conjuguer-bien-e\u0302tre-et-de\u0301veloppement-durable.jpeg 1499w\" sizes=\"auto, (max-width: 720px) 100vw, 720px\" \/><\/figure>\n\n\n\n<figure class=\"wp-block-image size-large\"><img loading=\"lazy\" decoding=\"async\" width=\"720\" height=\"480\" src=\"https:\/\/archibat.com\/blog\/wp-content\/uploads\/2024\/03\/archibat-mag-12-conjuguer-bien-e\u0302tre-et-de\u0301veloppement-durable-720x480.jpeg\" alt=\"\" class=\"wp-image-22770\" srcset=\"https:\/\/archibat.com\/blog\/wp-content\/uploads\/2024\/03\/archibat-mag-12-conjuguer-bien-e\u0302tre-et-de\u0301veloppement-durable-720x480.jpeg 720w, https:\/\/archibat.com\/blog\/wp-content\/uploads\/2024\/03\/archibat-mag-12-conjuguer-bien-e\u0302tre-et-de\u0301veloppement-durable-300x200.jpeg 300w, https:\/\/archibat.com\/blog\/wp-content\/uploads\/2024\/03\/archibat-mag-12-conjuguer-bien-e\u0302tre-et-de\u0301veloppement-durable-768x512.jpeg 768w, https:\/\/archibat.com\/blog\/wp-content\/uploads\/2024\/03\/archibat-mag-12-conjuguer-bien-e\u0302tre-et-de\u0301veloppement-durable-1440x960.jpeg 1440w, https:\/\/archibat.com\/blog\/wp-content\/uploads\/2024\/03\/archibat-mag-12-conjuguer-bien-e\u0302tre-et-de\u0301veloppement-durable-960x640.jpeg 960w, https:\/\/archibat.com\/blog\/wp-content\/uploads\/2024\/03\/archibat-mag-12-conjuguer-bien-e\u0302tre-et-de\u0301veloppement-durable-350x233.jpeg 350w, https:\/\/archibat.com\/blog\/wp-content\/uploads\/2024\/03\/archibat-mag-12-conjuguer-bien-e\u0302tre-et-de\u0301veloppement-durable-700x466.jpeg 700w, https:\/\/archibat.com\/blog\/wp-content\/uploads\/2024\/03\/archibat-mag-12-conjuguer-bien-e\u0302tre-et-de\u0301veloppement-durable.jpeg 1499w\" sizes=\"auto, (max-width: 720px) 100vw, 720px\" \/><\/figure>\n\n\n\n<figure class=\"wp-block-image size-large\"><img loading=\"lazy\" decoding=\"async\" width=\"720\" height=\"480\" src=\"https:\/\/archibat.com\/blog\/wp-content\/uploads\/2024\/03\/archibat-mag-11-conjuguer-bien-e\u0302tre-et-de\u0301veloppement-durable-1-720x480.jpeg\" alt=\"\" class=\"wp-image-22782\" srcset=\"https:\/\/archibat.com\/blog\/wp-content\/uploads\/2024\/03\/archibat-mag-11-conjuguer-bien-e\u0302tre-et-de\u0301veloppement-durable-1-720x480.jpeg 720w, https:\/\/archibat.com\/blog\/wp-content\/uploads\/2024\/03\/archibat-mag-11-conjuguer-bien-e\u0302tre-et-de\u0301veloppement-durable-1-300x200.jpeg 300w, https:\/\/archibat.com\/blog\/wp-content\/uploads\/2024\/03\/archibat-mag-11-conjuguer-bien-e\u0302tre-et-de\u0301veloppement-durable-1-768x512.jpeg 768w, https:\/\/archibat.com\/blog\/wp-content\/uploads\/2024\/03\/archibat-mag-11-conjuguer-bien-e\u0302tre-et-de\u0301veloppement-durable-1-1440x960.jpeg 1440w, https:\/\/archibat.com\/blog\/wp-content\/uploads\/2024\/03\/archibat-mag-11-conjuguer-bien-e\u0302tre-et-de\u0301veloppement-durable-1-960x640.jpeg 960w, https:\/\/archibat.com\/blog\/wp-content\/uploads\/2024\/03\/archibat-mag-11-conjuguer-bien-e\u0302tre-et-de\u0301veloppement-durable-1-350x233.jpeg 350w, https:\/\/archibat.com\/blog\/wp-content\/uploads\/2024\/03\/archibat-mag-11-conjuguer-bien-e\u0302tre-et-de\u0301veloppement-durable-1-700x466.jpeg 700w, https:\/\/archibat.com\/blog\/wp-content\/uploads\/2024\/03\/archibat-mag-11-conjuguer-bien-e\u0302tre-et-de\u0301veloppement-durable-1.jpeg 1499w\" sizes=\"auto, (max-width: 720px) 100vw, 720px\" \/><\/figure>\n\n\n\n<figure class=\"wp-block-image size-large\"><img loading=\"lazy\" decoding=\"async\" width=\"720\" height=\"480\" src=\"https:\/\/archibat.com\/blog\/wp-content\/uploads\/2024\/03\/archibat-mag-18-conjuguer-bien-e\u0302tre-et-de\u0301veloppement-durable-720x480.jpeg\" alt=\"\" class=\"wp-image-22790\" srcset=\"https:\/\/archibat.com\/blog\/wp-content\/uploads\/2024\/03\/archibat-mag-18-conjuguer-bien-e\u0302tre-et-de\u0301veloppement-durable-720x480.jpeg 720w, https:\/\/archibat.com\/blog\/wp-content\/uploads\/2024\/03\/archibat-mag-18-conjuguer-bien-e\u0302tre-et-de\u0301veloppement-durable-300x200.jpeg 300w, https:\/\/archibat.com\/blog\/wp-content\/uploads\/2024\/03\/archibat-mag-18-conjuguer-bien-e\u0302tre-et-de\u0301veloppement-durable-768x512.jpeg 768w, https:\/\/archibat.com\/blog\/wp-content\/uploads\/2024\/03\/archibat-mag-18-conjuguer-bien-e\u0302tre-et-de\u0301veloppement-durable-1440x960.jpeg 1440w, https:\/\/archibat.com\/blog\/wp-content\/uploads\/2024\/03\/archibat-mag-18-conjuguer-bien-e\u0302tre-et-de\u0301veloppement-durable-960x640.jpeg 960w, https:\/\/archibat.com\/blog\/wp-content\/uploads\/2024\/03\/archibat-mag-18-conjuguer-bien-e\u0302tre-et-de\u0301veloppement-durable-350x233.jpeg 350w, https:\/\/archibat.com\/blog\/wp-content\/uploads\/2024\/03\/archibat-mag-18-conjuguer-bien-e\u0302tre-et-de\u0301veloppement-durable-700x466.jpeg 700w, https:\/\/archibat.com\/blog\/wp-content\/uploads\/2024\/03\/archibat-mag-18-conjuguer-bien-e\u0302tre-et-de\u0301veloppement-durable.jpeg 1499w\" sizes=\"auto, (max-width: 720px) 100vw, 720px\" \/><\/figure>\n\n\n\n<figure class=\"wp-block-image size-large\"><img loading=\"lazy\" decoding=\"async\" width=\"720\" height=\"480\" src=\"https:\/\/archibat.com\/blog\/wp-content\/uploads\/2024\/03\/archibat-mag-15-conjuguer-bien-e\u0302tre-et-de\u0301veloppement-durable-720x480.jpeg\" alt=\"\" class=\"wp-image-22768\" srcset=\"https:\/\/archibat.com\/blog\/wp-content\/uploads\/2024\/03\/archibat-mag-15-conjuguer-bien-e\u0302tre-et-de\u0301veloppement-durable-720x480.jpeg 720w, https:\/\/archibat.com\/blog\/wp-content\/uploads\/2024\/03\/archibat-mag-15-conjuguer-bien-e\u0302tre-et-de\u0301veloppement-durable-300x200.jpeg 300w, https:\/\/archibat.com\/blog\/wp-content\/uploads\/2024\/03\/archibat-mag-15-conjuguer-bien-e\u0302tre-et-de\u0301veloppement-durable-768x512.jpeg 768w, https:\/\/archibat.com\/blog\/wp-content\/uploads\/2024\/03\/archibat-mag-15-conjuguer-bien-e\u0302tre-et-de\u0301veloppement-durable-1440x960.jpeg 1440w, https:\/\/archibat.com\/blog\/wp-content\/uploads\/2024\/03\/archibat-mag-15-conjuguer-bien-e\u0302tre-et-de\u0301veloppement-durable-960x640.jpeg 960w, https:\/\/archibat.com\/blog\/wp-content\/uploads\/2024\/03\/archibat-mag-15-conjuguer-bien-e\u0302tre-et-de\u0301veloppement-durable-350x233.jpeg 350w, https:\/\/archibat.com\/blog\/wp-content\/uploads\/2024\/03\/archibat-mag-15-conjuguer-bien-e\u0302tre-et-de\u0301veloppement-durable-700x466.jpeg 700w, https:\/\/archibat.com\/blog\/wp-content\/uploads\/2024\/03\/archibat-mag-15-conjuguer-bien-e\u0302tre-et-de\u0301veloppement-durable.jpeg 1499w\" sizes=\"auto, (max-width: 720px) 100vw, 720px\" \/><\/figure>\n\n\n\n<p>La Loma Sagrada House est une illustration du d\u00e9veloppement durable qui harmonise\u00a0<strong>la protection de l\u2019environnement avec le bien-\u00eatre humain<\/strong>. Ce projet \u00e9pur\u00e9 d\u00e9montre qu\u2019une construction peut s\u2019int\u00e9grer dans la nature en la respectant et sans la d\u00e9figurer.<\/p>\n\n\n\n<figure class=\"wp-block-image size-large\"><img loading=\"lazy\" decoding=\"async\" width=\"720\" height=\"480\" src=\"https:\/\/archibat.com\/blog\/wp-content\/uploads\/2024\/03\/archibat-mag-09-conjuguer-bien-e\u0302tre-et-de\u0301veloppement-durable-720x480.jpeg\" alt=\"\" class=\"wp-image-22772\" srcset=\"https:\/\/archibat.com\/blog\/wp-content\/uploads\/2024\/03\/archibat-mag-09-conjuguer-bien-e\u0302tre-et-de\u0301veloppement-durable-720x480.jpeg 720w, https:\/\/archibat.com\/blog\/wp-content\/uploads\/2024\/03\/archibat-mag-09-conjuguer-bien-e\u0302tre-et-de\u0301veloppement-durable-300x200.jpeg 300w, https:\/\/archibat.com\/blog\/wp-content\/uploads\/2024\/03\/archibat-mag-09-conjuguer-bien-e\u0302tre-et-de\u0301veloppement-durable-768x512.jpeg 768w, https:\/\/archibat.com\/blog\/wp-content\/uploads\/2024\/03\/archibat-mag-09-conjuguer-bien-e\u0302tre-et-de\u0301veloppement-durable-1440x960.jpeg 1440w, https:\/\/archibat.com\/blog\/wp-content\/uploads\/2024\/03\/archibat-mag-09-conjuguer-bien-e\u0302tre-et-de\u0301veloppement-durable-960x640.jpeg 960w, https:\/\/archibat.com\/blog\/wp-content\/uploads\/2024\/03\/archibat-mag-09-conjuguer-bien-e\u0302tre-et-de\u0301veloppement-durable-350x233.jpeg 350w, https:\/\/archibat.com\/blog\/wp-content\/uploads\/2024\/03\/archibat-mag-09-conjuguer-bien-e\u0302tre-et-de\u0301veloppement-durable-700x466.jpeg 700w, https:\/\/archibat.com\/blog\/wp-content\/uploads\/2024\/03\/archibat-mag-09-conjuguer-bien-e\u0302tre-et-de\u0301veloppement-durable.jpeg 1499w\" sizes=\"auto, (max-width: 720px) 100vw, 720px\" \/><\/figure>\n\n\n\n<figure class=\"wp-block-image size-large\"><img loading=\"lazy\" decoding=\"async\" width=\"720\" height=\"480\" src=\"https:\/\/archibat.com\/blog\/wp-content\/uploads\/2024\/03\/archibat-mag-13-conjuguer-bien-e\u0302tre-et-de\u0301veloppement-durable-720x480.jpeg\" alt=\"\" class=\"wp-image-22780\" srcset=\"https:\/\/archibat.com\/blog\/wp-content\/uploads\/2024\/03\/archibat-mag-13-conjuguer-bien-e\u0302tre-et-de\u0301veloppement-durable-720x480.jpeg 720w, https:\/\/archibat.com\/blog\/wp-content\/uploads\/2024\/03\/archibat-mag-13-conjuguer-bien-e\u0302tre-et-de\u0301veloppement-durable-300x200.jpeg 300w, https:\/\/archibat.com\/blog\/wp-content\/uploads\/2024\/03\/archibat-mag-13-conjuguer-bien-e\u0302tre-et-de\u0301veloppement-durable-768x512.jpeg 768w, https:\/\/archibat.com\/blog\/wp-content\/uploads\/2024\/03\/archibat-mag-13-conjuguer-bien-e\u0302tre-et-de\u0301veloppement-durable-1440x960.jpeg 1440w, https:\/\/archibat.com\/blog\/wp-content\/uploads\/2024\/03\/archibat-mag-13-conjuguer-bien-e\u0302tre-et-de\u0301veloppement-durable-960x640.jpeg 960w, https:\/\/archibat.com\/blog\/wp-content\/uploads\/2024\/03\/archibat-mag-13-conjuguer-bien-e\u0302tre-et-de\u0301veloppement-durable-350x233.jpeg 350w, https:\/\/archibat.com\/blog\/wp-content\/uploads\/2024\/03\/archibat-mag-13-conjuguer-bien-e\u0302tre-et-de\u0301veloppement-durable-700x466.jpeg 700w, https:\/\/archibat.com\/blog\/wp-content\/uploads\/2024\/03\/archibat-mag-13-conjuguer-bien-e\u0302tre-et-de\u0301veloppement-durable.jpeg 1499w\" sizes=\"auto, (max-width: 720px) 100vw, 720px\" \/><\/figure>\n\n\n\n<figure class=\"wp-block-image size-large\"><img loading=\"lazy\" decoding=\"async\" width=\"720\" height=\"480\" src=\"https:\/\/archibat.com\/blog\/wp-content\/uploads\/2024\/03\/archibat-mag-04-conjuguer-bien-e\u0302tre-et-de\u0301veloppement-durable-720x480.jpeg\" alt=\"\" class=\"wp-image-22776\" srcset=\"https:\/\/archibat.com\/blog\/wp-content\/uploads\/2024\/03\/archibat-mag-04-conjuguer-bien-e\u0302tre-et-de\u0301veloppement-durable-720x480.jpeg 720w, https:\/\/archibat.com\/blog\/wp-content\/uploads\/2024\/03\/archibat-mag-04-conjuguer-bien-e\u0302tre-et-de\u0301veloppement-durable-300x200.jpeg 300w, https:\/\/archibat.com\/blog\/wp-content\/uploads\/2024\/03\/archibat-mag-04-conjuguer-bien-e\u0302tre-et-de\u0301veloppement-durable-768x512.jpeg 768w, https:\/\/archibat.com\/blog\/wp-content\/uploads\/2024\/03\/archibat-mag-04-conjuguer-bien-e\u0302tre-et-de\u0301veloppement-durable-1440x960.jpeg 1440w, https:\/\/archibat.com\/blog\/wp-content\/uploads\/2024\/03\/archibat-mag-04-conjuguer-bien-e\u0302tre-et-de\u0301veloppement-durable-960x640.jpeg 960w, https:\/\/archibat.com\/blog\/wp-content\/uploads\/2024\/03\/archibat-mag-04-conjuguer-bien-e\u0302tre-et-de\u0301veloppement-durable-350x233.jpeg 350w, https:\/\/archibat.com\/blog\/wp-content\/uploads\/2024\/03\/archibat-mag-04-conjuguer-bien-e\u0302tre-et-de\u0301veloppement-durable-700x466.jpeg 700w, https:\/\/archibat.com\/blog\/wp-content\/uploads\/2024\/03\/archibat-mag-04-conjuguer-bien-e\u0302tre-et-de\u0301veloppement-durable.jpeg 1499w\" sizes=\"auto, (max-width: 720px) 100vw, 720px\" \/><\/figure>\n\n\n\n<figure class=\"wp-block-image size-large\"><img loading=\"lazy\" decoding=\"async\" width=\"720\" height=\"466\" src=\"https:\/\/archibat.com\/blog\/wp-content\/uploads\/2024\/03\/archibat-mag-16-conjuguer-bien-e\u0302tre-et-de\u0301veloppement-durable-1-720x466.jpeg\" alt=\"\" class=\"wp-image-22752\" srcset=\"https:\/\/archibat.com\/blog\/wp-content\/uploads\/2024\/03\/archibat-mag-16-conjuguer-bien-e\u0302tre-et-de\u0301veloppement-durable-1-720x466.jpeg 720w, https:\/\/archibat.com\/blog\/wp-content\/uploads\/2024\/03\/archibat-mag-16-conjuguer-bien-e\u0302tre-et-de\u0301veloppement-durable-1-300x194.jpeg 300w, https:\/\/archibat.com\/blog\/wp-content\/uploads\/2024\/03\/archibat-mag-16-conjuguer-bien-e\u0302tre-et-de\u0301veloppement-durable-1-768x497.jpeg 768w, https:\/\/archibat.com\/blog\/wp-content\/uploads\/2024\/03\/archibat-mag-16-conjuguer-bien-e\u0302tre-et-de\u0301veloppement-durable-1-1536x994.jpeg 1536w, https:\/\/archibat.com\/blog\/wp-content\/uploads\/2024\/03\/archibat-mag-16-conjuguer-bien-e\u0302tre-et-de\u0301veloppement-durable-1.jpeg 1545w\" sizes=\"auto, (max-width: 720px) 100vw, 720px\" \/><\/figure>\n\n\n\n<hr class=\"wp-block-separator\"\/>\n\n\n\n<p><strong>Architectes : <\/strong>Salagnac Arquitectos<\/p>\n\n\n\n<p><strong>Cr\u00e9dits photos : <\/strong>Andres Garcia Lachner<\/p>\n\n\n\n<hr class=\"wp-block-separator\"\/>\n\n\n\n<p><strong>Vous recherchez un poste en Architecture ?<\/strong>&nbsp;<\/p>\n\n\n\n<p><a href=\"https:\/\/archibat.com\/fr\/offres-demploi\" target=\"_blank\" rel=\"noreferrer noopener\">D\u00e9couvrez nos offres d\u2019emploi !<\/a><\/p>\n","protected":false},"excerpt":{"rendered":"<p>La Loma Sagrada House a \u00e9t\u00e9 implant\u00e9e sur une terre tr\u00e8s ab\u00eem\u00e9e qui \u00e9tait initialement destin\u00e9e au b\u00e9tail. Afin de r\u00e9g\u00e9n\u00e9rer les sols,\u00a0les transferts de\u2026<\/p>\n","protected":false},"author":2,"featured_media":22743,"comment_status":"closed","ping_status":"closed","sticky":false,"template":"","format":"standard","meta":{"_acf_changed":false,"footnotes":""},"categories":[3],"tags":[3787,1302,3680,3785,3786],"class_list":["post-22740","post","type-post","status-publish","format-standard","has-post-thumbnail","hentry","category-architecture-et-design","tag-batiments-ecoresponsables","tag-costa-rica","tag-developpement-durable","tag-loma-sagrada-house","tag-salagnac-arquitectos"],"acf":[],"yoast_head":"<!-- This site is optimized with the Yoast SEO plugin v24.8.1 - https:\/\/yoast.com\/wordpress\/plugins\/seo\/ -->\n<title>Conjuguer bien-\u00eatre et d\u00e9veloppement durable &#8211; ArchiBat Mag<\/title>\n<meta name=\"robots\" content=\"index, follow, max-snippet:-1, max-image-preview:large, max-video-preview:-1\" \/>\n<link rel=\"canonical\" href=\"https:\/\/archibat.com\/blog\/conjuguer-bien-etre-et-developpement-durable\/\" \/>\n<meta property=\"og:locale\" content=\"fr_FR\" \/>\n<meta property=\"og:type\" content=\"article\" \/>\n<meta property=\"og:title\" content=\"Conjuguer bien-\u00eatre et d\u00e9veloppement durable &#8211; ArchiBat Mag\" \/>\n<meta property=\"og:description\" content=\"La Loma Sagrada House a \u00e9t\u00e9 implant\u00e9e sur une terre tr\u00e8s ab\u00eem\u00e9e qui \u00e9tait initialement destin\u00e9e au b\u00e9tail. Afin de r\u00e9g\u00e9n\u00e9rer les sols,\u00a0les transferts de\u2026\" \/>\n<meta property=\"og:url\" content=\"https:\/\/archibat.com\/blog\/conjuguer-bien-etre-et-developpement-durable\/\" \/>\n<meta property=\"og:site_name\" content=\"ArchiBat Mag\" \/>\n<meta property=\"article:published_time\" content=\"2024-03-26T13:00:00+00:00\" \/>\n<meta property=\"og:image\" content=\"https:\/\/archibat.com\/blog\/wp-content\/uploads\/2024\/03\/archibat-mag-cover-conjuguer-bien-etre-et-developpement-durable.jpg\" \/>\n\t<meta property=\"og:image:width\" content=\"1499\" \/>\n\t<meta property=\"og:image:height\" content=\"1000\" \/>\n\t<meta property=\"og:image:type\" content=\"image\/jpeg\" \/>\n<meta name=\"author\" content=\"communication\" \/>\n<meta name=\"twitter:card\" content=\"summary_large_image\" \/>\n<meta name=\"twitter:label1\" content=\"\u00c9crit par\" \/>\n\t<meta name=\"twitter:data1\" content=\"communication\" \/>\n\t<meta name=\"twitter:label2\" content=\"Dur\u00e9e de lecture estim\u00e9e\" \/>\n\t<meta name=\"twitter:data2\" content=\"2 minutes\" \/>\n<script type=\"application\/ld+json\" class=\"yoast-schema-graph\">{\"@context\":\"https:\/\/schema.org\",\"@graph\":[{\"@type\":\"WebPage\",\"@id\":\"https:\/\/archibat.com\/blog\/conjuguer-bien-etre-et-developpement-durable\/\",\"url\":\"https:\/\/archibat.com\/blog\/conjuguer-bien-etre-et-developpement-durable\/\",\"name\":\"Conjuguer bien-\u00eatre et d\u00e9veloppement durable &#8211; ArchiBat Mag\",\"isPartOf\":{\"@id\":\"https:\/\/archibat.com\/blog\/#website\"},\"primaryImageOfPage\":{\"@id\":\"https:\/\/archibat.com\/blog\/conjuguer-bien-etre-et-developpement-durable\/#primaryimage\"},\"image\":{\"@id\":\"https:\/\/archibat.com\/blog\/conjuguer-bien-etre-et-developpement-durable\/#primaryimage\"},\"thumbnailUrl\":\"https:\/\/archibat.com\/blog\/wp-content\/uploads\/2024\/03\/archibat-mag-cover-conjuguer-bien-etre-et-developpement-durable.jpg\",\"datePublished\":\"2024-03-26T13:00:00+00:00\",\"author\":{\"@id\":\"https:\/\/archibat.com\/blog\/#\/schema\/person\/c246f0d63b5e719c2cbe4f9bd494bf12\"},\"breadcrumb\":{\"@id\":\"https:\/\/archibat.com\/blog\/conjuguer-bien-etre-et-developpement-durable\/#breadcrumb\"},\"inLanguage\":\"fr-FR\",\"potentialAction\":[{\"@type\":\"ReadAction\",\"target\":[\"https:\/\/archibat.com\/blog\/conjuguer-bien-etre-et-developpement-durable\/\"]}]},{\"@type\":\"ImageObject\",\"inLanguage\":\"fr-FR\",\"@id\":\"https:\/\/archibat.com\/blog\/conjuguer-bien-etre-et-developpement-durable\/#primaryimage\",\"url\":\"https:\/\/archibat.com\/blog\/wp-content\/uploads\/2024\/03\/archibat-mag-cover-conjuguer-bien-etre-et-developpement-durable.jpg\",\"contentUrl\":\"https:\/\/archibat.com\/blog\/wp-content\/uploads\/2024\/03\/archibat-mag-cover-conjuguer-bien-etre-et-developpement-durable.jpg\",\"width\":1499,\"height\":1000,\"caption\":\"Loma Sagrada, Costa Rica - SALAGNAC Arquitectos - https:\/\/salagnacarquitectos.com\/ - SOFIA Interiorismo - https:\/\/sofiainteriorismo.com\/ - Image copyright Andres Garcia Lachner - www.garcialachner.com - instagram: @Garcia_Lachner\"},{\"@type\":\"BreadcrumbList\",\"@id\":\"https:\/\/archibat.com\/blog\/conjuguer-bien-etre-et-developpement-durable\/#breadcrumb\",\"itemListElement\":[{\"@type\":\"ListItem\",\"position\":1,\"name\":\"Home\",\"item\":\"https:\/\/archibat.com\/blog\/\"},{\"@type\":\"ListItem\",\"position\":2,\"name\":\"Conjuguer bien-\u00eatre et d\u00e9veloppement durable\"}]},{\"@type\":\"WebSite\",\"@id\":\"https:\/\/archibat.com\/blog\/#website\",\"url\":\"https:\/\/archibat.com\/blog\/\",\"name\":\"ArchiBat Mag\",\"description\":\"Vous souhaitez connaitre les derni\u00e8res actualit\u00e9s sur l\u2019Architecture, le Design ou les Ressources Humaines ? D\u00e9couvrez ArchiBat Mag, le magazine d\u00e9di\u00e9 aux m\u00e9tiers de l&#039;Architecture et de l&#039;Ing\u00e9nierie.\",\"potentialAction\":[{\"@type\":\"SearchAction\",\"target\":{\"@type\":\"EntryPoint\",\"urlTemplate\":\"https:\/\/archibat.com\/blog\/?s={search_term_string}\"},\"query-input\":{\"@type\":\"PropertyValueSpecification\",\"valueRequired\":true,\"valueName\":\"search_term_string\"}}],\"inLanguage\":\"fr-FR\"},{\"@type\":\"Person\",\"@id\":\"https:\/\/archibat.com\/blog\/#\/schema\/person\/c246f0d63b5e719c2cbe4f9bd494bf12\",\"name\":\"communication\"}]}<\/script>\n<!-- \/ Yoast SEO plugin. -->","yoast_head_json":{"title":"Conjuguer bien-\u00eatre et d\u00e9veloppement durable &#8211; ArchiBat Mag","robots":{"index":"index","follow":"follow","max-snippet":"max-snippet:-1","max-image-preview":"max-image-preview:large","max-video-preview":"max-video-preview:-1"},"canonical":"https:\/\/archibat.com\/blog\/conjuguer-bien-etre-et-developpement-durable\/","og_locale":"fr_FR","og_type":"article","og_title":"Conjuguer bien-\u00eatre et d\u00e9veloppement durable &#8211; ArchiBat Mag","og_description":"La Loma Sagrada House a \u00e9t\u00e9 implant\u00e9e sur une terre tr\u00e8s ab\u00eem\u00e9e qui \u00e9tait initialement destin\u00e9e au b\u00e9tail. Afin de r\u00e9g\u00e9n\u00e9rer les sols,\u00a0les transferts de\u2026","og_url":"https:\/\/archibat.com\/blog\/conjuguer-bien-etre-et-developpement-durable\/","og_site_name":"ArchiBat Mag","article_published_time":"2024-03-26T13:00:00+00:00","og_image":[{"width":1499,"height":1000,"url":"https:\/\/archibat.com\/blog\/wp-content\/uploads\/2024\/03\/archibat-mag-cover-conjuguer-bien-etre-et-developpement-durable.jpg","type":"image\/jpeg"}],"author":"communication","twitter_card":"summary_large_image","twitter_misc":{"\u00c9crit par":"communication","Dur\u00e9e de lecture estim\u00e9e":"2 minutes"},"schema":{"@context":"https:\/\/schema.org","@graph":[{"@type":"WebPage","@id":"https:\/\/archibat.com\/blog\/conjuguer-bien-etre-et-developpement-durable\/","url":"https:\/\/archibat.com\/blog\/conjuguer-bien-etre-et-developpement-durable\/","name":"Conjuguer bien-\u00eatre et d\u00e9veloppement durable &#8211; ArchiBat Mag","isPartOf":{"@id":"https:\/\/archibat.com\/blog\/#website"},"primaryImageOfPage":{"@id":"https:\/\/archibat.com\/blog\/conjuguer-bien-etre-et-developpement-durable\/#primaryimage"},"image":{"@id":"https:\/\/archibat.com\/blog\/conjuguer-bien-etre-et-developpement-durable\/#primaryimage"},"thumbnailUrl":"https:\/\/archibat.com\/blog\/wp-content\/uploads\/2024\/03\/archibat-mag-cover-conjuguer-bien-etre-et-developpement-durable.jpg","datePublished":"2024-03-26T13:00:00+00:00","author":{"@id":"https:\/\/archibat.com\/blog\/#\/schema\/person\/c246f0d63b5e719c2cbe4f9bd494bf12"},"breadcrumb":{"@id":"https:\/\/archibat.com\/blog\/conjuguer-bien-etre-et-developpement-durable\/#breadcrumb"},"inLanguage":"fr-FR","potentialAction":[{"@type":"ReadAction","target":["https:\/\/archibat.com\/blog\/conjuguer-bien-etre-et-developpement-durable\/"]}]},{"@type":"ImageObject","inLanguage":"fr-FR","@id":"https:\/\/archibat.com\/blog\/conjuguer-bien-etre-et-developpement-durable\/#primaryimage","url":"https:\/\/archibat.com\/blog\/wp-content\/uploads\/2024\/03\/archibat-mag-cover-conjuguer-bien-etre-et-developpement-durable.jpg","contentUrl":"https:\/\/archibat.com\/blog\/wp-content\/uploads\/2024\/03\/archibat-mag-cover-conjuguer-bien-etre-et-developpement-durable.jpg","width":1499,"height":1000,"caption":"Loma Sagrada, Costa Rica - SALAGNAC Arquitectos - https:\/\/salagnacarquitectos.com\/ - SOFIA Interiorismo - https:\/\/sofiainteriorismo.com\/ - Image copyright Andres Garcia Lachner - www.garcialachner.com - instagram: @Garcia_Lachner"},{"@type":"BreadcrumbList","@id":"https:\/\/archibat.com\/blog\/conjuguer-bien-etre-et-developpement-durable\/#breadcrumb","itemListElement":[{"@type":"ListItem","position":1,"name":"Home","item":"https:\/\/archibat.com\/blog\/"},{"@type":"ListItem","position":2,"name":"Conjuguer bien-\u00eatre et d\u00e9veloppement durable"}]},{"@type":"WebSite","@id":"https:\/\/archibat.com\/blog\/#website","url":"https:\/\/archibat.com\/blog\/","name":"ArchiBat Mag","description":"Vous souhaitez connaitre les derni\u00e8res actualit\u00e9s sur l\u2019Architecture, le Design ou les Ressources Humaines ? D\u00e9couvrez ArchiBat Mag, le magazine d\u00e9di\u00e9 aux m\u00e9tiers de l&#039;Architecture et de l&#039;Ing\u00e9nierie.","potentialAction":[{"@type":"SearchAction","target":{"@type":"EntryPoint","urlTemplate":"https:\/\/archibat.com\/blog\/?s={search_term_string}"},"query-input":{"@type":"PropertyValueSpecification","valueRequired":true,"valueName":"search_term_string"}}],"inLanguage":"fr-FR"},{"@type":"Person","@id":"https:\/\/archibat.com\/blog\/#\/schema\/person\/c246f0d63b5e719c2cbe4f9bd494bf12","name":"communication"}]}},"_links":{"self":[{"href":"https:\/\/archibat.com\/blog\/wp-json\/wp\/v2\/posts\/22740","targetHints":{"allow":["GET"]}}],"collection":[{"href":"https:\/\/archibat.com\/blog\/wp-json\/wp\/v2\/posts"}],"about":[{"href":"https:\/\/archibat.com\/blog\/wp-json\/wp\/v2\/types\/post"}],"author":[{"embeddable":true,"href":"https:\/\/archibat.com\/blog\/wp-json\/wp\/v2\/users\/2"}],"replies":[{"embeddable":true,"href":"https:\/\/archibat.com\/blog\/wp-json\/wp\/v2\/comments?post=22740"}],"version-history":[{"count":2,"href":"https:\/\/archibat.com\/blog\/wp-json\/wp\/v2\/posts\/22740\/revisions"}],"predecessor-version":[{"id":22794,"href":"https:\/\/archibat.com\/blog\/wp-json\/wp\/v2\/posts\/22740\/revisions\/22794"}],"wp:featuredmedia":[{"embeddable":true,"href":"https:\/\/archibat.com\/blog\/wp-json\/wp\/v2\/media\/22743"}],"wp:attachment":[{"href":"https:\/\/archibat.com\/blog\/wp-json\/wp\/v2\/media?parent=22740"}],"wp:term":[{"taxonomy":"category","embeddable":true,"href":"https:\/\/archibat.com\/blog\/wp-json\/wp\/v2\/categories?post=22740"},{"taxonomy":"post_tag","embeddable":true,"href":"https:\/\/archibat.com\/blog\/wp-json\/wp\/v2\/tags?post=22740"}],"curies":[{"name":"wp","href":"https:\/\/api.w.org\/{rel}","templated":true}]}}