{"id":22795,"date":"2024-04-25T14:00:00","date_gmt":"2024-04-25T12:00:00","guid":{"rendered":"https:\/\/archibat.com\/blog\/?p=22795"},"modified":"2024-04-29T11:21:00","modified_gmt":"2024-04-29T09:21:00","slug":"les-tendances-emploi-que-retirer-de-lannee-2023","status":"publish","type":"post","link":"https:\/\/archibat.com\/blog\/les-tendances-emploi-que-retirer-de-lannee-2023\/","title":{"rendered":"Les tendances emploi : que retirer de l\u2019ann\u00e9e 2023 ?"},"content":{"rendered":"\n<p>De la normalisation du travail \u00e0 distance \u00e0 l&rsquo;av\u00e8nement de concepts tels que le \u00ab quiet quitting \u00bb (ou d\u00e9mission silencieuse), le panorama du march\u00e9 du travail a subi une s\u00e9rie de transformations ces derni\u00e8res ann\u00e9es. Pour savoir ce qui int\u00e9ressait vraiment les demandeurs d&#8217;emploi, les sp\u00e9cialistes de\u00a0<a href=\"https:\/\/www.jobseeker.com\/fr\" target=\"_blank\" rel=\"noreferrer noopener\">Jobseeker<\/a>\u00a0ont analys\u00e9 les donn\u00e9es de Google Trends et ont observ\u00e9 les tendances qui ont gagn\u00e9 en popularit\u00e9 ces douze derniers mois.\u00a0<\/p>\n\n\n\n<h2 class=\"wp-block-heading\"><strong>Les tendances cl\u00e9s du march\u00e9 de l\u2019emploi en 2023<\/strong><\/h2>\n\n\n\n<p>Selon les donn\u00e9es de recherche enregistr\u00e9es par Google sur les mots-cl\u00e9s li\u00e9s \u00e0 l\u2019embauche et au march\u00e9 du travail, on note que l&rsquo;int\u00e9r\u00eat pour les emplois dans le domaine de l&rsquo;intelligence artificielle a connu la plus forte augmentation. L&rsquo;\u00e9quilibre entre vie professionnelle et vie priv\u00e9e reste une pr\u00e9occupation majeure pour tous avec la semaine de travail de 4 jours qui gagne en popularit\u00e9.<\/p>\n\n\n\n<div style=\"height:20px\" aria-hidden=\"true\" class=\"wp-block-spacer\"><\/div>\n\n\n\n<figure class=\"wp-block-table aligncenter is-style-regular\"><table><thead><tr><th><strong>Mot-cl\u00e9<\/strong><\/th><th class=\"has-text-align-center\" data-align=\"center\"><strong>Variation en %<\/strong><\/th><\/tr><\/thead><tbody><tr><td><\/td><td class=\"has-text-align-center\" data-align=\"center\"><\/td><\/tr><tr><td>Emplois dans le domaine de l&rsquo;IA<\/td><td class=\"has-text-align-center\" data-align=\"center\">+67.11%&nbsp;<\/td><\/tr><tr><td>Semaine de travail de 4 jours&nbsp;<\/td><td class=\"has-text-align-center\" data-align=\"center\">+67.05%&nbsp;<\/td><\/tr><tr><td>Comp\u00e9tences en IA&nbsp;<\/td><td class=\"has-text-align-center\" data-align=\"center\">+65.06%&nbsp;<\/td><\/tr><tr><td>Recrutement bas\u00e9 sur les comp\u00e9tences&nbsp;<\/td><td class=\"has-text-align-center\" data-align=\"center\">+58.44%&nbsp;<\/td><\/tr><tr><td>Managing up (gestion de la relation avec son sup\u00e9rieur hi\u00e9rarchique)<\/td><td class=\"has-text-align-center\" data-align=\"center\">+46.99%&nbsp;<\/td><\/tr><tr><td>Vivier mondial de talents&nbsp;<\/td><td class=\"has-text-align-center\" data-align=\"center\">+46.88%&nbsp;<\/td><\/tr><tr><td>Programmes de bien-\u00eatre au travail&nbsp;<\/td><td class=\"has-text-align-center\" data-align=\"center\">+46.48%&nbsp;<\/td><\/tr><tr><td>Boreout (l&rsquo;\u00e9puisement par l&rsquo;ennui)<\/td><td class=\"has-text-align-center\" data-align=\"center\">+41.56%&nbsp;<\/td><\/tr><tr><td>Travail hybride&nbsp;<\/td><td class=\"has-text-align-center\" data-align=\"center\">+40.43%&nbsp;<\/td><\/tr><tr><td>Travail asynchrone&nbsp;<\/td><td class=\"has-text-align-center\" data-align=\"center\">+20.37%&nbsp;<\/td><\/tr><\/tbody><\/table><\/figure>\n\n\n\n<div style=\"height:20px\" aria-hidden=\"true\" class=\"wp-block-spacer\"><\/div>\n\n\n\n<h3 class=\"wp-block-heading\"><strong>L&rsquo;intelligence artificielle devient incontournable&nbsp;<\/strong><\/h3>\n\n\n\n<p>C\u2019est l&rsquo;<strong>intelligence artificielle (IA)<\/strong>&nbsp;qui a eu l&rsquo;impact le plus significatif sur le paysage de l&#8217;emploi en 2023, avec une augmentation nette des recherches pour les \u00ab emplois dans l\u2019IA \u00bb et les \u00ab comp\u00e9tences en IA \u00bb.&nbsp;<\/p>\n\n\n\n<p>L&rsquo;\u00e9volution rapide des outils d&rsquo;IA g\u00e9n\u00e9rative tels que ChatGPT a fait craindre des pertes d&#8217;emplois dans divers secteurs, mais lorsque cette panique initiale s&rsquo;est quelque peu apais\u00e9e, les demandeurs d&#8217;emploi ont commenc\u00e9 \u00e0 envisager les&nbsp;<em>possibilit\u00e9s&nbsp;<\/em>offertes par cette technologie, que ce soit en explorant des carri\u00e8res en lien avec l&rsquo;IA ou en am\u00e9liorant leurs connaissances sur le sujet pour en tirer parti.&nbsp;<\/p>\n\n\n\n<p>Les comp\u00e9tences techniques en IA deviendront donc de plus en plus appr\u00e9ci\u00e9es sur le march\u00e9 du travail. Cela dit, les&nbsp;<em>comp\u00e9tences humaines&nbsp;<\/em>que l&rsquo;IA ne peut pas encore reproduire &#8211; la pens\u00e9e critique, la cr\u00e9ativit\u00e9 ou les comp\u00e9tences analytiques, par exemple &#8211; seront \u00e9galement valoris\u00e9es.<\/p>\n\n\n\n<h3 class=\"wp-block-heading\"><strong>La recherche d&rsquo;un meilleur \u00e9quilibre entre vie professionnelle et vie priv\u00e9e se poursuit<\/strong><\/h3>\n\n\n\n<p>De nombreux pays ont exp\u00e9riment\u00e9 des semaines de travail plus courtes au cours des derni\u00e8res ann\u00e9es, et les tendances de recherche indiquent une volont\u00e9 croissante d\u2019abandonner la semaine traditionnelle du lundi au vendredi de 9 h \u00e0 17 h au profit de la&nbsp;<strong>semaine de travail de 4 jours<\/strong>. Par ailleurs, les modalit\u00e9s de&nbsp;<strong>travail hybride et asynchrone<\/strong>&nbsp;ont conserv\u00e9 leur importance en 2023, et sont consid\u00e9r\u00e9es aujourd\u2019hui non pas comme un avantage, mais plut\u00f4t comme un pr\u00e9requis.&nbsp;<\/p>\n\n\n\n<p>Par cons\u00e9quent, un nombre croissant d\u2019entreprises proposent un environnement de travail plus souple, permettant \u00e0 leurs employ\u00e9s de travailler de mani\u00e8re ind\u00e9pendante, de communiquer en mode asynchrone et de g\u00e9rer leur temps de mani\u00e8re plus autonome.<\/p>\n\n\n\n<p>Ceci est particuli\u00e8rement positif pour les personnes \u00e0 la recherche d&rsquo;opportunit\u00e9s de travail flexibles, \u00e0 distance ou hybrides.&nbsp;<\/p>\n\n\n\n<h3 class=\"wp-block-heading\">Les employeurs privil\u00e9gient les comp\u00e9tences \u00e0 l\u2019exp\u00e9rience<\/h3>\n\n\n\n<p>En 2023, les recruteurs ont davantage favoris\u00e9&nbsp;<strong>l&#8217;embauche bas\u00e9e sur les comp\u00e9tences<\/strong>, se concentrant sur&nbsp;<strong>les capacit\u00e9s techniques<\/strong>&nbsp;d&rsquo;un candidat \u00e0 accomplir les missions qui lui sont confi\u00e9es plut\u00f4t que sur ses dipl\u00f4mes universitaires ou son exp\u00e9rience comme c\u2019est traditionnellement le cas.&nbsp;<\/p>\n\n\n\n<p>Les tendances de recherche le d\u00e9montrent, enregistrant une progression entre janvier et d\u00e9cembre. Cela indique que les employeurs et les candidats sont de plus en plus conscients du bien-fond\u00e9 de cette m\u00e9thode de recrutement, o\u00f9&nbsp;<strong>les aptitudes<\/strong>&nbsp;d\u00e9terminent en priorit\u00e9&nbsp;<strong>l\u2019ad\u00e9quation du candidat avec le poste<\/strong>&nbsp;plut\u00f4t que&nbsp;<strong>la formation ou le parcours professionnel<\/strong>.&nbsp;<\/p>\n\n\n\n<p>\u00c0 titre d\u2019exemple, un profil qui candidate pour un poste de graphiste pourra \u00eatre rep\u00e9r\u00e9, sans dipl\u00f4me, ni exp\u00e9rience professionnelle sp\u00e9cifiquement li\u00e9s \u00e0 ce domaine, si tant est qu\u2019il pr\u00e9sente une ma\u00eetrise des logiciels utiles pour le poste cibl\u00e9. Ces comp\u00e9tences peuvent s\u2019appr\u00e9cier par le biais de sites personnels ou de portfolios. Elles peuvent \u00e9galement \u00eatre acquises par le biais de b\u00e9n\u00e9volat ou dans le cadre d\u2019activit\u00e9s ou de projets personnels. Ces derniers seront \u00e0 mentionner sur le CV et \u00e0 expliciter sur la lettre de motivation.&nbsp;<\/p>\n\n\n\n<p>Par cons\u00e9quent,&nbsp;<strong>les tests d&rsquo;aptitude<\/strong>&nbsp;seront de plus en plus utiles dans le processus d\u2019embauche. Les candidats \u00e0 la recherche d\u2019un emploi devront adapter leur CV et leur lettre de motivation pour mettre en \u00e9vidence&nbsp;<strong>les comp\u00e9tences sp\u00e9cifiques et pertinentes<\/strong>&nbsp;pour le poste, en utilisant si possible&nbsp;<strong>des exemples concrets pour les illustrer<\/strong>.&nbsp;<\/p>\n\n\n\n<p>Les comp\u00e9tences seront \u00e9galement \u00e0 mettre en valeur lors d&rsquo;\u00e9valuations pratiques ou d&rsquo;entretiens, tandis que&nbsp;<strong>la formation continue<\/strong>&nbsp;et le fait de se tenir au courant&nbsp;<strong>des tendances et des technologies<\/strong>&nbsp;de son secteur d\u2019activit\u00e9 pourront donner un avantage significatif face aux autres candidats.&nbsp;<\/p>\n\n\n\n<div style=\"height:20px\" aria-hidden=\"true\" class=\"wp-block-spacer\"><\/div>\n\n\n\n<p><strong>En 2024, le march\u00e9 de l\u2019emploi est fa\u00e7onn\u00e9 par diverses tendances, qu&rsquo;il s&rsquo;agisse de la demande croissante de comp\u00e9tences en IA ou de la recherche d&rsquo;une plus grande efficacit\u00e9. Les candidats doivent \u00eatre pr\u00eats \u00e0 d\u00e9montrer non seulement leurs comp\u00e9tences techniques et leur capacit\u00e9 d&rsquo;adaptation, mais aussi leur engagement en faveur du d\u00e9veloppement personnel et professionnel. <\/strong><\/p>\n\n\n\n<p><strong>En s\u2019adaptant au mieux \u00e0 ces tendances, les candidats pourront faire valoir un profil de qualit\u00e9 sur un march\u00e9 de l&#8217;emploi en constante \u00e9volution.<\/strong>&nbsp;&nbsp;<\/p>\n","protected":false},"excerpt":{"rendered":"<p>De la normalisation du travail \u00e0 distance \u00e0 l&rsquo;av\u00e8nement de concepts tels que le \u00ab quiet quitting \u00bb (ou d\u00e9mission silencieuse), le panorama du march\u00e9\u2026<\/p>\n","protected":false},"author":2,"featured_media":22797,"comment_status":"closed","ping_status":"closed","sticky":false,"template":"","format":"standard","meta":{"_acf_changed":false,"footnotes":""},"categories":[4],"tags":[3492,3792,3790,1643,3789,3791,3515,3788,3795,3793,3804,3262],"class_list":["post-22795","post","type-post","status-publish","format-standard","has-post-thumbnail","hentry","category-ressources-humaines","tag-3492","tag-chatgpt","tag-google-trends","tag-intelligence-artificielle","tag-jobseeker","tag-marche-de-lemploi-2","tag-quiet-quitting","tag-tendances-emploi","tag-travail-a-distance","tag-travail-asynchrone","tag-travail-flexible","tag-travail-hybride"],"acf":[],"yoast_head":"<!-- This site is optimized with the Yoast SEO plugin v24.8.1 - https:\/\/yoast.com\/wordpress\/plugins\/seo\/ -->\n<title>Les tendances emploi : que retirer de l\u2019ann\u00e9e 2023 ? &#8211; ArchiBat Mag<\/title>\n<meta name=\"robots\" content=\"index, follow, max-snippet:-1, max-image-preview:large, max-video-preview:-1\" \/>\n<link rel=\"canonical\" href=\"https:\/\/archibat.com\/blog\/les-tendances-emploi-que-retirer-de-lannee-2023\/\" \/>\n<meta property=\"og:locale\" content=\"fr_FR\" \/>\n<meta property=\"og:type\" content=\"article\" \/>\n<meta property=\"og:title\" content=\"Les tendances emploi : que retirer de l\u2019ann\u00e9e 2023 ? &#8211; ArchiBat Mag\" \/>\n<meta property=\"og:description\" content=\"De la normalisation du travail \u00e0 distance \u00e0 l&rsquo;av\u00e8nement de concepts tels que le \u00ab quiet quitting \u00bb (ou d\u00e9mission silencieuse), le panorama du march\u00e9\u2026\" \/>\n<meta property=\"og:url\" content=\"https:\/\/archibat.com\/blog\/les-tendances-emploi-que-retirer-de-lannee-2023\/\" \/>\n<meta property=\"og:site_name\" content=\"ArchiBat Mag\" \/>\n<meta property=\"article:published_time\" content=\"2024-04-25T12:00:00+00:00\" \/>\n<meta property=\"article:modified_time\" content=\"2024-04-29T09:21:00+00:00\" \/>\n<meta property=\"og:image\" content=\"https:\/\/archibat.com\/blog\/wp-content\/uploads\/2024\/03\/archibat-mag-les-tendances-emploi-2023.jpg\" \/>\n\t<meta property=\"og:image:width\" content=\"2120\" \/>\n\t<meta property=\"og:image:height\" content=\"1414\" \/>\n\t<meta property=\"og:image:type\" content=\"image\/jpeg\" \/>\n<meta name=\"author\" content=\"communication\" \/>\n<meta name=\"twitter:card\" content=\"summary_large_image\" \/>\n<meta name=\"twitter:label1\" content=\"\u00c9crit par\" \/>\n\t<meta name=\"twitter:data1\" content=\"communication\" \/>\n\t<meta name=\"twitter:label2\" content=\"Dur\u00e9e de lecture estim\u00e9e\" \/>\n\t<meta name=\"twitter:data2\" content=\"5 minutes\" \/>\n<script type=\"application\/ld+json\" class=\"yoast-schema-graph\">{\"@context\":\"https:\/\/schema.org\",\"@graph\":[{\"@type\":\"WebPage\",\"@id\":\"https:\/\/archibat.com\/blog\/les-tendances-emploi-que-retirer-de-lannee-2023\/\",\"url\":\"https:\/\/archibat.com\/blog\/les-tendances-emploi-que-retirer-de-lannee-2023\/\",\"name\":\"Les tendances emploi : que retirer de l\u2019ann\u00e9e 2023 ? &#8211; ArchiBat Mag\",\"isPartOf\":{\"@id\":\"https:\/\/archibat.com\/blog\/#website\"},\"primaryImageOfPage\":{\"@id\":\"https:\/\/archibat.com\/blog\/les-tendances-emploi-que-retirer-de-lannee-2023\/#primaryimage\"},\"image\":{\"@id\":\"https:\/\/archibat.com\/blog\/les-tendances-emploi-que-retirer-de-lannee-2023\/#primaryimage\"},\"thumbnailUrl\":\"https:\/\/archibat.com\/blog\/wp-content\/uploads\/2024\/03\/archibat-mag-les-tendances-emploi-2023.jpg\",\"datePublished\":\"2024-04-25T12:00:00+00:00\",\"dateModified\":\"2024-04-29T09:21:00+00:00\",\"author\":{\"@id\":\"https:\/\/archibat.com\/blog\/#\/schema\/person\/c246f0d63b5e719c2cbe4f9bd494bf12\"},\"breadcrumb\":{\"@id\":\"https:\/\/archibat.com\/blog\/les-tendances-emploi-que-retirer-de-lannee-2023\/#breadcrumb\"},\"inLanguage\":\"fr-FR\",\"potentialAction\":[{\"@type\":\"ReadAction\",\"target\":[\"https:\/\/archibat.com\/blog\/les-tendances-emploi-que-retirer-de-lannee-2023\/\"]}]},{\"@type\":\"ImageObject\",\"inLanguage\":\"fr-FR\",\"@id\":\"https:\/\/archibat.com\/blog\/les-tendances-emploi-que-retirer-de-lannee-2023\/#primaryimage\",\"url\":\"https:\/\/archibat.com\/blog\/wp-content\/uploads\/2024\/03\/archibat-mag-les-tendances-emploi-2023.jpg\",\"contentUrl\":\"https:\/\/archibat.com\/blog\/wp-content\/uploads\/2024\/03\/archibat-mag-les-tendances-emploi-2023.jpg\",\"width\":2120,\"height\":1414,\"caption\":\"Multiracial businesspeople sitting on steps and working on laptops at creative office. Male and female professionals working at coworking office space.\"},{\"@type\":\"BreadcrumbList\",\"@id\":\"https:\/\/archibat.com\/blog\/les-tendances-emploi-que-retirer-de-lannee-2023\/#breadcrumb\",\"itemListElement\":[{\"@type\":\"ListItem\",\"position\":1,\"name\":\"Home\",\"item\":\"https:\/\/archibat.com\/blog\/\"},{\"@type\":\"ListItem\",\"position\":2,\"name\":\"Les tendances emploi : que retirer de l\u2019ann\u00e9e 2023 ?\"}]},{\"@type\":\"WebSite\",\"@id\":\"https:\/\/archibat.com\/blog\/#website\",\"url\":\"https:\/\/archibat.com\/blog\/\",\"name\":\"ArchiBat Mag\",\"description\":\"Vous souhaitez connaitre les derni\u00e8res actualit\u00e9s sur l\u2019Architecture, le Design ou les Ressources Humaines ? D\u00e9couvrez ArchiBat Mag, le magazine d\u00e9di\u00e9 aux m\u00e9tiers de l&#039;Architecture et de l&#039;Ing\u00e9nierie.\",\"potentialAction\":[{\"@type\":\"SearchAction\",\"target\":{\"@type\":\"EntryPoint\",\"urlTemplate\":\"https:\/\/archibat.com\/blog\/?s={search_term_string}\"},\"query-input\":{\"@type\":\"PropertyValueSpecification\",\"valueRequired\":true,\"valueName\":\"search_term_string\"}}],\"inLanguage\":\"fr-FR\"},{\"@type\":\"Person\",\"@id\":\"https:\/\/archibat.com\/blog\/#\/schema\/person\/c246f0d63b5e719c2cbe4f9bd494bf12\",\"name\":\"communication\"}]}<\/script>\n<!-- \/ Yoast SEO plugin. -->","yoast_head_json":{"title":"Les tendances emploi : que retirer de l\u2019ann\u00e9e 2023 ? &#8211; ArchiBat Mag","robots":{"index":"index","follow":"follow","max-snippet":"max-snippet:-1","max-image-preview":"max-image-preview:large","max-video-preview":"max-video-preview:-1"},"canonical":"https:\/\/archibat.com\/blog\/les-tendances-emploi-que-retirer-de-lannee-2023\/","og_locale":"fr_FR","og_type":"article","og_title":"Les tendances emploi : que retirer de l\u2019ann\u00e9e 2023 ? &#8211; ArchiBat Mag","og_description":"De la normalisation du travail \u00e0 distance \u00e0 l&rsquo;av\u00e8nement de concepts tels que le \u00ab quiet quitting \u00bb (ou d\u00e9mission silencieuse), le panorama du march\u00e9\u2026","og_url":"https:\/\/archibat.com\/blog\/les-tendances-emploi-que-retirer-de-lannee-2023\/","og_site_name":"ArchiBat Mag","article_published_time":"2024-04-25T12:00:00+00:00","article_modified_time":"2024-04-29T09:21:00+00:00","og_image":[{"width":2120,"height":1414,"url":"https:\/\/archibat.com\/blog\/wp-content\/uploads\/2024\/03\/archibat-mag-les-tendances-emploi-2023.jpg","type":"image\/jpeg"}],"author":"communication","twitter_card":"summary_large_image","twitter_misc":{"\u00c9crit par":"communication","Dur\u00e9e de lecture estim\u00e9e":"5 minutes"},"schema":{"@context":"https:\/\/schema.org","@graph":[{"@type":"WebPage","@id":"https:\/\/archibat.com\/blog\/les-tendances-emploi-que-retirer-de-lannee-2023\/","url":"https:\/\/archibat.com\/blog\/les-tendances-emploi-que-retirer-de-lannee-2023\/","name":"Les tendances emploi : que retirer de l\u2019ann\u00e9e 2023 ? &#8211; ArchiBat Mag","isPartOf":{"@id":"https:\/\/archibat.com\/blog\/#website"},"primaryImageOfPage":{"@id":"https:\/\/archibat.com\/blog\/les-tendances-emploi-que-retirer-de-lannee-2023\/#primaryimage"},"image":{"@id":"https:\/\/archibat.com\/blog\/les-tendances-emploi-que-retirer-de-lannee-2023\/#primaryimage"},"thumbnailUrl":"https:\/\/archibat.com\/blog\/wp-content\/uploads\/2024\/03\/archibat-mag-les-tendances-emploi-2023.jpg","datePublished":"2024-04-25T12:00:00+00:00","dateModified":"2024-04-29T09:21:00+00:00","author":{"@id":"https:\/\/archibat.com\/blog\/#\/schema\/person\/c246f0d63b5e719c2cbe4f9bd494bf12"},"breadcrumb":{"@id":"https:\/\/archibat.com\/blog\/les-tendances-emploi-que-retirer-de-lannee-2023\/#breadcrumb"},"inLanguage":"fr-FR","potentialAction":[{"@type":"ReadAction","target":["https:\/\/archibat.com\/blog\/les-tendances-emploi-que-retirer-de-lannee-2023\/"]}]},{"@type":"ImageObject","inLanguage":"fr-FR","@id":"https:\/\/archibat.com\/blog\/les-tendances-emploi-que-retirer-de-lannee-2023\/#primaryimage","url":"https:\/\/archibat.com\/blog\/wp-content\/uploads\/2024\/03\/archibat-mag-les-tendances-emploi-2023.jpg","contentUrl":"https:\/\/archibat.com\/blog\/wp-content\/uploads\/2024\/03\/archibat-mag-les-tendances-emploi-2023.jpg","width":2120,"height":1414,"caption":"Multiracial businesspeople sitting on steps and working on laptops at creative office. Male and female professionals working at coworking office space."},{"@type":"BreadcrumbList","@id":"https:\/\/archibat.com\/blog\/les-tendances-emploi-que-retirer-de-lannee-2023\/#breadcrumb","itemListElement":[{"@type":"ListItem","position":1,"name":"Home","item":"https:\/\/archibat.com\/blog\/"},{"@type":"ListItem","position":2,"name":"Les tendances emploi : que retirer de l\u2019ann\u00e9e 2023 ?"}]},{"@type":"WebSite","@id":"https:\/\/archibat.com\/blog\/#website","url":"https:\/\/archibat.com\/blog\/","name":"ArchiBat Mag","description":"Vous souhaitez connaitre les derni\u00e8res actualit\u00e9s sur l\u2019Architecture, le Design ou les Ressources Humaines ? D\u00e9couvrez ArchiBat Mag, le magazine d\u00e9di\u00e9 aux m\u00e9tiers de l&#039;Architecture et de l&#039;Ing\u00e9nierie.","potentialAction":[{"@type":"SearchAction","target":{"@type":"EntryPoint","urlTemplate":"https:\/\/archibat.com\/blog\/?s={search_term_string}"},"query-input":{"@type":"PropertyValueSpecification","valueRequired":true,"valueName":"search_term_string"}}],"inLanguage":"fr-FR"},{"@type":"Person","@id":"https:\/\/archibat.com\/blog\/#\/schema\/person\/c246f0d63b5e719c2cbe4f9bd494bf12","name":"communication"}]}},"_links":{"self":[{"href":"https:\/\/archibat.com\/blog\/wp-json\/wp\/v2\/posts\/22795","targetHints":{"allow":["GET"]}}],"collection":[{"href":"https:\/\/archibat.com\/blog\/wp-json\/wp\/v2\/posts"}],"about":[{"href":"https:\/\/archibat.com\/blog\/wp-json\/wp\/v2\/types\/post"}],"author":[{"embeddable":true,"href":"https:\/\/archibat.com\/blog\/wp-json\/wp\/v2\/users\/2"}],"replies":[{"embeddable":true,"href":"https:\/\/archibat.com\/blog\/wp-json\/wp\/v2\/comments?post=22795"}],"version-history":[{"count":3,"href":"https:\/\/archibat.com\/blog\/wp-json\/wp\/v2\/posts\/22795\/revisions"}],"predecessor-version":[{"id":22927,"href":"https:\/\/archibat.com\/blog\/wp-json\/wp\/v2\/posts\/22795\/revisions\/22927"}],"wp:featuredmedia":[{"embeddable":true,"href":"https:\/\/archibat.com\/blog\/wp-json\/wp\/v2\/media\/22797"}],"wp:attachment":[{"href":"https:\/\/archibat.com\/blog\/wp-json\/wp\/v2\/media?parent=22795"}],"wp:term":[{"taxonomy":"category","embeddable":true,"href":"https:\/\/archibat.com\/blog\/wp-json\/wp\/v2\/categories?post=22795"},{"taxonomy":"post_tag","embeddable":true,"href":"https:\/\/archibat.com\/blog\/wp-json\/wp\/v2\/tags?post=22795"}],"curies":[{"name":"wp","href":"https:\/\/api.w.org\/{rel}","templated":true}]}}