{"id":23126,"date":"2024-09-18T14:00:00","date_gmt":"2024-09-18T12:00:00","guid":{"rendered":"https:\/\/archibat.com\/blog\/?p=23126"},"modified":"2025-03-31T15:18:19","modified_gmt":"2025-03-31T13:18:19","slug":"une-creche-qui-favorise-linteraction-entre-les-generations","status":"publish","type":"post","link":"https:\/\/archibat.com\/blog\/une-creche-qui-favorise-linteraction-entre-les-generations\/","title":{"rendered":"Une \u00e9cole qui favorise l\u2019interaction entre les g\u00e9n\u00e9rations"},"content":{"rendered":"\n<p>Laur\u00e9at du \u201cArchello Awards 2023\u201d, le projet d&rsquo;\u00e9cole de Yamaikarashi par Takeru Shoji Architects a \u00e9galement remport\u00e9 le titre \u201cSchool building of the year\u201d. Situ\u00e9 \u00e0 Niigata, une ville portuaire de la c\u00f4te est du Japon, le projet devait permettre \u00e0 <strong>la nature de s\u2019inviter dans le cadre de vie<\/strong> des enfants. L&rsquo;id\u00e9e \u00e9tait de \u00ab\u00a0cr\u00e9er une \u00e9cole maternelle qui fonctionne comme un village et qui s\u2019inscrit totalement dans la vie locale\u00a0\u00bb.<\/p>\n\n\n\n<figure class=\"wp-block-image size-large is-resized\"><img loading=\"lazy\" decoding=\"async\" width=\"720\" height=\"480\" src=\"https:\/\/archibat.com\/blog\/wp-content\/uploads\/2024\/09\/archibat_mag_une_cre\u0300che_qui_favorise_linteraction_entre_les-ge\u0301ne\u0301rations_01-720x480.jpg\" alt=\"\" class=\"wp-image-23134\" style=\"width:1417px;height:944px\" srcset=\"https:\/\/archibat.com\/blog\/wp-content\/uploads\/2024\/09\/archibat_mag_une_cre\u0300che_qui_favorise_linteraction_entre_les-ge\u0301ne\u0301rations_01-720x480.jpg 720w, https:\/\/archibat.com\/blog\/wp-content\/uploads\/2024\/09\/archibat_mag_une_cre\u0300che_qui_favorise_linteraction_entre_les-ge\u0301ne\u0301rations_01-300x200.jpg 300w, https:\/\/archibat.com\/blog\/wp-content\/uploads\/2024\/09\/archibat_mag_une_cre\u0300che_qui_favorise_linteraction_entre_les-ge\u0301ne\u0301rations_01-768x512.jpg 768w, https:\/\/archibat.com\/blog\/wp-content\/uploads\/2024\/09\/archibat_mag_une_cre\u0300che_qui_favorise_linteraction_entre_les-ge\u0301ne\u0301rations_01-960x640.jpg 960w, https:\/\/archibat.com\/blog\/wp-content\/uploads\/2024\/09\/archibat_mag_une_cre\u0300che_qui_favorise_linteraction_entre_les-ge\u0301ne\u0301rations_01-350x233.jpg 350w, https:\/\/archibat.com\/blog\/wp-content\/uploads\/2024\/09\/archibat_mag_une_cre\u0300che_qui_favorise_linteraction_entre_les-ge\u0301ne\u0301rations_01-700x466.jpg 700w, https:\/\/archibat.com\/blog\/wp-content\/uploads\/2024\/09\/archibat_mag_une_cre\u0300che_qui_favorise_linteraction_entre_les-ge\u0301ne\u0301rations_01.jpg 1280w\" sizes=\"auto, (max-width: 720px) 100vw, 720px\" \/><\/figure>\n\n\n\n<p>Perch\u00e9 au sommet d&rsquo;une dune, au bout d&rsquo;un chemin sinueux, ce b\u00e2timent en bois de plain-pied offre <strong>un environnement riche et vaste<\/strong> pour les enfants. Leur bien-\u00eatre a \u00e9t\u00e9 pens\u00e9 pour l&rsquo;\u00e9cole, mais aussi pour l\u2019aire de jeux et le village alentour. Les architectes ont cherch\u00e9 \u00e0 \u00e9tablir une \u00ab\u00a0<strong>relation de vigilance mutuelle<\/strong>\u00ab\u00a0, o\u00f9 le village et ses habitants contribuent activement \u00e0 la croissance des enfants, tandis que ceux-ci apportent en retour leur dynamisme et leur vitalit\u00e9.&nbsp;<\/p>\n\n\n\n<figure class=\"wp-block-image size-large is-resized\"><img loading=\"lazy\" decoding=\"async\" width=\"720\" height=\"480\" src=\"https:\/\/archibat.com\/blog\/wp-content\/uploads\/2024\/09\/archibat_mag_une_cre\u0300che_qui_favorise_linteraction_entre_les-ge\u0301ne\u0301rations_02-720x480.jpg\" alt=\"\" class=\"wp-image-23136\" style=\"width:1450px;height:965px\" srcset=\"https:\/\/archibat.com\/blog\/wp-content\/uploads\/2024\/09\/archibat_mag_une_cre\u0300che_qui_favorise_linteraction_entre_les-ge\u0301ne\u0301rations_02-720x480.jpg 720w, https:\/\/archibat.com\/blog\/wp-content\/uploads\/2024\/09\/archibat_mag_une_cre\u0300che_qui_favorise_linteraction_entre_les-ge\u0301ne\u0301rations_02-300x200.jpg 300w, https:\/\/archibat.com\/blog\/wp-content\/uploads\/2024\/09\/archibat_mag_une_cre\u0300che_qui_favorise_linteraction_entre_les-ge\u0301ne\u0301rations_02-768x512.jpg 768w, https:\/\/archibat.com\/blog\/wp-content\/uploads\/2024\/09\/archibat_mag_une_cre\u0300che_qui_favorise_linteraction_entre_les-ge\u0301ne\u0301rations_02-960x640.jpg 960w, https:\/\/archibat.com\/blog\/wp-content\/uploads\/2024\/09\/archibat_mag_une_cre\u0300che_qui_favorise_linteraction_entre_les-ge\u0301ne\u0301rations_02-350x233.jpg 350w, https:\/\/archibat.com\/blog\/wp-content\/uploads\/2024\/09\/archibat_mag_une_cre\u0300che_qui_favorise_linteraction_entre_les-ge\u0301ne\u0301rations_02-700x466.jpg 700w, https:\/\/archibat.com\/blog\/wp-content\/uploads\/2024\/09\/archibat_mag_une_cre\u0300che_qui_favorise_linteraction_entre_les-ge\u0301ne\u0301rations_02.jpg 1280w\" sizes=\"auto, (max-width: 720px) 100vw, 720px\" \/><\/figure>\n\n\n\n<p>La gen\u00e8se du projet est \u00e0 l\u2019initiative de tous les acteurs locaux : professionnels de la petite enfance, travailleurs, parents, r\u00e9sidents du quartier, qui se sont tous impliqu\u00e9s dans les r\u00e9unions afin de d\u00e9cider du lieu id\u00e9al pour l\u2019implantation de la cr\u00e8che. Le sujet du d\u00e9clin de la natalit\u00e9 et du vieillissement de la population est tr\u00e8s pr\u00e9occupant dans cette petite ville du japon. C\u2019est pour cette raison que l&rsquo;\u00e9cole a \u00e9t\u00e9 install\u00e9e au <strong>c\u0153ur de la communaut\u00e9<\/strong>. Les enfants peuvent facilement passer des espaces int\u00e9rieurs aux jeux ext\u00e9rieurs et se promener au centre du village. L&rsquo;\u00e9cole, accessible aux habitants, favorise <strong>l\u2019interaction entre les g\u00e9n\u00e9rations<\/strong> et un esprit de communaut\u00e9.&nbsp;<\/p>\n\n\n\n<figure class=\"wp-block-image size-large is-resized\"><img loading=\"lazy\" decoding=\"async\" width=\"720\" height=\"480\" src=\"https:\/\/archibat.com\/blog\/wp-content\/uploads\/2024\/09\/archibat_mag_une_cre\u0300che_qui_favorise_linteraction_entre_les-ge\u0301ne\u0301rations_03-720x480.jpg\" alt=\"\" class=\"wp-image-23138\" style=\"width:1450px;height:966px\" srcset=\"https:\/\/archibat.com\/blog\/wp-content\/uploads\/2024\/09\/archibat_mag_une_cre\u0300che_qui_favorise_linteraction_entre_les-ge\u0301ne\u0301rations_03-720x480.jpg 720w, https:\/\/archibat.com\/blog\/wp-content\/uploads\/2024\/09\/archibat_mag_une_cre\u0300che_qui_favorise_linteraction_entre_les-ge\u0301ne\u0301rations_03-300x200.jpg 300w, https:\/\/archibat.com\/blog\/wp-content\/uploads\/2024\/09\/archibat_mag_une_cre\u0300che_qui_favorise_linteraction_entre_les-ge\u0301ne\u0301rations_03-768x512.jpg 768w, https:\/\/archibat.com\/blog\/wp-content\/uploads\/2024\/09\/archibat_mag_une_cre\u0300che_qui_favorise_linteraction_entre_les-ge\u0301ne\u0301rations_03-960x640.jpg 960w, https:\/\/archibat.com\/blog\/wp-content\/uploads\/2024\/09\/archibat_mag_une_cre\u0300che_qui_favorise_linteraction_entre_les-ge\u0301ne\u0301rations_03-350x233.jpg 350w, https:\/\/archibat.com\/blog\/wp-content\/uploads\/2024\/09\/archibat_mag_une_cre\u0300che_qui_favorise_linteraction_entre_les-ge\u0301ne\u0301rations_03-700x466.jpg 700w, https:\/\/archibat.com\/blog\/wp-content\/uploads\/2024\/09\/archibat_mag_une_cre\u0300che_qui_favorise_linteraction_entre_les-ge\u0301ne\u0301rations_03.jpg 1280w\" sizes=\"auto, (max-width: 720px) 100vw, 720px\" \/><\/figure>\n\n\n\n<p>Les rues \u00e9troites et sinueuses du village ont \u00e9t\u00e9 int\u00e9gr\u00e9es dans la conception. Des circulations ext\u00e9rieures s&rsquo;\u00e9tendent \u00e0 l&rsquo;arri\u00e8re du b\u00e2timent, permettant ainsi aux enfants de se sentir partie int\u00e9grante du village.<\/p>\n\n\n\n<p>\u00c0 l\u2019entr\u00e9e, on trouve un espace d\u00e9di\u00e9 aux bureaux administratifs et un lieu consacr\u00e9 \u00e0 l\u2019accueil de <strong>rencontres communautaires <\/strong>comme des march\u00e9s de producteurs locaux par exemple, afin d\u2019ins\u00e9rer les enfants dans la vie du village.&nbsp;<\/p>\n\n\n\n<figure class=\"wp-block-image size-large is-resized\"><img loading=\"lazy\" decoding=\"async\" width=\"720\" height=\"480\" src=\"https:\/\/archibat.com\/blog\/wp-content\/uploads\/2024\/09\/archibat_mag_une_cre\u0300che_qui_favorise_linteraction_entre_les-ge\u0301ne\u0301rations_04-720x480.jpg\" alt=\"\" class=\"wp-image-23140\" style=\"width:1450px;height:964px\" srcset=\"https:\/\/archibat.com\/blog\/wp-content\/uploads\/2024\/09\/archibat_mag_une_cre\u0300che_qui_favorise_linteraction_entre_les-ge\u0301ne\u0301rations_04-720x480.jpg 720w, https:\/\/archibat.com\/blog\/wp-content\/uploads\/2024\/09\/archibat_mag_une_cre\u0300che_qui_favorise_linteraction_entre_les-ge\u0301ne\u0301rations_04-300x200.jpg 300w, https:\/\/archibat.com\/blog\/wp-content\/uploads\/2024\/09\/archibat_mag_une_cre\u0300che_qui_favorise_linteraction_entre_les-ge\u0301ne\u0301rations_04-768x512.jpg 768w, https:\/\/archibat.com\/blog\/wp-content\/uploads\/2024\/09\/archibat_mag_une_cre\u0300che_qui_favorise_linteraction_entre_les-ge\u0301ne\u0301rations_04-960x640.jpg 960w, https:\/\/archibat.com\/blog\/wp-content\/uploads\/2024\/09\/archibat_mag_une_cre\u0300che_qui_favorise_linteraction_entre_les-ge\u0301ne\u0301rations_04-350x233.jpg 350w, https:\/\/archibat.com\/blog\/wp-content\/uploads\/2024\/09\/archibat_mag_une_cre\u0300che_qui_favorise_linteraction_entre_les-ge\u0301ne\u0301rations_04-700x466.jpg 700w, https:\/\/archibat.com\/blog\/wp-content\/uploads\/2024\/09\/archibat_mag_une_cre\u0300che_qui_favorise_linteraction_entre_les-ge\u0301ne\u0301rations_04.jpg 1280w\" sizes=\"auto, (max-width: 720px) 100vw, 720px\" \/><\/figure>\n\n\n\n<p>En raison des contraintes du site, il \u00e9tait impossible de transporter de grandes pi\u00e8ces de bois. Les fermes de la charpente ont donc \u00e9t\u00e9 assembl\u00e9es sur place \u00e0 partir de pi\u00e8ces plus petites afin de cr\u00e9er de grands espaces pour les enfants.&nbsp;<\/p>\n\n\n\n<figure class=\"wp-block-image size-large is-resized\"><img loading=\"lazy\" decoding=\"async\" width=\"554\" height=\"480\" src=\"https:\/\/archibat.com\/blog\/wp-content\/uploads\/2024\/09\/archibat_mag_une_cre\u0300che_qui_favorise_linteraction_entre_les-ge\u0301ne\u0301rations_006-554x480.jpg\" alt=\"\" class=\"wp-image-23155\" style=\"width:1450px;height:1256px\" srcset=\"https:\/\/archibat.com\/blog\/wp-content\/uploads\/2024\/09\/archibat_mag_une_cre\u0300che_qui_favorise_linteraction_entre_les-ge\u0301ne\u0301rations_006-554x480.jpg 554w, https:\/\/archibat.com\/blog\/wp-content\/uploads\/2024\/09\/archibat_mag_une_cre\u0300che_qui_favorise_linteraction_entre_les-ge\u0301ne\u0301rations_006-300x260.jpg 300w, https:\/\/archibat.com\/blog\/wp-content\/uploads\/2024\/09\/archibat_mag_une_cre\u0300che_qui_favorise_linteraction_entre_les-ge\u0301ne\u0301rations_006-768x665.jpg 768w, https:\/\/archibat.com\/blog\/wp-content\/uploads\/2024\/09\/archibat_mag_une_cre\u0300che_qui_favorise_linteraction_entre_les-ge\u0301ne\u0301rations_006.jpg 1280w\" sizes=\"auto, (max-width: 554px) 100vw, 554px\" \/><\/figure>\n\n\n\n<figure class=\"wp-block-image size-large is-resized\"><img loading=\"lazy\" decoding=\"async\" width=\"720\" height=\"480\" src=\"https:\/\/archibat.com\/blog\/wp-content\/uploads\/2024\/09\/archibat_mag_une_cre\u0300che_qui_favorise_linteraction_entre_les-ge\u0301ne\u0301rations_007-720x480.jpg\" alt=\"\" class=\"wp-image-23159\" style=\"width:1450px;height:966px\" srcset=\"https:\/\/archibat.com\/blog\/wp-content\/uploads\/2024\/09\/archibat_mag_une_cre\u0300che_qui_favorise_linteraction_entre_les-ge\u0301ne\u0301rations_007-720x480.jpg 720w, https:\/\/archibat.com\/blog\/wp-content\/uploads\/2024\/09\/archibat_mag_une_cre\u0300che_qui_favorise_linteraction_entre_les-ge\u0301ne\u0301rations_007-300x200.jpg 300w, https:\/\/archibat.com\/blog\/wp-content\/uploads\/2024\/09\/archibat_mag_une_cre\u0300che_qui_favorise_linteraction_entre_les-ge\u0301ne\u0301rations_007-768x512.jpg 768w, https:\/\/archibat.com\/blog\/wp-content\/uploads\/2024\/09\/archibat_mag_une_cre\u0300che_qui_favorise_linteraction_entre_les-ge\u0301ne\u0301rations_007-960x640.jpg 960w, https:\/\/archibat.com\/blog\/wp-content\/uploads\/2024\/09\/archibat_mag_une_cre\u0300che_qui_favorise_linteraction_entre_les-ge\u0301ne\u0301rations_007-350x233.jpg 350w, https:\/\/archibat.com\/blog\/wp-content\/uploads\/2024\/09\/archibat_mag_une_cre\u0300che_qui_favorise_linteraction_entre_les-ge\u0301ne\u0301rations_007-700x466.jpg 700w, https:\/\/archibat.com\/blog\/wp-content\/uploads\/2024\/09\/archibat_mag_une_cre\u0300che_qui_favorise_linteraction_entre_les-ge\u0301ne\u0301rations_007.jpg 1280w\" sizes=\"auto, (max-width: 720px) 100vw, 720px\" \/><\/figure>\n\n\n\n<figure class=\"wp-block-image size-large is-resized\"><img loading=\"lazy\" decoding=\"async\" width=\"554\" height=\"480\" src=\"https:\/\/archibat.com\/blog\/wp-content\/uploads\/2024\/09\/archibat_mag_une_cre\u0300che_qui_favorise_linteraction_entre_les-ge\u0301ne\u0301rations_05-554x480.jpg\" alt=\"\" class=\"wp-image-23142\" style=\"width:1450px;height:1256px\" srcset=\"https:\/\/archibat.com\/blog\/wp-content\/uploads\/2024\/09\/archibat_mag_une_cre\u0300che_qui_favorise_linteraction_entre_les-ge\u0301ne\u0301rations_05-554x480.jpg 554w, https:\/\/archibat.com\/blog\/wp-content\/uploads\/2024\/09\/archibat_mag_une_cre\u0300che_qui_favorise_linteraction_entre_les-ge\u0301ne\u0301rations_05-300x260.jpg 300w, https:\/\/archibat.com\/blog\/wp-content\/uploads\/2024\/09\/archibat_mag_une_cre\u0300che_qui_favorise_linteraction_entre_les-ge\u0301ne\u0301rations_05-768x666.jpg 768w, https:\/\/archibat.com\/blog\/wp-content\/uploads\/2024\/09\/archibat_mag_une_cre\u0300che_qui_favorise_linteraction_entre_les-ge\u0301ne\u0301rations_05.jpg 1280w\" sizes=\"auto, (max-width: 554px) 100vw, 554px\" \/><\/figure>\n\n\n\n<p>Le b\u00e2timent est \u00e9quip\u00e9 d&rsquo;un syst\u00e8me de <strong>climatisation par le sol<\/strong> et <strong>d&rsquo;\u00e9changeurs thermiques<\/strong> int\u00e9gr\u00e9s sous le plancher en c\u00e8dre, garantissant un environnement confortable pour les enfants sans flux d&rsquo;air direct. La temp\u00e9rature est harmonis\u00e9e dans chaque pi\u00e8ce, sans perte d\u2019\u00e9nergie.&nbsp;<\/p>\n\n\n\n<figure class=\"wp-block-image size-large is-resized\"><img loading=\"lazy\" decoding=\"async\" width=\"720\" height=\"480\" src=\"https:\/\/archibat.com\/blog\/wp-content\/uploads\/2024\/09\/archibat_mag_une_cre\u0300che_qui_favorise_linteraction_entre_les-ge\u0301ne\u0301rations_07-720x480.jpg\" alt=\"\" class=\"wp-image-23146\" style=\"width:1450px;height:964px\" srcset=\"https:\/\/archibat.com\/blog\/wp-content\/uploads\/2024\/09\/archibat_mag_une_cre\u0300che_qui_favorise_linteraction_entre_les-ge\u0301ne\u0301rations_07-720x480.jpg 720w, https:\/\/archibat.com\/blog\/wp-content\/uploads\/2024\/09\/archibat_mag_une_cre\u0300che_qui_favorise_linteraction_entre_les-ge\u0301ne\u0301rations_07-300x200.jpg 300w, https:\/\/archibat.com\/blog\/wp-content\/uploads\/2024\/09\/archibat_mag_une_cre\u0300che_qui_favorise_linteraction_entre_les-ge\u0301ne\u0301rations_07-768x512.jpg 768w, https:\/\/archibat.com\/blog\/wp-content\/uploads\/2024\/09\/archibat_mag_une_cre\u0300che_qui_favorise_linteraction_entre_les-ge\u0301ne\u0301rations_07-960x640.jpg 960w, https:\/\/archibat.com\/blog\/wp-content\/uploads\/2024\/09\/archibat_mag_une_cre\u0300che_qui_favorise_linteraction_entre_les-ge\u0301ne\u0301rations_07-350x233.jpg 350w, https:\/\/archibat.com\/blog\/wp-content\/uploads\/2024\/09\/archibat_mag_une_cre\u0300che_qui_favorise_linteraction_entre_les-ge\u0301ne\u0301rations_07-700x466.jpg 700w, https:\/\/archibat.com\/blog\/wp-content\/uploads\/2024\/09\/archibat_mag_une_cre\u0300che_qui_favorise_linteraction_entre_les-ge\u0301ne\u0301rations_07.jpg 1280w\" sizes=\"auto, (max-width: 720px) 100vw, 720px\" \/><\/figure>\n\n\n\n<p>Les architectes soulignent que depuis l\u2019ouverture de l&rsquo;\u00e9cole,<strong> sa conception flexible<\/strong> a favoris\u00e9 <strong>l\u2019interaction<\/strong> entre les enfants des diff\u00e9rentes tranches d\u2019\u00e2ge. Ils passent plus de temps \u00e0 l\u2019ext\u00e9rieur, ce qui permet aux seniors de se promener \u00e0 proximit\u00e9 et d\u2019avoir le plaisir de les voir jouer. Les parents \u00e9changent \u00e9galement davantage entre eux en d\u00e9posant et en r\u00e9cup\u00e9rant leurs enfants. <strong>Le pari est r\u00e9ussi<\/strong> pour ce projet qui permet de r\u00e9pondre aux besoins de tous les habitants de la communaut\u00e9 en cr\u00e9ant du lien.&nbsp;<\/p>\n\n\n\n<figure class=\"wp-block-image size-large is-resized\"><img loading=\"lazy\" decoding=\"async\" width=\"720\" height=\"480\" src=\"https:\/\/archibat.com\/blog\/wp-content\/uploads\/2024\/09\/archibat_mag_une_cre\u0300che_qui_favorise_linteraction_entre_les-ge\u0301ne\u0301rations_09-720x480.jpg\" alt=\"\" class=\"wp-image-23150\" style=\"width:1450px;height:965px\" srcset=\"https:\/\/archibat.com\/blog\/wp-content\/uploads\/2024\/09\/archibat_mag_une_cre\u0300che_qui_favorise_linteraction_entre_les-ge\u0301ne\u0301rations_09-720x480.jpg 720w, https:\/\/archibat.com\/blog\/wp-content\/uploads\/2024\/09\/archibat_mag_une_cre\u0300che_qui_favorise_linteraction_entre_les-ge\u0301ne\u0301rations_09-300x200.jpg 300w, https:\/\/archibat.com\/blog\/wp-content\/uploads\/2024\/09\/archibat_mag_une_cre\u0300che_qui_favorise_linteraction_entre_les-ge\u0301ne\u0301rations_09-768x512.jpg 768w, https:\/\/archibat.com\/blog\/wp-content\/uploads\/2024\/09\/archibat_mag_une_cre\u0300che_qui_favorise_linteraction_entre_les-ge\u0301ne\u0301rations_09-960x640.jpg 960w, https:\/\/archibat.com\/blog\/wp-content\/uploads\/2024\/09\/archibat_mag_une_cre\u0300che_qui_favorise_linteraction_entre_les-ge\u0301ne\u0301rations_09-350x233.jpg 350w, https:\/\/archibat.com\/blog\/wp-content\/uploads\/2024\/09\/archibat_mag_une_cre\u0300che_qui_favorise_linteraction_entre_les-ge\u0301ne\u0301rations_09-700x466.jpg 700w, https:\/\/archibat.com\/blog\/wp-content\/uploads\/2024\/09\/archibat_mag_une_cre\u0300che_qui_favorise_linteraction_entre_les-ge\u0301ne\u0301rations_09.jpg 1280w\" sizes=\"auto, (max-width: 720px) 100vw, 720px\" \/><\/figure>\n\n\n\n<figure class=\"wp-block-image size-large is-resized\"><img loading=\"lazy\" decoding=\"async\" width=\"720\" height=\"480\" src=\"https:\/\/archibat.com\/blog\/wp-content\/uploads\/2024\/09\/archibat_mag_une_cre\u0300che_qui_favorise_linteraction_entre_les-ge\u0301ne\u0301rations_08-720x480.jpg\" alt=\"\" class=\"wp-image-23148\" style=\"width:1450px;height:964px\" srcset=\"https:\/\/archibat.com\/blog\/wp-content\/uploads\/2024\/09\/archibat_mag_une_cre\u0300che_qui_favorise_linteraction_entre_les-ge\u0301ne\u0301rations_08-720x480.jpg 720w, https:\/\/archibat.com\/blog\/wp-content\/uploads\/2024\/09\/archibat_mag_une_cre\u0300che_qui_favorise_linteraction_entre_les-ge\u0301ne\u0301rations_08-300x200.jpg 300w, https:\/\/archibat.com\/blog\/wp-content\/uploads\/2024\/09\/archibat_mag_une_cre\u0300che_qui_favorise_linteraction_entre_les-ge\u0301ne\u0301rations_08-768x512.jpg 768w, https:\/\/archibat.com\/blog\/wp-content\/uploads\/2024\/09\/archibat_mag_une_cre\u0300che_qui_favorise_linteraction_entre_les-ge\u0301ne\u0301rations_08-960x640.jpg 960w, https:\/\/archibat.com\/blog\/wp-content\/uploads\/2024\/09\/archibat_mag_une_cre\u0300che_qui_favorise_linteraction_entre_les-ge\u0301ne\u0301rations_08-350x233.jpg 350w, https:\/\/archibat.com\/blog\/wp-content\/uploads\/2024\/09\/archibat_mag_une_cre\u0300che_qui_favorise_linteraction_entre_les-ge\u0301ne\u0301rations_08-700x466.jpg 700w, https:\/\/archibat.com\/blog\/wp-content\/uploads\/2024\/09\/archibat_mag_une_cre\u0300che_qui_favorise_linteraction_entre_les-ge\u0301ne\u0301rations_08.jpg 1280w\" sizes=\"auto, (max-width: 720px) 100vw, 720px\" \/><\/figure>\n\n\n\n<figure class=\"wp-block-image size-large\"><img loading=\"lazy\" decoding=\"async\" width=\"679\" height=\"480\" src=\"https:\/\/archibat.com\/blog\/wp-content\/uploads\/2024\/09\/archibat_mag_une_cre\u0300che_qui_favorise_linteraction_entre_les-ge\u0301ne\u0301rations_10-679x480.jpg\" alt=\"\" class=\"wp-image-23132\" srcset=\"https:\/\/archibat.com\/blog\/wp-content\/uploads\/2024\/09\/archibat_mag_une_cre\u0300che_qui_favorise_linteraction_entre_les-ge\u0301ne\u0301rations_10-679x480.jpg 679w, https:\/\/archibat.com\/blog\/wp-content\/uploads\/2024\/09\/archibat_mag_une_cre\u0300che_qui_favorise_linteraction_entre_les-ge\u0301ne\u0301rations_10-300x212.jpg 300w, https:\/\/archibat.com\/blog\/wp-content\/uploads\/2024\/09\/archibat_mag_une_cre\u0300che_qui_favorise_linteraction_entre_les-ge\u0301ne\u0301rations_10-768x543.jpg 768w, https:\/\/archibat.com\/blog\/wp-content\/uploads\/2024\/09\/archibat_mag_une_cre\u0300che_qui_favorise_linteraction_entre_les-ge\u0301ne\u0301rations_10-1536x1086.jpg 1536w, https:\/\/archibat.com\/blog\/wp-content\/uploads\/2024\/09\/archibat_mag_une_cre\u0300che_qui_favorise_linteraction_entre_les-ge\u0301ne\u0301rations_10-2048x1448.jpg 2048w\" sizes=\"auto, (max-width: 679px) 100vw, 679px\" \/><\/figure>\n\n\n\n<div style=\"height:20px\" aria-hidden=\"true\" class=\"wp-block-spacer\"><\/div>\n\n\n\n<hr class=\"wp-block-separator has-css-opacity\" \/>\n\n\n\n<p><strong>Architectes :<\/strong> Takeru Shoji Architects<\/p>\n\n\n\n<p><strong>Cr\u00e9dit photos : <\/strong>Koji Fuji<\/p>\n","protected":false},"excerpt":{"rendered":"<p>Laur\u00e9at du \u201cArchello Awards 2023\u201d, le projet d&rsquo;\u00e9cole de Yamaikarashi par Takeru Shoji Architects a \u00e9galement remport\u00e9 le titre \u201cSchool building of the year\u201d. Situ\u00e9\u2026<\/p>\n","protected":false},"author":2,"featured_media":23127,"comment_status":"closed","ping_status":"closed","sticky":false,"template":"","format":"standard","meta":{"_acf_changed":false,"footnotes":""},"categories":[3],"tags":[2547,1255,3840,3842,3843],"class_list":["post-23126","post","type-post","status-publish","format-standard","has-post-thumbnail","hentry","category-architecture-et-design","tag-ecole-2","tag-japon","tag-niigata","tag-takeru-shoji-architects","tag-yamaikarashi"],"acf":[],"yoast_head":"<!-- This site is optimized with the Yoast SEO plugin v24.8.1 - https:\/\/yoast.com\/wordpress\/plugins\/seo\/ -->\n<title>Une \u00e9cole qui favorise l\u2019interaction entre les g\u00e9n\u00e9rations &#8211; ArchiBat Mag<\/title>\n<meta name=\"robots\" content=\"index, follow, max-snippet:-1, max-image-preview:large, max-video-preview:-1\" \/>\n<link rel=\"canonical\" href=\"https:\/\/archibat.com\/blog\/une-creche-qui-favorise-linteraction-entre-les-generations\/\" \/>\n<meta property=\"og:locale\" content=\"fr_FR\" \/>\n<meta property=\"og:type\" content=\"article\" \/>\n<meta property=\"og:title\" content=\"Une \u00e9cole qui favorise l\u2019interaction entre les g\u00e9n\u00e9rations &#8211; ArchiBat Mag\" \/>\n<meta property=\"og:description\" content=\"Laur\u00e9at du \u201cArchello Awards 2023\u201d, le projet d&rsquo;\u00e9cole de Yamaikarashi par Takeru Shoji Architects a \u00e9galement remport\u00e9 le titre \u201cSchool building of the year\u201d. Situ\u00e9\u2026\" \/>\n<meta property=\"og:url\" content=\"https:\/\/archibat.com\/blog\/une-creche-qui-favorise-linteraction-entre-les-generations\/\" \/>\n<meta property=\"og:site_name\" content=\"ArchiBat Mag\" \/>\n<meta property=\"article:published_time\" content=\"2024-09-18T12:00:00+00:00\" \/>\n<meta property=\"article:modified_time\" content=\"2025-03-31T13:18:19+00:00\" \/>\n<meta property=\"og:image\" content=\"https:\/\/archibat.com\/blog\/wp-content\/uploads\/2024\/09\/une_cre\u0300che_qui_favorise_linteraction_entre_les-ge\u0301ne\u0301rations_cover.png\" \/>\n\t<meta property=\"og:image:width\" content=\"1115\" \/>\n\t<meta property=\"og:image:height\" content=\"685\" \/>\n\t<meta property=\"og:image:type\" content=\"image\/png\" \/>\n<meta name=\"author\" content=\"communication\" \/>\n<meta name=\"twitter:card\" content=\"summary_large_image\" \/>\n<meta name=\"twitter:label1\" content=\"\u00c9crit par\" \/>\n\t<meta name=\"twitter:data1\" content=\"communication\" \/>\n\t<meta name=\"twitter:label2\" content=\"Dur\u00e9e de lecture estim\u00e9e\" \/>\n\t<meta name=\"twitter:data2\" content=\"5 minutes\" \/>\n<script type=\"application\/ld+json\" class=\"yoast-schema-graph\">{\"@context\":\"https:\/\/schema.org\",\"@graph\":[{\"@type\":\"WebPage\",\"@id\":\"https:\/\/archibat.com\/blog\/une-creche-qui-favorise-linteraction-entre-les-generations\/\",\"url\":\"https:\/\/archibat.com\/blog\/une-creche-qui-favorise-linteraction-entre-les-generations\/\",\"name\":\"Une \u00e9cole qui favorise l\u2019interaction entre les g\u00e9n\u00e9rations &#8211; ArchiBat Mag\",\"isPartOf\":{\"@id\":\"https:\/\/archibat.com\/blog\/#website\"},\"primaryImageOfPage\":{\"@id\":\"https:\/\/archibat.com\/blog\/une-creche-qui-favorise-linteraction-entre-les-generations\/#primaryimage\"},\"image\":{\"@id\":\"https:\/\/archibat.com\/blog\/une-creche-qui-favorise-linteraction-entre-les-generations\/#primaryimage\"},\"thumbnailUrl\":\"https:\/\/archibat.com\/blog\/wp-content\/uploads\/2024\/09\/une_cre\u0300che_qui_favorise_linteraction_entre_les-ge\u0301ne\u0301rations_cover.png\",\"datePublished\":\"2024-09-18T12:00:00+00:00\",\"dateModified\":\"2025-03-31T13:18:19+00:00\",\"author\":{\"@id\":\"https:\/\/archibat.com\/blog\/#\/schema\/person\/c246f0d63b5e719c2cbe4f9bd494bf12\"},\"breadcrumb\":{\"@id\":\"https:\/\/archibat.com\/blog\/une-creche-qui-favorise-linteraction-entre-les-generations\/#breadcrumb\"},\"inLanguage\":\"fr-FR\",\"potentialAction\":[{\"@type\":\"ReadAction\",\"target\":[\"https:\/\/archibat.com\/blog\/une-creche-qui-favorise-linteraction-entre-les-generations\/\"]}]},{\"@type\":\"ImageObject\",\"inLanguage\":\"fr-FR\",\"@id\":\"https:\/\/archibat.com\/blog\/une-creche-qui-favorise-linteraction-entre-les-generations\/#primaryimage\",\"url\":\"https:\/\/archibat.com\/blog\/wp-content\/uploads\/2024\/09\/une_cre\u0300che_qui_favorise_linteraction_entre_les-ge\u0301ne\u0301rations_cover.png\",\"contentUrl\":\"https:\/\/archibat.com\/blog\/wp-content\/uploads\/2024\/09\/une_cre\u0300che_qui_favorise_linteraction_entre_les-ge\u0301ne\u0301rations_cover.png\",\"width\":1115,\"height\":685,\"caption\":\"une_cre\u0300che_qui_favorise_l\u2019interaction_entre_les ge\u0301ne\u0301rations\"},{\"@type\":\"BreadcrumbList\",\"@id\":\"https:\/\/archibat.com\/blog\/une-creche-qui-favorise-linteraction-entre-les-generations\/#breadcrumb\",\"itemListElement\":[{\"@type\":\"ListItem\",\"position\":1,\"name\":\"Home\",\"item\":\"https:\/\/archibat.com\/blog\/\"},{\"@type\":\"ListItem\",\"position\":2,\"name\":\"Une \u00e9cole qui favorise l\u2019interaction entre les g\u00e9n\u00e9rations\"}]},{\"@type\":\"WebSite\",\"@id\":\"https:\/\/archibat.com\/blog\/#website\",\"url\":\"https:\/\/archibat.com\/blog\/\",\"name\":\"ArchiBat Mag\",\"description\":\"Vous souhaitez connaitre les derni\u00e8res actualit\u00e9s sur l\u2019Architecture, le Design ou les Ressources Humaines ? D\u00e9couvrez ArchiBat Mag, le magazine d\u00e9di\u00e9 aux m\u00e9tiers de l&#039;Architecture et de l&#039;Ing\u00e9nierie.\",\"potentialAction\":[{\"@type\":\"SearchAction\",\"target\":{\"@type\":\"EntryPoint\",\"urlTemplate\":\"https:\/\/archibat.com\/blog\/?s={search_term_string}\"},\"query-input\":{\"@type\":\"PropertyValueSpecification\",\"valueRequired\":true,\"valueName\":\"search_term_string\"}}],\"inLanguage\":\"fr-FR\"},{\"@type\":\"Person\",\"@id\":\"https:\/\/archibat.com\/blog\/#\/schema\/person\/c246f0d63b5e719c2cbe4f9bd494bf12\",\"name\":\"communication\"}]}<\/script>\n<!-- \/ Yoast SEO plugin. -->","yoast_head_json":{"title":"Une \u00e9cole qui favorise l\u2019interaction entre les g\u00e9n\u00e9rations &#8211; ArchiBat Mag","robots":{"index":"index","follow":"follow","max-snippet":"max-snippet:-1","max-image-preview":"max-image-preview:large","max-video-preview":"max-video-preview:-1"},"canonical":"https:\/\/archibat.com\/blog\/une-creche-qui-favorise-linteraction-entre-les-generations\/","og_locale":"fr_FR","og_type":"article","og_title":"Une \u00e9cole qui favorise l\u2019interaction entre les g\u00e9n\u00e9rations &#8211; ArchiBat Mag","og_description":"Laur\u00e9at du \u201cArchello Awards 2023\u201d, le projet d&rsquo;\u00e9cole de Yamaikarashi par Takeru Shoji Architects a \u00e9galement remport\u00e9 le titre \u201cSchool building of the year\u201d. Situ\u00e9\u2026","og_url":"https:\/\/archibat.com\/blog\/une-creche-qui-favorise-linteraction-entre-les-generations\/","og_site_name":"ArchiBat Mag","article_published_time":"2024-09-18T12:00:00+00:00","article_modified_time":"2025-03-31T13:18:19+00:00","og_image":[{"width":1115,"height":685,"url":"https:\/\/archibat.com\/blog\/wp-content\/uploads\/2024\/09\/une_cre\u0300che_qui_favorise_linteraction_entre_les-ge\u0301ne\u0301rations_cover.png","type":"image\/png"}],"author":"communication","twitter_card":"summary_large_image","twitter_misc":{"\u00c9crit par":"communication","Dur\u00e9e de lecture estim\u00e9e":"5 minutes"},"schema":{"@context":"https:\/\/schema.org","@graph":[{"@type":"WebPage","@id":"https:\/\/archibat.com\/blog\/une-creche-qui-favorise-linteraction-entre-les-generations\/","url":"https:\/\/archibat.com\/blog\/une-creche-qui-favorise-linteraction-entre-les-generations\/","name":"Une \u00e9cole qui favorise l\u2019interaction entre les g\u00e9n\u00e9rations &#8211; ArchiBat Mag","isPartOf":{"@id":"https:\/\/archibat.com\/blog\/#website"},"primaryImageOfPage":{"@id":"https:\/\/archibat.com\/blog\/une-creche-qui-favorise-linteraction-entre-les-generations\/#primaryimage"},"image":{"@id":"https:\/\/archibat.com\/blog\/une-creche-qui-favorise-linteraction-entre-les-generations\/#primaryimage"},"thumbnailUrl":"https:\/\/archibat.com\/blog\/wp-content\/uploads\/2024\/09\/une_cre\u0300che_qui_favorise_linteraction_entre_les-ge\u0301ne\u0301rations_cover.png","datePublished":"2024-09-18T12:00:00+00:00","dateModified":"2025-03-31T13:18:19+00:00","author":{"@id":"https:\/\/archibat.com\/blog\/#\/schema\/person\/c246f0d63b5e719c2cbe4f9bd494bf12"},"breadcrumb":{"@id":"https:\/\/archibat.com\/blog\/une-creche-qui-favorise-linteraction-entre-les-generations\/#breadcrumb"},"inLanguage":"fr-FR","potentialAction":[{"@type":"ReadAction","target":["https:\/\/archibat.com\/blog\/une-creche-qui-favorise-linteraction-entre-les-generations\/"]}]},{"@type":"ImageObject","inLanguage":"fr-FR","@id":"https:\/\/archibat.com\/blog\/une-creche-qui-favorise-linteraction-entre-les-generations\/#primaryimage","url":"https:\/\/archibat.com\/blog\/wp-content\/uploads\/2024\/09\/une_cre\u0300che_qui_favorise_linteraction_entre_les-ge\u0301ne\u0301rations_cover.png","contentUrl":"https:\/\/archibat.com\/blog\/wp-content\/uploads\/2024\/09\/une_cre\u0300che_qui_favorise_linteraction_entre_les-ge\u0301ne\u0301rations_cover.png","width":1115,"height":685,"caption":"une_cre\u0300che_qui_favorise_l\u2019interaction_entre_les ge\u0301ne\u0301rations"},{"@type":"BreadcrumbList","@id":"https:\/\/archibat.com\/blog\/une-creche-qui-favorise-linteraction-entre-les-generations\/#breadcrumb","itemListElement":[{"@type":"ListItem","position":1,"name":"Home","item":"https:\/\/archibat.com\/blog\/"},{"@type":"ListItem","position":2,"name":"Une \u00e9cole qui favorise l\u2019interaction entre les g\u00e9n\u00e9rations"}]},{"@type":"WebSite","@id":"https:\/\/archibat.com\/blog\/#website","url":"https:\/\/archibat.com\/blog\/","name":"ArchiBat Mag","description":"Vous souhaitez connaitre les derni\u00e8res actualit\u00e9s sur l\u2019Architecture, le Design ou les Ressources Humaines ? D\u00e9couvrez ArchiBat Mag, le magazine d\u00e9di\u00e9 aux m\u00e9tiers de l&#039;Architecture et de l&#039;Ing\u00e9nierie.","potentialAction":[{"@type":"SearchAction","target":{"@type":"EntryPoint","urlTemplate":"https:\/\/archibat.com\/blog\/?s={search_term_string}"},"query-input":{"@type":"PropertyValueSpecification","valueRequired":true,"valueName":"search_term_string"}}],"inLanguage":"fr-FR"},{"@type":"Person","@id":"https:\/\/archibat.com\/blog\/#\/schema\/person\/c246f0d63b5e719c2cbe4f9bd494bf12","name":"communication"}]}},"_links":{"self":[{"href":"https:\/\/archibat.com\/blog\/wp-json\/wp\/v2\/posts\/23126","targetHints":{"allow":["GET"]}}],"collection":[{"href":"https:\/\/archibat.com\/blog\/wp-json\/wp\/v2\/posts"}],"about":[{"href":"https:\/\/archibat.com\/blog\/wp-json\/wp\/v2\/types\/post"}],"author":[{"embeddable":true,"href":"https:\/\/archibat.com\/blog\/wp-json\/wp\/v2\/users\/2"}],"replies":[{"embeddable":true,"href":"https:\/\/archibat.com\/blog\/wp-json\/wp\/v2\/comments?post=23126"}],"version-history":[{"count":3,"href":"https:\/\/archibat.com\/blog\/wp-json\/wp\/v2\/posts\/23126\/revisions"}],"predecessor-version":[{"id":23459,"href":"https:\/\/archibat.com\/blog\/wp-json\/wp\/v2\/posts\/23126\/revisions\/23459"}],"wp:featuredmedia":[{"embeddable":true,"href":"https:\/\/archibat.com\/blog\/wp-json\/wp\/v2\/media\/23127"}],"wp:attachment":[{"href":"https:\/\/archibat.com\/blog\/wp-json\/wp\/v2\/media?parent=23126"}],"wp:term":[{"taxonomy":"category","embeddable":true,"href":"https:\/\/archibat.com\/blog\/wp-json\/wp\/v2\/categories?post=23126"},{"taxonomy":"post_tag","embeddable":true,"href":"https:\/\/archibat.com\/blog\/wp-json\/wp\/v2\/tags?post=23126"}],"curies":[{"name":"wp","href":"https:\/\/api.w.org\/{rel}","templated":true}]}}