{"id":23255,"date":"2024-11-20T14:00:00","date_gmt":"2024-11-20T13:00:00","guid":{"rendered":"https:\/\/archibat.com\/blog\/?p=23255"},"modified":"2024-11-13T17:11:59","modified_gmt":"2024-11-13T16:11:59","slug":"un-batiment-public-construit-entierement-en-bois","status":"publish","type":"post","link":"https:\/\/archibat.com\/blog\/un-batiment-public-construit-entierement-en-bois\/","title":{"rendered":"Un b\u00e2timent public construit enti\u00e8rement en bois"},"content":{"rendered":"\n<p>AOR Architects, agence bas\u00e9e \u00e0 Helsinki en Finlande, a r\u00e9alis\u00e9 le lyc\u00e9e et le centre culturel Monio dans le quartier historique de Hyryl\u00e4, \u00e0 Tuusula, qui fait partie de la m\u00e9tropole d\u2019Helsinki. C\u2019est un b\u00e2timent public innovant qui a pour but de relier cette zone en restructuration avec le centre-ville, tout en perp\u00e9tuant la tradition historique des constructions en bois autour du lac Tuusula.\u00a0<\/p>\n\n\n\n<figure class=\"wp-block-image size-large is-resized\"><img loading=\"lazy\" decoding=\"async\" src=\"https:\/\/archibat.com\/blog\/wp-content\/uploads\/2024\/11\/archibat_mag_01_un_ba\u0302timent_public_construit_entie\u0300rement_en_bois-641x480.jpg\" alt=\"\" class=\"wp-image-23258\" width=\"1450\" height=\"1085\" srcset=\"https:\/\/archibat.com\/blog\/wp-content\/uploads\/2024\/11\/archibat_mag_01_un_ba\u0302timent_public_construit_entie\u0300rement_en_bois-641x480.jpg 641w, https:\/\/archibat.com\/blog\/wp-content\/uploads\/2024\/11\/archibat_mag_01_un_ba\u0302timent_public_construit_entie\u0300rement_en_bois-300x225.jpg 300w, https:\/\/archibat.com\/blog\/wp-content\/uploads\/2024\/11\/archibat_mag_01_un_ba\u0302timent_public_construit_entie\u0300rement_en_bois-768x575.jpg 768w, https:\/\/archibat.com\/blog\/wp-content\/uploads\/2024\/11\/archibat_mag_01_un_ba\u0302timent_public_construit_entie\u0300rement_en_bois-2048x1534.jpg 2048w\" sizes=\"auto, (max-width: 1450px) 100vw, 1450px\" \/><\/figure>\n\n\n\n<figure class=\"wp-block-image size-large\"><img loading=\"lazy\" decoding=\"async\" width=\"679\" height=\"480\" src=\"https:\/\/archibat.com\/blog\/wp-content\/uploads\/2024\/11\/archibat_mag_02_un_ba\u0302timent_public_construit_entie\u0300rement_en_bois-679x480.jpg\" alt=\"\" class=\"wp-image-23260\" srcset=\"https:\/\/archibat.com\/blog\/wp-content\/uploads\/2024\/11\/archibat_mag_02_un_ba\u0302timent_public_construit_entie\u0300rement_en_bois-679x480.jpg 679w, https:\/\/archibat.com\/blog\/wp-content\/uploads\/2024\/11\/archibat_mag_02_un_ba\u0302timent_public_construit_entie\u0300rement_en_bois-300x212.jpg 300w, https:\/\/archibat.com\/blog\/wp-content\/uploads\/2024\/11\/archibat_mag_02_un_ba\u0302timent_public_construit_entie\u0300rement_en_bois-768x543.jpg 768w, https:\/\/archibat.com\/blog\/wp-content\/uploads\/2024\/11\/archibat_mag_02_un_ba\u0302timent_public_construit_entie\u0300rement_en_bois-1536x1086.jpg 1536w, https:\/\/archibat.com\/blog\/wp-content\/uploads\/2024\/11\/archibat_mag_02_un_ba\u0302timent_public_construit_entie\u0300rement_en_bois-2048x1448.jpg 2048w\" sizes=\"auto, (max-width: 679px) 100vw, 679px\" \/><\/figure>\n\n\n\n<p>En effet, autour de ce lac, on trouve de nombreuses villas lacustres construites en bois ayant appartenu \u00e0 des artistes locaux faisant partie de l\u2019\u00e2ge d\u2019or de l\u2019art finlandais (de 1880 \u00e0 1910). Le quartier fut alors le th\u00e9\u00e2tre de d\u00e9bats d\u2019id\u00e9es et de rassemblements d\u2019artistes. De la m\u00eame mani\u00e8re, le lyc\u00e9e et centre culturel Monio se veut un endroit o\u00f9 les usagers peuvent interagir, s\u2019exprimer et \u00eatre inspir\u00e9s.\u00a0<\/p>\n\n\n\n<figure class=\"wp-block-image size-large is-resized\"><img loading=\"lazy\" decoding=\"async\" src=\"https:\/\/archibat.com\/blog\/wp-content\/uploads\/2024\/11\/archibat_mag_03_un_ba\u0302timent_public_construit_entie\u0300rement_en_bois-385x480.jpg\" alt=\"\" class=\"wp-image-23262\" width=\"1450\" height=\"1807\" srcset=\"https:\/\/archibat.com\/blog\/wp-content\/uploads\/2024\/11\/archibat_mag_03_un_ba\u0302timent_public_construit_entie\u0300rement_en_bois-385x480.jpg 385w, https:\/\/archibat.com\/blog\/wp-content\/uploads\/2024\/11\/archibat_mag_03_un_ba\u0302timent_public_construit_entie\u0300rement_en_bois-241x300.jpg 241w, https:\/\/archibat.com\/blog\/wp-content\/uploads\/2024\/11\/archibat_mag_03_un_ba\u0302timent_public_construit_entie\u0300rement_en_bois-768x957.jpg 768w, https:\/\/archibat.com\/blog\/wp-content\/uploads\/2024\/11\/archibat_mag_03_un_ba\u0302timent_public_construit_entie\u0300rement_en_bois.jpg 1156w\" sizes=\"auto, (max-width: 1450px) 100vw, 1450px\" \/><\/figure>\n\n\n\n<p>Le b\u00e2timent de 8773 m\u00e8tres carr\u00e9s propose une nouvelle mani\u00e8re d\u2019utiliser le rondin de bois industriel \u00e0 grande \u00e9chelle. \u00c0 ce sujet, l\u2019agence d\u2019ing\u00e9nierie AINS Group qui a travaill\u00e9 sur le projet, explique : \u201csi on alignait tout le bois utilis\u00e9 dans ce projet, nous arriverions \u00e0 25 kilom\u00e8tres.\u201d\u00a0<\/p>\n\n\n\n<figure class=\"wp-block-image size-large is-resized\"><img loading=\"lazy\" decoding=\"async\" src=\"https:\/\/archibat.com\/blog\/wp-content\/uploads\/2024\/11\/archibat_mag_04_un_ba\u0302timent_public_construit_entie\u0300rement_en_bois-340x480.jpg\" alt=\"\" class=\"wp-image-23264\" width=\"1450\" height=\"2045\" srcset=\"https:\/\/archibat.com\/blog\/wp-content\/uploads\/2024\/11\/archibat_mag_04_un_ba\u0302timent_public_construit_entie\u0300rement_en_bois-340x480.jpg 340w, https:\/\/archibat.com\/blog\/wp-content\/uploads\/2024\/11\/archibat_mag_04_un_ba\u0302timent_public_construit_entie\u0300rement_en_bois-213x300.jpg 213w, https:\/\/archibat.com\/blog\/wp-content\/uploads\/2024\/11\/archibat_mag_04_un_ba\u0302timent_public_construit_entie\u0300rement_en_bois-768x1083.jpg 768w, https:\/\/archibat.com\/blog\/wp-content\/uploads\/2024\/11\/archibat_mag_04_un_ba\u0302timent_public_construit_entie\u0300rement_en_bois.jpg 1021w\" sizes=\"auto, (max-width: 1450px) 100vw, 1450px\" \/><\/figure>\n\n\n\n<figure class=\"wp-block-image size-large is-resized\"><img loading=\"lazy\" decoding=\"async\" src=\"https:\/\/archibat.com\/blog\/wp-content\/uploads\/2024\/11\/archibat_mag_05_un_ba\u0302timent_public_construit_entie\u0300rement_en_bois-320x480.jpg\" alt=\"\" class=\"wp-image-23266\" width=\"1450\" height=\"2174\" srcset=\"https:\/\/archibat.com\/blog\/wp-content\/uploads\/2024\/11\/archibat_mag_05_un_ba\u0302timent_public_construit_entie\u0300rement_en_bois-320x480.jpg 320w, https:\/\/archibat.com\/blog\/wp-content\/uploads\/2024\/11\/archibat_mag_05_un_ba\u0302timent_public_construit_entie\u0300rement_en_bois-200x300.jpg 200w, https:\/\/archibat.com\/blog\/wp-content\/uploads\/2024\/11\/archibat_mag_05_un_ba\u0302timent_public_construit_entie\u0300rement_en_bois-768x1151.jpg 768w, https:\/\/archibat.com\/blog\/wp-content\/uploads\/2024\/11\/archibat_mag_05_un_ba\u0302timent_public_construit_entie\u0300rement_en_bois.jpg 961w\" sizes=\"auto, (max-width: 1450px) 100vw, 1450px\" \/><\/figure>\n\n\n\n<p>Monio se compose de six \u201cmaisons de bois\u201d interconnect\u00e9es par un r\u00e9seau de \u201crues\u201d et de passerelles int\u00e9rieures. En pignon, leurs toitures \u00e0 deux pans donnent au b\u00e2timent une silhouette en zigzags. La structure porteuse est compos\u00e9e de poutres en acier, de lamell\u00e9-coll\u00e9 et d&rsquo;\u00e9l\u00e9ments en b\u00e9ton. Le bois est mis en oeuvre pour les structures de plancher, tandis que le b\u00e9ton est utilis\u00e9 pour les cages d&rsquo;escaliers et d&rsquo;ascenseur. \u00ab L&rsquo;ossature hybride est entour\u00e9e d&rsquo;une ossature en bois lamellaire autoportante, soutenue par une structure porteuse. Le mur ext\u00e9rieur en bois massif se prolonge dans les espaces int\u00e9rieurs de mani\u00e8re harmonieuse \u00bb, explique le groupe AINS. Les portiques d&rsquo;entr\u00e9e donnant sur la cour sont rev\u00eatus de briques et le toit du b\u00e2timent est en t\u00f4le galvanis\u00e9e.<\/p>\n\n\n\n<figure class=\"wp-block-image size-large is-resized\"><img loading=\"lazy\" decoding=\"async\" src=\"https:\/\/archibat.com\/blog\/wp-content\/uploads\/2024\/11\/archibat_mag_06_un_ba\u0302timent_public_construit_entie\u0300rement_en_bois-385x480.jpg\" alt=\"\" class=\"wp-image-23268\" width=\"1450\" height=\"1807\" srcset=\"https:\/\/archibat.com\/blog\/wp-content\/uploads\/2024\/11\/archibat_mag_06_un_ba\u0302timent_public_construit_entie\u0300rement_en_bois-385x480.jpg 385w, https:\/\/archibat.com\/blog\/wp-content\/uploads\/2024\/11\/archibat_mag_06_un_ba\u0302timent_public_construit_entie\u0300rement_en_bois-241x300.jpg 241w, https:\/\/archibat.com\/blog\/wp-content\/uploads\/2024\/11\/archibat_mag_06_un_ba\u0302timent_public_construit_entie\u0300rement_en_bois-768x957.jpg 768w, https:\/\/archibat.com\/blog\/wp-content\/uploads\/2024\/11\/archibat_mag_06_un_ba\u0302timent_public_construit_entie\u0300rement_en_bois.jpg 1156w\" sizes=\"auto, (max-width: 1450px) 100vw, 1450px\" \/><\/figure>\n\n\n\n<figure class=\"wp-block-image size-large is-resized\"><img loading=\"lazy\" decoding=\"async\" src=\"https:\/\/archibat.com\/blog\/wp-content\/uploads\/2024\/11\/archibat_mag_10_un_ba\u0302timent_public_construit_entie\u0300rement_en_bois-1-320x480.jpg\" alt=\"\" class=\"wp-image-23286\" width=\"1450\" height=\"2173\" srcset=\"https:\/\/archibat.com\/blog\/wp-content\/uploads\/2024\/11\/archibat_mag_10_un_ba\u0302timent_public_construit_entie\u0300rement_en_bois-1-320x480.jpg 320w, https:\/\/archibat.com\/blog\/wp-content\/uploads\/2024\/11\/archibat_mag_10_un_ba\u0302timent_public_construit_entie\u0300rement_en_bois-1-200x300.jpg 200w, https:\/\/archibat.com\/blog\/wp-content\/uploads\/2024\/11\/archibat_mag_10_un_ba\u0302timent_public_construit_entie\u0300rement_en_bois-1-768x1151.jpg 768w, https:\/\/archibat.com\/blog\/wp-content\/uploads\/2024\/11\/archibat_mag_10_un_ba\u0302timent_public_construit_entie\u0300rement_en_bois-1.jpg 961w\" sizes=\"auto, (max-width: 1450px) 100vw, 1450px\" \/><\/figure>\n\n\n\n<p>La structure en bois massif constitue l\u2019isolation et a \u00e9t\u00e9 laiss\u00e9e apparente afin de mettre en valeur la beaut\u00e9 du mat\u00e9riau. Chaque maison est \u00e9quip\u00e9e de son propre syst\u00e8me CVC. L\u2019air frais est aspir\u00e9 par des petites grilles dissimul\u00e9es dans les fa\u00e7ades. Le b\u00e2timent est chauff\u00e9 par le chauffage urbain et 500 m\u00e8tres carr\u00e9s de panneaux solaires fournissent une \u00e9nergie suppl\u00e9mentaire.<\/p>\n\n\n\n<figure class=\"wp-block-image size-large is-resized\"><img loading=\"lazy\" decoding=\"async\" src=\"https:\/\/archibat.com\/blog\/wp-content\/uploads\/2024\/11\/archibat_mag_07_un_ba\u0302timent_public_construit_entie\u0300rement_en_bois-1-320x480.jpg\" alt=\"\" class=\"wp-image-23283\" width=\"1450\" height=\"2173\" srcset=\"https:\/\/archibat.com\/blog\/wp-content\/uploads\/2024\/11\/archibat_mag_07_un_ba\u0302timent_public_construit_entie\u0300rement_en_bois-1-320x480.jpg 320w, https:\/\/archibat.com\/blog\/wp-content\/uploads\/2024\/11\/archibat_mag_07_un_ba\u0302timent_public_construit_entie\u0300rement_en_bois-1-200x300.jpg 200w, https:\/\/archibat.com\/blog\/wp-content\/uploads\/2024\/11\/archibat_mag_07_un_ba\u0302timent_public_construit_entie\u0300rement_en_bois-1-768x1151.jpg 768w, https:\/\/archibat.com\/blog\/wp-content\/uploads\/2024\/11\/archibat_mag_07_un_ba\u0302timent_public_construit_entie\u0300rement_en_bois-1.jpg 961w\" sizes=\"auto, (max-width: 1450px) 100vw, 1450px\" \/><\/figure>\n\n\n\n<p>Au rez-de-chauss\u00e9e de Monio, on trouve un auditorium, une grande salle pour des \u00e9v\u00e8nements, une galerie et un caf\u00e9. Les classes se situent aux niveaux sup\u00e9rieurs et les espaces communs pour les \u00e9tudiants donnent sur l\u2019atrium.\u00a0<\/p>\n\n\n\n<figure class=\"wp-block-image size-large is-resized\"><img loading=\"lazy\" decoding=\"async\" src=\"https:\/\/archibat.com\/blog\/wp-content\/uploads\/2024\/11\/archibat_mag_08_un_ba\u0302timent_public_construit_entie\u0300rement_en_bois-598x480.jpg\" alt=\"\" class=\"wp-image-23272\" width=\"1450\" height=\"1163\" srcset=\"https:\/\/archibat.com\/blog\/wp-content\/uploads\/2024\/11\/archibat_mag_08_un_ba\u0302timent_public_construit_entie\u0300rement_en_bois-598x480.jpg 598w, https:\/\/archibat.com\/blog\/wp-content\/uploads\/2024\/11\/archibat_mag_08_un_ba\u0302timent_public_construit_entie\u0300rement_en_bois-300x241.jpg 300w, https:\/\/archibat.com\/blog\/wp-content\/uploads\/2024\/11\/archibat_mag_08_un_ba\u0302timent_public_construit_entie\u0300rement_en_bois-768x617.jpg 768w, https:\/\/archibat.com\/blog\/wp-content\/uploads\/2024\/11\/archibat_mag_08_un_ba\u0302timent_public_construit_entie\u0300rement_en_bois-1536x1233.jpg 1536w, https:\/\/archibat.com\/blog\/wp-content\/uploads\/2024\/11\/archibat_mag_08_un_ba\u0302timent_public_construit_entie\u0300rement_en_bois-2048x1644.jpg 2048w\" sizes=\"auto, (max-width: 1450px) 100vw, 1450px\" \/><\/figure>\n\n\n\n<figure class=\"wp-block-image size-large is-resized\"><img loading=\"lazy\" decoding=\"async\" src=\"https:\/\/archibat.com\/blog\/wp-content\/uploads\/2024\/11\/archibat_mag_09_un_ba\u0302timent_public_construit_entie\u0300rement_en_bois-385x480.jpg\" alt=\"\" class=\"wp-image-23274\" width=\"1450\" height=\"1808\" srcset=\"https:\/\/archibat.com\/blog\/wp-content\/uploads\/2024\/11\/archibat_mag_09_un_ba\u0302timent_public_construit_entie\u0300rement_en_bois-385x480.jpg 385w, https:\/\/archibat.com\/blog\/wp-content\/uploads\/2024\/11\/archibat_mag_09_un_ba\u0302timent_public_construit_entie\u0300rement_en_bois-241x300.jpg 241w, https:\/\/archibat.com\/blog\/wp-content\/uploads\/2024\/11\/archibat_mag_09_un_ba\u0302timent_public_construit_entie\u0300rement_en_bois-768x957.jpg 768w, https:\/\/archibat.com\/blog\/wp-content\/uploads\/2024\/11\/archibat_mag_09_un_ba\u0302timent_public_construit_entie\u0300rement_en_bois.jpg 1156w\" sizes=\"auto, (max-width: 1450px) 100vw, 1450px\" \/><\/figure>\n\n\n\n<figure class=\"wp-block-image size-large is-resized\"><img loading=\"lazy\" decoding=\"async\" src=\"https:\/\/archibat.com\/blog\/wp-content\/uploads\/2024\/11\/archibat_mag_12_un_ba\u0302timent_public_construit_entie\u0300rement_en_bois-320x480.jpg\" alt=\"\" class=\"wp-image-23280\" width=\"1450\" height=\"2174\" srcset=\"https:\/\/archibat.com\/blog\/wp-content\/uploads\/2024\/11\/archibat_mag_12_un_ba\u0302timent_public_construit_entie\u0300rement_en_bois-320x480.jpg 320w, https:\/\/archibat.com\/blog\/wp-content\/uploads\/2024\/11\/archibat_mag_12_un_ba\u0302timent_public_construit_entie\u0300rement_en_bois-200x300.jpg 200w, https:\/\/archibat.com\/blog\/wp-content\/uploads\/2024\/11\/archibat_mag_12_un_ba\u0302timent_public_construit_entie\u0300rement_en_bois-768x1151.jpg 768w, https:\/\/archibat.com\/blog\/wp-content\/uploads\/2024\/11\/archibat_mag_12_un_ba\u0302timent_public_construit_entie\u0300rement_en_bois.jpg 961w\" sizes=\"auto, (max-width: 1450px) 100vw, 1450px\" \/><\/figure>\n\n\n\n<p>Le b\u00e2timent accueille un lyc\u00e9e dans la journ\u00e9e mais aussi une \u00e9cole de musique, une \u00e9cole d\u2019art, des \u00e9l\u00e8ves de BTS ainsi que les services culturels de la ville. Combiner plusieurs utilisations dans un espace partag\u00e9 garantit des meilleures infrastructures pour tous plut\u00f4t que des petits espaces s\u00e9par\u00e9s pour chaque activit\u00e9, estiment les architectes.<\/p>\n\n\n\n<figure class=\"wp-block-image size-large\"><img loading=\"lazy\" decoding=\"async\" width=\"720\" height=\"480\" src=\"https:\/\/archibat.com\/blog\/wp-content\/uploads\/2024\/11\/archibat_mag_11_un_ba\u0302timent_public_construit_entie\u0300rement_en_bois-720x480.jpg\" alt=\"\" class=\"wp-image-23278\" srcset=\"https:\/\/archibat.com\/blog\/wp-content\/uploads\/2024\/11\/archibat_mag_11_un_ba\u0302timent_public_construit_entie\u0300rement_en_bois-720x480.jpg 720w, https:\/\/archibat.com\/blog\/wp-content\/uploads\/2024\/11\/archibat_mag_11_un_ba\u0302timent_public_construit_entie\u0300rement_en_bois-300x200.jpg 300w, https:\/\/archibat.com\/blog\/wp-content\/uploads\/2024\/11\/archibat_mag_11_un_ba\u0302timent_public_construit_entie\u0300rement_en_bois-768x512.jpg 768w, https:\/\/archibat.com\/blog\/wp-content\/uploads\/2024\/11\/archibat_mag_11_un_ba\u0302timent_public_construit_entie\u0300rement_en_bois-1536x1025.jpg 1536w, https:\/\/archibat.com\/blog\/wp-content\/uploads\/2024\/11\/archibat_mag_11_un_ba\u0302timent_public_construit_entie\u0300rement_en_bois-2048x1366.jpg 2048w, https:\/\/archibat.com\/blog\/wp-content\/uploads\/2024\/11\/archibat_mag_11_un_ba\u0302timent_public_construit_entie\u0300rement_en_bois-1440x960.jpg 1440w, https:\/\/archibat.com\/blog\/wp-content\/uploads\/2024\/11\/archibat_mag_11_un_ba\u0302timent_public_construit_entie\u0300rement_en_bois-960x640.jpg 960w, https:\/\/archibat.com\/blog\/wp-content\/uploads\/2024\/11\/archibat_mag_11_un_ba\u0302timent_public_construit_entie\u0300rement_en_bois-1920x1280.jpg 1920w, https:\/\/archibat.com\/blog\/wp-content\/uploads\/2024\/11\/archibat_mag_11_un_ba\u0302timent_public_construit_entie\u0300rement_en_bois-350x233.jpg 350w, https:\/\/archibat.com\/blog\/wp-content\/uploads\/2024\/11\/archibat_mag_11_un_ba\u0302timent_public_construit_entie\u0300rement_en_bois-700x466.jpg 700w\" sizes=\"auto, (max-width: 720px) 100vw, 720px\" \/><\/figure>\n\n\n\n<hr class=\"wp-block-separator\"\/>\n\n\n\n<p><strong>Architectes :<\/strong> AOR Architects<\/p>\n\n\n\n<p><strong>Cr\u00e9dits photos : <\/strong>Anders Portman<\/p>\n\n\n\n<hr class=\"wp-block-separator\"\/>\n\n\n\n<p><strong>Vous recherchez un poste en Architecture, Architecture d&rsquo;int\u00e9rieur ou ing\u00e9nierie ?<\/strong>\u00a0<\/p>\n\n\n\n<p><a href=\"https:\/\/archibat.com\/fr\/offres-demploi\" target=\"_blank\" rel=\"noreferrer noopener\">D\u00e9couvrez nos offres d\u2019emploi !<\/a><\/p>\n","protected":false},"excerpt":{"rendered":"<p>AOR Architects, agence bas\u00e9e \u00e0 Helsinki en Finlande, a r\u00e9alis\u00e9 le lyc\u00e9e et le centre culturel Monio dans le quartier historique de Hyryl\u00e4, \u00e0 Tuusula,\u2026<\/p>\n","protected":false},"author":2,"featured_media":23256,"comment_status":"closed","ping_status":"closed","sticky":false,"template":"","format":"standard","meta":{"_acf_changed":false,"footnotes":""},"categories":[3],"tags":[3861,3852,3859,1299,3857,3858,3855,3854,3863,3862,3853,3860],"class_list":["post-23255","post","type-post","status-publish","format-standard","has-post-thumbnail","hentry","category-architecture-et-design","tag-ains-group","tag-aor-architects","tag-batiment-public","tag-bois","tag-centre-culturel","tag-etablissement-scolaire","tag-finlande","tag-helsinki","tag-maisons-de-bois","tag-monio","tag-tuusula","tag-villas-lacustres"],"acf":[],"yoast_head":"<!-- This site is optimized with the Yoast SEO plugin v24.8.1 - https:\/\/yoast.com\/wordpress\/plugins\/seo\/ -->\n<title>Un b\u00e2timent public construit enti\u00e8rement en bois &#8211; ArchiBat Mag<\/title>\n<meta name=\"robots\" content=\"index, follow, max-snippet:-1, max-image-preview:large, max-video-preview:-1\" \/>\n<link rel=\"canonical\" href=\"https:\/\/archibat.com\/blog\/un-batiment-public-construit-entierement-en-bois\/\" \/>\n<meta property=\"og:locale\" content=\"fr_FR\" \/>\n<meta property=\"og:type\" content=\"article\" \/>\n<meta property=\"og:title\" content=\"Un b\u00e2timent public construit enti\u00e8rement en bois &#8211; ArchiBat Mag\" \/>\n<meta property=\"og:description\" content=\"AOR Architects, agence bas\u00e9e \u00e0 Helsinki en Finlande, a r\u00e9alis\u00e9 le lyc\u00e9e et le centre culturel Monio dans le quartier historique de Hyryl\u00e4, \u00e0 Tuusula,\u2026\" \/>\n<meta property=\"og:url\" content=\"https:\/\/archibat.com\/blog\/un-batiment-public-construit-entierement-en-bois\/\" \/>\n<meta property=\"og:site_name\" content=\"ArchiBat Mag\" \/>\n<meta property=\"article:published_time\" content=\"2024-11-20T13:00:00+00:00\" \/>\n<meta property=\"og:image\" content=\"https:\/\/archibat.com\/blog\/wp-content\/uploads\/2024\/11\/archibat_mag_un_ba\u0302timent_public_construit_entie\u0300rement_en_bois.png\" \/>\n\t<meta property=\"og:image:width\" content=\"833\" \/>\n\t<meta property=\"og:image:height\" content=\"526\" \/>\n\t<meta property=\"og:image:type\" content=\"image\/png\" \/>\n<meta name=\"author\" content=\"communication\" \/>\n<meta name=\"twitter:card\" content=\"summary_large_image\" \/>\n<meta name=\"twitter:label1\" content=\"\u00c9crit par\" \/>\n\t<meta name=\"twitter:data1\" content=\"communication\" \/>\n\t<meta name=\"twitter:label2\" content=\"Dur\u00e9e de lecture estim\u00e9e\" \/>\n\t<meta name=\"twitter:data2\" content=\"3 minutes\" \/>\n<script type=\"application\/ld+json\" class=\"yoast-schema-graph\">{\"@context\":\"https:\/\/schema.org\",\"@graph\":[{\"@type\":\"WebPage\",\"@id\":\"https:\/\/archibat.com\/blog\/un-batiment-public-construit-entierement-en-bois\/\",\"url\":\"https:\/\/archibat.com\/blog\/un-batiment-public-construit-entierement-en-bois\/\",\"name\":\"Un b\u00e2timent public construit enti\u00e8rement en bois &#8211; ArchiBat Mag\",\"isPartOf\":{\"@id\":\"https:\/\/archibat.com\/blog\/#website\"},\"primaryImageOfPage\":{\"@id\":\"https:\/\/archibat.com\/blog\/un-batiment-public-construit-entierement-en-bois\/#primaryimage\"},\"image\":{\"@id\":\"https:\/\/archibat.com\/blog\/un-batiment-public-construit-entierement-en-bois\/#primaryimage\"},\"thumbnailUrl\":\"https:\/\/archibat.com\/blog\/wp-content\/uploads\/2024\/11\/archibat_mag_un_ba\u0302timent_public_construit_entie\u0300rement_en_bois.png\",\"datePublished\":\"2024-11-20T13:00:00+00:00\",\"author\":{\"@id\":\"https:\/\/archibat.com\/blog\/#\/schema\/person\/c246f0d63b5e719c2cbe4f9bd494bf12\"},\"breadcrumb\":{\"@id\":\"https:\/\/archibat.com\/blog\/un-batiment-public-construit-entierement-en-bois\/#breadcrumb\"},\"inLanguage\":\"fr-FR\",\"potentialAction\":[{\"@type\":\"ReadAction\",\"target\":[\"https:\/\/archibat.com\/blog\/un-batiment-public-construit-entierement-en-bois\/\"]}]},{\"@type\":\"ImageObject\",\"inLanguage\":\"fr-FR\",\"@id\":\"https:\/\/archibat.com\/blog\/un-batiment-public-construit-entierement-en-bois\/#primaryimage\",\"url\":\"https:\/\/archibat.com\/blog\/wp-content\/uploads\/2024\/11\/archibat_mag_un_ba\u0302timent_public_construit_entie\u0300rement_en_bois.png\",\"contentUrl\":\"https:\/\/archibat.com\/blog\/wp-content\/uploads\/2024\/11\/archibat_mag_un_ba\u0302timent_public_construit_entie\u0300rement_en_bois.png\",\"width\":833,\"height\":526,\"caption\":\"archibat_mag_un_ba\u0302timent_public_construit_entie\u0300rement_en_bois\"},{\"@type\":\"BreadcrumbList\",\"@id\":\"https:\/\/archibat.com\/blog\/un-batiment-public-construit-entierement-en-bois\/#breadcrumb\",\"itemListElement\":[{\"@type\":\"ListItem\",\"position\":1,\"name\":\"Home\",\"item\":\"https:\/\/archibat.com\/blog\/\"},{\"@type\":\"ListItem\",\"position\":2,\"name\":\"Un b\u00e2timent public construit enti\u00e8rement en bois\"}]},{\"@type\":\"WebSite\",\"@id\":\"https:\/\/archibat.com\/blog\/#website\",\"url\":\"https:\/\/archibat.com\/blog\/\",\"name\":\"ArchiBat Mag\",\"description\":\"Vous souhaitez connaitre les derni\u00e8res actualit\u00e9s sur l\u2019Architecture, le Design ou les Ressources Humaines ? D\u00e9couvrez ArchiBat Mag, le magazine d\u00e9di\u00e9 aux m\u00e9tiers de l&#039;Architecture et de l&#039;Ing\u00e9nierie.\",\"potentialAction\":[{\"@type\":\"SearchAction\",\"target\":{\"@type\":\"EntryPoint\",\"urlTemplate\":\"https:\/\/archibat.com\/blog\/?s={search_term_string}\"},\"query-input\":{\"@type\":\"PropertyValueSpecification\",\"valueRequired\":true,\"valueName\":\"search_term_string\"}}],\"inLanguage\":\"fr-FR\"},{\"@type\":\"Person\",\"@id\":\"https:\/\/archibat.com\/blog\/#\/schema\/person\/c246f0d63b5e719c2cbe4f9bd494bf12\",\"name\":\"communication\"}]}<\/script>\n<!-- \/ Yoast SEO plugin. -->","yoast_head_json":{"title":"Un b\u00e2timent public construit enti\u00e8rement en bois &#8211; ArchiBat Mag","robots":{"index":"index","follow":"follow","max-snippet":"max-snippet:-1","max-image-preview":"max-image-preview:large","max-video-preview":"max-video-preview:-1"},"canonical":"https:\/\/archibat.com\/blog\/un-batiment-public-construit-entierement-en-bois\/","og_locale":"fr_FR","og_type":"article","og_title":"Un b\u00e2timent public construit enti\u00e8rement en bois &#8211; ArchiBat Mag","og_description":"AOR Architects, agence bas\u00e9e \u00e0 Helsinki en Finlande, a r\u00e9alis\u00e9 le lyc\u00e9e et le centre culturel Monio dans le quartier historique de Hyryl\u00e4, \u00e0 Tuusula,\u2026","og_url":"https:\/\/archibat.com\/blog\/un-batiment-public-construit-entierement-en-bois\/","og_site_name":"ArchiBat Mag","article_published_time":"2024-11-20T13:00:00+00:00","og_image":[{"width":833,"height":526,"url":"https:\/\/archibat.com\/blog\/wp-content\/uploads\/2024\/11\/archibat_mag_un_ba\u0302timent_public_construit_entie\u0300rement_en_bois.png","type":"image\/png"}],"author":"communication","twitter_card":"summary_large_image","twitter_misc":{"\u00c9crit par":"communication","Dur\u00e9e de lecture estim\u00e9e":"3 minutes"},"schema":{"@context":"https:\/\/schema.org","@graph":[{"@type":"WebPage","@id":"https:\/\/archibat.com\/blog\/un-batiment-public-construit-entierement-en-bois\/","url":"https:\/\/archibat.com\/blog\/un-batiment-public-construit-entierement-en-bois\/","name":"Un b\u00e2timent public construit enti\u00e8rement en bois &#8211; ArchiBat Mag","isPartOf":{"@id":"https:\/\/archibat.com\/blog\/#website"},"primaryImageOfPage":{"@id":"https:\/\/archibat.com\/blog\/un-batiment-public-construit-entierement-en-bois\/#primaryimage"},"image":{"@id":"https:\/\/archibat.com\/blog\/un-batiment-public-construit-entierement-en-bois\/#primaryimage"},"thumbnailUrl":"https:\/\/archibat.com\/blog\/wp-content\/uploads\/2024\/11\/archibat_mag_un_ba\u0302timent_public_construit_entie\u0300rement_en_bois.png","datePublished":"2024-11-20T13:00:00+00:00","author":{"@id":"https:\/\/archibat.com\/blog\/#\/schema\/person\/c246f0d63b5e719c2cbe4f9bd494bf12"},"breadcrumb":{"@id":"https:\/\/archibat.com\/blog\/un-batiment-public-construit-entierement-en-bois\/#breadcrumb"},"inLanguage":"fr-FR","potentialAction":[{"@type":"ReadAction","target":["https:\/\/archibat.com\/blog\/un-batiment-public-construit-entierement-en-bois\/"]}]},{"@type":"ImageObject","inLanguage":"fr-FR","@id":"https:\/\/archibat.com\/blog\/un-batiment-public-construit-entierement-en-bois\/#primaryimage","url":"https:\/\/archibat.com\/blog\/wp-content\/uploads\/2024\/11\/archibat_mag_un_ba\u0302timent_public_construit_entie\u0300rement_en_bois.png","contentUrl":"https:\/\/archibat.com\/blog\/wp-content\/uploads\/2024\/11\/archibat_mag_un_ba\u0302timent_public_construit_entie\u0300rement_en_bois.png","width":833,"height":526,"caption":"archibat_mag_un_ba\u0302timent_public_construit_entie\u0300rement_en_bois"},{"@type":"BreadcrumbList","@id":"https:\/\/archibat.com\/blog\/un-batiment-public-construit-entierement-en-bois\/#breadcrumb","itemListElement":[{"@type":"ListItem","position":1,"name":"Home","item":"https:\/\/archibat.com\/blog\/"},{"@type":"ListItem","position":2,"name":"Un b\u00e2timent public construit enti\u00e8rement en bois"}]},{"@type":"WebSite","@id":"https:\/\/archibat.com\/blog\/#website","url":"https:\/\/archibat.com\/blog\/","name":"ArchiBat Mag","description":"Vous souhaitez connaitre les derni\u00e8res actualit\u00e9s sur l\u2019Architecture, le Design ou les Ressources Humaines ? D\u00e9couvrez ArchiBat Mag, le magazine d\u00e9di\u00e9 aux m\u00e9tiers de l&#039;Architecture et de l&#039;Ing\u00e9nierie.","potentialAction":[{"@type":"SearchAction","target":{"@type":"EntryPoint","urlTemplate":"https:\/\/archibat.com\/blog\/?s={search_term_string}"},"query-input":{"@type":"PropertyValueSpecification","valueRequired":true,"valueName":"search_term_string"}}],"inLanguage":"fr-FR"},{"@type":"Person","@id":"https:\/\/archibat.com\/blog\/#\/schema\/person\/c246f0d63b5e719c2cbe4f9bd494bf12","name":"communication"}]}},"_links":{"self":[{"href":"https:\/\/archibat.com\/blog\/wp-json\/wp\/v2\/posts\/23255","targetHints":{"allow":["GET"]}}],"collection":[{"href":"https:\/\/archibat.com\/blog\/wp-json\/wp\/v2\/posts"}],"about":[{"href":"https:\/\/archibat.com\/blog\/wp-json\/wp\/v2\/types\/post"}],"author":[{"embeddable":true,"href":"https:\/\/archibat.com\/blog\/wp-json\/wp\/v2\/users\/2"}],"replies":[{"embeddable":true,"href":"https:\/\/archibat.com\/blog\/wp-json\/wp\/v2\/comments?post=23255"}],"version-history":[{"count":3,"href":"https:\/\/archibat.com\/blog\/wp-json\/wp\/v2\/posts\/23255\/revisions"}],"predecessor-version":[{"id":23290,"href":"https:\/\/archibat.com\/blog\/wp-json\/wp\/v2\/posts\/23255\/revisions\/23290"}],"wp:featuredmedia":[{"embeddable":true,"href":"https:\/\/archibat.com\/blog\/wp-json\/wp\/v2\/media\/23256"}],"wp:attachment":[{"href":"https:\/\/archibat.com\/blog\/wp-json\/wp\/v2\/media?parent=23255"}],"wp:term":[{"taxonomy":"category","embeddable":true,"href":"https:\/\/archibat.com\/blog\/wp-json\/wp\/v2\/categories?post=23255"},{"taxonomy":"post_tag","embeddable":true,"href":"https:\/\/archibat.com\/blog\/wp-json\/wp\/v2\/tags?post=23255"}],"curies":[{"name":"wp","href":"https:\/\/api.w.org\/{rel}","templated":true}]}}