{"id":2358,"date":"2016-10-13T13:30:06","date_gmt":"2016-10-13T12:30:06","guid":{"rendered":"https:\/\/www.archibat.com\/blog\/?p=2358"},"modified":"2018-11-23T16:16:22","modified_gmt":"2018-11-23T15:16:22","slug":"photographes-dun-nouveau-genre","status":"publish","type":"post","link":"https:\/\/archibat.com\/blog\/photographes-dun-nouveau-genre\/","title":{"rendered":"Les photographes d\u2019un nouveau genre"},"content":{"rendered":"<p>Fond\u00e9 en 2007, m\u00eame ann\u00e9e qui a vu le tout premier Iphone sortir, les IPPAWARDS r\u00e9compensent des photographes amateurs comme professionnels ayant utilis\u00e9 des appareils de la gamme Apple tel que l\u2019iPhone, l\u2019iPad ou l\u2019iPod Touch. Apr\u00e8s neuf ans d\u2019existence, les cat\u00e9gories n\u2019ont cess\u00e9 de se d\u00e9velopper pour laisser toujours plus de possibilit\u00e9s aux photographes en herbe de s\u2019exprimer.<\/p>\n<p>D\u00e9sormais, des cat\u00e9gories telles que Paysage, Animaux, Pictural, Nature morte, Mod\u00e8le vivant et Architecture sont les th\u00e8mes les plus populaires.<\/p>\n<p>Dans la cat\u00e9gorie Architecture cette ann\u00e9e, c\u2019est Jian Wiang de Pekin qui s\u2019est distingu\u00e9 des autres par son clich\u00e9 \u2018\u2019Rouge de Chine\u2019\u2019 ou les jeux d\u2019ombres donnent le plus bel effet. Prise au Parc Olympique de P\u00e9kin, Jian Wang a vu sa photo se faire remettre la premi\u00e8re place, suivi par Patryk Kuleta pour la seconde et la troisi\u00e8me place.<\/p>\n<p>En effet, dans la s\u00e9rie de photo \u2018\u2019 Cath\u00e9drale modernes\u2019\u2019 de Kuleta, 2 shoots ont retenu l\u2019attention du jury. Avec certains proc\u00e9d\u00e9s, Kuleta capture des cath\u00e9drales historiques de Varsovie et Strasbourg.<\/p>\n<p>D\u00e9couvrez sans plus attendre les clich\u00e9s de l\u2019\u00e9dition 2016 avec les photos des gagnants ainsi que celles des mentions honorables.<\/p>\n<p><img loading=\"lazy\" decoding=\"async\" class=\"alignnone size-large wp-image-2360\" src=\"https:\/\/www.archibat.com\/blog\/wp-content\/uploads\/2016\/10\/009-Patryk-Kuleta-Architecture-2nd-760x950.jpg\" alt=\"009-patryk-kuleta-architecture-2nd-760x950\" width=\"640\" height=\"800\" \/> <img loading=\"lazy\" decoding=\"async\" class=\"alignnone size-large wp-image-2361\" src=\"https:\/\/www.archibat.com\/blog\/wp-content\/uploads\/2016\/10\/010-PatrykKuleta-Architecture-3rd-713x950.jpg\" alt=\"010-patrykkuleta-architecture-3rd-713x950\" width=\"640\" height=\"853\" \/> <img loading=\"lazy\" decoding=\"async\" class=\"alignnone size-large wp-image-2362\" src=\"https:\/\/www.archibat.com\/blog\/wp-content\/uploads\/2016\/10\/Alexander-Vu-Architecture-950x950.jpg\" alt=\"alexander-vu-architecture-950x950\" width=\"640\" height=\"640\" \/> <img loading=\"lazy\" decoding=\"async\" class=\"alignnone size-large wp-image-2363\" src=\"https:\/\/www.archibat.com\/blog\/wp-content\/uploads\/2016\/10\/Andrey-Berstenev-Architecture-950x950.jpg\" alt=\"andrey-berstenev-architecture-950x950\" width=\"640\" height=\"640\" \/> <img loading=\"lazy\" decoding=\"async\" class=\"alignnone size-large wp-image-2364\" src=\"https:\/\/www.archibat.com\/blog\/wp-content\/uploads\/2016\/10\/Andrie-Lancanan-Architecture-760x950.jpg\" alt=\"andrie-lancanan-architecture-760x950\" width=\"640\" height=\"800\" \/> <img loading=\"lazy\" decoding=\"async\" class=\"alignnone size-large wp-image-2365\" src=\"https:\/\/www.archibat.com\/blog\/wp-content\/uploads\/2016\/10\/Cielo-Delapaz-Architecture-950x950.jpg\" alt=\"cielo-delapaz-architecture-950x950\" width=\"640\" height=\"640\" \/> <img loading=\"lazy\" decoding=\"async\" class=\"alignnone size-large wp-image-2366\" src=\"https:\/\/www.archibat.com\/blog\/wp-content\/uploads\/2016\/10\/Cillin-Perera-Architecture-950x950-1.jpg\" alt=\"cillin-perera-architecture-950x950-1\" width=\"640\" height=\"640\" \/>\u00a0\u00a0<img loading=\"lazy\" decoding=\"async\" class=\"alignnone size-large wp-image-2368\" src=\"https:\/\/www.archibat.com\/blog\/wp-content\/uploads\/2016\/10\/Conor-MacNeill-Architecture-950x950.jpg\" alt=\"conor-macneill-architecture-950x950\" width=\"640\" height=\"640\" \/> <img loading=\"lazy\" decoding=\"async\" class=\"alignnone size-large wp-image-2369\" src=\"https:\/\/www.archibat.com\/blog\/wp-content\/uploads\/2016\/10\/Daniel-Rader-Architecture-950x950.jpg\" alt=\"daniel-rader-architecture-950x950\" width=\"640\" height=\"640\" \/> <img loading=\"lazy\" decoding=\"async\" class=\"alignnone size-large wp-image-2370\" src=\"https:\/\/www.archibat.com\/blog\/wp-content\/uploads\/2016\/10\/Danielle-Moir-Architecture-950x950.jpg\" alt=\"danielle-moir-architecture-950x950\" width=\"640\" height=\"640\" \/> <img loading=\"lazy\" decoding=\"async\" class=\"alignnone size-large wp-image-2371\" src=\"https:\/\/www.archibat.com\/blog\/wp-content\/uploads\/2016\/10\/Eric-Mueller-Architecture-950x950.jpg\" alt=\"eric-mueller-architecture-950x950\" width=\"640\" height=\"640\" \/> <img loading=\"lazy\" decoding=\"async\" class=\"alignnone size-large wp-image-2372\" src=\"https:\/\/www.archibat.com\/blog\/wp-content\/uploads\/2016\/10\/Fabio-Cuccaro-Architecture-950x713.jpg\" alt=\"fabio-cuccaro-architecture-950x713\" width=\"640\" height=\"480\" \/> <img loading=\"lazy\" decoding=\"async\" class=\"alignnone size-large wp-image-2373\" src=\"https:\/\/www.archibat.com\/blog\/wp-content\/uploads\/2016\/10\/Felicia-Williams-Architecture-950x713.jpg\" alt=\"felicia-williams-architecture-950x713\" width=\"640\" height=\"480\" \/> <img loading=\"lazy\" decoding=\"async\" class=\"alignnone size-large wp-image-2374\" src=\"https:\/\/www.archibat.com\/blog\/wp-content\/uploads\/2016\/10\/Huang-Hok-Yiu-Architecture-950x950.jpg\" alt=\"huang-hok-yiu-architecture-950x950\" width=\"640\" height=\"640\" \/>\u00a0\u00a0<img loading=\"lazy\" decoding=\"async\" class=\"alignnone size-large wp-image-2376\" src=\"https:\/\/www.archibat.com\/blog\/wp-content\/uploads\/2016\/10\/James-Binns-Architecture-950x950.jpg\" alt=\"james-binns-architecture-950x950\" width=\"640\" height=\"640\" \/> <img loading=\"lazy\" decoding=\"async\" class=\"alignnone size-large wp-image-2377\" src=\"https:\/\/www.archibat.com\/blog\/wp-content\/uploads\/2016\/10\/Jeremie-Nakache-Architecture-713x950.jpg\" alt=\"jeremie-nakache-architecture-713x950\" width=\"640\" height=\"853\" \/> <img loading=\"lazy\" decoding=\"async\" class=\"alignnone size-large wp-image-2378\" src=\"https:\/\/www.archibat.com\/blog\/wp-content\/uploads\/2016\/10\/Jian-Wang-Architecture-950x950.jpg\" alt=\"jian-wang-architecture-950x950\" width=\"640\" height=\"640\" \/> <img loading=\"lazy\" decoding=\"async\" class=\"alignnone size-large wp-image-2379\" src=\"https:\/\/www.archibat.com\/blog\/wp-content\/uploads\/2016\/10\/Joshua-Sarinana-Architecture-950x950.jpg\" alt=\"joshua-sarinana-architecture-950x950\" width=\"640\" height=\"640\" \/> <img loading=\"lazy\" decoding=\"async\" class=\"alignnone size-large wp-image-2380\" src=\"https:\/\/www.archibat.com\/blog\/wp-content\/uploads\/2016\/10\/Junfeng-Wang-Architecture-950x950.jpg\" alt=\"junfeng-wang-architecture-950x950\" width=\"640\" height=\"640\" \/> <img loading=\"lazy\" decoding=\"async\" class=\"alignnone size-large wp-image-2381\" src=\"https:\/\/www.archibat.com\/blog\/wp-content\/uploads\/2016\/10\/Lingxiang-Zhou-Architecture-950x713.jpg\" alt=\"lingxiang-zhou-architecture-950x713\" width=\"640\" height=\"480\" \/> <img loading=\"lazy\" decoding=\"async\" class=\"alignnone size-large wp-image-2382\" src=\"https:\/\/www.archibat.com\/blog\/wp-content\/uploads\/2016\/10\/Michele-Palazzo-Architecture-950x950.jpg\" alt=\"michele-palazzo-architecture-950x950\" width=\"640\" height=\"640\" \/> <img loading=\"lazy\" decoding=\"async\" class=\"alignnone size-large wp-image-2383\" src=\"https:\/\/www.archibat.com\/blog\/wp-content\/uploads\/2016\/10\/Patryk-Kuleta-Architecture-760x950.jpg\" alt=\"patryk-kuleta-architecture-760x950\" width=\"640\" height=\"800\" \/> <img loading=\"lazy\" decoding=\"async\" class=\"alignnone size-large wp-image-2384\" src=\"https:\/\/www.archibat.com\/blog\/wp-content\/uploads\/2016\/10\/Stefano-Cabrini-Architecture-950x713.jpg\" alt=\"stefano-cabrini-architecture-950x713\" width=\"640\" height=\"480\" \/> <img loading=\"lazy\" decoding=\"async\" class=\"alignnone size-large wp-image-2385\" src=\"https:\/\/www.archibat.com\/blog\/wp-content\/uploads\/2016\/10\/Waldemar-Nowak-Architecture-950x950-2.jpg\" alt=\"waldemar-nowak-architecture-950x950\" width=\"640\" height=\"640\" srcset=\"https:\/\/archibat.com\/blog\/wp-content\/uploads\/2016\/10\/Waldemar-Nowak-Architecture-950x950-2.jpg 950w, https:\/\/archibat.com\/blog\/wp-content\/uploads\/2016\/10\/Waldemar-Nowak-Architecture-950x950-2-300x300.jpg 300w, https:\/\/archibat.com\/blog\/wp-content\/uploads\/2016\/10\/Waldemar-Nowak-Architecture-950x950-2-480x480.jpg 480w, https:\/\/archibat.com\/blog\/wp-content\/uploads\/2016\/10\/Waldemar-Nowak-Architecture-950x950-2-432x432.jpg 432w, https:\/\/archibat.com\/blog\/wp-content\/uploads\/2016\/10\/Waldemar-Nowak-Architecture-950x950-2-768x768.jpg 768w, https:\/\/archibat.com\/blog\/wp-content\/uploads\/2016\/10\/Waldemar-Nowak-Architecture-950x950-2-864x864.jpg 864w, https:\/\/archibat.com\/blog\/wp-content\/uploads\/2016\/10\/Waldemar-Nowak-Architecture-950x950-2-600x600.jpg 600w\" sizes=\"auto, (max-width: 640px) 100vw, 640px\" \/> <img loading=\"lazy\" decoding=\"async\" class=\"alignnone size-large wp-image-2386\" src=\"https:\/\/www.archibat.com\/blog\/wp-content\/uploads\/2016\/10\/Yiying-Ou-Architecture-950x950-2.jpg\" alt=\"yiying-ou-architecture-950x950\" width=\"640\" height=\"640\" srcset=\"https:\/\/archibat.com\/blog\/wp-content\/uploads\/2016\/10\/Yiying-Ou-Architecture-950x950-2.jpg 950w, https:\/\/archibat.com\/blog\/wp-content\/uploads\/2016\/10\/Yiying-Ou-Architecture-950x950-2-300x300.jpg 300w, https:\/\/archibat.com\/blog\/wp-content\/uploads\/2016\/10\/Yiying-Ou-Architecture-950x950-2-480x480.jpg 480w, https:\/\/archibat.com\/blog\/wp-content\/uploads\/2016\/10\/Yiying-Ou-Architecture-950x950-2-432x432.jpg 432w, https:\/\/archibat.com\/blog\/wp-content\/uploads\/2016\/10\/Yiying-Ou-Architecture-950x950-2-768x768.jpg 768w, https:\/\/archibat.com\/blog\/wp-content\/uploads\/2016\/10\/Yiying-Ou-Architecture-950x950-2-864x864.jpg 864w, https:\/\/archibat.com\/blog\/wp-content\/uploads\/2016\/10\/Yiying-Ou-Architecture-950x950-2-600x600.jpg 600w\" sizes=\"auto, (max-width: 640px) 100vw, 640px\" \/> <img loading=\"lazy\" decoding=\"async\" class=\"alignnone size-large wp-image-2387\" src=\"https:\/\/www.archibat.com\/blog\/wp-content\/uploads\/2016\/10\/Yu-Jing-Chiu-Architecture-950x950-2.jpg\" alt=\"yu-jing-chiu-architecture-950x950\" width=\"640\" height=\"640\" srcset=\"https:\/\/archibat.com\/blog\/wp-content\/uploads\/2016\/10\/Yu-Jing-Chiu-Architecture-950x950-2.jpg 950w, https:\/\/archibat.com\/blog\/wp-content\/uploads\/2016\/10\/Yu-Jing-Chiu-Architecture-950x950-2-300x300.jpg 300w, https:\/\/archibat.com\/blog\/wp-content\/uploads\/2016\/10\/Yu-Jing-Chiu-Architecture-950x950-2-480x480.jpg 480w, https:\/\/archibat.com\/blog\/wp-content\/uploads\/2016\/10\/Yu-Jing-Chiu-Architecture-950x950-2-432x432.jpg 432w, https:\/\/archibat.com\/blog\/wp-content\/uploads\/2016\/10\/Yu-Jing-Chiu-Architecture-950x950-2-768x768.jpg 768w, https:\/\/archibat.com\/blog\/wp-content\/uploads\/2016\/10\/Yu-Jing-Chiu-Architecture-950x950-2-864x864.jpg 864w, https:\/\/archibat.com\/blog\/wp-content\/uploads\/2016\/10\/Yu-Jing-Chiu-Architecture-950x950-2-600x600.jpg 600w\" sizes=\"auto, (max-width: 640px) 100vw, 640px\" \/> <img loading=\"lazy\" decoding=\"async\" class=\"alignnone size-large wp-image-2388\" src=\"https:\/\/www.archibat.com\/blog\/wp-content\/uploads\/2016\/10\/Yuzhong-Ge-Architecture-950x950-2.jpg\" alt=\"yuzhong-ge-architecture-950x950\" width=\"640\" height=\"640\" srcset=\"https:\/\/archibat.com\/blog\/wp-content\/uploads\/2016\/10\/Yuzhong-Ge-Architecture-950x950-2.jpg 950w, https:\/\/archibat.com\/blog\/wp-content\/uploads\/2016\/10\/Yuzhong-Ge-Architecture-950x950-2-300x300.jpg 300w, https:\/\/archibat.com\/blog\/wp-content\/uploads\/2016\/10\/Yuzhong-Ge-Architecture-950x950-2-480x480.jpg 480w, https:\/\/archibat.com\/blog\/wp-content\/uploads\/2016\/10\/Yuzhong-Ge-Architecture-950x950-2-432x432.jpg 432w, https:\/\/archibat.com\/blog\/wp-content\/uploads\/2016\/10\/Yuzhong-Ge-Architecture-950x950-2-768x768.jpg 768w, https:\/\/archibat.com\/blog\/wp-content\/uploads\/2016\/10\/Yuzhong-Ge-Architecture-950x950-2-864x864.jpg 864w, https:\/\/archibat.com\/blog\/wp-content\/uploads\/2016\/10\/Yuzhong-Ge-Architecture-950x950-2-600x600.jpg 600w\" sizes=\"auto, (max-width: 640px) 100vw, 640px\" \/> <img loading=\"lazy\" decoding=\"async\" class=\"alignnone size-large wp-image-2389\" src=\"https:\/\/www.archibat.com\/blog\/wp-content\/uploads\/2016\/10\/Zaihuan-Jiang-Architecture-950x950-2.jpg\" alt=\"zaihuan-jiang-architecture-950x950\" width=\"640\" height=\"640\" srcset=\"https:\/\/archibat.com\/blog\/wp-content\/uploads\/2016\/10\/Zaihuan-Jiang-Architecture-950x950-2.jpg 950w, https:\/\/archibat.com\/blog\/wp-content\/uploads\/2016\/10\/Zaihuan-Jiang-Architecture-950x950-2-300x300.jpg 300w, https:\/\/archibat.com\/blog\/wp-content\/uploads\/2016\/10\/Zaihuan-Jiang-Architecture-950x950-2-480x480.jpg 480w, https:\/\/archibat.com\/blog\/wp-content\/uploads\/2016\/10\/Zaihuan-Jiang-Architecture-950x950-2-432x432.jpg 432w, https:\/\/archibat.com\/blog\/wp-content\/uploads\/2016\/10\/Zaihuan-Jiang-Architecture-950x950-2-768x768.jpg 768w, https:\/\/archibat.com\/blog\/wp-content\/uploads\/2016\/10\/Zaihuan-Jiang-Architecture-950x950-2-864x864.jpg 864w, https:\/\/archibat.com\/blog\/wp-content\/uploads\/2016\/10\/Zaihuan-Jiang-Architecture-950x950-2-600x600.jpg 600w\" sizes=\"auto, (max-width: 640px) 100vw, 640px\" \/><\/p>\n","protected":false},"excerpt":{"rendered":"<p>Fond\u00e9 en 2007, m\u00eame ann\u00e9e qui a vu le tout premier Iphone sortir, les IPPAWARDS r\u00e9compensent des photographes amateurs comme professionnels ayant utilis\u00e9 des appareils\u2026<\/p>\n","protected":false},"author":2,"featured_media":2359,"comment_status":"closed","ping_status":"closed","sticky":false,"template":"","format":"standard","meta":{"_acf_changed":false,"footnotes":""},"categories":[3],"tags":[1240,1228,1260],"class_list":["post-2358","post","type-post","status-publish","format-standard","has-post-thumbnail","hentry","category-architecture-et-design","tag-architecture-2","tag-design","tag-photographie"],"acf":[],"yoast_head":"<!-- This site is optimized with the Yoast SEO plugin v24.8.1 - https:\/\/yoast.com\/wordpress\/plugins\/seo\/ -->\n<title>Les photographes d\u2019un nouveau genre &#8211; ArchiBat Mag<\/title>\n<meta name=\"description\" content=\"les IPPAWARDS r\u00e9compensent des photographes amateurs comme professionnels ayant utilis\u00e9 des appareils de la gamme Apple. Ouvrez grands les yeux.\" \/>\n<meta name=\"robots\" content=\"index, follow, max-snippet:-1, max-image-preview:large, max-video-preview:-1\" \/>\n<link rel=\"canonical\" href=\"https:\/\/archibat.com\/blog\/photographes-dun-nouveau-genre\/\" \/>\n<meta property=\"og:locale\" content=\"fr_FR\" \/>\n<meta property=\"og:type\" content=\"article\" \/>\n<meta property=\"og:title\" content=\"Les photographes d\u2019un nouveau genre &#8211; ArchiBat Mag\" \/>\n<meta property=\"og:description\" content=\"les IPPAWARDS r\u00e9compensent des photographes amateurs comme professionnels ayant utilis\u00e9 des appareils de la gamme Apple. Ouvrez grands les yeux.\" \/>\n<meta property=\"og:url\" content=\"https:\/\/archibat.com\/blog\/photographes-dun-nouveau-genre\/\" \/>\n<meta property=\"og:site_name\" content=\"ArchiBat Mag\" \/>\n<meta property=\"article:published_time\" content=\"2016-10-13T12:30:06+00:00\" \/>\n<meta property=\"article:modified_time\" content=\"2018-11-23T15:16:22+00:00\" \/>\n<meta property=\"og:image\" content=\"https:\/\/archibat.com\/blog\/wp-content\/uploads\/2016\/10\/008-Jian-Wang-Architecture-1st-950x633-2.jpg\" \/>\n\t<meta property=\"og:image:width\" content=\"950\" \/>\n\t<meta property=\"og:image:height\" content=\"633\" \/>\n\t<meta property=\"og:image:type\" content=\"image\/jpeg\" \/>\n<meta name=\"author\" content=\"communication\" \/>\n<meta name=\"twitter:card\" content=\"summary_large_image\" \/>\n<meta name=\"twitter:label1\" content=\"\u00c9crit par\" \/>\n\t<meta name=\"twitter:data1\" content=\"communication\" \/>\n\t<meta name=\"twitter:label2\" content=\"Dur\u00e9e de lecture estim\u00e9e\" \/>\n\t<meta name=\"twitter:data2\" content=\"1 minute\" \/>\n<script type=\"application\/ld+json\" class=\"yoast-schema-graph\">{\"@context\":\"https:\/\/schema.org\",\"@graph\":[{\"@type\":\"WebPage\",\"@id\":\"https:\/\/archibat.com\/blog\/photographes-dun-nouveau-genre\/\",\"url\":\"https:\/\/archibat.com\/blog\/photographes-dun-nouveau-genre\/\",\"name\":\"Les photographes d\u2019un nouveau genre &#8211; ArchiBat Mag\",\"isPartOf\":{\"@id\":\"https:\/\/archibat.com\/blog\/#website\"},\"primaryImageOfPage\":{\"@id\":\"https:\/\/archibat.com\/blog\/photographes-dun-nouveau-genre\/#primaryimage\"},\"image\":{\"@id\":\"https:\/\/archibat.com\/blog\/photographes-dun-nouveau-genre\/#primaryimage\"},\"thumbnailUrl\":\"https:\/\/archibat.com\/blog\/wp-content\/uploads\/2016\/10\/008-Jian-Wang-Architecture-1st-950x633-2.jpg\",\"datePublished\":\"2016-10-13T12:30:06+00:00\",\"dateModified\":\"2018-11-23T15:16:22+00:00\",\"author\":{\"@id\":\"https:\/\/archibat.com\/blog\/#\/schema\/person\/c246f0d63b5e719c2cbe4f9bd494bf12\"},\"description\":\"les IPPAWARDS r\u00e9compensent des photographes amateurs comme professionnels ayant utilis\u00e9 des appareils de la gamme Apple. Ouvrez grands les yeux.\",\"breadcrumb\":{\"@id\":\"https:\/\/archibat.com\/blog\/photographes-dun-nouveau-genre\/#breadcrumb\"},\"inLanguage\":\"fr-FR\",\"potentialAction\":[{\"@type\":\"ReadAction\",\"target\":[\"https:\/\/archibat.com\/blog\/photographes-dun-nouveau-genre\/\"]}]},{\"@type\":\"ImageObject\",\"inLanguage\":\"fr-FR\",\"@id\":\"https:\/\/archibat.com\/blog\/photographes-dun-nouveau-genre\/#primaryimage\",\"url\":\"https:\/\/archibat.com\/blog\/wp-content\/uploads\/2016\/10\/008-Jian-Wang-Architecture-1st-950x633-2.jpg\",\"contentUrl\":\"https:\/\/archibat.com\/blog\/wp-content\/uploads\/2016\/10\/008-Jian-Wang-Architecture-1st-950x633-2.jpg\",\"width\":950,\"height\":633},{\"@type\":\"BreadcrumbList\",\"@id\":\"https:\/\/archibat.com\/blog\/photographes-dun-nouveau-genre\/#breadcrumb\",\"itemListElement\":[{\"@type\":\"ListItem\",\"position\":1,\"name\":\"Home\",\"item\":\"https:\/\/archibat.com\/blog\/\"},{\"@type\":\"ListItem\",\"position\":2,\"name\":\"Les photographes d\u2019un nouveau genre\"}]},{\"@type\":\"WebSite\",\"@id\":\"https:\/\/archibat.com\/blog\/#website\",\"url\":\"https:\/\/archibat.com\/blog\/\",\"name\":\"ArchiBat Mag\",\"description\":\"Vous souhaitez connaitre les derni\u00e8res actualit\u00e9s sur l\u2019Architecture, le Design ou les Ressources Humaines ? D\u00e9couvrez ArchiBat Mag, le magazine d\u00e9di\u00e9 aux m\u00e9tiers de l&#039;Architecture et de l&#039;Ing\u00e9nierie.\",\"potentialAction\":[{\"@type\":\"SearchAction\",\"target\":{\"@type\":\"EntryPoint\",\"urlTemplate\":\"https:\/\/archibat.com\/blog\/?s={search_term_string}\"},\"query-input\":{\"@type\":\"PropertyValueSpecification\",\"valueRequired\":true,\"valueName\":\"search_term_string\"}}],\"inLanguage\":\"fr-FR\"},{\"@type\":\"Person\",\"@id\":\"https:\/\/archibat.com\/blog\/#\/schema\/person\/c246f0d63b5e719c2cbe4f9bd494bf12\",\"name\":\"communication\"}]}<\/script>\n<!-- \/ Yoast SEO plugin. -->","yoast_head_json":{"title":"Les photographes d\u2019un nouveau genre &#8211; ArchiBat Mag","description":"les IPPAWARDS r\u00e9compensent des photographes amateurs comme professionnels ayant utilis\u00e9 des appareils de la gamme Apple. Ouvrez grands les yeux.","robots":{"index":"index","follow":"follow","max-snippet":"max-snippet:-1","max-image-preview":"max-image-preview:large","max-video-preview":"max-video-preview:-1"},"canonical":"https:\/\/archibat.com\/blog\/photographes-dun-nouveau-genre\/","og_locale":"fr_FR","og_type":"article","og_title":"Les photographes d\u2019un nouveau genre &#8211; ArchiBat Mag","og_description":"les IPPAWARDS r\u00e9compensent des photographes amateurs comme professionnels ayant utilis\u00e9 des appareils de la gamme Apple. Ouvrez grands les yeux.","og_url":"https:\/\/archibat.com\/blog\/photographes-dun-nouveau-genre\/","og_site_name":"ArchiBat Mag","article_published_time":"2016-10-13T12:30:06+00:00","article_modified_time":"2018-11-23T15:16:22+00:00","og_image":[{"width":950,"height":633,"url":"https:\/\/archibat.com\/blog\/wp-content\/uploads\/2016\/10\/008-Jian-Wang-Architecture-1st-950x633-2.jpg","type":"image\/jpeg"}],"author":"communication","twitter_card":"summary_large_image","twitter_misc":{"\u00c9crit par":"communication","Dur\u00e9e de lecture estim\u00e9e":"1 minute"},"schema":{"@context":"https:\/\/schema.org","@graph":[{"@type":"WebPage","@id":"https:\/\/archibat.com\/blog\/photographes-dun-nouveau-genre\/","url":"https:\/\/archibat.com\/blog\/photographes-dun-nouveau-genre\/","name":"Les photographes d\u2019un nouveau genre &#8211; ArchiBat Mag","isPartOf":{"@id":"https:\/\/archibat.com\/blog\/#website"},"primaryImageOfPage":{"@id":"https:\/\/archibat.com\/blog\/photographes-dun-nouveau-genre\/#primaryimage"},"image":{"@id":"https:\/\/archibat.com\/blog\/photographes-dun-nouveau-genre\/#primaryimage"},"thumbnailUrl":"https:\/\/archibat.com\/blog\/wp-content\/uploads\/2016\/10\/008-Jian-Wang-Architecture-1st-950x633-2.jpg","datePublished":"2016-10-13T12:30:06+00:00","dateModified":"2018-11-23T15:16:22+00:00","author":{"@id":"https:\/\/archibat.com\/blog\/#\/schema\/person\/c246f0d63b5e719c2cbe4f9bd494bf12"},"description":"les IPPAWARDS r\u00e9compensent des photographes amateurs comme professionnels ayant utilis\u00e9 des appareils de la gamme Apple. Ouvrez grands les yeux.","breadcrumb":{"@id":"https:\/\/archibat.com\/blog\/photographes-dun-nouveau-genre\/#breadcrumb"},"inLanguage":"fr-FR","potentialAction":[{"@type":"ReadAction","target":["https:\/\/archibat.com\/blog\/photographes-dun-nouveau-genre\/"]}]},{"@type":"ImageObject","inLanguage":"fr-FR","@id":"https:\/\/archibat.com\/blog\/photographes-dun-nouveau-genre\/#primaryimage","url":"https:\/\/archibat.com\/blog\/wp-content\/uploads\/2016\/10\/008-Jian-Wang-Architecture-1st-950x633-2.jpg","contentUrl":"https:\/\/archibat.com\/blog\/wp-content\/uploads\/2016\/10\/008-Jian-Wang-Architecture-1st-950x633-2.jpg","width":950,"height":633},{"@type":"BreadcrumbList","@id":"https:\/\/archibat.com\/blog\/photographes-dun-nouveau-genre\/#breadcrumb","itemListElement":[{"@type":"ListItem","position":1,"name":"Home","item":"https:\/\/archibat.com\/blog\/"},{"@type":"ListItem","position":2,"name":"Les photographes d\u2019un nouveau genre"}]},{"@type":"WebSite","@id":"https:\/\/archibat.com\/blog\/#website","url":"https:\/\/archibat.com\/blog\/","name":"ArchiBat Mag","description":"Vous souhaitez connaitre les derni\u00e8res actualit\u00e9s sur l\u2019Architecture, le Design ou les Ressources Humaines ? D\u00e9couvrez ArchiBat Mag, le magazine d\u00e9di\u00e9 aux m\u00e9tiers de l&#039;Architecture et de l&#039;Ing\u00e9nierie.","potentialAction":[{"@type":"SearchAction","target":{"@type":"EntryPoint","urlTemplate":"https:\/\/archibat.com\/blog\/?s={search_term_string}"},"query-input":{"@type":"PropertyValueSpecification","valueRequired":true,"valueName":"search_term_string"}}],"inLanguage":"fr-FR"},{"@type":"Person","@id":"https:\/\/archibat.com\/blog\/#\/schema\/person\/c246f0d63b5e719c2cbe4f9bd494bf12","name":"communication"}]}},"_links":{"self":[{"href":"https:\/\/archibat.com\/blog\/wp-json\/wp\/v2\/posts\/2358","targetHints":{"allow":["GET"]}}],"collection":[{"href":"https:\/\/archibat.com\/blog\/wp-json\/wp\/v2\/posts"}],"about":[{"href":"https:\/\/archibat.com\/blog\/wp-json\/wp\/v2\/types\/post"}],"author":[{"embeddable":true,"href":"https:\/\/archibat.com\/blog\/wp-json\/wp\/v2\/users\/2"}],"replies":[{"embeddable":true,"href":"https:\/\/archibat.com\/blog\/wp-json\/wp\/v2\/comments?post=2358"}],"version-history":[{"count":2,"href":"https:\/\/archibat.com\/blog\/wp-json\/wp\/v2\/posts\/2358\/revisions"}],"predecessor-version":[{"id":7814,"href":"https:\/\/archibat.com\/blog\/wp-json\/wp\/v2\/posts\/2358\/revisions\/7814"}],"wp:featuredmedia":[{"embeddable":true,"href":"https:\/\/archibat.com\/blog\/wp-json\/wp\/v2\/media\/2359"}],"wp:attachment":[{"href":"https:\/\/archibat.com\/blog\/wp-json\/wp\/v2\/media?parent=2358"}],"wp:term":[{"taxonomy":"category","embeddable":true,"href":"https:\/\/archibat.com\/blog\/wp-json\/wp\/v2\/categories?post=2358"},{"taxonomy":"post_tag","embeddable":true,"href":"https:\/\/archibat.com\/blog\/wp-json\/wp\/v2\/tags?post=2358"}],"curies":[{"name":"wp","href":"https:\/\/api.w.org\/{rel}","templated":true}]}}