{"id":2636,"date":"2017-01-12T13:10:27","date_gmt":"2017-01-12T12:10:27","guid":{"rendered":"https:\/\/www.archibat.com\/blog\/?p=2636"},"modified":"2018-12-20T17:16:11","modified_gmt":"2018-12-20T16:16:11","slug":"centre-de-culture-monde-arabie-saoudite","status":"publish","type":"post","link":"https:\/\/archibat.com\/blog\/centre-de-culture-monde-arabie-saoudite\/","title":{"rendered":"Un Centre de la Culture du Monde en Arabie Saoudite"},"content":{"rendered":"<p>Afin de promouvoir le d\u00e9veloppement de la culture dans le royaume d\u2019Arabie Saoudite, le roi Abdulaziz a lanc\u00e9 un concours d&rsquo;architecture pour la construction d&rsquo;un nouveau centre d\u00e9di\u00e9 \u00e0 la Culture du Monde. Cette initiative audacieuse verra le jour gr\u00e2ce \u00e0 Sn\u00f8hetta, une agence d&rsquo;architecture norv\u00e9gienne, rep\u00e9r\u00e9e en 2007 par le roi.<br \/>\n<img loading=\"lazy\" decoding=\"async\" class=\"alignnone size-large wp-image-2638\" src=\"https:\/\/www.archibat.com\/blog\/wp-content\/uploads\/2017\/01\/2-2.jpeg\" alt=\"2\" width=\"640\" height=\"427\" srcset=\"https:\/\/archibat.com\/blog\/wp-content\/uploads\/2017\/01\/2-2.jpeg 850w, https:\/\/archibat.com\/blog\/wp-content\/uploads\/2017\/01\/2-2-300x200.jpeg 300w, https:\/\/archibat.com\/blog\/wp-content\/uploads\/2017\/01\/2-2-720x480.jpeg 720w, https:\/\/archibat.com\/blog\/wp-content\/uploads\/2017\/01\/2-2-768x512.jpeg 768w, https:\/\/archibat.com\/blog\/wp-content\/uploads\/2017\/01\/2-2-350x233.jpeg 350w, https:\/\/archibat.com\/blog\/wp-content\/uploads\/2017\/01\/2-2-700x466.jpeg 700w\" sizes=\"auto, (max-width: 640px) 100vw, 640px\" \/><\/p>\n<p>Situ\u00e9 dans une province orientale du royaume, plus pr\u00e9cis\u00e9ment \u00e0 Dhahran, ce centre, o\u00f9 la culture sera reine, offrira \u00e0 la population locale la possibilit\u00e9 de participer \u00e0 de nombreuses activit\u00e9s. Conform\u00e9ment aux id\u00e9es de grandeur du roi, l\u2019objectif est d\u2019abord de faire l\u2019unanimit\u00e9 aupr\u00e8s des habitants du pays, puis des habitants du Golfe et enfin des habitants du Monde.\u00a0 Une fois termin\u00e9, le projet comprendra divers \u00e9quipements culturels, y compris un auditorium, un cin\u00e9ma, une biblioth\u00e8que, une salle d&rsquo;exposition, un mus\u00e9e et des archives.<br \/>\n<img loading=\"lazy\" decoding=\"async\" class=\"alignnone size-large wp-image-2639\" src=\"https:\/\/www.archibat.com\/blog\/wp-content\/uploads\/2017\/01\/3-2.jpeg\" alt=\"3\" width=\"640\" height=\"427\" srcset=\"https:\/\/archibat.com\/blog\/wp-content\/uploads\/2017\/01\/3-2.jpeg 850w, https:\/\/archibat.com\/blog\/wp-content\/uploads\/2017\/01\/3-2-300x200.jpeg 300w, https:\/\/archibat.com\/blog\/wp-content\/uploads\/2017\/01\/3-2-720x480.jpeg 720w, https:\/\/archibat.com\/blog\/wp-content\/uploads\/2017\/01\/3-2-768x512.jpeg 768w, https:\/\/archibat.com\/blog\/wp-content\/uploads\/2017\/01\/3-2-350x233.jpeg 350w, https:\/\/archibat.com\/blog\/wp-content\/uploads\/2017\/01\/3-2-700x466.jpeg 700w\" sizes=\"auto, (max-width: 640px) 100vw, 640px\" \/><\/p>\n<p>Avec une capacit\u00e9 de 930 visiteurs,\u00a0l\u2019auditorium permettra aux citoyens d\u2019appr\u00e9cier de nombreux \u00e9v\u00e9nements tels que des com\u00e9dies musicales, des concerts symphoniques ainsi que des conf\u00e9rences. Une grande biblioth\u00e8que sera \u00e9galement \u00e0 disposition, contenant plus de 200 000 ouvrages, et tout cela en acc\u00e8s libre. L\u2019id\u00e9e est vraiment d\u2019offrir la possibilit\u00e9 \u00e0 chacun d\u2019apprendre, de s\u2019instruire, de d\u00e9couvrir. Une salle d\u2019exposition gigantesque est pr\u00e9vue afin de recevoir des expositions itin\u00e9rantes \u00e0 grande \u00e9chelle. Au c\u0153ur de cette salle, il sera \u00e9galement possible d\u2019organiser des \u00e9v\u00e8nements sociaux, caritatifs, des conf\u00e9rences et des banquets.<\/p>\n<p><img loading=\"lazy\" decoding=\"async\" class=\"alignnone size-large wp-image-2640\" src=\"https:\/\/www.archibat.com\/blog\/wp-content\/uploads\/2017\/01\/4-2.jpeg\" alt=\"4\" width=\"640\" height=\"427\" srcset=\"https:\/\/archibat.com\/blog\/wp-content\/uploads\/2017\/01\/4-2.jpeg 850w, https:\/\/archibat.com\/blog\/wp-content\/uploads\/2017\/01\/4-2-300x200.jpeg 300w, https:\/\/archibat.com\/blog\/wp-content\/uploads\/2017\/01\/4-2-720x480.jpeg 720w, https:\/\/archibat.com\/blog\/wp-content\/uploads\/2017\/01\/4-2-768x512.jpeg 768w, https:\/\/archibat.com\/blog\/wp-content\/uploads\/2017\/01\/4-2-350x233.jpeg 350w, https:\/\/archibat.com\/blog\/wp-content\/uploads\/2017\/01\/4-2-700x466.jpeg 700w\" sizes=\"auto, (max-width: 640px) 100vw, 640px\" \/><\/p>\n<p>Cet espace dont la premi\u00e8re pierre fut pos\u00e9e le 20 Mai 2008 devrait ouvrir ses portes d\u2019ici Avril 2017, soit presque 10 ans plus tard, et le projet n\u2019a pas perdu une miette de sa superbe, tant sur l\u2019aspect esth\u00e9tique que sur celui du programme.<br \/>\n<img loading=\"lazy\" decoding=\"async\" class=\"alignnone size-large wp-image-2642\" src=\"https:\/\/www.archibat.com\/blog\/wp-content\/uploads\/2017\/01\/6-2.jpeg\" alt=\"6\" width=\"640\" height=\"427\" srcset=\"https:\/\/archibat.com\/blog\/wp-content\/uploads\/2017\/01\/6-2.jpeg 850w, https:\/\/archibat.com\/blog\/wp-content\/uploads\/2017\/01\/6-2-300x200.jpeg 300w, https:\/\/archibat.com\/blog\/wp-content\/uploads\/2017\/01\/6-2-720x480.jpeg 720w, https:\/\/archibat.com\/blog\/wp-content\/uploads\/2017\/01\/6-2-768x512.jpeg 768w, https:\/\/archibat.com\/blog\/wp-content\/uploads\/2017\/01\/6-2-350x233.jpeg 350w, https:\/\/archibat.com\/blog\/wp-content\/uploads\/2017\/01\/6-2-700x466.jpeg 700w\" sizes=\"auto, (max-width: 640px) 100vw, 640px\" \/><br \/>\n<img loading=\"lazy\" decoding=\"async\" class=\"alignnone size-large wp-image-2643\" src=\"https:\/\/www.archibat.com\/blog\/wp-content\/uploads\/2017\/01\/7-2.jpeg\" alt=\"7\" width=\"640\" height=\"427\" srcset=\"https:\/\/archibat.com\/blog\/wp-content\/uploads\/2017\/01\/7-2.jpeg 850w, https:\/\/archibat.com\/blog\/wp-content\/uploads\/2017\/01\/7-2-300x200.jpeg 300w, https:\/\/archibat.com\/blog\/wp-content\/uploads\/2017\/01\/7-2-720x480.jpeg 720w, https:\/\/archibat.com\/blog\/wp-content\/uploads\/2017\/01\/7-2-768x512.jpeg 768w, https:\/\/archibat.com\/blog\/wp-content\/uploads\/2017\/01\/7-2-350x233.jpeg 350w, https:\/\/archibat.com\/blog\/wp-content\/uploads\/2017\/01\/7-2-700x466.jpeg 700w\" sizes=\"auto, (max-width: 640px) 100vw, 640px\" \/><\/p>\n","protected":false},"excerpt":{"rendered":"<p>Afin de promouvoir le d\u00e9veloppement de la culture dans le royaume d\u2019Arabie Saoudite, le roi Abdulaziz a lanc\u00e9 un concours d&rsquo;architecture pour la construction d&rsquo;un\u2026<\/p>\n","protected":false},"author":2,"featured_media":2637,"comment_status":"closed","ping_status":"closed","sticky":false,"template":"","format":"standard","meta":{"_acf_changed":false,"footnotes":""},"categories":[3],"tags":[1345,1240,2115,1261,1228,2117,2116],"class_list":["post-2636","post","type-post","status-publish","format-standard","has-post-thumbnail","hentry","category-architecture-et-design","tag-arabie-saoudite","tag-architecture-2","tag-centre-culture-du-monde","tag-construction","tag-design","tag-dhahran","tag-snohetta"],"acf":[],"yoast_head":"<!-- This site is optimized with the Yoast SEO plugin v24.8.1 - https:\/\/yoast.com\/wordpress\/plugins\/seo\/ -->\n<title>Un Centre de la Culture du Monde en Arabie Saoudite &#8211; ArchiBat Mag<\/title>\n<meta name=\"description\" content=\"Afin de promouvoir la Culture du monde, le roi Abdulaziz a fait \u00e9riger un nouveau centre o\u00f9 grandeur et quintessence se tutoie.\" \/>\n<meta name=\"robots\" content=\"index, follow, max-snippet:-1, max-image-preview:large, max-video-preview:-1\" \/>\n<link rel=\"canonical\" href=\"https:\/\/archibat.com\/blog\/centre-de-culture-monde-arabie-saoudite\/\" \/>\n<meta property=\"og:locale\" content=\"fr_FR\" \/>\n<meta property=\"og:type\" content=\"article\" \/>\n<meta property=\"og:title\" content=\"Un Centre de la Culture du Monde en Arabie Saoudite &#8211; ArchiBat Mag\" \/>\n<meta property=\"og:description\" content=\"Afin de promouvoir la Culture du monde, le roi Abdulaziz a fait \u00e9riger un nouveau centre o\u00f9 grandeur et quintessence se tutoie.\" \/>\n<meta property=\"og:url\" content=\"https:\/\/archibat.com\/blog\/centre-de-culture-monde-arabie-saoudite\/\" \/>\n<meta property=\"og:site_name\" content=\"ArchiBat Mag\" \/>\n<meta property=\"article:published_time\" content=\"2017-01-12T12:10:27+00:00\" \/>\n<meta property=\"article:modified_time\" content=\"2018-12-20T16:16:11+00:00\" \/>\n<meta property=\"og:image\" content=\"https:\/\/archibat.com\/blog\/wp-content\/uploads\/2017\/01\/1-2.jpeg\" \/>\n\t<meta property=\"og:image:width\" content=\"850\" \/>\n\t<meta property=\"og:image:height\" content=\"567\" \/>\n\t<meta property=\"og:image:type\" content=\"image\/jpeg\" \/>\n<meta name=\"author\" content=\"communication\" \/>\n<meta name=\"twitter:card\" content=\"summary_large_image\" \/>\n<meta name=\"twitter:label1\" content=\"\u00c9crit par\" \/>\n\t<meta name=\"twitter:data1\" content=\"communication\" \/>\n\t<meta name=\"twitter:label2\" content=\"Dur\u00e9e de lecture estim\u00e9e\" \/>\n\t<meta name=\"twitter:data2\" content=\"2 minutes\" \/>\n<script type=\"application\/ld+json\" class=\"yoast-schema-graph\">{\"@context\":\"https:\/\/schema.org\",\"@graph\":[{\"@type\":\"WebPage\",\"@id\":\"https:\/\/archibat.com\/blog\/centre-de-culture-monde-arabie-saoudite\/\",\"url\":\"https:\/\/archibat.com\/blog\/centre-de-culture-monde-arabie-saoudite\/\",\"name\":\"Un Centre de la Culture du Monde en Arabie Saoudite &#8211; ArchiBat Mag\",\"isPartOf\":{\"@id\":\"https:\/\/archibat.com\/blog\/#website\"},\"primaryImageOfPage\":{\"@id\":\"https:\/\/archibat.com\/blog\/centre-de-culture-monde-arabie-saoudite\/#primaryimage\"},\"image\":{\"@id\":\"https:\/\/archibat.com\/blog\/centre-de-culture-monde-arabie-saoudite\/#primaryimage\"},\"thumbnailUrl\":\"https:\/\/archibat.com\/blog\/wp-content\/uploads\/2017\/01\/1-2.jpeg\",\"datePublished\":\"2017-01-12T12:10:27+00:00\",\"dateModified\":\"2018-12-20T16:16:11+00:00\",\"author\":{\"@id\":\"https:\/\/archibat.com\/blog\/#\/schema\/person\/c246f0d63b5e719c2cbe4f9bd494bf12\"},\"description\":\"Afin de promouvoir la Culture du monde, le roi Abdulaziz a fait \u00e9riger un nouveau centre o\u00f9 grandeur et quintessence se tutoie.\",\"breadcrumb\":{\"@id\":\"https:\/\/archibat.com\/blog\/centre-de-culture-monde-arabie-saoudite\/#breadcrumb\"},\"inLanguage\":\"fr-FR\",\"potentialAction\":[{\"@type\":\"ReadAction\",\"target\":[\"https:\/\/archibat.com\/blog\/centre-de-culture-monde-arabie-saoudite\/\"]}]},{\"@type\":\"ImageObject\",\"inLanguage\":\"fr-FR\",\"@id\":\"https:\/\/archibat.com\/blog\/centre-de-culture-monde-arabie-saoudite\/#primaryimage\",\"url\":\"https:\/\/archibat.com\/blog\/wp-content\/uploads\/2017\/01\/1-2.jpeg\",\"contentUrl\":\"https:\/\/archibat.com\/blog\/wp-content\/uploads\/2017\/01\/1-2.jpeg\",\"width\":850,\"height\":567},{\"@type\":\"BreadcrumbList\",\"@id\":\"https:\/\/archibat.com\/blog\/centre-de-culture-monde-arabie-saoudite\/#breadcrumb\",\"itemListElement\":[{\"@type\":\"ListItem\",\"position\":1,\"name\":\"Home\",\"item\":\"https:\/\/archibat.com\/blog\/\"},{\"@type\":\"ListItem\",\"position\":2,\"name\":\"Un Centre de la Culture du Monde en Arabie Saoudite\"}]},{\"@type\":\"WebSite\",\"@id\":\"https:\/\/archibat.com\/blog\/#website\",\"url\":\"https:\/\/archibat.com\/blog\/\",\"name\":\"ArchiBat Mag\",\"description\":\"Vous souhaitez connaitre les derni\u00e8res actualit\u00e9s sur l\u2019Architecture, le Design ou les Ressources Humaines ? D\u00e9couvrez ArchiBat Mag, le magazine d\u00e9di\u00e9 aux m\u00e9tiers de l&#039;Architecture et de l&#039;Ing\u00e9nierie.\",\"potentialAction\":[{\"@type\":\"SearchAction\",\"target\":{\"@type\":\"EntryPoint\",\"urlTemplate\":\"https:\/\/archibat.com\/blog\/?s={search_term_string}\"},\"query-input\":{\"@type\":\"PropertyValueSpecification\",\"valueRequired\":true,\"valueName\":\"search_term_string\"}}],\"inLanguage\":\"fr-FR\"},{\"@type\":\"Person\",\"@id\":\"https:\/\/archibat.com\/blog\/#\/schema\/person\/c246f0d63b5e719c2cbe4f9bd494bf12\",\"name\":\"communication\"}]}<\/script>\n<!-- \/ Yoast SEO plugin. -->","yoast_head_json":{"title":"Un Centre de la Culture du Monde en Arabie Saoudite &#8211; ArchiBat Mag","description":"Afin de promouvoir la Culture du monde, le roi Abdulaziz a fait \u00e9riger un nouveau centre o\u00f9 grandeur et quintessence se tutoie.","robots":{"index":"index","follow":"follow","max-snippet":"max-snippet:-1","max-image-preview":"max-image-preview:large","max-video-preview":"max-video-preview:-1"},"canonical":"https:\/\/archibat.com\/blog\/centre-de-culture-monde-arabie-saoudite\/","og_locale":"fr_FR","og_type":"article","og_title":"Un Centre de la Culture du Monde en Arabie Saoudite &#8211; ArchiBat Mag","og_description":"Afin de promouvoir la Culture du monde, le roi Abdulaziz a fait \u00e9riger un nouveau centre o\u00f9 grandeur et quintessence se tutoie.","og_url":"https:\/\/archibat.com\/blog\/centre-de-culture-monde-arabie-saoudite\/","og_site_name":"ArchiBat Mag","article_published_time":"2017-01-12T12:10:27+00:00","article_modified_time":"2018-12-20T16:16:11+00:00","og_image":[{"width":850,"height":567,"url":"https:\/\/archibat.com\/blog\/wp-content\/uploads\/2017\/01\/1-2.jpeg","type":"image\/jpeg"}],"author":"communication","twitter_card":"summary_large_image","twitter_misc":{"\u00c9crit par":"communication","Dur\u00e9e de lecture estim\u00e9e":"2 minutes"},"schema":{"@context":"https:\/\/schema.org","@graph":[{"@type":"WebPage","@id":"https:\/\/archibat.com\/blog\/centre-de-culture-monde-arabie-saoudite\/","url":"https:\/\/archibat.com\/blog\/centre-de-culture-monde-arabie-saoudite\/","name":"Un Centre de la Culture du Monde en Arabie Saoudite &#8211; ArchiBat Mag","isPartOf":{"@id":"https:\/\/archibat.com\/blog\/#website"},"primaryImageOfPage":{"@id":"https:\/\/archibat.com\/blog\/centre-de-culture-monde-arabie-saoudite\/#primaryimage"},"image":{"@id":"https:\/\/archibat.com\/blog\/centre-de-culture-monde-arabie-saoudite\/#primaryimage"},"thumbnailUrl":"https:\/\/archibat.com\/blog\/wp-content\/uploads\/2017\/01\/1-2.jpeg","datePublished":"2017-01-12T12:10:27+00:00","dateModified":"2018-12-20T16:16:11+00:00","author":{"@id":"https:\/\/archibat.com\/blog\/#\/schema\/person\/c246f0d63b5e719c2cbe4f9bd494bf12"},"description":"Afin de promouvoir la Culture du monde, le roi Abdulaziz a fait \u00e9riger un nouveau centre o\u00f9 grandeur et quintessence se tutoie.","breadcrumb":{"@id":"https:\/\/archibat.com\/blog\/centre-de-culture-monde-arabie-saoudite\/#breadcrumb"},"inLanguage":"fr-FR","potentialAction":[{"@type":"ReadAction","target":["https:\/\/archibat.com\/blog\/centre-de-culture-monde-arabie-saoudite\/"]}]},{"@type":"ImageObject","inLanguage":"fr-FR","@id":"https:\/\/archibat.com\/blog\/centre-de-culture-monde-arabie-saoudite\/#primaryimage","url":"https:\/\/archibat.com\/blog\/wp-content\/uploads\/2017\/01\/1-2.jpeg","contentUrl":"https:\/\/archibat.com\/blog\/wp-content\/uploads\/2017\/01\/1-2.jpeg","width":850,"height":567},{"@type":"BreadcrumbList","@id":"https:\/\/archibat.com\/blog\/centre-de-culture-monde-arabie-saoudite\/#breadcrumb","itemListElement":[{"@type":"ListItem","position":1,"name":"Home","item":"https:\/\/archibat.com\/blog\/"},{"@type":"ListItem","position":2,"name":"Un Centre de la Culture du Monde en Arabie Saoudite"}]},{"@type":"WebSite","@id":"https:\/\/archibat.com\/blog\/#website","url":"https:\/\/archibat.com\/blog\/","name":"ArchiBat Mag","description":"Vous souhaitez connaitre les derni\u00e8res actualit\u00e9s sur l\u2019Architecture, le Design ou les Ressources Humaines ? D\u00e9couvrez ArchiBat Mag, le magazine d\u00e9di\u00e9 aux m\u00e9tiers de l&#039;Architecture et de l&#039;Ing\u00e9nierie.","potentialAction":[{"@type":"SearchAction","target":{"@type":"EntryPoint","urlTemplate":"https:\/\/archibat.com\/blog\/?s={search_term_string}"},"query-input":{"@type":"PropertyValueSpecification","valueRequired":true,"valueName":"search_term_string"}}],"inLanguage":"fr-FR"},{"@type":"Person","@id":"https:\/\/archibat.com\/blog\/#\/schema\/person\/c246f0d63b5e719c2cbe4f9bd494bf12","name":"communication"}]}},"_links":{"self":[{"href":"https:\/\/archibat.com\/blog\/wp-json\/wp\/v2\/posts\/2636","targetHints":{"allow":["GET"]}}],"collection":[{"href":"https:\/\/archibat.com\/blog\/wp-json\/wp\/v2\/posts"}],"about":[{"href":"https:\/\/archibat.com\/blog\/wp-json\/wp\/v2\/types\/post"}],"author":[{"embeddable":true,"href":"https:\/\/archibat.com\/blog\/wp-json\/wp\/v2\/users\/2"}],"replies":[{"embeddable":true,"href":"https:\/\/archibat.com\/blog\/wp-json\/wp\/v2\/comments?post=2636"}],"version-history":[{"count":2,"href":"https:\/\/archibat.com\/blog\/wp-json\/wp\/v2\/posts\/2636\/revisions"}],"predecessor-version":[{"id":7880,"href":"https:\/\/archibat.com\/blog\/wp-json\/wp\/v2\/posts\/2636\/revisions\/7880"}],"wp:featuredmedia":[{"embeddable":true,"href":"https:\/\/archibat.com\/blog\/wp-json\/wp\/v2\/media\/2637"}],"wp:attachment":[{"href":"https:\/\/archibat.com\/blog\/wp-json\/wp\/v2\/media?parent=2636"}],"wp:term":[{"taxonomy":"category","embeddable":true,"href":"https:\/\/archibat.com\/blog\/wp-json\/wp\/v2\/categories?post=2636"},{"taxonomy":"post_tag","embeddable":true,"href":"https:\/\/archibat.com\/blog\/wp-json\/wp\/v2\/tags?post=2636"}],"curies":[{"name":"wp","href":"https:\/\/api.w.org\/{rel}","templated":true}]}}