{"id":2926,"date":"2017-04-11T14:46:08","date_gmt":"2017-04-11T13:46:08","guid":{"rendered":"https:\/\/www.archibat.com\/blog\/?p=2926"},"modified":"2018-11-26T17:05:19","modified_gmt":"2018-11-26T16:05:19","slug":"archibat-rh-bim-world-2017-acth-evolutions-projets-bim-13","status":"publish","type":"post","link":"https:\/\/archibat.com\/blog\/archibat-rh-bim-world-2017-acth-evolutions-projets-bim-13\/","title":{"rendered":"ACTH, \u00e9volution des projets BIM (1\/3)"},"content":{"rendered":"<p>Apr\u00e8s vous avoir pr\u00e9sent\u00e9 <a href=\"https:\/\/www.archibat.com\/blog\/archibat-rh-bim-world-2017-mastere-specialise-bim-a-lestp\/\" target=\"_blank\" rel=\"noopener\">le Mast\u00e8re Sp\u00e9cialis\u00e9 BIM propos\u00e9 \u00e0 l\u2019ESTP<\/a>, nous avons interview\u00e9 un autre acteur du BIM\u00a0: la soci\u00e9t\u00e9 ACTH, expert de la m\u00e9thodologie d&rsquo;int\u00e9gration du BIM, sp\u00e9cialiste de la formation et du transfert de comp\u00e9tences.<\/p>\n<p>D\u00e9couvrez la premi\u00e8re partie de l&rsquo;interview de Sylvain Wietrzniak, architecte dplg et Expert Bim, qui vous explique comment ACTH accompagne ses clients pour le d\u00e9ploiement des solutions BIM.<\/p>\n<p><iframe loading=\"lazy\" title=\"ArchiBat RH au BIM World 2017 : ACTH, les \u00e9volutions des projets BIM (1\/3)\" width=\"500\" height=\"281\" src=\"https:\/\/www.youtube.com\/embed\/d_m4VYU0xHE?feature=oembed\" frameborder=\"0\" allow=\"accelerometer; autoplay; clipboard-write; encrypted-media; gyroscope; picture-in-picture; web-share\" referrerpolicy=\"strict-origin-when-cross-origin\" allowfullscreen><\/iframe><\/p>\n<p>Pour visionner la suite de cette interview, rendez-vous sur la rubrique Architecture et Design pour d\u00e9couvrir <a href=\"https:\/\/www.archibat.com\/blog\/archibat-rh-bim-world-2017-avantages-freins-passage-bim-23\/\" target=\"_blank\" rel=\"noopener\">quels sont les avantages et les freins du passage au BIM<\/a>.<\/p>\n","protected":false},"excerpt":{"rendered":"<p>Apr\u00e8s vous avoir pr\u00e9sent\u00e9 le Mast\u00e8re Sp\u00e9cialis\u00e9 BIM propos\u00e9 \u00e0 l\u2019ESTP, nous avons interview\u00e9 un autre acteur du BIM\u00a0: la soci\u00e9t\u00e9 ACTH, expert de la\u2026<\/p>\n","protected":false},"author":2,"featured_media":3000,"comment_status":"closed","ping_status":"closed","sticky":false,"template":"","format":"standard","meta":{"_acf_changed":false,"footnotes":""},"categories":[3],"tags":[],"class_list":["post-2926","post","type-post","status-publish","format-standard","has-post-thumbnail","hentry","category-architecture-et-design"],"acf":[],"yoast_head":"<!-- This site is optimized with the Yoast SEO plugin v24.8.1 - https:\/\/yoast.com\/wordpress\/plugins\/seo\/ -->\n<title>ACTH, \u00e9volution des projets BIM (1\/3) &#8211; ArchiBat Mag<\/title>\n<meta name=\"robots\" content=\"index, follow, max-snippet:-1, max-image-preview:large, max-video-preview:-1\" \/>\n<link rel=\"canonical\" href=\"https:\/\/archibat.com\/blog\/archibat-rh-bim-world-2017-acth-evolutions-projets-bim-13\/\" \/>\n<meta property=\"og:locale\" content=\"fr_FR\" \/>\n<meta property=\"og:type\" content=\"article\" \/>\n<meta property=\"og:title\" content=\"ACTH, \u00e9volution des projets BIM (1\/3) &#8211; ArchiBat Mag\" \/>\n<meta property=\"og:description\" content=\"Apr\u00e8s vous avoir pr\u00e9sent\u00e9 le Mast\u00e8re Sp\u00e9cialis\u00e9 BIM propos\u00e9 \u00e0 l\u2019ESTP, nous avons interview\u00e9 un autre acteur du BIM\u00a0: la soci\u00e9t\u00e9 ACTH, expert de la\u2026\" \/>\n<meta property=\"og:url\" content=\"https:\/\/archibat.com\/blog\/archibat-rh-bim-world-2017-acth-evolutions-projets-bim-13\/\" \/>\n<meta property=\"og:site_name\" content=\"ArchiBat Mag\" \/>\n<meta property=\"article:published_time\" content=\"2017-04-11T13:46:08+00:00\" \/>\n<meta property=\"article:modified_time\" content=\"2018-11-26T16:05:19+00:00\" \/>\n<meta property=\"og:image\" content=\"https:\/\/archibat.com\/blog\/wp-content\/uploads\/2017\/04\/C-2.jpg\" \/>\n\t<meta property=\"og:image:width\" content=\"696\" \/>\n\t<meta property=\"og:image:height\" content=\"382\" \/>\n\t<meta property=\"og:image:type\" content=\"image\/jpeg\" \/>\n<meta name=\"author\" content=\"communication\" \/>\n<meta name=\"twitter:card\" content=\"summary_large_image\" \/>\n<meta name=\"twitter:label1\" content=\"\u00c9crit par\" \/>\n\t<meta name=\"twitter:data1\" content=\"communication\" \/>\n\t<meta name=\"twitter:label2\" content=\"Dur\u00e9e de lecture estim\u00e9e\" \/>\n\t<meta name=\"twitter:data2\" content=\"1 minute\" \/>\n<script type=\"application\/ld+json\" class=\"yoast-schema-graph\">{\"@context\":\"https:\/\/schema.org\",\"@graph\":[{\"@type\":\"WebPage\",\"@id\":\"https:\/\/archibat.com\/blog\/archibat-rh-bim-world-2017-acth-evolutions-projets-bim-13\/\",\"url\":\"https:\/\/archibat.com\/blog\/archibat-rh-bim-world-2017-acth-evolutions-projets-bim-13\/\",\"name\":\"ACTH, \u00e9volution des projets BIM (1\/3) &#8211; ArchiBat Mag\",\"isPartOf\":{\"@id\":\"https:\/\/archibat.com\/blog\/#website\"},\"primaryImageOfPage\":{\"@id\":\"https:\/\/archibat.com\/blog\/archibat-rh-bim-world-2017-acth-evolutions-projets-bim-13\/#primaryimage\"},\"image\":{\"@id\":\"https:\/\/archibat.com\/blog\/archibat-rh-bim-world-2017-acth-evolutions-projets-bim-13\/#primaryimage\"},\"thumbnailUrl\":\"https:\/\/archibat.com\/blog\/wp-content\/uploads\/2017\/04\/C-2.jpg\",\"datePublished\":\"2017-04-11T13:46:08+00:00\",\"dateModified\":\"2018-11-26T16:05:19+00:00\",\"author\":{\"@id\":\"https:\/\/archibat.com\/blog\/#\/schema\/person\/c246f0d63b5e719c2cbe4f9bd494bf12\"},\"breadcrumb\":{\"@id\":\"https:\/\/archibat.com\/blog\/archibat-rh-bim-world-2017-acth-evolutions-projets-bim-13\/#breadcrumb\"},\"inLanguage\":\"fr-FR\",\"potentialAction\":[{\"@type\":\"ReadAction\",\"target\":[\"https:\/\/archibat.com\/blog\/archibat-rh-bim-world-2017-acth-evolutions-projets-bim-13\/\"]}]},{\"@type\":\"ImageObject\",\"inLanguage\":\"fr-FR\",\"@id\":\"https:\/\/archibat.com\/blog\/archibat-rh-bim-world-2017-acth-evolutions-projets-bim-13\/#primaryimage\",\"url\":\"https:\/\/archibat.com\/blog\/wp-content\/uploads\/2017\/04\/C-2.jpg\",\"contentUrl\":\"https:\/\/archibat.com\/blog\/wp-content\/uploads\/2017\/04\/C-2.jpg\",\"width\":696,\"height\":382},{\"@type\":\"BreadcrumbList\",\"@id\":\"https:\/\/archibat.com\/blog\/archibat-rh-bim-world-2017-acth-evolutions-projets-bim-13\/#breadcrumb\",\"itemListElement\":[{\"@type\":\"ListItem\",\"position\":1,\"name\":\"Home\",\"item\":\"https:\/\/archibat.com\/blog\/\"},{\"@type\":\"ListItem\",\"position\":2,\"name\":\"ACTH, \u00e9volution des projets BIM (1\/3)\"}]},{\"@type\":\"WebSite\",\"@id\":\"https:\/\/archibat.com\/blog\/#website\",\"url\":\"https:\/\/archibat.com\/blog\/\",\"name\":\"ArchiBat Mag\",\"description\":\"Vous souhaitez connaitre les derni\u00e8res actualit\u00e9s sur l\u2019Architecture, le Design ou les Ressources Humaines ? D\u00e9couvrez ArchiBat Mag, le magazine d\u00e9di\u00e9 aux m\u00e9tiers de l&#039;Architecture et de l&#039;Ing\u00e9nierie.\",\"potentialAction\":[{\"@type\":\"SearchAction\",\"target\":{\"@type\":\"EntryPoint\",\"urlTemplate\":\"https:\/\/archibat.com\/blog\/?s={search_term_string}\"},\"query-input\":{\"@type\":\"PropertyValueSpecification\",\"valueRequired\":true,\"valueName\":\"search_term_string\"}}],\"inLanguage\":\"fr-FR\"},{\"@type\":\"Person\",\"@id\":\"https:\/\/archibat.com\/blog\/#\/schema\/person\/c246f0d63b5e719c2cbe4f9bd494bf12\",\"name\":\"communication\"}]}<\/script>\n<!-- \/ Yoast SEO plugin. -->","yoast_head_json":{"title":"ACTH, \u00e9volution des projets BIM (1\/3) &#8211; ArchiBat Mag","robots":{"index":"index","follow":"follow","max-snippet":"max-snippet:-1","max-image-preview":"max-image-preview:large","max-video-preview":"max-video-preview:-1"},"canonical":"https:\/\/archibat.com\/blog\/archibat-rh-bim-world-2017-acth-evolutions-projets-bim-13\/","og_locale":"fr_FR","og_type":"article","og_title":"ACTH, \u00e9volution des projets BIM (1\/3) &#8211; ArchiBat Mag","og_description":"Apr\u00e8s vous avoir pr\u00e9sent\u00e9 le Mast\u00e8re Sp\u00e9cialis\u00e9 BIM propos\u00e9 \u00e0 l\u2019ESTP, nous avons interview\u00e9 un autre acteur du BIM\u00a0: la soci\u00e9t\u00e9 ACTH, expert de la\u2026","og_url":"https:\/\/archibat.com\/blog\/archibat-rh-bim-world-2017-acth-evolutions-projets-bim-13\/","og_site_name":"ArchiBat Mag","article_published_time":"2017-04-11T13:46:08+00:00","article_modified_time":"2018-11-26T16:05:19+00:00","og_image":[{"width":696,"height":382,"url":"https:\/\/archibat.com\/blog\/wp-content\/uploads\/2017\/04\/C-2.jpg","type":"image\/jpeg"}],"author":"communication","twitter_card":"summary_large_image","twitter_misc":{"\u00c9crit par":"communication","Dur\u00e9e de lecture estim\u00e9e":"1 minute"},"schema":{"@context":"https:\/\/schema.org","@graph":[{"@type":"WebPage","@id":"https:\/\/archibat.com\/blog\/archibat-rh-bim-world-2017-acth-evolutions-projets-bim-13\/","url":"https:\/\/archibat.com\/blog\/archibat-rh-bim-world-2017-acth-evolutions-projets-bim-13\/","name":"ACTH, \u00e9volution des projets BIM (1\/3) &#8211; ArchiBat Mag","isPartOf":{"@id":"https:\/\/archibat.com\/blog\/#website"},"primaryImageOfPage":{"@id":"https:\/\/archibat.com\/blog\/archibat-rh-bim-world-2017-acth-evolutions-projets-bim-13\/#primaryimage"},"image":{"@id":"https:\/\/archibat.com\/blog\/archibat-rh-bim-world-2017-acth-evolutions-projets-bim-13\/#primaryimage"},"thumbnailUrl":"https:\/\/archibat.com\/blog\/wp-content\/uploads\/2017\/04\/C-2.jpg","datePublished":"2017-04-11T13:46:08+00:00","dateModified":"2018-11-26T16:05:19+00:00","author":{"@id":"https:\/\/archibat.com\/blog\/#\/schema\/person\/c246f0d63b5e719c2cbe4f9bd494bf12"},"breadcrumb":{"@id":"https:\/\/archibat.com\/blog\/archibat-rh-bim-world-2017-acth-evolutions-projets-bim-13\/#breadcrumb"},"inLanguage":"fr-FR","potentialAction":[{"@type":"ReadAction","target":["https:\/\/archibat.com\/blog\/archibat-rh-bim-world-2017-acth-evolutions-projets-bim-13\/"]}]},{"@type":"ImageObject","inLanguage":"fr-FR","@id":"https:\/\/archibat.com\/blog\/archibat-rh-bim-world-2017-acth-evolutions-projets-bim-13\/#primaryimage","url":"https:\/\/archibat.com\/blog\/wp-content\/uploads\/2017\/04\/C-2.jpg","contentUrl":"https:\/\/archibat.com\/blog\/wp-content\/uploads\/2017\/04\/C-2.jpg","width":696,"height":382},{"@type":"BreadcrumbList","@id":"https:\/\/archibat.com\/blog\/archibat-rh-bim-world-2017-acth-evolutions-projets-bim-13\/#breadcrumb","itemListElement":[{"@type":"ListItem","position":1,"name":"Home","item":"https:\/\/archibat.com\/blog\/"},{"@type":"ListItem","position":2,"name":"ACTH, \u00e9volution des projets BIM (1\/3)"}]},{"@type":"WebSite","@id":"https:\/\/archibat.com\/blog\/#website","url":"https:\/\/archibat.com\/blog\/","name":"ArchiBat Mag","description":"Vous souhaitez connaitre les derni\u00e8res actualit\u00e9s sur l\u2019Architecture, le Design ou les Ressources Humaines ? D\u00e9couvrez ArchiBat Mag, le magazine d\u00e9di\u00e9 aux m\u00e9tiers de l&#039;Architecture et de l&#039;Ing\u00e9nierie.","potentialAction":[{"@type":"SearchAction","target":{"@type":"EntryPoint","urlTemplate":"https:\/\/archibat.com\/blog\/?s={search_term_string}"},"query-input":{"@type":"PropertyValueSpecification","valueRequired":true,"valueName":"search_term_string"}}],"inLanguage":"fr-FR"},{"@type":"Person","@id":"https:\/\/archibat.com\/blog\/#\/schema\/person\/c246f0d63b5e719c2cbe4f9bd494bf12","name":"communication"}]}},"_links":{"self":[{"href":"https:\/\/archibat.com\/blog\/wp-json\/wp\/v2\/posts\/2926","targetHints":{"allow":["GET"]}}],"collection":[{"href":"https:\/\/archibat.com\/blog\/wp-json\/wp\/v2\/posts"}],"about":[{"href":"https:\/\/archibat.com\/blog\/wp-json\/wp\/v2\/types\/post"}],"author":[{"embeddable":true,"href":"https:\/\/archibat.com\/blog\/wp-json\/wp\/v2\/users\/2"}],"replies":[{"embeddable":true,"href":"https:\/\/archibat.com\/blog\/wp-json\/wp\/v2\/comments?post=2926"}],"version-history":[{"count":1,"href":"https:\/\/archibat.com\/blog\/wp-json\/wp\/v2\/posts\/2926\/revisions"}],"predecessor-version":[{"id":8123,"href":"https:\/\/archibat.com\/blog\/wp-json\/wp\/v2\/posts\/2926\/revisions\/8123"}],"wp:featuredmedia":[{"embeddable":true,"href":"https:\/\/archibat.com\/blog\/wp-json\/wp\/v2\/media\/3000"}],"wp:attachment":[{"href":"https:\/\/archibat.com\/blog\/wp-json\/wp\/v2\/media?parent=2926"}],"wp:term":[{"taxonomy":"category","embeddable":true,"href":"https:\/\/archibat.com\/blog\/wp-json\/wp\/v2\/categories?post=2926"},{"taxonomy":"post_tag","embeddable":true,"href":"https:\/\/archibat.com\/blog\/wp-json\/wp\/v2\/tags?post=2926"}],"curies":[{"name":"wp","href":"https:\/\/api.w.org\/{rel}","templated":true}]}}