{"id":3051,"date":"2017-05-05T12:58:47","date_gmt":"2017-05-05T11:58:47","guid":{"rendered":"https:\/\/www.archibat.com\/blog\/en\/?p=3051"},"modified":"2018-11-26T16:37:23","modified_gmt":"2018-11-26T15:37:23","slug":"recyclage-fer-de-lance-dun-projet-ephemere","status":"publish","type":"post","link":"https:\/\/archibat.com\/blog\/recyclage-fer-de-lance-dun-projet-ephemere\/","title":{"rendered":"Le recyclage, fer de lance d&rsquo;un projet \u00e9ph\u00e9m\u00e8re"},"content":{"rendered":"<p>R\u00e9fl\u00e9chir \u00e0 son impact sur l\u2019environnement est un enjeu majeur du 21<sup>\u00e8me<\/sup> si\u00e8cle, et cela vaut \u00e9galement pour tout ce qui concerne la construction. Il appara\u00eet donc primordial que les entreprises construisent de mani\u00e8re durable. Nos voisins N\u00e9erlandais ont eu l\u2019opportunit\u00e9 de voir sortir du sol une structure temporaire mise sur pied par les entreprises Project.DWG et LOOS.FM. Cette structure a pour caract\u00e9ristique d\u2019\u00eatre co-responsable car celle-ci est constitu\u00e9e de d\u00e9chets plastiques recycl\u00e9s (PET). Ce pavillon est un laboratoire d\u2019\u00e9tude sur l\u2019utilisation des d\u00e9chets plastiques en tant que mat\u00e9riau de construction.<\/p>\n<p><img loading=\"lazy\" decoding=\"async\" class=\"alignnone wp-image-3057 size-large\" src=\"https:\/\/www.archibat.com\/blog\/wp-content\/uploads\/2017\/05\/6-2-720x450.jpg\" alt=\"\" width=\"720\" height=\"450\" srcset=\"https:\/\/archibat.com\/blog\/wp-content\/uploads\/2017\/05\/6-2-720x450.jpg 720w, https:\/\/archibat.com\/blog\/wp-content\/uploads\/2017\/05\/6-2-300x188.jpg 300w, https:\/\/archibat.com\/blog\/wp-content\/uploads\/2017\/05\/6-2-768x480.jpg 768w, https:\/\/archibat.com\/blog\/wp-content\/uploads\/2017\/05\/6-2-1536x960.jpg 1536w, https:\/\/archibat.com\/blog\/wp-content\/uploads\/2017\/05\/6-2.jpg 1582w\" sizes=\"auto, (max-width: 720px) 100vw, 720px\" \/><\/p>\n<p>Les cr\u00e9ateurs de ce pavillon se sont d\u2019abord inspir\u00e9s du travail de Ludwig Mies van der Rohe en reproduisant le cadre de la maison Farnsworth. La structure se compose de deux dalles en acier (le sol et le plafond) mais la particularit\u00e9 de celle-ci r\u00e9side dans la composition de ses murs. En effet, ceux-ci sont constitu\u00e9s de t\u00f4les ondul\u00e9es transparentes contenant pas moins de 40000 bouteilles en plastique.<\/p>\n<p><img loading=\"lazy\" decoding=\"async\" class=\"alignnone wp-image-3059 size-large\" src=\"https:\/\/www.archibat.com\/blog\/wp-content\/uploads\/2017\/05\/8-2-720x450.jpg\" alt=\"\" width=\"720\" height=\"450\" srcset=\"https:\/\/archibat.com\/blog\/wp-content\/uploads\/2017\/05\/8-2-720x450.jpg 720w, https:\/\/archibat.com\/blog\/wp-content\/uploads\/2017\/05\/8-2-300x188.jpg 300w, https:\/\/archibat.com\/blog\/wp-content\/uploads\/2017\/05\/8-2-768x480.jpg 768w, https:\/\/archibat.com\/blog\/wp-content\/uploads\/2017\/05\/8-2-1536x960.jpg 1536w, https:\/\/archibat.com\/blog\/wp-content\/uploads\/2017\/05\/8-2.jpg 1582w\" sizes=\"auto, (max-width: 720px) 100vw, 720px\" \/><\/p>\n<p>L\u2019objectif de ce projet \u00e9tait surtout de se concentrer sur l\u2019exploration de nouvelles possibilit\u00e9s afin d\u2019apporter des solutions au probl\u00e8me du plastique. Il y a \u00e9galement un aspect \u00e9ducatif \u00e0 ce projet, en montrant \u00e0 quel point l\u2019homme surconsomme. Que deviennent nos d\u00e9chets plastiques une fois mis \u00e0 la poubelle\u00a0? O\u00f9 se trouvent-ils\u00a0? Qu\u2019en faisons nous\u00a0? Voil\u00e0 le type de questions que les cr\u00e9ateurs de ce projet souhaitent faire naitre dans l&rsquo;esprit des visiteurs. En somme, faire prendre conscience au plus grand nombre que la question environnementale n\u2019est plus un d\u00e9bat mais une urgence. En mettant l\u2019accent sur ce sujet, les cr\u00e9ateurs esp\u00e8rent \u00e9galement r\u00e9veiller les consciences et stimuler la cr\u00e9ativit\u00e9\u00a0: comment pourrait-on donner une seconde vie \u00e0 ces produits plastiques ?<\/p>\n<p><img loading=\"lazy\" decoding=\"async\" class=\"alignnone wp-image-3058 size-large\" src=\"https:\/\/www.archibat.com\/blog\/wp-content\/uploads\/2017\/05\/7-2-720x480.jpg\" alt=\"\" width=\"720\" height=\"480\" srcset=\"https:\/\/archibat.com\/blog\/wp-content\/uploads\/2017\/05\/7-2-720x480.jpg 720w, https:\/\/archibat.com\/blog\/wp-content\/uploads\/2017\/05\/7-2-300x200.jpg 300w, https:\/\/archibat.com\/blog\/wp-content\/uploads\/2017\/05\/7-2-768x512.jpg 768w, https:\/\/archibat.com\/blog\/wp-content\/uploads\/2017\/05\/7-2-1440x960.jpg 1440w, https:\/\/archibat.com\/blog\/wp-content\/uploads\/2017\/05\/7-2-960x640.jpg 960w, https:\/\/archibat.com\/blog\/wp-content\/uploads\/2017\/05\/7-2-350x233.jpg 350w, https:\/\/archibat.com\/blog\/wp-content\/uploads\/2017\/05\/7-2-700x466.jpg 700w, https:\/\/archibat.com\/blog\/wp-content\/uploads\/2017\/05\/7-2.jpg 1500w\" sizes=\"auto, (max-width: 720px) 100vw, 720px\" \/><\/p>\n<p>Contrairement \u00e0 la majorit\u00e9 des projets \u00e9ph\u00e9m\u00e8res, celui-ci s\u2019inscrit parfaitement dans la d\u00e9marche qu\u2019il pr\u00f4ne, \u00e0 savoir, qu\u2019il sera possible de r\u00e9utiliser ces mat\u00e9riaux pour construire autre chose.<\/p>\n<p><img loading=\"lazy\" decoding=\"async\" class=\"alignnone wp-image-3055 size-large\" src=\"https:\/\/www.archibat.com\/blog\/wp-content\/uploads\/2017\/05\/4-2-720x450.jpg\" alt=\"\" width=\"720\" height=\"450\" srcset=\"https:\/\/archibat.com\/blog\/wp-content\/uploads\/2017\/05\/4-2-720x450.jpg 720w, https:\/\/archibat.com\/blog\/wp-content\/uploads\/2017\/05\/4-2-300x188.jpg 300w, https:\/\/archibat.com\/blog\/wp-content\/uploads\/2017\/05\/4-2-768x480.jpg 768w, https:\/\/archibat.com\/blog\/wp-content\/uploads\/2017\/05\/4-2-1536x960.jpg 1536w, https:\/\/archibat.com\/blog\/wp-content\/uploads\/2017\/05\/4-2.jpg 1582w\" sizes=\"auto, (max-width: 720px) 100vw, 720px\" \/><\/p>\n<p>Le pavillon en lui-m\u00eame est constitu\u00e9 de grandes portes pivotantes donnant sur un parc verdoyant. Durant la journ\u00e9e, l\u2019int\u00e9rieur du pavillon b\u00e9n\u00e9ficie d\u2019une luminosit\u00e9 singuli\u00e8re gr\u00e2ce aux masses translucides des bouteilles froiss\u00e9es tandis que la nuit un voile opaque confine \u00e0 l\u2019espace des allures de bunker.<\/p>\n<p><img loading=\"lazy\" decoding=\"async\" class=\"alignnone wp-image-3053 size-large\" src=\"https:\/\/www.archibat.com\/blog\/wp-content\/uploads\/2017\/05\/2-2-720x450.jpg\" alt=\"\" width=\"720\" height=\"450\" srcset=\"https:\/\/archibat.com\/blog\/wp-content\/uploads\/2017\/05\/2-2-720x450.jpg 720w, https:\/\/archibat.com\/blog\/wp-content\/uploads\/2017\/05\/2-2-300x188.jpg 300w, https:\/\/archibat.com\/blog\/wp-content\/uploads\/2017\/05\/2-2-768x480.jpg 768w, https:\/\/archibat.com\/blog\/wp-content\/uploads\/2017\/05\/2-2-1536x960.jpg 1536w, https:\/\/archibat.com\/blog\/wp-content\/uploads\/2017\/05\/2-2.jpg 1582w\" sizes=\"auto, (max-width: 720px) 100vw, 720px\" \/><\/p>\n<p>Au sein m\u00eame de ce pavillon, r\u00e9guli\u00e8rement la programmation change pour offrir aux visiteurs des exp\u00e9riences diff\u00e9rentes. Parfois des expositions d\u2019art, parfois des \u00e9v\u00e8nements interactifs, l\u2019objectif de ces happenings est de rendre l\u2019art et la culture accessible \u00e0 tous.<\/p>\n<p>Cet espace fait \u00e9galement figure de lieu de rencontre communautaire o\u00f9 les habitants des environs peuvent venir se retrouver et discuter de l\u2019am\u00e9lioration de leur quartier.<\/p>\n<p><img loading=\"lazy\" decoding=\"async\" class=\"alignnone wp-image-3054 size-large\" src=\"https:\/\/www.archibat.com\/blog\/wp-content\/uploads\/2017\/05\/3-2-720x450.jpg\" alt=\"\" width=\"720\" height=\"450\" srcset=\"https:\/\/archibat.com\/blog\/wp-content\/uploads\/2017\/05\/3-2-720x450.jpg 720w, https:\/\/archibat.com\/blog\/wp-content\/uploads\/2017\/05\/3-2-300x188.jpg 300w, https:\/\/archibat.com\/blog\/wp-content\/uploads\/2017\/05\/3-2-768x480.jpg 768w, https:\/\/archibat.com\/blog\/wp-content\/uploads\/2017\/05\/3-2-1536x960.jpg 1536w, https:\/\/archibat.com\/blog\/wp-content\/uploads\/2017\/05\/3-2.jpg 1582w\" sizes=\"auto, (max-width: 720px) 100vw, 720px\" \/><\/p>\n<p>Une fois de plus, des designers, des architectes et des techniciens ont su insuffler une dynamique positive sur un quartier en mettant en lumi\u00e8re diff\u00e9rentes th\u00e9matiques : le lien social, l\u2019environnement et l\u2019art. Bravo pour cette initiative !<\/p>\n<p class=\"author\">Opening Expositie De achterkant van Enschede &#8211; Cyril Wermers<\/p>\n","protected":false},"excerpt":{"rendered":"<p>R\u00e9fl\u00e9chir \u00e0 son impact sur l\u2019environnement est un enjeu majeur du 21\u00e8me si\u00e8cle, et cela vaut \u00e9galement pour tout ce qui concerne la construction. Il\u2026<\/p>\n","protected":false},"author":2,"featured_media":3052,"comment_status":"closed","ping_status":"closed","sticky":false,"template":"","format":"standard","meta":{"_acf_changed":false,"footnotes":""},"categories":[3],"tags":[1240,1228,1300,1324],"class_list":["post-3051","post","type-post","status-publish","format-standard","has-post-thumbnail","hentry","category-architecture-et-design","tag-architecture-2","tag-design","tag-ecologie","tag-responsable"],"acf":[],"yoast_head":"<!-- This site is optimized with the Yoast SEO plugin v24.8.1 - https:\/\/yoast.com\/wordpress\/plugins\/seo\/ -->\n<title>Le recyclage, fer de lance d&#039;un projet \u00e9ph\u00e9m\u00e8re &#8211; ArchiBat Mag<\/title>\n<meta name=\"description\" content=\"Parce que le recyclage du plastique doit \u00eatre une priorit\u00e9, ces architectes bataves ont prouv\u00e9 que la r\u00e9cup\u00e9ration avait sa place dans le design.\" \/>\n<meta name=\"robots\" content=\"index, follow, max-snippet:-1, max-image-preview:large, max-video-preview:-1\" \/>\n<link rel=\"canonical\" href=\"https:\/\/archibat.com\/blog\/recyclage-fer-de-lance-dun-projet-ephemere\/\" \/>\n<meta property=\"og:locale\" content=\"fr_FR\" \/>\n<meta property=\"og:type\" content=\"article\" \/>\n<meta property=\"og:title\" content=\"Le recyclage, fer de lance d&#039;un projet \u00e9ph\u00e9m\u00e8re &#8211; ArchiBat Mag\" \/>\n<meta property=\"og:description\" content=\"Parce que le recyclage du plastique doit \u00eatre une priorit\u00e9, ces architectes bataves ont prouv\u00e9 que la r\u00e9cup\u00e9ration avait sa place dans le design.\" \/>\n<meta property=\"og:url\" content=\"https:\/\/archibat.com\/blog\/recyclage-fer-de-lance-dun-projet-ephemere\/\" \/>\n<meta property=\"og:site_name\" content=\"ArchiBat Mag\" \/>\n<meta property=\"article:published_time\" content=\"2017-05-05T11:58:47+00:00\" \/>\n<meta property=\"article:modified_time\" content=\"2018-11-26T15:37:23+00:00\" \/>\n<meta property=\"og:image\" content=\"https:\/\/archibat.com\/blog\/wp-content\/uploads\/2017\/05\/cover-1-2.jpg\" \/>\n\t<meta property=\"og:image:width\" content=\"1582\" \/>\n\t<meta property=\"og:image:height\" content=\"989\" \/>\n\t<meta property=\"og:image:type\" content=\"image\/jpeg\" \/>\n<meta name=\"author\" content=\"communication\" \/>\n<meta name=\"twitter:card\" content=\"summary_large_image\" \/>\n<meta name=\"twitter:label1\" content=\"\u00c9crit par\" \/>\n\t<meta name=\"twitter:data1\" content=\"communication\" \/>\n\t<meta name=\"twitter:label2\" content=\"Dur\u00e9e de lecture estim\u00e9e\" \/>\n\t<meta name=\"twitter:data2\" content=\"3 minutes\" \/>\n<script type=\"application\/ld+json\" class=\"yoast-schema-graph\">{\"@context\":\"https:\/\/schema.org\",\"@graph\":[{\"@type\":\"WebPage\",\"@id\":\"https:\/\/archibat.com\/blog\/recyclage-fer-de-lance-dun-projet-ephemere\/\",\"url\":\"https:\/\/archibat.com\/blog\/recyclage-fer-de-lance-dun-projet-ephemere\/\",\"name\":\"Le recyclage, fer de lance d'un projet \u00e9ph\u00e9m\u00e8re &#8211; ArchiBat Mag\",\"isPartOf\":{\"@id\":\"https:\/\/archibat.com\/blog\/#website\"},\"primaryImageOfPage\":{\"@id\":\"https:\/\/archibat.com\/blog\/recyclage-fer-de-lance-dun-projet-ephemere\/#primaryimage\"},\"image\":{\"@id\":\"https:\/\/archibat.com\/blog\/recyclage-fer-de-lance-dun-projet-ephemere\/#primaryimage\"},\"thumbnailUrl\":\"https:\/\/archibat.com\/blog\/wp-content\/uploads\/2017\/05\/cover-1-2.jpg\",\"datePublished\":\"2017-05-05T11:58:47+00:00\",\"dateModified\":\"2018-11-26T15:37:23+00:00\",\"author\":{\"@id\":\"https:\/\/archibat.com\/blog\/#\/schema\/person\/c246f0d63b5e719c2cbe4f9bd494bf12\"},\"description\":\"Parce que le recyclage du plastique doit \u00eatre une priorit\u00e9, ces architectes bataves ont prouv\u00e9 que la r\u00e9cup\u00e9ration avait sa place dans le design.\",\"breadcrumb\":{\"@id\":\"https:\/\/archibat.com\/blog\/recyclage-fer-de-lance-dun-projet-ephemere\/#breadcrumb\"},\"inLanguage\":\"fr-FR\",\"potentialAction\":[{\"@type\":\"ReadAction\",\"target\":[\"https:\/\/archibat.com\/blog\/recyclage-fer-de-lance-dun-projet-ephemere\/\"]}]},{\"@type\":\"ImageObject\",\"inLanguage\":\"fr-FR\",\"@id\":\"https:\/\/archibat.com\/blog\/recyclage-fer-de-lance-dun-projet-ephemere\/#primaryimage\",\"url\":\"https:\/\/archibat.com\/blog\/wp-content\/uploads\/2017\/05\/cover-1-2.jpg\",\"contentUrl\":\"https:\/\/archibat.com\/blog\/wp-content\/uploads\/2017\/05\/cover-1-2.jpg\",\"width\":1582,\"height\":989},{\"@type\":\"BreadcrumbList\",\"@id\":\"https:\/\/archibat.com\/blog\/recyclage-fer-de-lance-dun-projet-ephemere\/#breadcrumb\",\"itemListElement\":[{\"@type\":\"ListItem\",\"position\":1,\"name\":\"Home\",\"item\":\"https:\/\/archibat.com\/blog\/\"},{\"@type\":\"ListItem\",\"position\":2,\"name\":\"Le recyclage, fer de lance d&rsquo;un projet \u00e9ph\u00e9m\u00e8re\"}]},{\"@type\":\"WebSite\",\"@id\":\"https:\/\/archibat.com\/blog\/#website\",\"url\":\"https:\/\/archibat.com\/blog\/\",\"name\":\"ArchiBat Mag\",\"description\":\"Vous souhaitez connaitre les derni\u00e8res actualit\u00e9s sur l\u2019Architecture, le Design ou les Ressources Humaines ? D\u00e9couvrez ArchiBat Mag, le magazine d\u00e9di\u00e9 aux m\u00e9tiers de l&#039;Architecture et de l&#039;Ing\u00e9nierie.\",\"potentialAction\":[{\"@type\":\"SearchAction\",\"target\":{\"@type\":\"EntryPoint\",\"urlTemplate\":\"https:\/\/archibat.com\/blog\/?s={search_term_string}\"},\"query-input\":{\"@type\":\"PropertyValueSpecification\",\"valueRequired\":true,\"valueName\":\"search_term_string\"}}],\"inLanguage\":\"fr-FR\"},{\"@type\":\"Person\",\"@id\":\"https:\/\/archibat.com\/blog\/#\/schema\/person\/c246f0d63b5e719c2cbe4f9bd494bf12\",\"name\":\"communication\"}]}<\/script>\n<!-- \/ Yoast SEO plugin. -->","yoast_head_json":{"title":"Le recyclage, fer de lance d'un projet \u00e9ph\u00e9m\u00e8re &#8211; ArchiBat Mag","description":"Parce que le recyclage du plastique doit \u00eatre une priorit\u00e9, ces architectes bataves ont prouv\u00e9 que la r\u00e9cup\u00e9ration avait sa place dans le design.","robots":{"index":"index","follow":"follow","max-snippet":"max-snippet:-1","max-image-preview":"max-image-preview:large","max-video-preview":"max-video-preview:-1"},"canonical":"https:\/\/archibat.com\/blog\/recyclage-fer-de-lance-dun-projet-ephemere\/","og_locale":"fr_FR","og_type":"article","og_title":"Le recyclage, fer de lance d'un projet \u00e9ph\u00e9m\u00e8re &#8211; ArchiBat Mag","og_description":"Parce que le recyclage du plastique doit \u00eatre une priorit\u00e9, ces architectes bataves ont prouv\u00e9 que la r\u00e9cup\u00e9ration avait sa place dans le design.","og_url":"https:\/\/archibat.com\/blog\/recyclage-fer-de-lance-dun-projet-ephemere\/","og_site_name":"ArchiBat Mag","article_published_time":"2017-05-05T11:58:47+00:00","article_modified_time":"2018-11-26T15:37:23+00:00","og_image":[{"width":1582,"height":989,"url":"https:\/\/archibat.com\/blog\/wp-content\/uploads\/2017\/05\/cover-1-2.jpg","type":"image\/jpeg"}],"author":"communication","twitter_card":"summary_large_image","twitter_misc":{"\u00c9crit par":"communication","Dur\u00e9e de lecture estim\u00e9e":"3 minutes"},"schema":{"@context":"https:\/\/schema.org","@graph":[{"@type":"WebPage","@id":"https:\/\/archibat.com\/blog\/recyclage-fer-de-lance-dun-projet-ephemere\/","url":"https:\/\/archibat.com\/blog\/recyclage-fer-de-lance-dun-projet-ephemere\/","name":"Le recyclage, fer de lance d'un projet \u00e9ph\u00e9m\u00e8re &#8211; ArchiBat Mag","isPartOf":{"@id":"https:\/\/archibat.com\/blog\/#website"},"primaryImageOfPage":{"@id":"https:\/\/archibat.com\/blog\/recyclage-fer-de-lance-dun-projet-ephemere\/#primaryimage"},"image":{"@id":"https:\/\/archibat.com\/blog\/recyclage-fer-de-lance-dun-projet-ephemere\/#primaryimage"},"thumbnailUrl":"https:\/\/archibat.com\/blog\/wp-content\/uploads\/2017\/05\/cover-1-2.jpg","datePublished":"2017-05-05T11:58:47+00:00","dateModified":"2018-11-26T15:37:23+00:00","author":{"@id":"https:\/\/archibat.com\/blog\/#\/schema\/person\/c246f0d63b5e719c2cbe4f9bd494bf12"},"description":"Parce que le recyclage du plastique doit \u00eatre une priorit\u00e9, ces architectes bataves ont prouv\u00e9 que la r\u00e9cup\u00e9ration avait sa place dans le design.","breadcrumb":{"@id":"https:\/\/archibat.com\/blog\/recyclage-fer-de-lance-dun-projet-ephemere\/#breadcrumb"},"inLanguage":"fr-FR","potentialAction":[{"@type":"ReadAction","target":["https:\/\/archibat.com\/blog\/recyclage-fer-de-lance-dun-projet-ephemere\/"]}]},{"@type":"ImageObject","inLanguage":"fr-FR","@id":"https:\/\/archibat.com\/blog\/recyclage-fer-de-lance-dun-projet-ephemere\/#primaryimage","url":"https:\/\/archibat.com\/blog\/wp-content\/uploads\/2017\/05\/cover-1-2.jpg","contentUrl":"https:\/\/archibat.com\/blog\/wp-content\/uploads\/2017\/05\/cover-1-2.jpg","width":1582,"height":989},{"@type":"BreadcrumbList","@id":"https:\/\/archibat.com\/blog\/recyclage-fer-de-lance-dun-projet-ephemere\/#breadcrumb","itemListElement":[{"@type":"ListItem","position":1,"name":"Home","item":"https:\/\/archibat.com\/blog\/"},{"@type":"ListItem","position":2,"name":"Le recyclage, fer de lance d&rsquo;un projet \u00e9ph\u00e9m\u00e8re"}]},{"@type":"WebSite","@id":"https:\/\/archibat.com\/blog\/#website","url":"https:\/\/archibat.com\/blog\/","name":"ArchiBat Mag","description":"Vous souhaitez connaitre les derni\u00e8res actualit\u00e9s sur l\u2019Architecture, le Design ou les Ressources Humaines ? D\u00e9couvrez ArchiBat Mag, le magazine d\u00e9di\u00e9 aux m\u00e9tiers de l&#039;Architecture et de l&#039;Ing\u00e9nierie.","potentialAction":[{"@type":"SearchAction","target":{"@type":"EntryPoint","urlTemplate":"https:\/\/archibat.com\/blog\/?s={search_term_string}"},"query-input":{"@type":"PropertyValueSpecification","valueRequired":true,"valueName":"search_term_string"}}],"inLanguage":"fr-FR"},{"@type":"Person","@id":"https:\/\/archibat.com\/blog\/#\/schema\/person\/c246f0d63b5e719c2cbe4f9bd494bf12","name":"communication"}]}},"_links":{"self":[{"href":"https:\/\/archibat.com\/blog\/wp-json\/wp\/v2\/posts\/3051","targetHints":{"allow":["GET"]}}],"collection":[{"href":"https:\/\/archibat.com\/blog\/wp-json\/wp\/v2\/posts"}],"about":[{"href":"https:\/\/archibat.com\/blog\/wp-json\/wp\/v2\/types\/post"}],"author":[{"embeddable":true,"href":"https:\/\/archibat.com\/blog\/wp-json\/wp\/v2\/users\/2"}],"replies":[{"embeddable":true,"href":"https:\/\/archibat.com\/blog\/wp-json\/wp\/v2\/comments?post=3051"}],"version-history":[{"count":2,"href":"https:\/\/archibat.com\/blog\/wp-json\/wp\/v2\/posts\/3051\/revisions"}],"predecessor-version":[{"id":8103,"href":"https:\/\/archibat.com\/blog\/wp-json\/wp\/v2\/posts\/3051\/revisions\/8103"}],"wp:featuredmedia":[{"embeddable":true,"href":"https:\/\/archibat.com\/blog\/wp-json\/wp\/v2\/media\/3052"}],"wp:attachment":[{"href":"https:\/\/archibat.com\/blog\/wp-json\/wp\/v2\/media?parent=3051"}],"wp:term":[{"taxonomy":"category","embeddable":true,"href":"https:\/\/archibat.com\/blog\/wp-json\/wp\/v2\/categories?post=3051"},{"taxonomy":"post_tag","embeddable":true,"href":"https:\/\/archibat.com\/blog\/wp-json\/wp\/v2\/tags?post=3051"}],"curies":[{"name":"wp","href":"https:\/\/api.w.org\/{rel}","templated":true}]}}