{"id":309,"date":"2014-12-22T17:35:59","date_gmt":"2014-12-22T16:35:59","guid":{"rendered":"https:\/\/www.archibat.com\/blog\/?p=309"},"modified":"2018-11-14T16:41:18","modified_gmt":"2018-11-14T15:41:18","slug":"reinventer-paris-appel-projets","status":"publish","type":"post","link":"https:\/\/archibat.com\/blog\/reinventer-paris-appel-projets\/","title":{"rendered":"R\u00e9inventer Paris : appel \u00e0 projets"},"content":{"rendered":"<p>La Ville de Paris lance un appel \u00e0 projets urbains innovants. Chaque \u00e9quipe est invit\u00e9e \u00e0 pr\u00e9senter ses id\u00e9es destin\u00e9es \u00e0 faire vivre des sites parisiens d\u2019exception. Plus de 23 sites, propri\u00e9t\u00e9s de la Ville ou de ses partenaires, sont soumis \u00e0 l\u2019appel \u00e0 projet. <a href=\"http:\/\/www.lemonde.fr\/architecture\/article\/2014\/11\/03\/anne-hidalgo-dedie-23-sites-a-des-projets-urbains-innovants_4516950_1809550.html\" target=\"_blank\" rel=\"noopener\">Le principe<\/a> est d\u2019imaginer \u00ab\u00a0de nouvelles mani\u00e8res d\u2019habiter, de travailler ou de commercer\u00a0\u00e0 Paris\u00a0\u00bb. La palette des sites s\u00e9lectionn\u00e9s est tr\u00e8s large\u00a0: un terrain nu de 275 m<sup>2<\/sup> dans le quartier de Belleville, un h\u00f4tel particulier au c\u0153ur du Marais, l\u2019ancienne Gare Mass\u00e9na ou encore un b\u00e2timent abritant d\u2019anciens bains-douches dans le 15e arrondissement.<\/p>\n<p><img loading=\"lazy\" decoding=\"async\" class=\"alignnone size-full wp-image-321\" src=\"https:\/\/www.archibat.com\/blog\/wp-content\/uploads\/2014\/12\/Capture-d\u2019\u00e9cran-2014-12-22-\u00e0-16.49.02.jpg\" alt=\"Capture d\u2019\u00e9cran 2014-12-22 \u00e0 16.49.02\" width=\"1198\" height=\"763\" srcset=\"https:\/\/archibat.com\/blog\/wp-content\/uploads\/2014\/12\/Capture-d\u2019\u00e9cran-2014-12-22-\u00e0-16.49.02.jpg 1198w, https:\/\/archibat.com\/blog\/wp-content\/uploads\/2014\/12\/Capture-d\u2019\u00e9cran-2014-12-22-\u00e0-16.49.02-300x191.jpg 300w, https:\/\/archibat.com\/blog\/wp-content\/uploads\/2014\/12\/Capture-d\u2019\u00e9cran-2014-12-22-\u00e0-16.49.02-720x459.jpg 720w, https:\/\/archibat.com\/blog\/wp-content\/uploads\/2014\/12\/Capture-d\u2019\u00e9cran-2014-12-22-\u00e0-16.49.02-768x489.jpg 768w\" sizes=\"auto, (max-width: 1198px) 100vw, 1198px\" \/><\/p>\n<p>La programmation est libre, mis \u00e0 part certains sites pour lesquels certains \u00e9l\u00e9ments de programme sont impos\u00e9s. Le concours est ouvert \u00e0 tous les candidats sans restriction. La Ville souhaite donner l&rsquo;opportunit\u00e9 \u00e0 tous les cr\u00e9ateurs de r\u00e9inventer Paris. Seul imp\u00e9ratif\u00a0: un architecte doit \u00eatre directement associ\u00e9 au projet. Les sites s\u00e9lectionn\u00e9s sont rapidement mobilisables. Les laur\u00e9ats pourront alors acheter ou louer les terrains pour y conduire leurs projets. Il est pr\u00e9vu que les chantiers puissent \u00eatre finalis\u00e9s au plus tard en 2020.<\/p>\n<p>Les candidatures doivent \u00eatre pr\u00e9sent\u00e9es au plus tard le 31 janvier 2015.<\/p>\n<p><strong>D\u00e9couvrez l\u2019appel \u00e0 projets plus en d\u00e9tails\u00a0: <a href=\"http:\/\/www.reinventer.paris\" target=\"_blank\" rel=\"noopener\">www.reinventer.paris<\/a><\/strong><\/p>\n","protected":false},"excerpt":{"rendered":"<p>La Ville de Paris lance un appel \u00e0 projets urbains innovants. Chaque \u00e9quipe est invit\u00e9e \u00e0 pr\u00e9senter ses id\u00e9es destin\u00e9es \u00e0 faire vivre des sites\u2026<\/p>\n","protected":false},"author":2,"featured_media":310,"comment_status":"closed","ping_status":"closed","sticky":false,"template":"","format":"standard","meta":{"_acf_changed":false,"footnotes":""},"categories":[3],"tags":[],"class_list":["post-309","post","type-post","status-publish","format-standard","has-post-thumbnail","hentry","category-architecture-et-design"],"acf":[],"yoast_head":"<!-- This site is optimized with the Yoast SEO plugin v24.8.1 - https:\/\/yoast.com\/wordpress\/plugins\/seo\/ -->\n<title>R\u00e9inventer Paris : appel \u00e0 projets &#8211; ArchiBat Mag<\/title>\n<meta name=\"description\" content=\"La Ville de Paris lance un appel \u00e0 projets urbains innovants pour r\u00e9inventer Paris. Les candidatures doivent \u00eatre pr\u00e9sent\u00e9es au plus tard le 31 janvier 2015\" \/>\n<meta name=\"robots\" content=\"index, follow, max-snippet:-1, max-image-preview:large, max-video-preview:-1\" \/>\n<link rel=\"canonical\" href=\"https:\/\/archibat.com\/blog\/reinventer-paris-appel-projets\/\" \/>\n<meta property=\"og:locale\" content=\"fr_FR\" \/>\n<meta property=\"og:type\" content=\"article\" \/>\n<meta property=\"og:title\" content=\"R\u00e9inventer Paris : appel \u00e0 projets &#8211; ArchiBat Mag\" \/>\n<meta property=\"og:description\" content=\"La Ville de Paris lance un appel \u00e0 projets urbains innovants pour r\u00e9inventer Paris. Les candidatures doivent \u00eatre pr\u00e9sent\u00e9es au plus tard le 31 janvier 2015\" \/>\n<meta property=\"og:url\" content=\"https:\/\/archibat.com\/blog\/reinventer-paris-appel-projets\/\" \/>\n<meta property=\"og:site_name\" content=\"ArchiBat Mag\" \/>\n<meta property=\"article:published_time\" content=\"2014-12-22T16:35:59+00:00\" \/>\n<meta property=\"article:modified_time\" content=\"2018-11-14T15:41:18+00:00\" \/>\n<meta property=\"og:image\" content=\"https:\/\/archibat.com\/blog\/wp-content\/uploads\/2014\/12\/REINVENTER-PARIS-2-2.jpg\" \/>\n\t<meta property=\"og:image:width\" content=\"635\" \/>\n\t<meta property=\"og:image:height\" content=\"357\" \/>\n\t<meta property=\"og:image:type\" content=\"image\/jpeg\" \/>\n<meta name=\"author\" content=\"communication\" \/>\n<meta name=\"twitter:card\" content=\"summary_large_image\" \/>\n<meta name=\"twitter:label1\" content=\"\u00c9crit par\" \/>\n\t<meta name=\"twitter:data1\" content=\"communication\" \/>\n\t<meta name=\"twitter:label2\" content=\"Dur\u00e9e de lecture estim\u00e9e\" \/>\n\t<meta name=\"twitter:data2\" content=\"1 minute\" \/>\n<script type=\"application\/ld+json\" class=\"yoast-schema-graph\">{\"@context\":\"https:\/\/schema.org\",\"@graph\":[{\"@type\":\"WebPage\",\"@id\":\"https:\/\/archibat.com\/blog\/reinventer-paris-appel-projets\/\",\"url\":\"https:\/\/archibat.com\/blog\/reinventer-paris-appel-projets\/\",\"name\":\"R\u00e9inventer Paris : appel \u00e0 projets &#8211; ArchiBat Mag\",\"isPartOf\":{\"@id\":\"https:\/\/archibat.com\/blog\/#website\"},\"primaryImageOfPage\":{\"@id\":\"https:\/\/archibat.com\/blog\/reinventer-paris-appel-projets\/#primaryimage\"},\"image\":{\"@id\":\"https:\/\/archibat.com\/blog\/reinventer-paris-appel-projets\/#primaryimage\"},\"thumbnailUrl\":\"https:\/\/archibat.com\/blog\/wp-content\/uploads\/2014\/12\/REINVENTER-PARIS-2-2.jpg\",\"datePublished\":\"2014-12-22T16:35:59+00:00\",\"dateModified\":\"2018-11-14T15:41:18+00:00\",\"author\":{\"@id\":\"https:\/\/archibat.com\/blog\/#\/schema\/person\/c246f0d63b5e719c2cbe4f9bd494bf12\"},\"description\":\"La Ville de Paris lance un appel \u00e0 projets urbains innovants pour r\u00e9inventer Paris. Les candidatures doivent \u00eatre pr\u00e9sent\u00e9es au plus tard le 31 janvier 2015\",\"breadcrumb\":{\"@id\":\"https:\/\/archibat.com\/blog\/reinventer-paris-appel-projets\/#breadcrumb\"},\"inLanguage\":\"fr-FR\",\"potentialAction\":[{\"@type\":\"ReadAction\",\"target\":[\"https:\/\/archibat.com\/blog\/reinventer-paris-appel-projets\/\"]}]},{\"@type\":\"ImageObject\",\"inLanguage\":\"fr-FR\",\"@id\":\"https:\/\/archibat.com\/blog\/reinventer-paris-appel-projets\/#primaryimage\",\"url\":\"https:\/\/archibat.com\/blog\/wp-content\/uploads\/2014\/12\/REINVENTER-PARIS-2-2.jpg\",\"contentUrl\":\"https:\/\/archibat.com\/blog\/wp-content\/uploads\/2014\/12\/REINVENTER-PARIS-2-2.jpg\",\"width\":635,\"height\":357,\"caption\":\"r\u00e9inventer paris\"},{\"@type\":\"BreadcrumbList\",\"@id\":\"https:\/\/archibat.com\/blog\/reinventer-paris-appel-projets\/#breadcrumb\",\"itemListElement\":[{\"@type\":\"ListItem\",\"position\":1,\"name\":\"Home\",\"item\":\"https:\/\/archibat.com\/blog\/\"},{\"@type\":\"ListItem\",\"position\":2,\"name\":\"R\u00e9inventer Paris : appel \u00e0 projets\"}]},{\"@type\":\"WebSite\",\"@id\":\"https:\/\/archibat.com\/blog\/#website\",\"url\":\"https:\/\/archibat.com\/blog\/\",\"name\":\"ArchiBat Mag\",\"description\":\"Vous souhaitez connaitre les derni\u00e8res actualit\u00e9s sur l\u2019Architecture, le Design ou les Ressources Humaines ? D\u00e9couvrez ArchiBat Mag, le magazine d\u00e9di\u00e9 aux m\u00e9tiers de l&#039;Architecture et de l&#039;Ing\u00e9nierie.\",\"potentialAction\":[{\"@type\":\"SearchAction\",\"target\":{\"@type\":\"EntryPoint\",\"urlTemplate\":\"https:\/\/archibat.com\/blog\/?s={search_term_string}\"},\"query-input\":{\"@type\":\"PropertyValueSpecification\",\"valueRequired\":true,\"valueName\":\"search_term_string\"}}],\"inLanguage\":\"fr-FR\"},{\"@type\":\"Person\",\"@id\":\"https:\/\/archibat.com\/blog\/#\/schema\/person\/c246f0d63b5e719c2cbe4f9bd494bf12\",\"name\":\"communication\"}]}<\/script>\n<!-- \/ Yoast SEO plugin. -->","yoast_head_json":{"title":"R\u00e9inventer Paris : appel \u00e0 projets &#8211; ArchiBat Mag","description":"La Ville de Paris lance un appel \u00e0 projets urbains innovants pour r\u00e9inventer Paris. Les candidatures doivent \u00eatre pr\u00e9sent\u00e9es au plus tard le 31 janvier 2015","robots":{"index":"index","follow":"follow","max-snippet":"max-snippet:-1","max-image-preview":"max-image-preview:large","max-video-preview":"max-video-preview:-1"},"canonical":"https:\/\/archibat.com\/blog\/reinventer-paris-appel-projets\/","og_locale":"fr_FR","og_type":"article","og_title":"R\u00e9inventer Paris : appel \u00e0 projets &#8211; ArchiBat Mag","og_description":"La Ville de Paris lance un appel \u00e0 projets urbains innovants pour r\u00e9inventer Paris. Les candidatures doivent \u00eatre pr\u00e9sent\u00e9es au plus tard le 31 janvier 2015","og_url":"https:\/\/archibat.com\/blog\/reinventer-paris-appel-projets\/","og_site_name":"ArchiBat Mag","article_published_time":"2014-12-22T16:35:59+00:00","article_modified_time":"2018-11-14T15:41:18+00:00","og_image":[{"width":635,"height":357,"url":"https:\/\/archibat.com\/blog\/wp-content\/uploads\/2014\/12\/REINVENTER-PARIS-2-2.jpg","type":"image\/jpeg"}],"author":"communication","twitter_card":"summary_large_image","twitter_misc":{"\u00c9crit par":"communication","Dur\u00e9e de lecture estim\u00e9e":"1 minute"},"schema":{"@context":"https:\/\/schema.org","@graph":[{"@type":"WebPage","@id":"https:\/\/archibat.com\/blog\/reinventer-paris-appel-projets\/","url":"https:\/\/archibat.com\/blog\/reinventer-paris-appel-projets\/","name":"R\u00e9inventer Paris : appel \u00e0 projets &#8211; ArchiBat Mag","isPartOf":{"@id":"https:\/\/archibat.com\/blog\/#website"},"primaryImageOfPage":{"@id":"https:\/\/archibat.com\/blog\/reinventer-paris-appel-projets\/#primaryimage"},"image":{"@id":"https:\/\/archibat.com\/blog\/reinventer-paris-appel-projets\/#primaryimage"},"thumbnailUrl":"https:\/\/archibat.com\/blog\/wp-content\/uploads\/2014\/12\/REINVENTER-PARIS-2-2.jpg","datePublished":"2014-12-22T16:35:59+00:00","dateModified":"2018-11-14T15:41:18+00:00","author":{"@id":"https:\/\/archibat.com\/blog\/#\/schema\/person\/c246f0d63b5e719c2cbe4f9bd494bf12"},"description":"La Ville de Paris lance un appel \u00e0 projets urbains innovants pour r\u00e9inventer Paris. Les candidatures doivent \u00eatre pr\u00e9sent\u00e9es au plus tard le 31 janvier 2015","breadcrumb":{"@id":"https:\/\/archibat.com\/blog\/reinventer-paris-appel-projets\/#breadcrumb"},"inLanguage":"fr-FR","potentialAction":[{"@type":"ReadAction","target":["https:\/\/archibat.com\/blog\/reinventer-paris-appel-projets\/"]}]},{"@type":"ImageObject","inLanguage":"fr-FR","@id":"https:\/\/archibat.com\/blog\/reinventer-paris-appel-projets\/#primaryimage","url":"https:\/\/archibat.com\/blog\/wp-content\/uploads\/2014\/12\/REINVENTER-PARIS-2-2.jpg","contentUrl":"https:\/\/archibat.com\/blog\/wp-content\/uploads\/2014\/12\/REINVENTER-PARIS-2-2.jpg","width":635,"height":357,"caption":"r\u00e9inventer paris"},{"@type":"BreadcrumbList","@id":"https:\/\/archibat.com\/blog\/reinventer-paris-appel-projets\/#breadcrumb","itemListElement":[{"@type":"ListItem","position":1,"name":"Home","item":"https:\/\/archibat.com\/blog\/"},{"@type":"ListItem","position":2,"name":"R\u00e9inventer Paris : appel \u00e0 projets"}]},{"@type":"WebSite","@id":"https:\/\/archibat.com\/blog\/#website","url":"https:\/\/archibat.com\/blog\/","name":"ArchiBat Mag","description":"Vous souhaitez connaitre les derni\u00e8res actualit\u00e9s sur l\u2019Architecture, le Design ou les Ressources Humaines ? D\u00e9couvrez ArchiBat Mag, le magazine d\u00e9di\u00e9 aux m\u00e9tiers de l&#039;Architecture et de l&#039;Ing\u00e9nierie.","potentialAction":[{"@type":"SearchAction","target":{"@type":"EntryPoint","urlTemplate":"https:\/\/archibat.com\/blog\/?s={search_term_string}"},"query-input":{"@type":"PropertyValueSpecification","valueRequired":true,"valueName":"search_term_string"}}],"inLanguage":"fr-FR"},{"@type":"Person","@id":"https:\/\/archibat.com\/blog\/#\/schema\/person\/c246f0d63b5e719c2cbe4f9bd494bf12","name":"communication"}]}},"_links":{"self":[{"href":"https:\/\/archibat.com\/blog\/wp-json\/wp\/v2\/posts\/309","targetHints":{"allow":["GET"]}}],"collection":[{"href":"https:\/\/archibat.com\/blog\/wp-json\/wp\/v2\/posts"}],"about":[{"href":"https:\/\/archibat.com\/blog\/wp-json\/wp\/v2\/types\/post"}],"author":[{"embeddable":true,"href":"https:\/\/archibat.com\/blog\/wp-json\/wp\/v2\/users\/2"}],"replies":[{"embeddable":true,"href":"https:\/\/archibat.com\/blog\/wp-json\/wp\/v2\/comments?post=309"}],"version-history":[{"count":2,"href":"https:\/\/archibat.com\/blog\/wp-json\/wp\/v2\/posts\/309\/revisions"}],"predecessor-version":[{"id":7540,"href":"https:\/\/archibat.com\/blog\/wp-json\/wp\/v2\/posts\/309\/revisions\/7540"}],"wp:featuredmedia":[{"embeddable":true,"href":"https:\/\/archibat.com\/blog\/wp-json\/wp\/v2\/media\/310"}],"wp:attachment":[{"href":"https:\/\/archibat.com\/blog\/wp-json\/wp\/v2\/media?parent=309"}],"wp:term":[{"taxonomy":"category","embeddable":true,"href":"https:\/\/archibat.com\/blog\/wp-json\/wp\/v2\/categories?post=309"},{"taxonomy":"post_tag","embeddable":true,"href":"https:\/\/archibat.com\/blog\/wp-json\/wp\/v2\/tags?post=309"}],"curies":[{"name":"wp","href":"https:\/\/api.w.org\/{rel}","templated":true}]}}