{"id":3133,"date":"2017-05-17T09:12:11","date_gmt":"2017-05-17T07:12:11","guid":{"rendered":"https:\/\/www.archibat.com\/blog\/?p=3133"},"modified":"2018-12-11T17:41:38","modified_gmt":"2018-12-11T16:41:38","slug":"bim-infrastructures-de-transport","status":"publish","type":"post","link":"https:\/\/archibat.com\/blog\/bim-infrastructures-de-transport\/","title":{"rendered":"Le BIM dans les infrastructures de transport"},"content":{"rendered":"<p>Lors du BIM World 2017, nous avons interview\u00e9 Louis-Marie Borione, BIM Manager et Paola Arellano Ardon, Architecte, Project Design Manager chez Systra, groupe de conseil et d\u2019ing\u00e9nierie, leader mondial de la conception des infrastructures de transport.<br \/>\nCe sp\u00e9cialiste du transport guid\u00e9, pr\u00e9sent dans 80 pays, regroupe un peu plus de 6000 collaborateurs dans le monde et r\u00e9alise 60 % de son chiffre d\u2019affaires \u00e0 l\u2019export. Qu\u2019il s\u2019agisse de m\u00e9tro, tramway, ligne \u00e0 grande vitesse ou ferroviaire classique, l\u2019objectif de Systra est de r\u00e9pondre aux enjeux de transformation des villes et des territoires.<\/p>\n<p>Comment le BIM s\u2019applique-t-il aux infrastructures de transport ? Quelle est l\u2019\u00e9volution des projets BIM dans le transport ? Quel est l\u2019impact de l\u2019utilisation du BIM sur la conduite des projets ? Est-ce que le BIM facilite ou complexifie le management d\u2019un projet ?<br \/>\nQuels sont les logiciels utilis\u00e9s par Systra ? Quels sont les derniers projets BIM chez Systra ? Comment rendre en 48h un concours en BIM ? D\u00e9couvrez toutes les r\u00e9ponses \u00e0 ces questions en visionnant notre interview !<\/p>\n<p><iframe loading=\"lazy\" title=\"Le BIM dans les infrastructures de transport\" width=\"500\" height=\"281\" src=\"https:\/\/www.youtube.com\/embed\/h6kBg6DBRvA?feature=oembed\" frameborder=\"0\" allow=\"accelerometer; autoplay; clipboard-write; encrypted-media; gyroscope; picture-in-picture; web-share\" referrerpolicy=\"strict-origin-when-cross-origin\" allowfullscreen><\/iframe><\/p>\n","protected":false},"excerpt":{"rendered":"<p>Lors du BIM World 2017, nous avons interview\u00e9 Louis-Marie Borione, BIM Manager et Paola Arellano Ardon, Architecte, Project Design Manager chez Systra, groupe de conseil\u2026<\/p>\n","protected":false},"author":2,"featured_media":3134,"comment_status":"closed","ping_status":"closed","sticky":false,"template":"","format":"standard","meta":{"_acf_changed":false,"footnotes":""},"categories":[3],"tags":[1814],"class_list":["post-3133","post","type-post","status-publish","format-standard","has-post-thumbnail","hentry","category-architecture-et-design","tag-bim"],"acf":[],"yoast_head":"<!-- This site is optimized with the Yoast SEO plugin v24.8.1 - https:\/\/yoast.com\/wordpress\/plugins\/seo\/ -->\n<title>Le BIM dans les infrastructures de transport &#8211; ArchiBat Mag<\/title>\n<meta name=\"robots\" content=\"index, follow, max-snippet:-1, max-image-preview:large, max-video-preview:-1\" \/>\n<link rel=\"canonical\" href=\"https:\/\/archibat.com\/blog\/bim-infrastructures-de-transport\/\" \/>\n<meta property=\"og:locale\" content=\"fr_FR\" \/>\n<meta property=\"og:type\" content=\"article\" \/>\n<meta property=\"og:title\" content=\"Le BIM dans les infrastructures de transport &#8211; ArchiBat Mag\" \/>\n<meta property=\"og:description\" content=\"Lors du BIM World 2017, nous avons interview\u00e9 Louis-Marie Borione, BIM Manager et Paola Arellano Ardon, Architecte, Project Design Manager chez Systra, groupe de conseil\u2026\" \/>\n<meta property=\"og:url\" content=\"https:\/\/archibat.com\/blog\/bim-infrastructures-de-transport\/\" \/>\n<meta property=\"og:site_name\" content=\"ArchiBat Mag\" \/>\n<meta property=\"article:published_time\" content=\"2017-05-17T07:12:11+00:00\" \/>\n<meta property=\"article:modified_time\" content=\"2018-12-11T16:41:38+00:00\" \/>\n<meta property=\"og:image\" content=\"https:\/\/archibat.com\/blog\/wp-content\/uploads\/2017\/05\/Systra-2.jpg\" \/>\n\t<meta property=\"og:image:width\" content=\"899\" \/>\n\t<meta property=\"og:image:height\" content=\"506\" \/>\n\t<meta property=\"og:image:type\" content=\"image\/jpeg\" \/>\n<meta name=\"author\" content=\"communication\" \/>\n<meta name=\"twitter:card\" content=\"summary_large_image\" \/>\n<meta name=\"twitter:label1\" content=\"\u00c9crit par\" \/>\n\t<meta name=\"twitter:data1\" content=\"communication\" \/>\n\t<meta name=\"twitter:label2\" content=\"Dur\u00e9e de lecture estim\u00e9e\" \/>\n\t<meta name=\"twitter:data2\" content=\"1 minute\" \/>\n<script type=\"application\/ld+json\" class=\"yoast-schema-graph\">{\"@context\":\"https:\/\/schema.org\",\"@graph\":[{\"@type\":\"WebPage\",\"@id\":\"https:\/\/archibat.com\/blog\/bim-infrastructures-de-transport\/\",\"url\":\"https:\/\/archibat.com\/blog\/bim-infrastructures-de-transport\/\",\"name\":\"Le BIM dans les infrastructures de transport &#8211; ArchiBat Mag\",\"isPartOf\":{\"@id\":\"https:\/\/archibat.com\/blog\/#website\"},\"primaryImageOfPage\":{\"@id\":\"https:\/\/archibat.com\/blog\/bim-infrastructures-de-transport\/#primaryimage\"},\"image\":{\"@id\":\"https:\/\/archibat.com\/blog\/bim-infrastructures-de-transport\/#primaryimage\"},\"thumbnailUrl\":\"https:\/\/archibat.com\/blog\/wp-content\/uploads\/2017\/05\/Systra-2.jpg\",\"datePublished\":\"2017-05-17T07:12:11+00:00\",\"dateModified\":\"2018-12-11T16:41:38+00:00\",\"author\":{\"@id\":\"https:\/\/archibat.com\/blog\/#\/schema\/person\/c246f0d63b5e719c2cbe4f9bd494bf12\"},\"breadcrumb\":{\"@id\":\"https:\/\/archibat.com\/blog\/bim-infrastructures-de-transport\/#breadcrumb\"},\"inLanguage\":\"fr-FR\",\"potentialAction\":[{\"@type\":\"ReadAction\",\"target\":[\"https:\/\/archibat.com\/blog\/bim-infrastructures-de-transport\/\"]}]},{\"@type\":\"ImageObject\",\"inLanguage\":\"fr-FR\",\"@id\":\"https:\/\/archibat.com\/blog\/bim-infrastructures-de-transport\/#primaryimage\",\"url\":\"https:\/\/archibat.com\/blog\/wp-content\/uploads\/2017\/05\/Systra-2.jpg\",\"contentUrl\":\"https:\/\/archibat.com\/blog\/wp-content\/uploads\/2017\/05\/Systra-2.jpg\",\"width\":899,\"height\":506},{\"@type\":\"BreadcrumbList\",\"@id\":\"https:\/\/archibat.com\/blog\/bim-infrastructures-de-transport\/#breadcrumb\",\"itemListElement\":[{\"@type\":\"ListItem\",\"position\":1,\"name\":\"Home\",\"item\":\"https:\/\/archibat.com\/blog\/\"},{\"@type\":\"ListItem\",\"position\":2,\"name\":\"Le BIM dans les infrastructures de transport\"}]},{\"@type\":\"WebSite\",\"@id\":\"https:\/\/archibat.com\/blog\/#website\",\"url\":\"https:\/\/archibat.com\/blog\/\",\"name\":\"ArchiBat Mag\",\"description\":\"Vous souhaitez connaitre les derni\u00e8res actualit\u00e9s sur l\u2019Architecture, le Design ou les Ressources Humaines ? D\u00e9couvrez ArchiBat Mag, le magazine d\u00e9di\u00e9 aux m\u00e9tiers de l&#039;Architecture et de l&#039;Ing\u00e9nierie.\",\"potentialAction\":[{\"@type\":\"SearchAction\",\"target\":{\"@type\":\"EntryPoint\",\"urlTemplate\":\"https:\/\/archibat.com\/blog\/?s={search_term_string}\"},\"query-input\":{\"@type\":\"PropertyValueSpecification\",\"valueRequired\":true,\"valueName\":\"search_term_string\"}}],\"inLanguage\":\"fr-FR\"},{\"@type\":\"Person\",\"@id\":\"https:\/\/archibat.com\/blog\/#\/schema\/person\/c246f0d63b5e719c2cbe4f9bd494bf12\",\"name\":\"communication\"}]}<\/script>\n<!-- \/ Yoast SEO plugin. -->","yoast_head_json":{"title":"Le BIM dans les infrastructures de transport &#8211; ArchiBat Mag","robots":{"index":"index","follow":"follow","max-snippet":"max-snippet:-1","max-image-preview":"max-image-preview:large","max-video-preview":"max-video-preview:-1"},"canonical":"https:\/\/archibat.com\/blog\/bim-infrastructures-de-transport\/","og_locale":"fr_FR","og_type":"article","og_title":"Le BIM dans les infrastructures de transport &#8211; ArchiBat Mag","og_description":"Lors du BIM World 2017, nous avons interview\u00e9 Louis-Marie Borione, BIM Manager et Paola Arellano Ardon, Architecte, Project Design Manager chez Systra, groupe de conseil\u2026","og_url":"https:\/\/archibat.com\/blog\/bim-infrastructures-de-transport\/","og_site_name":"ArchiBat Mag","article_published_time":"2017-05-17T07:12:11+00:00","article_modified_time":"2018-12-11T16:41:38+00:00","og_image":[{"width":899,"height":506,"url":"https:\/\/archibat.com\/blog\/wp-content\/uploads\/2017\/05\/Systra-2.jpg","type":"image\/jpeg"}],"author":"communication","twitter_card":"summary_large_image","twitter_misc":{"\u00c9crit par":"communication","Dur\u00e9e de lecture estim\u00e9e":"1 minute"},"schema":{"@context":"https:\/\/schema.org","@graph":[{"@type":"WebPage","@id":"https:\/\/archibat.com\/blog\/bim-infrastructures-de-transport\/","url":"https:\/\/archibat.com\/blog\/bim-infrastructures-de-transport\/","name":"Le BIM dans les infrastructures de transport &#8211; ArchiBat Mag","isPartOf":{"@id":"https:\/\/archibat.com\/blog\/#website"},"primaryImageOfPage":{"@id":"https:\/\/archibat.com\/blog\/bim-infrastructures-de-transport\/#primaryimage"},"image":{"@id":"https:\/\/archibat.com\/blog\/bim-infrastructures-de-transport\/#primaryimage"},"thumbnailUrl":"https:\/\/archibat.com\/blog\/wp-content\/uploads\/2017\/05\/Systra-2.jpg","datePublished":"2017-05-17T07:12:11+00:00","dateModified":"2018-12-11T16:41:38+00:00","author":{"@id":"https:\/\/archibat.com\/blog\/#\/schema\/person\/c246f0d63b5e719c2cbe4f9bd494bf12"},"breadcrumb":{"@id":"https:\/\/archibat.com\/blog\/bim-infrastructures-de-transport\/#breadcrumb"},"inLanguage":"fr-FR","potentialAction":[{"@type":"ReadAction","target":["https:\/\/archibat.com\/blog\/bim-infrastructures-de-transport\/"]}]},{"@type":"ImageObject","inLanguage":"fr-FR","@id":"https:\/\/archibat.com\/blog\/bim-infrastructures-de-transport\/#primaryimage","url":"https:\/\/archibat.com\/blog\/wp-content\/uploads\/2017\/05\/Systra-2.jpg","contentUrl":"https:\/\/archibat.com\/blog\/wp-content\/uploads\/2017\/05\/Systra-2.jpg","width":899,"height":506},{"@type":"BreadcrumbList","@id":"https:\/\/archibat.com\/blog\/bim-infrastructures-de-transport\/#breadcrumb","itemListElement":[{"@type":"ListItem","position":1,"name":"Home","item":"https:\/\/archibat.com\/blog\/"},{"@type":"ListItem","position":2,"name":"Le BIM dans les infrastructures de transport"}]},{"@type":"WebSite","@id":"https:\/\/archibat.com\/blog\/#website","url":"https:\/\/archibat.com\/blog\/","name":"ArchiBat Mag","description":"Vous souhaitez connaitre les derni\u00e8res actualit\u00e9s sur l\u2019Architecture, le Design ou les Ressources Humaines ? D\u00e9couvrez ArchiBat Mag, le magazine d\u00e9di\u00e9 aux m\u00e9tiers de l&#039;Architecture et de l&#039;Ing\u00e9nierie.","potentialAction":[{"@type":"SearchAction","target":{"@type":"EntryPoint","urlTemplate":"https:\/\/archibat.com\/blog\/?s={search_term_string}"},"query-input":{"@type":"PropertyValueSpecification","valueRequired":true,"valueName":"search_term_string"}}],"inLanguage":"fr-FR"},{"@type":"Person","@id":"https:\/\/archibat.com\/blog\/#\/schema\/person\/c246f0d63b5e719c2cbe4f9bd494bf12","name":"communication"}]}},"_links":{"self":[{"href":"https:\/\/archibat.com\/blog\/wp-json\/wp\/v2\/posts\/3133","targetHints":{"allow":["GET"]}}],"collection":[{"href":"https:\/\/archibat.com\/blog\/wp-json\/wp\/v2\/posts"}],"about":[{"href":"https:\/\/archibat.com\/blog\/wp-json\/wp\/v2\/types\/post"}],"author":[{"embeddable":true,"href":"https:\/\/archibat.com\/blog\/wp-json\/wp\/v2\/users\/2"}],"replies":[{"embeddable":true,"href":"https:\/\/archibat.com\/blog\/wp-json\/wp\/v2\/comments?post=3133"}],"version-history":[{"count":2,"href":"https:\/\/archibat.com\/blog\/wp-json\/wp\/v2\/posts\/3133\/revisions"}],"predecessor-version":[{"id":8179,"href":"https:\/\/archibat.com\/blog\/wp-json\/wp\/v2\/posts\/3133\/revisions\/8179"}],"wp:featuredmedia":[{"embeddable":true,"href":"https:\/\/archibat.com\/blog\/wp-json\/wp\/v2\/media\/3134"}],"wp:attachment":[{"href":"https:\/\/archibat.com\/blog\/wp-json\/wp\/v2\/media?parent=3133"}],"wp:term":[{"taxonomy":"category","embeddable":true,"href":"https:\/\/archibat.com\/blog\/wp-json\/wp\/v2\/categories?post=3133"},{"taxonomy":"post_tag","embeddable":true,"href":"https:\/\/archibat.com\/blog\/wp-json\/wp\/v2\/tags?post=3133"}],"curies":[{"name":"wp","href":"https:\/\/api.w.org\/{rel}","templated":true}]}}