{"id":3163,"date":"2017-05-17T16:09:18","date_gmt":"2017-05-17T14:09:18","guid":{"rendered":"https:\/\/www.archibat.com\/blog\/?p=3163"},"modified":"2018-12-18T17:24:58","modified_gmt":"2018-12-18T16:24:58","slug":"bim-chez-egis-transformation-profondeur","status":"publish","type":"post","link":"https:\/\/archibat.com\/blog\/bim-chez-egis-transformation-profondeur\/","title":{"rendered":"Le BIM chez Egis, une transformation en profondeur"},"content":{"rendered":"<p>Apr\u00e8s nous avoir parl\u00e9 des diff\u00e9rentes \u00e9tapes de la migration BIM initi\u00e9e d\u00e8s 2010 au sein du Groupe Egis, Philippe Duc, Directeur Technique et Innovation chez Egis, nous explique les changement en profondeur qu\u2019apportent la pratique du BIM que ce soit en interne ou aupr\u00e8s des clients et partenaires. Le Groupe Egis est un des leaders mondiaux de l\u2019ing\u00e9nierie, de la construction et de l\u2019am\u00e9nagement du territoire avec des comp\u00e9tences de d\u00e9veloppement de projets, de r\u00e9alisations d\u2019\u00e9quipements cl\u00e9 en main, d\u2019exploitation d\u2019infrastructures et de services \u00e0 l\u2019usager. Egis est implant\u00e9 dans une centaine de pays et r\u00e9alise 65 % de son chiffre d\u2019affaires \u00e0 l\u2019export.<\/p>\n<p>Quels changements apporte le BIM en interne ? Quel est le r\u00f4le de l\u2019IT manager tout au long du projet et pourquoi ne peut-on plus s\u2019en passer ? Quels changements apporte le BIM dans les relations avec les clients et partenaires ?<\/p>\n<p>D\u00e9couvrez les r\u00e9ponses \u00e0 ces questions en visionnant notre interview.<\/p>\n<p><iframe loading=\"lazy\" title=\"Le BIM chez Egis, une transformation en profondeur\" width=\"500\" height=\"281\" src=\"https:\/\/www.youtube.com\/embed\/lWR4R-dUGzc?feature=oembed\" frameborder=\"0\" allow=\"accelerometer; autoplay; clipboard-write; encrypted-media; gyroscope; picture-in-picture; web-share\" referrerpolicy=\"strict-origin-when-cross-origin\" allowfullscreen><\/iframe><\/p>\n","protected":false},"excerpt":{"rendered":"<p>Apr\u00e8s nous avoir parl\u00e9 des diff\u00e9rentes \u00e9tapes de la migration BIM initi\u00e9e d\u00e8s 2010 au sein du Groupe Egis, Philippe Duc, Directeur Technique et Innovation\u2026<\/p>\n","protected":false},"author":2,"featured_media":3162,"comment_status":"closed","ping_status":"closed","sticky":false,"template":"","format":"standard","meta":{"_acf_changed":false,"footnotes":""},"categories":[3],"tags":[1814],"class_list":["post-3163","post","type-post","status-publish","format-standard","has-post-thumbnail","hentry","category-architecture-et-design","tag-bim"],"acf":[],"yoast_head":"<!-- This site is optimized with the Yoast SEO plugin v24.8.1 - https:\/\/yoast.com\/wordpress\/plugins\/seo\/ -->\n<title>Le BIM chez Egis, une transformation en profondeur &#8211; ArchiBat Mag<\/title>\n<meta name=\"robots\" content=\"index, follow, max-snippet:-1, max-image-preview:large, max-video-preview:-1\" \/>\n<link rel=\"canonical\" href=\"https:\/\/archibat.com\/blog\/bim-chez-egis-transformation-profondeur\/\" \/>\n<meta property=\"og:locale\" content=\"fr_FR\" \/>\n<meta property=\"og:type\" content=\"article\" \/>\n<meta property=\"og:title\" content=\"Le BIM chez Egis, une transformation en profondeur &#8211; ArchiBat Mag\" \/>\n<meta property=\"og:description\" content=\"Apr\u00e8s nous avoir parl\u00e9 des diff\u00e9rentes \u00e9tapes de la migration BIM initi\u00e9e d\u00e8s 2010 au sein du Groupe Egis, Philippe Duc, Directeur Technique et Innovation\u2026\" \/>\n<meta property=\"og:url\" content=\"https:\/\/archibat.com\/blog\/bim-chez-egis-transformation-profondeur\/\" \/>\n<meta property=\"og:site_name\" content=\"ArchiBat Mag\" \/>\n<meta property=\"article:published_time\" content=\"2017-05-17T14:09:18+00:00\" \/>\n<meta property=\"article:modified_time\" content=\"2018-12-18T16:24:58+00:00\" \/>\n<meta property=\"og:image\" content=\"https:\/\/archibat.com\/blog\/wp-content\/uploads\/2017\/05\/Egis-2.jpg\" \/>\n\t<meta property=\"og:image:width\" content=\"1200\" \/>\n\t<meta property=\"og:image:height\" content=\"675\" \/>\n\t<meta property=\"og:image:type\" content=\"image\/jpeg\" \/>\n<meta name=\"author\" content=\"communication\" \/>\n<meta name=\"twitter:card\" content=\"summary_large_image\" \/>\n<meta name=\"twitter:label1\" content=\"\u00c9crit par\" \/>\n\t<meta name=\"twitter:data1\" content=\"communication\" \/>\n\t<meta name=\"twitter:label2\" content=\"Dur\u00e9e de lecture estim\u00e9e\" \/>\n\t<meta name=\"twitter:data2\" content=\"1 minute\" \/>\n<script type=\"application\/ld+json\" class=\"yoast-schema-graph\">{\"@context\":\"https:\/\/schema.org\",\"@graph\":[{\"@type\":\"WebPage\",\"@id\":\"https:\/\/archibat.com\/blog\/bim-chez-egis-transformation-profondeur\/\",\"url\":\"https:\/\/archibat.com\/blog\/bim-chez-egis-transformation-profondeur\/\",\"name\":\"Le BIM chez Egis, une transformation en profondeur &#8211; ArchiBat Mag\",\"isPartOf\":{\"@id\":\"https:\/\/archibat.com\/blog\/#website\"},\"primaryImageOfPage\":{\"@id\":\"https:\/\/archibat.com\/blog\/bim-chez-egis-transformation-profondeur\/#primaryimage\"},\"image\":{\"@id\":\"https:\/\/archibat.com\/blog\/bim-chez-egis-transformation-profondeur\/#primaryimage\"},\"thumbnailUrl\":\"https:\/\/archibat.com\/blog\/wp-content\/uploads\/2017\/05\/Egis-2.jpg\",\"datePublished\":\"2017-05-17T14:09:18+00:00\",\"dateModified\":\"2018-12-18T16:24:58+00:00\",\"author\":{\"@id\":\"https:\/\/archibat.com\/blog\/#\/schema\/person\/c246f0d63b5e719c2cbe4f9bd494bf12\"},\"breadcrumb\":{\"@id\":\"https:\/\/archibat.com\/blog\/bim-chez-egis-transformation-profondeur\/#breadcrumb\"},\"inLanguage\":\"fr-FR\",\"potentialAction\":[{\"@type\":\"ReadAction\",\"target\":[\"https:\/\/archibat.com\/blog\/bim-chez-egis-transformation-profondeur\/\"]}]},{\"@type\":\"ImageObject\",\"inLanguage\":\"fr-FR\",\"@id\":\"https:\/\/archibat.com\/blog\/bim-chez-egis-transformation-profondeur\/#primaryimage\",\"url\":\"https:\/\/archibat.com\/blog\/wp-content\/uploads\/2017\/05\/Egis-2.jpg\",\"contentUrl\":\"https:\/\/archibat.com\/blog\/wp-content\/uploads\/2017\/05\/Egis-2.jpg\",\"width\":1200,\"height\":675},{\"@type\":\"BreadcrumbList\",\"@id\":\"https:\/\/archibat.com\/blog\/bim-chez-egis-transformation-profondeur\/#breadcrumb\",\"itemListElement\":[{\"@type\":\"ListItem\",\"position\":1,\"name\":\"Home\",\"item\":\"https:\/\/archibat.com\/blog\/\"},{\"@type\":\"ListItem\",\"position\":2,\"name\":\"Le BIM chez Egis, une transformation en profondeur\"}]},{\"@type\":\"WebSite\",\"@id\":\"https:\/\/archibat.com\/blog\/#website\",\"url\":\"https:\/\/archibat.com\/blog\/\",\"name\":\"ArchiBat Mag\",\"description\":\"Vous souhaitez connaitre les derni\u00e8res actualit\u00e9s sur l\u2019Architecture, le Design ou les Ressources Humaines ? D\u00e9couvrez ArchiBat Mag, le magazine d\u00e9di\u00e9 aux m\u00e9tiers de l&#039;Architecture et de l&#039;Ing\u00e9nierie.\",\"potentialAction\":[{\"@type\":\"SearchAction\",\"target\":{\"@type\":\"EntryPoint\",\"urlTemplate\":\"https:\/\/archibat.com\/blog\/?s={search_term_string}\"},\"query-input\":{\"@type\":\"PropertyValueSpecification\",\"valueRequired\":true,\"valueName\":\"search_term_string\"}}],\"inLanguage\":\"fr-FR\"},{\"@type\":\"Person\",\"@id\":\"https:\/\/archibat.com\/blog\/#\/schema\/person\/c246f0d63b5e719c2cbe4f9bd494bf12\",\"name\":\"communication\"}]}<\/script>\n<!-- \/ Yoast SEO plugin. -->","yoast_head_json":{"title":"Le BIM chez Egis, une transformation en profondeur &#8211; ArchiBat Mag","robots":{"index":"index","follow":"follow","max-snippet":"max-snippet:-1","max-image-preview":"max-image-preview:large","max-video-preview":"max-video-preview:-1"},"canonical":"https:\/\/archibat.com\/blog\/bim-chez-egis-transformation-profondeur\/","og_locale":"fr_FR","og_type":"article","og_title":"Le BIM chez Egis, une transformation en profondeur &#8211; ArchiBat Mag","og_description":"Apr\u00e8s nous avoir parl\u00e9 des diff\u00e9rentes \u00e9tapes de la migration BIM initi\u00e9e d\u00e8s 2010 au sein du Groupe Egis, Philippe Duc, Directeur Technique et Innovation\u2026","og_url":"https:\/\/archibat.com\/blog\/bim-chez-egis-transformation-profondeur\/","og_site_name":"ArchiBat Mag","article_published_time":"2017-05-17T14:09:18+00:00","article_modified_time":"2018-12-18T16:24:58+00:00","og_image":[{"width":1200,"height":675,"url":"https:\/\/archibat.com\/blog\/wp-content\/uploads\/2017\/05\/Egis-2.jpg","type":"image\/jpeg"}],"author":"communication","twitter_card":"summary_large_image","twitter_misc":{"\u00c9crit par":"communication","Dur\u00e9e de lecture estim\u00e9e":"1 minute"},"schema":{"@context":"https:\/\/schema.org","@graph":[{"@type":"WebPage","@id":"https:\/\/archibat.com\/blog\/bim-chez-egis-transformation-profondeur\/","url":"https:\/\/archibat.com\/blog\/bim-chez-egis-transformation-profondeur\/","name":"Le BIM chez Egis, une transformation en profondeur &#8211; ArchiBat Mag","isPartOf":{"@id":"https:\/\/archibat.com\/blog\/#website"},"primaryImageOfPage":{"@id":"https:\/\/archibat.com\/blog\/bim-chez-egis-transformation-profondeur\/#primaryimage"},"image":{"@id":"https:\/\/archibat.com\/blog\/bim-chez-egis-transformation-profondeur\/#primaryimage"},"thumbnailUrl":"https:\/\/archibat.com\/blog\/wp-content\/uploads\/2017\/05\/Egis-2.jpg","datePublished":"2017-05-17T14:09:18+00:00","dateModified":"2018-12-18T16:24:58+00:00","author":{"@id":"https:\/\/archibat.com\/blog\/#\/schema\/person\/c246f0d63b5e719c2cbe4f9bd494bf12"},"breadcrumb":{"@id":"https:\/\/archibat.com\/blog\/bim-chez-egis-transformation-profondeur\/#breadcrumb"},"inLanguage":"fr-FR","potentialAction":[{"@type":"ReadAction","target":["https:\/\/archibat.com\/blog\/bim-chez-egis-transformation-profondeur\/"]}]},{"@type":"ImageObject","inLanguage":"fr-FR","@id":"https:\/\/archibat.com\/blog\/bim-chez-egis-transformation-profondeur\/#primaryimage","url":"https:\/\/archibat.com\/blog\/wp-content\/uploads\/2017\/05\/Egis-2.jpg","contentUrl":"https:\/\/archibat.com\/blog\/wp-content\/uploads\/2017\/05\/Egis-2.jpg","width":1200,"height":675},{"@type":"BreadcrumbList","@id":"https:\/\/archibat.com\/blog\/bim-chez-egis-transformation-profondeur\/#breadcrumb","itemListElement":[{"@type":"ListItem","position":1,"name":"Home","item":"https:\/\/archibat.com\/blog\/"},{"@type":"ListItem","position":2,"name":"Le BIM chez Egis, une transformation en profondeur"}]},{"@type":"WebSite","@id":"https:\/\/archibat.com\/blog\/#website","url":"https:\/\/archibat.com\/blog\/","name":"ArchiBat Mag","description":"Vous souhaitez connaitre les derni\u00e8res actualit\u00e9s sur l\u2019Architecture, le Design ou les Ressources Humaines ? D\u00e9couvrez ArchiBat Mag, le magazine d\u00e9di\u00e9 aux m\u00e9tiers de l&#039;Architecture et de l&#039;Ing\u00e9nierie.","potentialAction":[{"@type":"SearchAction","target":{"@type":"EntryPoint","urlTemplate":"https:\/\/archibat.com\/blog\/?s={search_term_string}"},"query-input":{"@type":"PropertyValueSpecification","valueRequired":true,"valueName":"search_term_string"}}],"inLanguage":"fr-FR"},{"@type":"Person","@id":"https:\/\/archibat.com\/blog\/#\/schema\/person\/c246f0d63b5e719c2cbe4f9bd494bf12","name":"communication"}]}},"_links":{"self":[{"href":"https:\/\/archibat.com\/blog\/wp-json\/wp\/v2\/posts\/3163","targetHints":{"allow":["GET"]}}],"collection":[{"href":"https:\/\/archibat.com\/blog\/wp-json\/wp\/v2\/posts"}],"about":[{"href":"https:\/\/archibat.com\/blog\/wp-json\/wp\/v2\/types\/post"}],"author":[{"embeddable":true,"href":"https:\/\/archibat.com\/blog\/wp-json\/wp\/v2\/users\/2"}],"replies":[{"embeddable":true,"href":"https:\/\/archibat.com\/blog\/wp-json\/wp\/v2\/comments?post=3163"}],"version-history":[{"count":2,"href":"https:\/\/archibat.com\/blog\/wp-json\/wp\/v2\/posts\/3163\/revisions"}],"predecessor-version":[{"id":8707,"href":"https:\/\/archibat.com\/blog\/wp-json\/wp\/v2\/posts\/3163\/revisions\/8707"}],"wp:featuredmedia":[{"embeddable":true,"href":"https:\/\/archibat.com\/blog\/wp-json\/wp\/v2\/media\/3162"}],"wp:attachment":[{"href":"https:\/\/archibat.com\/blog\/wp-json\/wp\/v2\/media?parent=3163"}],"wp:term":[{"taxonomy":"category","embeddable":true,"href":"https:\/\/archibat.com\/blog\/wp-json\/wp\/v2\/categories?post=3163"},{"taxonomy":"post_tag","embeddable":true,"href":"https:\/\/archibat.com\/blog\/wp-json\/wp\/v2\/tags?post=3163"}],"curies":[{"name":"wp","href":"https:\/\/api.w.org\/{rel}","templated":true}]}}