{"id":3295,"date":"2017-07-03T14:05:21","date_gmt":"2017-07-03T12:05:21","guid":{"rendered":"https:\/\/www.archibat.com\/blog\/?p=3295"},"modified":"2018-12-18T17:12:32","modified_gmt":"2018-12-18T16:12:32","slug":"lart-submerge-parking","status":"publish","type":"post","link":"https:\/\/archibat.com\/blog\/lart-submerge-parking\/","title":{"rendered":"Quand l&rsquo;art envahit un parking !"},"content":{"rendered":"<p>Les parkings sont g\u00e9n\u00e9ralement des endroits d\u00e9pourvus de toute touche artistique, souvent peu attrayants voire carr\u00e9ment glauques. Cependant, gr\u00e2ce \u00e0 certaines initiatives, il est possible de leur redonner un peu de vie. C\u2019est ce qu\u2019a fait l\u2019artiste argentin Elian Chali. En jouant avec les perspectives qu&rsquo;offre ce parking situ\u00e9 dans la r\u00e9gion de Saint-Gervais, l\u2019artiste a interpr\u00e9t\u00e9 l\u2019architecture du site comme une gigantesque peinture spatiale immersive.<\/p>\n<p><img loading=\"lazy\" decoding=\"async\" src=\"https:\/\/www.archibat.com\/blog\/wp-content\/uploads\/2017\/07\/elian-chali-parking-lot-painting-montblanc-designboom-01-2.jpg\" alt=\"\" width=\"818\" height=\"542\" \/><\/p>\n<p>L\u2019artiste graffeur n\u2019en est pas \u00e0 son coup d\u2019essai, c\u2019est d\u2019ailleurs un habitu\u00e9 des installations anamorphiques. Happant les visiteurs par le biais de ses formes g\u00e9om\u00e9triques ainsi qu\u2019une large palette de couleurs acidul\u00e9es, ce design donne une toute autre dimension \u00e0 ce parc de stationnement.<\/p>\n<p><img loading=\"lazy\" decoding=\"async\" src=\"https:\/\/www.archibat.com\/blog\/wp-content\/uploads\/2017\/07\/elian-1-2.jpg\" alt=\"\" width=\"780\" height=\"540\" \/><\/p>\n<p>L\u2019objectif d\u2019Elian Chali est d\u2019utiliser la peinture \u00e0 des fins sculpturales. Son installation englobe aussi bien les murs, que le sol ou encore le plafond, et les perceptions des pi\u00e9tons et des automobilistes sont constamment modifi\u00e9es.<\/p>\n<p><img loading=\"lazy\" decoding=\"async\" src=\"https:\/\/www.archibat.com\/blog\/wp-content\/uploads\/2017\/07\/elian-chali-parking-lot-painting-montblanc-designboom-02-2.jpg\" alt=\"\" width=\"818\" height=\"504\" \/><\/p>\n<p>\u00abCette \u0153uvre d&rsquo;art, qui utilise la g\u00e9om\u00e9trie de base et les couleurs primaires, utilise les \u00e9l\u00e9ments d&rsquo;architecture pr\u00e9sents\u00bb, d\u00e9crit Chali. \u00abChaque \u00e9l\u00e9ment adopte une nouvelle fonction et l&rsquo;espace devient une immense sculpture\u00bb.<\/p>\n<p><img loading=\"lazy\" decoding=\"async\" src=\"https:\/\/www.archibat.com\/blog\/wp-content\/uploads\/2017\/07\/elian-chali-parking-lot-painting-montblanc-designboom-03-2.jpg\" alt=\"\" width=\"818\" height=\"480\" \/><\/p>\n<p>Cette r\u00e9alisation a \u00e9t\u00e9 pr\u00e9sent\u00e9e par la plateforme d\u2019art contemporain 2KM3 qui a inaugur\u00e9 son lancement au travers d\u2019un projet r\u00e9unissant plus de 11 artistes venus des quatre coins du globe. En effet, Elian Cheli n\u2019est pas le seul artiste \u00e0 avoir participer. Ce sont donc 10 autres talents qui ont investi chacun des \u00e9tages du parking pour habiller ses murs. (cf video)<\/p>\n<p><img loading=\"lazy\" decoding=\"async\" src=\"https:\/\/www.archibat.com\/blog\/wp-content\/uploads\/2017\/07\/elian-chali-parking-lot-painting-montblanc-designboom-04-2.jpg\" alt=\"\" width=\"818\" height=\"545\" \/><\/p>\n<p>2KM3, c&rsquo;est un dr\u00f4le de nom qui fait r\u00e9f\u00e9rence aux 2000 m\u00e8tres cubes dont chaque artiste disposait pour exprimer ses talents. En quelques chiffres, ce parking repr\u00e9sente 6500 litres de peinture acrylique, 2500 bombes a\u00e9rosols, 11 \u00e9tages, bref 11500 m\u00e8tres carr\u00e9s de surface peinte !<\/p>\n<p><img loading=\"lazy\" decoding=\"async\" src=\"https:\/\/www.archibat.com\/blog\/wp-content\/uploads\/2017\/07\/elian-chali-parking-lot-painting-montblanc-designboom-08-3.jpg\" alt=\"\" width=\"818\" height=\"545\" \/><\/p>\n<p>L&rsquo;artiste qui se distingue le plus reste tout de m\u00eame Chali car son oeuvre implique le mouvement et non pas la simple contemplation. Il affirme que son but \u00e9tait de permettre aux visiteurs de \u00ab\u00a0respirer \u00e0 l\u2019int\u00e9rieur d\u2019une oeuvre d\u2019art\u00a0\u00bb.<\/p>\n<p><img loading=\"lazy\" decoding=\"async\" src=\"https:\/\/www.archibat.com\/blog\/wp-content\/uploads\/2017\/07\/elian-chali-parking-lot-painting-montblanc-designboom-012-2.jpg\" alt=\"\" width=\"818\" height=\"545\" \/><\/p>\n<p>Casser la routine, devenir acteur et non plus simple spectateur et promouvoir l\u2019interactivit\u00e9, voil\u00e0 les motivations de l\u2019artiste argentin.<\/p>\n<div style=\"width: 1920px;\" class=\"wp-video\"><!--[if lt IE 9]><script>document.createElement('video');<\/script><![endif]-->\n<video class=\"wp-video-shortcode\" id=\"video-3295-1\" width=\"1920\" height=\"1080\" preload=\"metadata\" controls=\"controls\"><source type=\"video\/mp4\" src=\"https:\/\/www.archibat.com\/blog\/wp-content\/uploads\/2017\/07\/Using-painting-for-sculptural-purposes-.mp4?_=1\" \/><a href=\"https:\/\/www.archibat.com\/blog\/wp-content\/uploads\/2017\/07\/Using-painting-for-sculptural-purposes-.mp4\">https:\/\/www.archibat.com\/blog\/wp-content\/uploads\/2017\/07\/Using-painting-for-sculptural-purposes-.mp4<\/a><\/video><\/div>\n","protected":false},"excerpt":{"rendered":"<p>Les parkings sont g\u00e9n\u00e9ralement des endroits d\u00e9pourvus de toute touche artistique, souvent peu attrayants voire carr\u00e9ment glauques. Cependant, gr\u00e2ce \u00e0 certaines initiatives, il est possible\u2026<\/p>\n","protected":false},"author":2,"featured_media":3307,"comment_status":"closed","ping_status":"closed","sticky":false,"template":"","format":"standard","meta":{"_acf_changed":false,"footnotes":""},"categories":[3],"tags":[2048,1958,1228,2046,1735,2047],"class_list":["post-3295","post","type-post","status-publish","format-standard","has-post-thumbnail","hentry","category-architecture-et-design","tag-2km3","tag-decoration","tag-design","tag-elian-chali","tag-parking","tag-saint-gervais"],"acf":[],"yoast_head":"<!-- This site is optimized with the Yoast SEO plugin v24.8.1 - https:\/\/yoast.com\/wordpress\/plugins\/seo\/ -->\n<title>Quand l&#039;art envahit un parking ! &#8211; ArchiBat Mag<\/title>\n<meta name=\"description\" content=\"Et si les parkings avaient eux aussi le droit de s&#039;inscrire dans une mouvance artistique ? Elian Chali s&#039;en est charg\u00e9 et c&#039;est plut\u00f4t r\u00e9ussi !\" \/>\n<meta name=\"robots\" content=\"index, follow, max-snippet:-1, max-image-preview:large, max-video-preview:-1\" \/>\n<link rel=\"canonical\" href=\"https:\/\/archibat.com\/blog\/lart-submerge-parking\/\" \/>\n<meta property=\"og:locale\" content=\"fr_FR\" \/>\n<meta property=\"og:type\" content=\"article\" \/>\n<meta property=\"og:title\" content=\"Quand l&#039;art envahit un parking ! &#8211; ArchiBat Mag\" \/>\n<meta property=\"og:description\" content=\"Et si les parkings avaient eux aussi le droit de s&#039;inscrire dans une mouvance artistique ? Elian Chali s&#039;en est charg\u00e9 et c&#039;est plut\u00f4t r\u00e9ussi !\" \/>\n<meta property=\"og:url\" content=\"https:\/\/archibat.com\/blog\/lart-submerge-parking\/\" \/>\n<meta property=\"og:site_name\" content=\"ArchiBat Mag\" \/>\n<meta property=\"article:published_time\" content=\"2017-07-03T12:05:21+00:00\" \/>\n<meta property=\"article:modified_time\" content=\"2018-12-18T16:12:32+00:00\" \/>\n<meta property=\"og:image\" content=\"https:\/\/archibat.com\/blog\/wp-content\/uploads\/2017\/07\/elian-chali-parking-lot-painting-montblanc-designboom-08-1-2.jpg\" \/>\n\t<meta property=\"og:image:width\" content=\"818\" \/>\n\t<meta property=\"og:image:height\" content=\"545\" \/>\n\t<meta property=\"og:image:type\" content=\"image\/jpeg\" \/>\n<meta name=\"author\" content=\"communication\" \/>\n<meta name=\"twitter:card\" content=\"summary_large_image\" \/>\n<meta name=\"twitter:label1\" content=\"\u00c9crit par\" \/>\n\t<meta name=\"twitter:data1\" content=\"communication\" \/>\n\t<meta name=\"twitter:label2\" content=\"Dur\u00e9e de lecture estim\u00e9e\" \/>\n\t<meta name=\"twitter:data2\" content=\"2 minutes\" \/>\n<script type=\"application\/ld+json\" class=\"yoast-schema-graph\">{\"@context\":\"https:\/\/schema.org\",\"@graph\":[{\"@type\":\"WebPage\",\"@id\":\"https:\/\/archibat.com\/blog\/lart-submerge-parking\/\",\"url\":\"https:\/\/archibat.com\/blog\/lart-submerge-parking\/\",\"name\":\"Quand l'art envahit un parking ! &#8211; ArchiBat Mag\",\"isPartOf\":{\"@id\":\"https:\/\/archibat.com\/blog\/#website\"},\"primaryImageOfPage\":{\"@id\":\"https:\/\/archibat.com\/blog\/lart-submerge-parking\/#primaryimage\"},\"image\":{\"@id\":\"https:\/\/archibat.com\/blog\/lart-submerge-parking\/#primaryimage\"},\"thumbnailUrl\":\"https:\/\/archibat.com\/blog\/wp-content\/uploads\/2017\/07\/elian-chali-parking-lot-painting-montblanc-designboom-08-1-2.jpg\",\"datePublished\":\"2017-07-03T12:05:21+00:00\",\"dateModified\":\"2018-12-18T16:12:32+00:00\",\"author\":{\"@id\":\"https:\/\/archibat.com\/blog\/#\/schema\/person\/c246f0d63b5e719c2cbe4f9bd494bf12\"},\"description\":\"Et si les parkings avaient eux aussi le droit de s'inscrire dans une mouvance artistique ? Elian Chali s'en est charg\u00e9 et c'est plut\u00f4t r\u00e9ussi !\",\"breadcrumb\":{\"@id\":\"https:\/\/archibat.com\/blog\/lart-submerge-parking\/#breadcrumb\"},\"inLanguage\":\"fr-FR\",\"potentialAction\":[{\"@type\":\"ReadAction\",\"target\":[\"https:\/\/archibat.com\/blog\/lart-submerge-parking\/\"]}]},{\"@type\":\"ImageObject\",\"inLanguage\":\"fr-FR\",\"@id\":\"https:\/\/archibat.com\/blog\/lart-submerge-parking\/#primaryimage\",\"url\":\"https:\/\/archibat.com\/blog\/wp-content\/uploads\/2017\/07\/elian-chali-parking-lot-painting-montblanc-designboom-08-1-2.jpg\",\"contentUrl\":\"https:\/\/archibat.com\/blog\/wp-content\/uploads\/2017\/07\/elian-chali-parking-lot-painting-montblanc-designboom-08-1-2.jpg\",\"width\":818,\"height\":545},{\"@type\":\"BreadcrumbList\",\"@id\":\"https:\/\/archibat.com\/blog\/lart-submerge-parking\/#breadcrumb\",\"itemListElement\":[{\"@type\":\"ListItem\",\"position\":1,\"name\":\"Home\",\"item\":\"https:\/\/archibat.com\/blog\/\"},{\"@type\":\"ListItem\",\"position\":2,\"name\":\"Quand l&rsquo;art envahit un parking !\"}]},{\"@type\":\"WebSite\",\"@id\":\"https:\/\/archibat.com\/blog\/#website\",\"url\":\"https:\/\/archibat.com\/blog\/\",\"name\":\"ArchiBat Mag\",\"description\":\"Vous souhaitez connaitre les derni\u00e8res actualit\u00e9s sur l\u2019Architecture, le Design ou les Ressources Humaines ? D\u00e9couvrez ArchiBat Mag, le magazine d\u00e9di\u00e9 aux m\u00e9tiers de l&#039;Architecture et de l&#039;Ing\u00e9nierie.\",\"potentialAction\":[{\"@type\":\"SearchAction\",\"target\":{\"@type\":\"EntryPoint\",\"urlTemplate\":\"https:\/\/archibat.com\/blog\/?s={search_term_string}\"},\"query-input\":{\"@type\":\"PropertyValueSpecification\",\"valueRequired\":true,\"valueName\":\"search_term_string\"}}],\"inLanguage\":\"fr-FR\"},{\"@type\":\"Person\",\"@id\":\"https:\/\/archibat.com\/blog\/#\/schema\/person\/c246f0d63b5e719c2cbe4f9bd494bf12\",\"name\":\"communication\"}]}<\/script>\n<!-- \/ Yoast SEO plugin. -->","yoast_head_json":{"title":"Quand l'art envahit un parking ! &#8211; ArchiBat Mag","description":"Et si les parkings avaient eux aussi le droit de s'inscrire dans une mouvance artistique ? Elian Chali s'en est charg\u00e9 et c'est plut\u00f4t r\u00e9ussi !","robots":{"index":"index","follow":"follow","max-snippet":"max-snippet:-1","max-image-preview":"max-image-preview:large","max-video-preview":"max-video-preview:-1"},"canonical":"https:\/\/archibat.com\/blog\/lart-submerge-parking\/","og_locale":"fr_FR","og_type":"article","og_title":"Quand l'art envahit un parking ! &#8211; ArchiBat Mag","og_description":"Et si les parkings avaient eux aussi le droit de s'inscrire dans une mouvance artistique ? Elian Chali s'en est charg\u00e9 et c'est plut\u00f4t r\u00e9ussi !","og_url":"https:\/\/archibat.com\/blog\/lart-submerge-parking\/","og_site_name":"ArchiBat Mag","article_published_time":"2017-07-03T12:05:21+00:00","article_modified_time":"2018-12-18T16:12:32+00:00","og_image":[{"width":818,"height":545,"url":"https:\/\/archibat.com\/blog\/wp-content\/uploads\/2017\/07\/elian-chali-parking-lot-painting-montblanc-designboom-08-1-2.jpg","type":"image\/jpeg"}],"author":"communication","twitter_card":"summary_large_image","twitter_misc":{"\u00c9crit par":"communication","Dur\u00e9e de lecture estim\u00e9e":"2 minutes"},"schema":{"@context":"https:\/\/schema.org","@graph":[{"@type":"WebPage","@id":"https:\/\/archibat.com\/blog\/lart-submerge-parking\/","url":"https:\/\/archibat.com\/blog\/lart-submerge-parking\/","name":"Quand l'art envahit un parking ! &#8211; ArchiBat Mag","isPartOf":{"@id":"https:\/\/archibat.com\/blog\/#website"},"primaryImageOfPage":{"@id":"https:\/\/archibat.com\/blog\/lart-submerge-parking\/#primaryimage"},"image":{"@id":"https:\/\/archibat.com\/blog\/lart-submerge-parking\/#primaryimage"},"thumbnailUrl":"https:\/\/archibat.com\/blog\/wp-content\/uploads\/2017\/07\/elian-chali-parking-lot-painting-montblanc-designboom-08-1-2.jpg","datePublished":"2017-07-03T12:05:21+00:00","dateModified":"2018-12-18T16:12:32+00:00","author":{"@id":"https:\/\/archibat.com\/blog\/#\/schema\/person\/c246f0d63b5e719c2cbe4f9bd494bf12"},"description":"Et si les parkings avaient eux aussi le droit de s'inscrire dans une mouvance artistique ? Elian Chali s'en est charg\u00e9 et c'est plut\u00f4t r\u00e9ussi !","breadcrumb":{"@id":"https:\/\/archibat.com\/blog\/lart-submerge-parking\/#breadcrumb"},"inLanguage":"fr-FR","potentialAction":[{"@type":"ReadAction","target":["https:\/\/archibat.com\/blog\/lart-submerge-parking\/"]}]},{"@type":"ImageObject","inLanguage":"fr-FR","@id":"https:\/\/archibat.com\/blog\/lart-submerge-parking\/#primaryimage","url":"https:\/\/archibat.com\/blog\/wp-content\/uploads\/2017\/07\/elian-chali-parking-lot-painting-montblanc-designboom-08-1-2.jpg","contentUrl":"https:\/\/archibat.com\/blog\/wp-content\/uploads\/2017\/07\/elian-chali-parking-lot-painting-montblanc-designboom-08-1-2.jpg","width":818,"height":545},{"@type":"BreadcrumbList","@id":"https:\/\/archibat.com\/blog\/lart-submerge-parking\/#breadcrumb","itemListElement":[{"@type":"ListItem","position":1,"name":"Home","item":"https:\/\/archibat.com\/blog\/"},{"@type":"ListItem","position":2,"name":"Quand l&rsquo;art envahit un parking !"}]},{"@type":"WebSite","@id":"https:\/\/archibat.com\/blog\/#website","url":"https:\/\/archibat.com\/blog\/","name":"ArchiBat Mag","description":"Vous souhaitez connaitre les derni\u00e8res actualit\u00e9s sur l\u2019Architecture, le Design ou les Ressources Humaines ? D\u00e9couvrez ArchiBat Mag, le magazine d\u00e9di\u00e9 aux m\u00e9tiers de l&#039;Architecture et de l&#039;Ing\u00e9nierie.","potentialAction":[{"@type":"SearchAction","target":{"@type":"EntryPoint","urlTemplate":"https:\/\/archibat.com\/blog\/?s={search_term_string}"},"query-input":{"@type":"PropertyValueSpecification","valueRequired":true,"valueName":"search_term_string"}}],"inLanguage":"fr-FR"},{"@type":"Person","@id":"https:\/\/archibat.com\/blog\/#\/schema\/person\/c246f0d63b5e719c2cbe4f9bd494bf12","name":"communication"}]}},"_links":{"self":[{"href":"https:\/\/archibat.com\/blog\/wp-json\/wp\/v2\/posts\/3295","targetHints":{"allow":["GET"]}}],"collection":[{"href":"https:\/\/archibat.com\/blog\/wp-json\/wp\/v2\/posts"}],"about":[{"href":"https:\/\/archibat.com\/blog\/wp-json\/wp\/v2\/types\/post"}],"author":[{"embeddable":true,"href":"https:\/\/archibat.com\/blog\/wp-json\/wp\/v2\/users\/2"}],"replies":[{"embeddable":true,"href":"https:\/\/archibat.com\/blog\/wp-json\/wp\/v2\/comments?post=3295"}],"version-history":[{"count":2,"href":"https:\/\/archibat.com\/blog\/wp-json\/wp\/v2\/posts\/3295\/revisions"}],"predecessor-version":[{"id":8158,"href":"https:\/\/archibat.com\/blog\/wp-json\/wp\/v2\/posts\/3295\/revisions\/8158"}],"wp:featuredmedia":[{"embeddable":true,"href":"https:\/\/archibat.com\/blog\/wp-json\/wp\/v2\/media\/3307"}],"wp:attachment":[{"href":"https:\/\/archibat.com\/blog\/wp-json\/wp\/v2\/media?parent=3295"}],"wp:term":[{"taxonomy":"category","embeddable":true,"href":"https:\/\/archibat.com\/blog\/wp-json\/wp\/v2\/categories?post=3295"},{"taxonomy":"post_tag","embeddable":true,"href":"https:\/\/archibat.com\/blog\/wp-json\/wp\/v2\/tags?post=3295"}],"curies":[{"name":"wp","href":"https:\/\/api.w.org\/{rel}","templated":true}]}}