{"id":3400,"date":"2017-08-28T18:27:14","date_gmt":"2017-08-28T16:27:14","guid":{"rendered":"https:\/\/www.archibat.com\/blog\/?p=3400"},"modified":"2018-12-18T16:58:22","modified_gmt":"2018-12-18T15:58:22","slug":"loptimisation-despace-signee-batiik-studio","status":"publish","type":"post","link":"https:\/\/archibat.com\/blog\/loptimisation-despace-signee-batiik-studio\/","title":{"rendered":"Optimisation d\u2019espace et design minimaliste"},"content":{"rendered":"<p>Arnaud, jeune bachelier qui vit dans un studio situ\u00e9 \u00e0 Saint-Denis non loin de Paris, connait un probl\u00e8me auquel de nombreux \u00e9tudiants sont confront\u00e9s, le manque d\u2019espace.<\/p>\n<p><img loading=\"lazy\" decoding=\"async\" src=\"https:\/\/www.archibat.com\/blog\/wp-content\/uploads\/2017\/08\/Architecture_ArnaudApartment_BatiikStudio_BertrandFompeyrine_05-600x400-2.jpg\" alt=\"\" width=\"600\" height=\"400\" \/><\/p>\n<p>Ainsi, avec un budget avoisinant les 32000 euros, l\u2019appartement a \u00e9t\u00e9 pris en main par la fondatrice de Batiik Studio, Rebecca Benichou, afin d\u2019optimiser l\u2019espace tout en conservant un design singulier et minimaliste.<\/p>\n<p><img loading=\"lazy\" decoding=\"async\" src=\"https:\/\/www.archibat.com\/blog\/wp-content\/uploads\/2017\/08\/Architecture_ArnaudApartment_BatiikStudio_BertrandFompeyrine_07-600x400-2.jpg\" alt=\"\" width=\"600\" height=\"400\" \/><\/p>\n<p>B\u00e9n\u00e9ficiant d\u2019une surface de 32 m\u00e8tres carr\u00e9s pour s\u2019exprimer, le cabinet d\u2019architecture a con\u00e7u un projet ing\u00e9nieux et cr\u00e9atif jusque dans les moindres d\u00e9tails. Chaque recoin du studio a \u00e9t\u00e9 pens\u00e9 afin de joindre l\u2019esthetique au fonctionnel, tout en tenant compte des sp\u00e9cificit\u00e9s des lieux.<\/p>\n<p><img loading=\"lazy\" decoding=\"async\" src=\"https:\/\/www.archibat.com\/blog\/wp-content\/uploads\/2017\/08\/Architecture_ArnaudApartment_BatiikStudio_BertrandFompeyrine_11-600x400-2.gif\" alt=\"\" width=\"600\" height=\"400\" \/><\/p>\n<p>L\u2019aspect us\u00e9 et rugueux des murs sans pl\u00e2tre donne un cot\u00e9 tr\u00e8s industriel qui contraste avec la puret\u00e9 et le minimalisme du mobilier. Le lit est astucieusement encastr\u00e9 dans un coin, accessible par 3 petites marches. Dissimul\u00e9 dans cet escalier se trouve des rangements, praticit\u00e9 oblige.<\/p>\n<p><img loading=\"lazy\" decoding=\"async\" src=\"https:\/\/www.archibat.com\/blog\/wp-content\/uploads\/2017\/08\/Architecture_ArnaudApartment_BatiikStudio_BertrandFompeyrine_a-600x900-2.jpg\" alt=\"\" width=\"600\" height=\"900\" \/><\/p>\n<p>Le mobilier du salon-cuisine est savamment harmonis\u00e9 dans un style contemporain tout en conservant l\u2019aspect brut des murs.\u00a0Voil\u00e0 un \u00e9tudiant qui doit \u00eatre content de recevoir !<\/p>\n<p><img loading=\"lazy\" decoding=\"async\" src=\"https:\/\/www.archibat.com\/blog\/wp-content\/uploads\/2017\/08\/Architecture_ArnaudApartment_BatiikStudio_BertrandFompeyrine_d-600x900-2.jpg\" alt=\"\" width=\"600\" height=\"900\" \/><br \/>\n<img loading=\"lazy\" decoding=\"async\" src=\"https:\/\/www.archibat.com\/blog\/wp-content\/uploads\/2017\/08\/Architecture_ArnaudApartment_BatiikStudio_BertrandFompeyrine_c-600x901-2.jpg\" alt=\"\" width=\"600\" height=\"901\" \/><\/p>\n","protected":false},"excerpt":{"rendered":"<p>Arnaud, jeune bachelier qui vit dans un studio situ\u00e9 \u00e0 Saint-Denis non loin de Paris, connait un probl\u00e8me auquel de nombreux \u00e9tudiants sont confront\u00e9s, le\u2026<\/p>\n","protected":false},"author":2,"featured_media":3401,"comment_status":"closed","ping_status":"closed","sticky":false,"template":"","format":"standard","meta":{"_acf_changed":false,"footnotes":""},"categories":[3],"tags":[1240,1821,2025,1228,1229,2026],"class_list":["post-3400","post","type-post","status-publish","format-standard","has-post-thumbnail","hentry","category-architecture-et-design","tag-architecture-2","tag-architecture-dinterieur","tag-batiik-studio","tag-design","tag-design-despace","tag-rebecca-benichou"],"acf":[],"yoast_head":"<!-- This site is optimized with the Yoast SEO plugin v24.8.1 - https:\/\/yoast.com\/wordpress\/plugins\/seo\/ -->\n<title>Optimisation d\u2019espace et design minimaliste &#8211; ArchiBat Mag<\/title>\n<meta name=\"description\" content=\"Le souci lorque l&#039;on cherche \u00e0 se loger quand on est \u00e9tudiant est de trouver un logement avec suffisamment d&#039;espace. Comme Arnaud, optimisez le votre\" \/>\n<meta name=\"robots\" content=\"index, follow, max-snippet:-1, max-image-preview:large, max-video-preview:-1\" \/>\n<link rel=\"canonical\" href=\"https:\/\/archibat.com\/blog\/loptimisation-despace-signee-batiik-studio\/\" \/>\n<meta property=\"og:locale\" content=\"fr_FR\" \/>\n<meta property=\"og:type\" content=\"article\" \/>\n<meta property=\"og:title\" content=\"Optimisation d\u2019espace et design minimaliste &#8211; ArchiBat Mag\" \/>\n<meta property=\"og:description\" content=\"Le souci lorque l&#039;on cherche \u00e0 se loger quand on est \u00e9tudiant est de trouver un logement avec suffisamment d&#039;espace. Comme Arnaud, optimisez le votre\" \/>\n<meta property=\"og:url\" content=\"https:\/\/archibat.com\/blog\/loptimisation-despace-signee-batiik-studio\/\" \/>\n<meta property=\"og:site_name\" content=\"ArchiBat Mag\" \/>\n<meta property=\"article:published_time\" content=\"2017-08-28T16:27:14+00:00\" \/>\n<meta property=\"article:modified_time\" content=\"2018-12-18T15:58:22+00:00\" \/>\n<meta property=\"og:image\" content=\"https:\/\/archibat.com\/blog\/wp-content\/uploads\/2017\/08\/Architecture_ArnaudApartment_BatiikStudio_BertrandFompeyrine_02-600x400-2.jpg\" \/>\n\t<meta property=\"og:image:width\" content=\"600\" \/>\n\t<meta property=\"og:image:height\" content=\"400\" \/>\n\t<meta property=\"og:image:type\" content=\"image\/jpeg\" \/>\n<meta name=\"author\" content=\"communication\" \/>\n<meta name=\"twitter:card\" content=\"summary_large_image\" \/>\n<meta name=\"twitter:label1\" content=\"\u00c9crit par\" \/>\n\t<meta name=\"twitter:data1\" content=\"communication\" \/>\n\t<meta name=\"twitter:label2\" content=\"Dur\u00e9e de lecture estim\u00e9e\" \/>\n\t<meta name=\"twitter:data2\" content=\"1 minute\" \/>\n<script type=\"application\/ld+json\" class=\"yoast-schema-graph\">{\"@context\":\"https:\/\/schema.org\",\"@graph\":[{\"@type\":\"WebPage\",\"@id\":\"https:\/\/archibat.com\/blog\/loptimisation-despace-signee-batiik-studio\/\",\"url\":\"https:\/\/archibat.com\/blog\/loptimisation-despace-signee-batiik-studio\/\",\"name\":\"Optimisation d\u2019espace et design minimaliste &#8211; ArchiBat Mag\",\"isPartOf\":{\"@id\":\"https:\/\/archibat.com\/blog\/#website\"},\"primaryImageOfPage\":{\"@id\":\"https:\/\/archibat.com\/blog\/loptimisation-despace-signee-batiik-studio\/#primaryimage\"},\"image\":{\"@id\":\"https:\/\/archibat.com\/blog\/loptimisation-despace-signee-batiik-studio\/#primaryimage\"},\"thumbnailUrl\":\"https:\/\/archibat.com\/blog\/wp-content\/uploads\/2017\/08\/Architecture_ArnaudApartment_BatiikStudio_BertrandFompeyrine_02-600x400-2.jpg\",\"datePublished\":\"2017-08-28T16:27:14+00:00\",\"dateModified\":\"2018-12-18T15:58:22+00:00\",\"author\":{\"@id\":\"https:\/\/archibat.com\/blog\/#\/schema\/person\/c246f0d63b5e719c2cbe4f9bd494bf12\"},\"description\":\"Le souci lorque l'on cherche \u00e0 se loger quand on est \u00e9tudiant est de trouver un logement avec suffisamment d'espace. Comme Arnaud, optimisez le votre\",\"breadcrumb\":{\"@id\":\"https:\/\/archibat.com\/blog\/loptimisation-despace-signee-batiik-studio\/#breadcrumb\"},\"inLanguage\":\"fr-FR\",\"potentialAction\":[{\"@type\":\"ReadAction\",\"target\":[\"https:\/\/archibat.com\/blog\/loptimisation-despace-signee-batiik-studio\/\"]}]},{\"@type\":\"ImageObject\",\"inLanguage\":\"fr-FR\",\"@id\":\"https:\/\/archibat.com\/blog\/loptimisation-despace-signee-batiik-studio\/#primaryimage\",\"url\":\"https:\/\/archibat.com\/blog\/wp-content\/uploads\/2017\/08\/Architecture_ArnaudApartment_BatiikStudio_BertrandFompeyrine_02-600x400-2.jpg\",\"contentUrl\":\"https:\/\/archibat.com\/blog\/wp-content\/uploads\/2017\/08\/Architecture_ArnaudApartment_BatiikStudio_BertrandFompeyrine_02-600x400-2.jpg\",\"width\":600,\"height\":400},{\"@type\":\"BreadcrumbList\",\"@id\":\"https:\/\/archibat.com\/blog\/loptimisation-despace-signee-batiik-studio\/#breadcrumb\",\"itemListElement\":[{\"@type\":\"ListItem\",\"position\":1,\"name\":\"Home\",\"item\":\"https:\/\/archibat.com\/blog\/\"},{\"@type\":\"ListItem\",\"position\":2,\"name\":\"Optimisation d\u2019espace et design minimaliste\"}]},{\"@type\":\"WebSite\",\"@id\":\"https:\/\/archibat.com\/blog\/#website\",\"url\":\"https:\/\/archibat.com\/blog\/\",\"name\":\"ArchiBat Mag\",\"description\":\"Vous souhaitez connaitre les derni\u00e8res actualit\u00e9s sur l\u2019Architecture, le Design ou les Ressources Humaines ? D\u00e9couvrez ArchiBat Mag, le magazine d\u00e9di\u00e9 aux m\u00e9tiers de l&#039;Architecture et de l&#039;Ing\u00e9nierie.\",\"potentialAction\":[{\"@type\":\"SearchAction\",\"target\":{\"@type\":\"EntryPoint\",\"urlTemplate\":\"https:\/\/archibat.com\/blog\/?s={search_term_string}\"},\"query-input\":{\"@type\":\"PropertyValueSpecification\",\"valueRequired\":true,\"valueName\":\"search_term_string\"}}],\"inLanguage\":\"fr-FR\"},{\"@type\":\"Person\",\"@id\":\"https:\/\/archibat.com\/blog\/#\/schema\/person\/c246f0d63b5e719c2cbe4f9bd494bf12\",\"name\":\"communication\"}]}<\/script>\n<!-- \/ Yoast SEO plugin. -->","yoast_head_json":{"title":"Optimisation d\u2019espace et design minimaliste &#8211; ArchiBat Mag","description":"Le souci lorque l'on cherche \u00e0 se loger quand on est \u00e9tudiant est de trouver un logement avec suffisamment d'espace. Comme Arnaud, optimisez le votre","robots":{"index":"index","follow":"follow","max-snippet":"max-snippet:-1","max-image-preview":"max-image-preview:large","max-video-preview":"max-video-preview:-1"},"canonical":"https:\/\/archibat.com\/blog\/loptimisation-despace-signee-batiik-studio\/","og_locale":"fr_FR","og_type":"article","og_title":"Optimisation d\u2019espace et design minimaliste &#8211; ArchiBat Mag","og_description":"Le souci lorque l'on cherche \u00e0 se loger quand on est \u00e9tudiant est de trouver un logement avec suffisamment d'espace. Comme Arnaud, optimisez le votre","og_url":"https:\/\/archibat.com\/blog\/loptimisation-despace-signee-batiik-studio\/","og_site_name":"ArchiBat Mag","article_published_time":"2017-08-28T16:27:14+00:00","article_modified_time":"2018-12-18T15:58:22+00:00","og_image":[{"width":600,"height":400,"url":"https:\/\/archibat.com\/blog\/wp-content\/uploads\/2017\/08\/Architecture_ArnaudApartment_BatiikStudio_BertrandFompeyrine_02-600x400-2.jpg","type":"image\/jpeg"}],"author":"communication","twitter_card":"summary_large_image","twitter_misc":{"\u00c9crit par":"communication","Dur\u00e9e de lecture estim\u00e9e":"1 minute"},"schema":{"@context":"https:\/\/schema.org","@graph":[{"@type":"WebPage","@id":"https:\/\/archibat.com\/blog\/loptimisation-despace-signee-batiik-studio\/","url":"https:\/\/archibat.com\/blog\/loptimisation-despace-signee-batiik-studio\/","name":"Optimisation d\u2019espace et design minimaliste &#8211; ArchiBat Mag","isPartOf":{"@id":"https:\/\/archibat.com\/blog\/#website"},"primaryImageOfPage":{"@id":"https:\/\/archibat.com\/blog\/loptimisation-despace-signee-batiik-studio\/#primaryimage"},"image":{"@id":"https:\/\/archibat.com\/blog\/loptimisation-despace-signee-batiik-studio\/#primaryimage"},"thumbnailUrl":"https:\/\/archibat.com\/blog\/wp-content\/uploads\/2017\/08\/Architecture_ArnaudApartment_BatiikStudio_BertrandFompeyrine_02-600x400-2.jpg","datePublished":"2017-08-28T16:27:14+00:00","dateModified":"2018-12-18T15:58:22+00:00","author":{"@id":"https:\/\/archibat.com\/blog\/#\/schema\/person\/c246f0d63b5e719c2cbe4f9bd494bf12"},"description":"Le souci lorque l'on cherche \u00e0 se loger quand on est \u00e9tudiant est de trouver un logement avec suffisamment d'espace. Comme Arnaud, optimisez le votre","breadcrumb":{"@id":"https:\/\/archibat.com\/blog\/loptimisation-despace-signee-batiik-studio\/#breadcrumb"},"inLanguage":"fr-FR","potentialAction":[{"@type":"ReadAction","target":["https:\/\/archibat.com\/blog\/loptimisation-despace-signee-batiik-studio\/"]}]},{"@type":"ImageObject","inLanguage":"fr-FR","@id":"https:\/\/archibat.com\/blog\/loptimisation-despace-signee-batiik-studio\/#primaryimage","url":"https:\/\/archibat.com\/blog\/wp-content\/uploads\/2017\/08\/Architecture_ArnaudApartment_BatiikStudio_BertrandFompeyrine_02-600x400-2.jpg","contentUrl":"https:\/\/archibat.com\/blog\/wp-content\/uploads\/2017\/08\/Architecture_ArnaudApartment_BatiikStudio_BertrandFompeyrine_02-600x400-2.jpg","width":600,"height":400},{"@type":"BreadcrumbList","@id":"https:\/\/archibat.com\/blog\/loptimisation-despace-signee-batiik-studio\/#breadcrumb","itemListElement":[{"@type":"ListItem","position":1,"name":"Home","item":"https:\/\/archibat.com\/blog\/"},{"@type":"ListItem","position":2,"name":"Optimisation d\u2019espace et design minimaliste"}]},{"@type":"WebSite","@id":"https:\/\/archibat.com\/blog\/#website","url":"https:\/\/archibat.com\/blog\/","name":"ArchiBat Mag","description":"Vous souhaitez connaitre les derni\u00e8res actualit\u00e9s sur l\u2019Architecture, le Design ou les Ressources Humaines ? D\u00e9couvrez ArchiBat Mag, le magazine d\u00e9di\u00e9 aux m\u00e9tiers de l&#039;Architecture et de l&#039;Ing\u00e9nierie.","potentialAction":[{"@type":"SearchAction","target":{"@type":"EntryPoint","urlTemplate":"https:\/\/archibat.com\/blog\/?s={search_term_string}"},"query-input":{"@type":"PropertyValueSpecification","valueRequired":true,"valueName":"search_term_string"}}],"inLanguage":"fr-FR"},{"@type":"Person","@id":"https:\/\/archibat.com\/blog\/#\/schema\/person\/c246f0d63b5e719c2cbe4f9bd494bf12","name":"communication"}]}},"_links":{"self":[{"href":"https:\/\/archibat.com\/blog\/wp-json\/wp\/v2\/posts\/3400","targetHints":{"allow":["GET"]}}],"collection":[{"href":"https:\/\/archibat.com\/blog\/wp-json\/wp\/v2\/posts"}],"about":[{"href":"https:\/\/archibat.com\/blog\/wp-json\/wp\/v2\/types\/post"}],"author":[{"embeddable":true,"href":"https:\/\/archibat.com\/blog\/wp-json\/wp\/v2\/users\/2"}],"replies":[{"embeddable":true,"href":"https:\/\/archibat.com\/blog\/wp-json\/wp\/v2\/comments?post=3400"}],"version-history":[{"count":1,"href":"https:\/\/archibat.com\/blog\/wp-json\/wp\/v2\/posts\/3400\/revisions"}],"predecessor-version":[{"id":8195,"href":"https:\/\/archibat.com\/blog\/wp-json\/wp\/v2\/posts\/3400\/revisions\/8195"}],"wp:featuredmedia":[{"embeddable":true,"href":"https:\/\/archibat.com\/blog\/wp-json\/wp\/v2\/media\/3401"}],"wp:attachment":[{"href":"https:\/\/archibat.com\/blog\/wp-json\/wp\/v2\/media?parent=3400"}],"wp:term":[{"taxonomy":"category","embeddable":true,"href":"https:\/\/archibat.com\/blog\/wp-json\/wp\/v2\/categories?post=3400"},{"taxonomy":"post_tag","embeddable":true,"href":"https:\/\/archibat.com\/blog\/wp-json\/wp\/v2\/tags?post=3400"}],"curies":[{"name":"wp","href":"https:\/\/api.w.org\/{rel}","templated":true}]}}