{"id":389,"date":"2015-01-21T11:51:12","date_gmt":"2015-01-21T10:51:12","guid":{"rendered":"https:\/\/www.archibat.com\/blog\/?p=389"},"modified":"2018-11-15T17:56:43","modified_gmt":"2018-11-15T16:56:43","slug":"imaginez-paris-en-2050","status":"publish","type":"post","link":"https:\/\/archibat.com\/blog\/imaginez-paris-en-2050\/","title":{"rendered":"Imaginez Paris en 2050"},"content":{"rendered":"<p>L\u2019architecte Vincent Callebaut et le cabinet d\u2019ing\u00e9nieurs Setec ont planch\u00e9 pendant\u00a04 mois pour imaginer Paris en 2050 et surtout rendre la ville plus \u00e9cologique. Du coup, on se retrouve avec des immeubles v\u00e9g\u00e9taux, des rues pleines d\u2019arbres et une flore omnipr\u00e9sente\u2026.<\/p>\n<p><img loading=\"lazy\" decoding=\"async\" class=\"alignnone size-full wp-image-391\" src=\"https:\/\/www.archibat.com\/blog\/wp-content\/uploads\/2015\/01\/photo-1-2.jpg\" alt=\"paris en 2050\" width=\"635\" height=\"357\" srcset=\"https:\/\/archibat.com\/blog\/wp-content\/uploads\/2015\/01\/photo-1-2.jpg 635w, https:\/\/archibat.com\/blog\/wp-content\/uploads\/2015\/01\/photo-1-2-300x169.jpg 300w\" sizes=\"auto, (max-width: 635px) 100vw, 635px\" \/><\/p>\n<p><img loading=\"lazy\" decoding=\"async\" class=\"alignnone size-full wp-image-392\" src=\"https:\/\/www.archibat.com\/blog\/wp-content\/uploads\/2015\/01\/PHOTO-3-2.jpg\" alt=\"paris en 2050\" width=\"635\" height=\"357\" srcset=\"https:\/\/archibat.com\/blog\/wp-content\/uploads\/2015\/01\/PHOTO-3-2.jpg 635w, https:\/\/archibat.com\/blog\/wp-content\/uploads\/2015\/01\/PHOTO-3-2-300x169.jpg 300w\" sizes=\"auto, (max-width: 635px) 100vw, 635px\" \/><\/p>\n<p><img loading=\"lazy\" decoding=\"async\" class=\"alignnone size-full wp-image-393\" src=\"https:\/\/www.archibat.com\/blog\/wp-content\/uploads\/2015\/01\/PHOTO-4-2.jpg\" alt=\"paris en 2050\" width=\"635\" height=\"357\" srcset=\"https:\/\/archibat.com\/blog\/wp-content\/uploads\/2015\/01\/PHOTO-4-2.jpg 635w, https:\/\/archibat.com\/blog\/wp-content\/uploads\/2015\/01\/PHOTO-4-2-300x169.jpg 300w\" sizes=\"auto, (max-width: 635px) 100vw, 635px\" \/><\/p>\n<p><img loading=\"lazy\" decoding=\"async\" class=\"alignnone size-full wp-image-394\" src=\"https:\/\/www.archibat.com\/blog\/wp-content\/uploads\/2015\/01\/PHOTO-5-2.jpg\" alt=\"paris en 2050\" width=\"635\" height=\"357\" srcset=\"https:\/\/archibat.com\/blog\/wp-content\/uploads\/2015\/01\/PHOTO-5-2.jpg 635w, https:\/\/archibat.com\/blog\/wp-content\/uploads\/2015\/01\/PHOTO-5-2-300x169.jpg 300w\" sizes=\"auto, (max-width: 635px) 100vw, 635px\" \/><\/p>\n<p><img loading=\"lazy\" decoding=\"async\" class=\"alignnone size-full wp-image-395\" src=\"https:\/\/www.archibat.com\/blog\/wp-content\/uploads\/2015\/01\/PHOTO-6-2.jpg\" alt=\"paris en 2050\" width=\"635\" height=\"357\" srcset=\"https:\/\/archibat.com\/blog\/wp-content\/uploads\/2015\/01\/PHOTO-6-2.jpg 635w, https:\/\/archibat.com\/blog\/wp-content\/uploads\/2015\/01\/PHOTO-6-2-300x169.jpg 300w\" sizes=\"auto, (max-width: 635px) 100vw, 635px\" \/><\/p>\n<p><img loading=\"lazy\" decoding=\"async\" class=\"alignnone size-full wp-image-396\" src=\"https:\/\/www.archibat.com\/blog\/wp-content\/uploads\/2015\/01\/PHOTO-7-2.jpg\" alt=\"paris en 2050\" width=\"635\" height=\"357\" srcset=\"https:\/\/archibat.com\/blog\/wp-content\/uploads\/2015\/01\/PHOTO-7-2.jpg 635w, https:\/\/archibat.com\/blog\/wp-content\/uploads\/2015\/01\/PHOTO-7-2-300x169.jpg 300w\" sizes=\"auto, (max-width: 635px) 100vw, 635px\" \/><\/p>\n<p><img loading=\"lazy\" decoding=\"async\" class=\"alignnone size-full wp-image-397\" src=\"https:\/\/www.archibat.com\/blog\/wp-content\/uploads\/2015\/01\/PHOTO-8-2.jpg\" alt=\"paris en 2050\" width=\"635\" height=\"357\" srcset=\"https:\/\/archibat.com\/blog\/wp-content\/uploads\/2015\/01\/PHOTO-8-2.jpg 635w, https:\/\/archibat.com\/blog\/wp-content\/uploads\/2015\/01\/PHOTO-8-2-300x169.jpg 300w\" sizes=\"auto, (max-width: 635px) 100vw, 635px\" \/><\/p>\n<p>D\u00e9couvrez l&rsquo;\u00e9tude <a href=\"http:\/\/vincent.callebaut.org\/page1-img-parissmartcity2050.html\" target=\"_blank\" rel=\"noopener\">\u00ab\u00a0Paris Smart City 2050\u00a0\u00bb<\/a> dans son int\u00e9gralit\u00e9.<\/p>\n","protected":false},"excerpt":{"rendered":"<p>L\u2019architecte Vincent Callebaut et le cabinet d\u2019ing\u00e9nieurs Setec ont planch\u00e9 pendant\u00a04 mois pour imaginer Paris en 2050 et surtout rendre la ville plus \u00e9cologique. Du\u2026<\/p>\n","protected":false},"author":2,"featured_media":398,"comment_status":"closed","ping_status":"closed","sticky":false,"template":"","format":"standard","meta":{"_acf_changed":false,"footnotes":""},"categories":[3],"tags":[],"class_list":["post-389","post","type-post","status-publish","format-standard","has-post-thumbnail","hentry","category-architecture-et-design"],"acf":[],"yoast_head":"<!-- This site is optimized with the Yoast SEO plugin v24.8.1 - https:\/\/yoast.com\/wordpress\/plugins\/seo\/ -->\n<title>Imaginez Paris en 2050 &#8211; ArchiBat Mag<\/title>\n<meta name=\"description\" content=\"L\u2019architecte Vincent Callebaut et le cabinet Setec ont planch\u00e9 pendant 4 mois pour imaginer Paris en 2050 : d\u00e9couvrez les images d&#039;un Paris luxuriant !\" \/>\n<meta name=\"robots\" content=\"index, follow, max-snippet:-1, max-image-preview:large, max-video-preview:-1\" \/>\n<link rel=\"canonical\" href=\"https:\/\/archibat.com\/blog\/imaginez-paris-en-2050\/\" \/>\n<meta property=\"og:locale\" content=\"fr_FR\" \/>\n<meta property=\"og:type\" content=\"article\" \/>\n<meta property=\"og:title\" content=\"Imaginez Paris en 2050 &#8211; ArchiBat Mag\" \/>\n<meta property=\"og:description\" content=\"L\u2019architecte Vincent Callebaut et le cabinet Setec ont planch\u00e9 pendant 4 mois pour imaginer Paris en 2050 : d\u00e9couvrez les images d&#039;un Paris luxuriant !\" \/>\n<meta property=\"og:url\" content=\"https:\/\/archibat.com\/blog\/imaginez-paris-en-2050\/\" \/>\n<meta property=\"og:site_name\" content=\"ArchiBat Mag\" \/>\n<meta property=\"article:published_time\" content=\"2015-01-21T10:51:12+00:00\" \/>\n<meta property=\"article:modified_time\" content=\"2018-11-15T16:56:43+00:00\" \/>\n<meta property=\"og:image\" content=\"https:\/\/archibat.com\/blog\/wp-content\/uploads\/2015\/01\/PHOTO-2-2.jpg\" \/>\n\t<meta property=\"og:image:width\" content=\"635\" \/>\n\t<meta property=\"og:image:height\" content=\"357\" \/>\n\t<meta property=\"og:image:type\" content=\"image\/jpeg\" \/>\n<meta name=\"author\" content=\"communication\" \/>\n<meta name=\"twitter:card\" content=\"summary_large_image\" \/>\n<meta name=\"twitter:label1\" content=\"\u00c9crit par\" \/>\n\t<meta name=\"twitter:data1\" content=\"communication\" \/>\n<script type=\"application\/ld+json\" class=\"yoast-schema-graph\">{\"@context\":\"https:\/\/schema.org\",\"@graph\":[{\"@type\":\"WebPage\",\"@id\":\"https:\/\/archibat.com\/blog\/imaginez-paris-en-2050\/\",\"url\":\"https:\/\/archibat.com\/blog\/imaginez-paris-en-2050\/\",\"name\":\"Imaginez Paris en 2050 &#8211; ArchiBat Mag\",\"isPartOf\":{\"@id\":\"https:\/\/archibat.com\/blog\/#website\"},\"primaryImageOfPage\":{\"@id\":\"https:\/\/archibat.com\/blog\/imaginez-paris-en-2050\/#primaryimage\"},\"image\":{\"@id\":\"https:\/\/archibat.com\/blog\/imaginez-paris-en-2050\/#primaryimage\"},\"thumbnailUrl\":\"https:\/\/archibat.com\/blog\/wp-content\/uploads\/2015\/01\/PHOTO-2-2.jpg\",\"datePublished\":\"2015-01-21T10:51:12+00:00\",\"dateModified\":\"2018-11-15T16:56:43+00:00\",\"author\":{\"@id\":\"https:\/\/archibat.com\/blog\/#\/schema\/person\/c246f0d63b5e719c2cbe4f9bd494bf12\"},\"description\":\"L\u2019architecte Vincent Callebaut et le cabinet Setec ont planch\u00e9 pendant 4 mois pour imaginer Paris en 2050 : d\u00e9couvrez les images d'un Paris luxuriant !\",\"breadcrumb\":{\"@id\":\"https:\/\/archibat.com\/blog\/imaginez-paris-en-2050\/#breadcrumb\"},\"inLanguage\":\"fr-FR\",\"potentialAction\":[{\"@type\":\"ReadAction\",\"target\":[\"https:\/\/archibat.com\/blog\/imaginez-paris-en-2050\/\"]}]},{\"@type\":\"ImageObject\",\"inLanguage\":\"fr-FR\",\"@id\":\"https:\/\/archibat.com\/blog\/imaginez-paris-en-2050\/#primaryimage\",\"url\":\"https:\/\/archibat.com\/blog\/wp-content\/uploads\/2015\/01\/PHOTO-2-2.jpg\",\"contentUrl\":\"https:\/\/archibat.com\/blog\/wp-content\/uploads\/2015\/01\/PHOTO-2-2.jpg\",\"width\":635,\"height\":357,\"caption\":\"paris en 2050\"},{\"@type\":\"BreadcrumbList\",\"@id\":\"https:\/\/archibat.com\/blog\/imaginez-paris-en-2050\/#breadcrumb\",\"itemListElement\":[{\"@type\":\"ListItem\",\"position\":1,\"name\":\"Home\",\"item\":\"https:\/\/archibat.com\/blog\/\"},{\"@type\":\"ListItem\",\"position\":2,\"name\":\"Imaginez Paris en 2050\"}]},{\"@type\":\"WebSite\",\"@id\":\"https:\/\/archibat.com\/blog\/#website\",\"url\":\"https:\/\/archibat.com\/blog\/\",\"name\":\"ArchiBat Mag\",\"description\":\"Vous souhaitez connaitre les derni\u00e8res actualit\u00e9s sur l\u2019Architecture, le Design ou les Ressources Humaines ? D\u00e9couvrez ArchiBat Mag, le magazine d\u00e9di\u00e9 aux m\u00e9tiers de l&#039;Architecture et de l&#039;Ing\u00e9nierie.\",\"potentialAction\":[{\"@type\":\"SearchAction\",\"target\":{\"@type\":\"EntryPoint\",\"urlTemplate\":\"https:\/\/archibat.com\/blog\/?s={search_term_string}\"},\"query-input\":{\"@type\":\"PropertyValueSpecification\",\"valueRequired\":true,\"valueName\":\"search_term_string\"}}],\"inLanguage\":\"fr-FR\"},{\"@type\":\"Person\",\"@id\":\"https:\/\/archibat.com\/blog\/#\/schema\/person\/c246f0d63b5e719c2cbe4f9bd494bf12\",\"name\":\"communication\"}]}<\/script>\n<!-- \/ Yoast SEO plugin. -->","yoast_head_json":{"title":"Imaginez Paris en 2050 &#8211; ArchiBat Mag","description":"L\u2019architecte Vincent Callebaut et le cabinet Setec ont planch\u00e9 pendant 4 mois pour imaginer Paris en 2050 : d\u00e9couvrez les images d'un Paris luxuriant !","robots":{"index":"index","follow":"follow","max-snippet":"max-snippet:-1","max-image-preview":"max-image-preview:large","max-video-preview":"max-video-preview:-1"},"canonical":"https:\/\/archibat.com\/blog\/imaginez-paris-en-2050\/","og_locale":"fr_FR","og_type":"article","og_title":"Imaginez Paris en 2050 &#8211; ArchiBat Mag","og_description":"L\u2019architecte Vincent Callebaut et le cabinet Setec ont planch\u00e9 pendant 4 mois pour imaginer Paris en 2050 : d\u00e9couvrez les images d'un Paris luxuriant !","og_url":"https:\/\/archibat.com\/blog\/imaginez-paris-en-2050\/","og_site_name":"ArchiBat Mag","article_published_time":"2015-01-21T10:51:12+00:00","article_modified_time":"2018-11-15T16:56:43+00:00","og_image":[{"width":635,"height":357,"url":"https:\/\/archibat.com\/blog\/wp-content\/uploads\/2015\/01\/PHOTO-2-2.jpg","type":"image\/jpeg"}],"author":"communication","twitter_card":"summary_large_image","twitter_misc":{"\u00c9crit par":"communication"},"schema":{"@context":"https:\/\/schema.org","@graph":[{"@type":"WebPage","@id":"https:\/\/archibat.com\/blog\/imaginez-paris-en-2050\/","url":"https:\/\/archibat.com\/blog\/imaginez-paris-en-2050\/","name":"Imaginez Paris en 2050 &#8211; ArchiBat Mag","isPartOf":{"@id":"https:\/\/archibat.com\/blog\/#website"},"primaryImageOfPage":{"@id":"https:\/\/archibat.com\/blog\/imaginez-paris-en-2050\/#primaryimage"},"image":{"@id":"https:\/\/archibat.com\/blog\/imaginez-paris-en-2050\/#primaryimage"},"thumbnailUrl":"https:\/\/archibat.com\/blog\/wp-content\/uploads\/2015\/01\/PHOTO-2-2.jpg","datePublished":"2015-01-21T10:51:12+00:00","dateModified":"2018-11-15T16:56:43+00:00","author":{"@id":"https:\/\/archibat.com\/blog\/#\/schema\/person\/c246f0d63b5e719c2cbe4f9bd494bf12"},"description":"L\u2019architecte Vincent Callebaut et le cabinet Setec ont planch\u00e9 pendant 4 mois pour imaginer Paris en 2050 : d\u00e9couvrez les images d'un Paris luxuriant !","breadcrumb":{"@id":"https:\/\/archibat.com\/blog\/imaginez-paris-en-2050\/#breadcrumb"},"inLanguage":"fr-FR","potentialAction":[{"@type":"ReadAction","target":["https:\/\/archibat.com\/blog\/imaginez-paris-en-2050\/"]}]},{"@type":"ImageObject","inLanguage":"fr-FR","@id":"https:\/\/archibat.com\/blog\/imaginez-paris-en-2050\/#primaryimage","url":"https:\/\/archibat.com\/blog\/wp-content\/uploads\/2015\/01\/PHOTO-2-2.jpg","contentUrl":"https:\/\/archibat.com\/blog\/wp-content\/uploads\/2015\/01\/PHOTO-2-2.jpg","width":635,"height":357,"caption":"paris en 2050"},{"@type":"BreadcrumbList","@id":"https:\/\/archibat.com\/blog\/imaginez-paris-en-2050\/#breadcrumb","itemListElement":[{"@type":"ListItem","position":1,"name":"Home","item":"https:\/\/archibat.com\/blog\/"},{"@type":"ListItem","position":2,"name":"Imaginez Paris en 2050"}]},{"@type":"WebSite","@id":"https:\/\/archibat.com\/blog\/#website","url":"https:\/\/archibat.com\/blog\/","name":"ArchiBat Mag","description":"Vous souhaitez connaitre les derni\u00e8res actualit\u00e9s sur l\u2019Architecture, le Design ou les Ressources Humaines ? D\u00e9couvrez ArchiBat Mag, le magazine d\u00e9di\u00e9 aux m\u00e9tiers de l&#039;Architecture et de l&#039;Ing\u00e9nierie.","potentialAction":[{"@type":"SearchAction","target":{"@type":"EntryPoint","urlTemplate":"https:\/\/archibat.com\/blog\/?s={search_term_string}"},"query-input":{"@type":"PropertyValueSpecification","valueRequired":true,"valueName":"search_term_string"}}],"inLanguage":"fr-FR"},{"@type":"Person","@id":"https:\/\/archibat.com\/blog\/#\/schema\/person\/c246f0d63b5e719c2cbe4f9bd494bf12","name":"communication"}]}},"_links":{"self":[{"href":"https:\/\/archibat.com\/blog\/wp-json\/wp\/v2\/posts\/389","targetHints":{"allow":["GET"]}}],"collection":[{"href":"https:\/\/archibat.com\/blog\/wp-json\/wp\/v2\/posts"}],"about":[{"href":"https:\/\/archibat.com\/blog\/wp-json\/wp\/v2\/types\/post"}],"author":[{"embeddable":true,"href":"https:\/\/archibat.com\/blog\/wp-json\/wp\/v2\/users\/2"}],"replies":[{"embeddable":true,"href":"https:\/\/archibat.com\/blog\/wp-json\/wp\/v2\/comments?post=389"}],"version-history":[{"count":1,"href":"https:\/\/archibat.com\/blog\/wp-json\/wp\/v2\/posts\/389\/revisions"}],"predecessor-version":[{"id":7565,"href":"https:\/\/archibat.com\/blog\/wp-json\/wp\/v2\/posts\/389\/revisions\/7565"}],"wp:featuredmedia":[{"embeddable":true,"href":"https:\/\/archibat.com\/blog\/wp-json\/wp\/v2\/media\/398"}],"wp:attachment":[{"href":"https:\/\/archibat.com\/blog\/wp-json\/wp\/v2\/media?parent=389"}],"wp:term":[{"taxonomy":"category","embeddable":true,"href":"https:\/\/archibat.com\/blog\/wp-json\/wp\/v2\/categories?post=389"},{"taxonomy":"post_tag","embeddable":true,"href":"https:\/\/archibat.com\/blog\/wp-json\/wp\/v2\/tags?post=389"}],"curies":[{"name":"wp","href":"https:\/\/api.w.org\/{rel}","templated":true}]}}