{"id":3925,"date":"2018-01-16T18:03:34","date_gmt":"2018-01-16T17:03:34","guid":{"rendered":"https:\/\/www.archibat.com\/blog\/?p=3925"},"modified":"2018-12-03T15:27:55","modified_gmt":"2018-12-03T14:27:55","slug":"amandine-lepers-marche-lhimalaya","status":"publish","type":"post","link":"https:\/\/archibat.com\/blog\/amandine-lepers-marche-lhimalaya\/","title":{"rendered":"Amandine Lepers : en marche dans l\u2019Himalaya"},"content":{"rendered":"<p>N\u00e9e dans les Pyr\u00e9n\u00e9es dans une famille de passionn\u00e9s de randonn\u00e9e, Amandine Lepers d\u00e9couvre le go\u00fbt de la marche et s\u2019int\u00e9resse aux formes de la nature. Ses parents s\u00e9par\u00e9s, c\u2019est une enfance \u00ab entre deux sacs \u00bb qui l\u2019habituent \u00e0 se d\u00e9placer, \u00e0 passer d\u2019un environnement \u00e0 un autre. Sa famille l\u2019encourage \u00e0 \u00e9tudier ce qui la passionne, les arts, l\u2019architecture. Dirigeant d\u2019Hydrotherm Ing\u00e9nierie, son p\u00e8re l\u2019emploie r\u00e9guli\u00e8rement sur des missions de conception. Sa m\u00e8re et son beau-p\u00e8re, exer\u00e7ant dans le domaine m\u00e9dical, r\u00e9alisent la particularit\u00e9 du milieu de l\u2019Architecture lors de la soutenance du dipl\u00f4me d\u2019Amandine : \u00ab Le pont des filtres, l\u2019infrastructure comme catalyseur \u00bb. Pour ce projet utopique et innovant, la jeune dipl\u00f4m\u00e9e re\u00e7oit le Prix de la Mutuelle des Architectes Fran\u00e7ais. Une somme avec laquelle elle finance sa participation \u00e0 une mission au Zanskar, en Inde, en rejoignant des confr\u00e8res de l\u2019association Architectes Sans Fronti\u00e8res sur place, o\u00f9 elle r\u00e9alise un livre.<\/p>\n<h2>L\u2019ing\u00e9nierie passe-fronti\u00e8re<\/h2>\n<p>Le d\u00e9part en Erasmus \u00e9tait anticip\u00e9 avant m\u00eame d\u2019int\u00e9grer l\u2019\u00e9cole : \u00ab Ce qui a conditionn\u00e9 mon inscription \u00e0 l\u2019\u00e9cole d\u2019archi, c\u2019est de savoir qu\u2019on pouvait partir\u00a0\u00e0 l\u2019\u00e9tranger au bout de trois ans ! Si on m\u2019avait dit \u00ab Tu fais cinq ans \u00e0 Toulouse, jamais je n\u2019y serais rest\u00e9e ! \u00bb. Son \u00e9change \u00e0 l\u2019\u00e9cole Polytechnique de Louvain- la- Neuve en Belgique lui apporte des comp\u00e9tences techniques et structurelles, et compl\u00e8te la formation artistique et anthropologique re\u00e7ue jusqu\u2019alors. Ses r\u00e9f\u00e9rences sont un m\u00e9lange entre l\u2019ing\u00e9nierie \u2013 Marc Mimram et ses ponts la fascinent, et ses exp\u00e9riences de terrain la forment \u2013, le rapport aux montagnes \u2013 l\u2019ouvrage de Laurent Chappis la marque : l\u2019architecte a march\u00e9 des ann\u00e9es en montagne avant de construire la station de ski de Courchevel \u2013, et les architectes qui ont marqu\u00e9 l\u2019histoire en inventant des techniques constructives : Antonio Gaudi et Frank Gehry en particulier.<\/p>\n<h2>En terre Himalayenne<\/h2>\n<p>Amandine Lepers dispose de toutes les cl\u00e9s pour internationaliser ses activit\u00e9s : les comp\u00e9tences, l\u2019envie de libert\u00e9 sans cesse revendiqu\u00e9e, le go\u00fbt de l\u2019aventure, un caract\u00e8re particuli\u00e8rement sociable. Ainsi sa premi\u00e8re mission au Zanskar la conduit \u00e0 y rester. Au fil des rencontres avec les habitants, elle d\u00e9croche des chantiers, am\u00e9liore des habitats, et en arrive \u00e0 construire une \u00e9cole pour dix-huit nonnes de la r\u00e9gion. Quand la saison le permet, elle varie son activit\u00e9 en guidant des touristes en montagne. Avant d\u2019\u00eatre devenue accompagnatrice par loisir, Amandine Lepers a parcouru des kilom\u00e8tres au pied de l\u2019Himalaya. La rencontre avec une ing\u00e9nieure hydrologue fran\u00e7aise, Caroline, donne naissance \u00e0 un film et \u00e0 des projets d\u2019architecture. Caroline cr\u00e9e l\u2019association \u00ab Thigspa \u00bb qui signifie \u00ab goutte d\u2019eau \u00bb. Contrairement \u00e0 des associations humanitaires de grande envergure, \u00ab Thigspa \u00bb est de taille suffisamment r\u00e9duite pour ne pas g\u00e9n\u00e9rer trop de travail administratif ou de hi\u00e9rarchie. Les actions restent locales,\u00a0 et\u00a0 ne g\u00e9n\u00e8rent\u00a0 aucun\u00a0 profit. Les\u00a0 professionnelles\u00a0 se\u00a0 r\u00e9mun\u00e8rent par des activit\u00e9s connexes : conf\u00e9rences, production de cartes, de films, de documentations. Au Zanskar, Amandine Lepers poursuit l\u2019objectif de travailler au plus pr\u00e8s des hommes : \u00ab On a un bagage, on a des m\u00e9thodes\u2026 On a re\u00e7u un enseignement th\u00e9orique, mais parfois on oublie le contact humain, c\u2019est pour \u00e7a que je suis partie l\u00e0-bas. On peut arriver au m\u00eame projet sans stresser, sans toutes nos normes, nos d\u00e9lais\u2026 \u00bb.<\/p>\n<p class=\"author\">Portrait r\u00e9alis\u00e9 par Laura Rosenbaum &#8211; Architecte DEHMONP &#8211; Docteur en Sociologie<\/p>\n","protected":false},"excerpt":{"rendered":"<p>N\u00e9e dans les Pyr\u00e9n\u00e9es dans une famille de passionn\u00e9s de randonn\u00e9e, Amandine Lepers d\u00e9couvre le go\u00fbt de la marche et s\u2019int\u00e9resse aux formes de la\u2026<\/p>\n","protected":false},"author":2,"featured_media":3926,"comment_status":"closed","ping_status":"closed","sticky":false,"template":"","format":"standard","meta":{"_acf_changed":false,"footnotes":""},"categories":[5],"tags":[1236,1774,1703],"class_list":["post-3925","post","type-post","status-publish","format-standard","has-post-thumbnail","hentry","category-portraits","tag-architecte","tag-aventure","tag-histoire"],"acf":[],"yoast_head":"<!-- This site is optimized with the Yoast SEO plugin v24.8.1 - https:\/\/yoast.com\/wordpress\/plugins\/seo\/ -->\n<title>Amandine Lepers : en marche dans l\u2019Himalaya &#8211; ArchiBat Mag<\/title>\n<meta name=\"description\" content=\"L&#039;environnement dans lequel on \u00e9volue influence la cr\u00e9ativit\u00e9 dont on fait preuve. Amandine Lepers, architecte \u00e9lev\u00e9e \u00e0 la montagne part pour l&#039;Himalaya\" \/>\n<meta name=\"robots\" content=\"index, follow, max-snippet:-1, max-image-preview:large, max-video-preview:-1\" \/>\n<link rel=\"canonical\" href=\"https:\/\/archibat.com\/blog\/amandine-lepers-marche-lhimalaya\/\" \/>\n<meta property=\"og:locale\" content=\"fr_FR\" \/>\n<meta property=\"og:type\" content=\"article\" \/>\n<meta property=\"og:title\" content=\"Amandine Lepers : en marche dans l\u2019Himalaya &#8211; ArchiBat Mag\" \/>\n<meta property=\"og:description\" content=\"L&#039;environnement dans lequel on \u00e9volue influence la cr\u00e9ativit\u00e9 dont on fait preuve. Amandine Lepers, architecte \u00e9lev\u00e9e \u00e0 la montagne part pour l&#039;Himalaya\" \/>\n<meta property=\"og:url\" content=\"https:\/\/archibat.com\/blog\/amandine-lepers-marche-lhimalaya\/\" \/>\n<meta property=\"og:site_name\" content=\"ArchiBat Mag\" \/>\n<meta property=\"article:published_time\" content=\"2018-01-16T17:03:34+00:00\" \/>\n<meta property=\"article:modified_time\" content=\"2018-12-03T14:27:55+00:00\" \/>\n<meta property=\"og:image\" content=\"https:\/\/archibat.com\/blog\/wp-content\/uploads\/2018\/01\/Fotolia_78511756_S-2.jpg\" \/>\n\t<meta property=\"og:image:width\" content=\"849\" \/>\n\t<meta property=\"og:image:height\" content=\"566\" \/>\n\t<meta property=\"og:image:type\" content=\"image\/jpeg\" \/>\n<meta name=\"author\" content=\"communication\" \/>\n<meta name=\"twitter:card\" content=\"summary_large_image\" \/>\n<meta name=\"twitter:label1\" content=\"\u00c9crit par\" \/>\n\t<meta name=\"twitter:data1\" content=\"communication\" \/>\n\t<meta name=\"twitter:label2\" content=\"Dur\u00e9e de lecture estim\u00e9e\" \/>\n\t<meta name=\"twitter:data2\" content=\"3 minutes\" \/>\n<script type=\"application\/ld+json\" class=\"yoast-schema-graph\">{\"@context\":\"https:\/\/schema.org\",\"@graph\":[{\"@type\":\"WebPage\",\"@id\":\"https:\/\/archibat.com\/blog\/amandine-lepers-marche-lhimalaya\/\",\"url\":\"https:\/\/archibat.com\/blog\/amandine-lepers-marche-lhimalaya\/\",\"name\":\"Amandine Lepers : en marche dans l\u2019Himalaya &#8211; ArchiBat Mag\",\"isPartOf\":{\"@id\":\"https:\/\/archibat.com\/blog\/#website\"},\"primaryImageOfPage\":{\"@id\":\"https:\/\/archibat.com\/blog\/amandine-lepers-marche-lhimalaya\/#primaryimage\"},\"image\":{\"@id\":\"https:\/\/archibat.com\/blog\/amandine-lepers-marche-lhimalaya\/#primaryimage\"},\"thumbnailUrl\":\"https:\/\/archibat.com\/blog\/wp-content\/uploads\/2018\/01\/Fotolia_78511756_S-2.jpg\",\"datePublished\":\"2018-01-16T17:03:34+00:00\",\"dateModified\":\"2018-12-03T14:27:55+00:00\",\"author\":{\"@id\":\"https:\/\/archibat.com\/blog\/#\/schema\/person\/c246f0d63b5e719c2cbe4f9bd494bf12\"},\"description\":\"L'environnement dans lequel on \u00e9volue influence la cr\u00e9ativit\u00e9 dont on fait preuve. Amandine Lepers, architecte \u00e9lev\u00e9e \u00e0 la montagne part pour l'Himalaya\",\"breadcrumb\":{\"@id\":\"https:\/\/archibat.com\/blog\/amandine-lepers-marche-lhimalaya\/#breadcrumb\"},\"inLanguage\":\"fr-FR\",\"potentialAction\":[{\"@type\":\"ReadAction\",\"target\":[\"https:\/\/archibat.com\/blog\/amandine-lepers-marche-lhimalaya\/\"]}]},{\"@type\":\"ImageObject\",\"inLanguage\":\"fr-FR\",\"@id\":\"https:\/\/archibat.com\/blog\/amandine-lepers-marche-lhimalaya\/#primaryimage\",\"url\":\"https:\/\/archibat.com\/blog\/wp-content\/uploads\/2018\/01\/Fotolia_78511756_S-2.jpg\",\"contentUrl\":\"https:\/\/archibat.com\/blog\/wp-content\/uploads\/2018\/01\/Fotolia_78511756_S-2.jpg\",\"width\":849,\"height\":566},{\"@type\":\"BreadcrumbList\",\"@id\":\"https:\/\/archibat.com\/blog\/amandine-lepers-marche-lhimalaya\/#breadcrumb\",\"itemListElement\":[{\"@type\":\"ListItem\",\"position\":1,\"name\":\"Home\",\"item\":\"https:\/\/archibat.com\/blog\/\"},{\"@type\":\"ListItem\",\"position\":2,\"name\":\"Amandine Lepers : en marche dans l\u2019Himalaya\"}]},{\"@type\":\"WebSite\",\"@id\":\"https:\/\/archibat.com\/blog\/#website\",\"url\":\"https:\/\/archibat.com\/blog\/\",\"name\":\"ArchiBat Mag\",\"description\":\"Vous souhaitez connaitre les derni\u00e8res actualit\u00e9s sur l\u2019Architecture, le Design ou les Ressources Humaines ? D\u00e9couvrez ArchiBat Mag, le magazine d\u00e9di\u00e9 aux m\u00e9tiers de l&#039;Architecture et de l&#039;Ing\u00e9nierie.\",\"potentialAction\":[{\"@type\":\"SearchAction\",\"target\":{\"@type\":\"EntryPoint\",\"urlTemplate\":\"https:\/\/archibat.com\/blog\/?s={search_term_string}\"},\"query-input\":{\"@type\":\"PropertyValueSpecification\",\"valueRequired\":true,\"valueName\":\"search_term_string\"}}],\"inLanguage\":\"fr-FR\"},{\"@type\":\"Person\",\"@id\":\"https:\/\/archibat.com\/blog\/#\/schema\/person\/c246f0d63b5e719c2cbe4f9bd494bf12\",\"name\":\"communication\"}]}<\/script>\n<!-- \/ Yoast SEO plugin. -->","yoast_head_json":{"title":"Amandine Lepers : en marche dans l\u2019Himalaya &#8211; ArchiBat Mag","description":"L'environnement dans lequel on \u00e9volue influence la cr\u00e9ativit\u00e9 dont on fait preuve. Amandine Lepers, architecte \u00e9lev\u00e9e \u00e0 la montagne part pour l'Himalaya","robots":{"index":"index","follow":"follow","max-snippet":"max-snippet:-1","max-image-preview":"max-image-preview:large","max-video-preview":"max-video-preview:-1"},"canonical":"https:\/\/archibat.com\/blog\/amandine-lepers-marche-lhimalaya\/","og_locale":"fr_FR","og_type":"article","og_title":"Amandine Lepers : en marche dans l\u2019Himalaya &#8211; ArchiBat Mag","og_description":"L'environnement dans lequel on \u00e9volue influence la cr\u00e9ativit\u00e9 dont on fait preuve. Amandine Lepers, architecte \u00e9lev\u00e9e \u00e0 la montagne part pour l'Himalaya","og_url":"https:\/\/archibat.com\/blog\/amandine-lepers-marche-lhimalaya\/","og_site_name":"ArchiBat Mag","article_published_time":"2018-01-16T17:03:34+00:00","article_modified_time":"2018-12-03T14:27:55+00:00","og_image":[{"width":849,"height":566,"url":"https:\/\/archibat.com\/blog\/wp-content\/uploads\/2018\/01\/Fotolia_78511756_S-2.jpg","type":"image\/jpeg"}],"author":"communication","twitter_card":"summary_large_image","twitter_misc":{"\u00c9crit par":"communication","Dur\u00e9e de lecture estim\u00e9e":"3 minutes"},"schema":{"@context":"https:\/\/schema.org","@graph":[{"@type":"WebPage","@id":"https:\/\/archibat.com\/blog\/amandine-lepers-marche-lhimalaya\/","url":"https:\/\/archibat.com\/blog\/amandine-lepers-marche-lhimalaya\/","name":"Amandine Lepers : en marche dans l\u2019Himalaya &#8211; ArchiBat Mag","isPartOf":{"@id":"https:\/\/archibat.com\/blog\/#website"},"primaryImageOfPage":{"@id":"https:\/\/archibat.com\/blog\/amandine-lepers-marche-lhimalaya\/#primaryimage"},"image":{"@id":"https:\/\/archibat.com\/blog\/amandine-lepers-marche-lhimalaya\/#primaryimage"},"thumbnailUrl":"https:\/\/archibat.com\/blog\/wp-content\/uploads\/2018\/01\/Fotolia_78511756_S-2.jpg","datePublished":"2018-01-16T17:03:34+00:00","dateModified":"2018-12-03T14:27:55+00:00","author":{"@id":"https:\/\/archibat.com\/blog\/#\/schema\/person\/c246f0d63b5e719c2cbe4f9bd494bf12"},"description":"L'environnement dans lequel on \u00e9volue influence la cr\u00e9ativit\u00e9 dont on fait preuve. Amandine Lepers, architecte \u00e9lev\u00e9e \u00e0 la montagne part pour l'Himalaya","breadcrumb":{"@id":"https:\/\/archibat.com\/blog\/amandine-lepers-marche-lhimalaya\/#breadcrumb"},"inLanguage":"fr-FR","potentialAction":[{"@type":"ReadAction","target":["https:\/\/archibat.com\/blog\/amandine-lepers-marche-lhimalaya\/"]}]},{"@type":"ImageObject","inLanguage":"fr-FR","@id":"https:\/\/archibat.com\/blog\/amandine-lepers-marche-lhimalaya\/#primaryimage","url":"https:\/\/archibat.com\/blog\/wp-content\/uploads\/2018\/01\/Fotolia_78511756_S-2.jpg","contentUrl":"https:\/\/archibat.com\/blog\/wp-content\/uploads\/2018\/01\/Fotolia_78511756_S-2.jpg","width":849,"height":566},{"@type":"BreadcrumbList","@id":"https:\/\/archibat.com\/blog\/amandine-lepers-marche-lhimalaya\/#breadcrumb","itemListElement":[{"@type":"ListItem","position":1,"name":"Home","item":"https:\/\/archibat.com\/blog\/"},{"@type":"ListItem","position":2,"name":"Amandine Lepers : en marche dans l\u2019Himalaya"}]},{"@type":"WebSite","@id":"https:\/\/archibat.com\/blog\/#website","url":"https:\/\/archibat.com\/blog\/","name":"ArchiBat Mag","description":"Vous souhaitez connaitre les derni\u00e8res actualit\u00e9s sur l\u2019Architecture, le Design ou les Ressources Humaines ? D\u00e9couvrez ArchiBat Mag, le magazine d\u00e9di\u00e9 aux m\u00e9tiers de l&#039;Architecture et de l&#039;Ing\u00e9nierie.","potentialAction":[{"@type":"SearchAction","target":{"@type":"EntryPoint","urlTemplate":"https:\/\/archibat.com\/blog\/?s={search_term_string}"},"query-input":{"@type":"PropertyValueSpecification","valueRequired":true,"valueName":"search_term_string"}}],"inLanguage":"fr-FR"},{"@type":"Person","@id":"https:\/\/archibat.com\/blog\/#\/schema\/person\/c246f0d63b5e719c2cbe4f9bd494bf12","name":"communication"}]}},"_links":{"self":[{"href":"https:\/\/archibat.com\/blog\/wp-json\/wp\/v2\/posts\/3925","targetHints":{"allow":["GET"]}}],"collection":[{"href":"https:\/\/archibat.com\/blog\/wp-json\/wp\/v2\/posts"}],"about":[{"href":"https:\/\/archibat.com\/blog\/wp-json\/wp\/v2\/types\/post"}],"author":[{"embeddable":true,"href":"https:\/\/archibat.com\/blog\/wp-json\/wp\/v2\/users\/2"}],"replies":[{"embeddable":true,"href":"https:\/\/archibat.com\/blog\/wp-json\/wp\/v2\/comments?post=3925"}],"version-history":[{"count":3,"href":"https:\/\/archibat.com\/blog\/wp-json\/wp\/v2\/posts\/3925\/revisions"}],"predecessor-version":[{"id":8326,"href":"https:\/\/archibat.com\/blog\/wp-json\/wp\/v2\/posts\/3925\/revisions\/8326"}],"wp:featuredmedia":[{"embeddable":true,"href":"https:\/\/archibat.com\/blog\/wp-json\/wp\/v2\/media\/3926"}],"wp:attachment":[{"href":"https:\/\/archibat.com\/blog\/wp-json\/wp\/v2\/media?parent=3925"}],"wp:term":[{"taxonomy":"category","embeddable":true,"href":"https:\/\/archibat.com\/blog\/wp-json\/wp\/v2\/categories?post=3925"},{"taxonomy":"post_tag","embeddable":true,"href":"https:\/\/archibat.com\/blog\/wp-json\/wp\/v2\/tags?post=3925"}],"curies":[{"name":"wp","href":"https:\/\/api.w.org\/{rel}","templated":true}]}}