{"id":421,"date":"2015-02-04T10:38:22","date_gmt":"2015-02-04T09:38:22","guid":{"rendered":"https:\/\/www.archibat.com\/blog\/?p=421"},"modified":"2018-11-15T18:06:16","modified_gmt":"2018-11-15T17:06:16","slug":"les-toits-de-paris-bientot-classes-patrimoine-mondial-lunesco","status":"publish","type":"post","link":"https:\/\/archibat.com\/blog\/les-toits-de-paris-bientot-classes-patrimoine-mondial-lunesco\/","title":{"rendered":"Les toits de Paris\u00a0: bient\u00f4t class\u00e9s patrimoine mondial de l&rsquo;UNESCO\u00a0?"},"content":{"rendered":"<p>Sous le ciel de Paris, un tr\u00e9sor&#8230; Les toits de Paris, bient\u00f4t class\u00e9s patrimoine mondial de l&rsquo;UNESCO\u00a0? C&rsquo;est le projet ambitieux initi\u00e9 par la maire du IXe arrondissement de Paris, Delphine B\u00fcrkli. Apr\u00e8s avoir re\u00e7u le vote unanime de soutien du Conseil de Paris en septembre dernier, le coup d&rsquo;envoi officiel de la candidature sera donn\u00e9 le 5 f\u00e9vrier.<\/p>\n<h2>Un hommage artistique et architectural aux toits de Paris<\/h2>\n<p>Les toits parisiens en zinc et en ardoise ont inspir\u00e9s de nombreux artistes\u00a0: parmi eux les peintres Van gogh (Vues de Paris), Caillebotte (Vue de toits), le cin\u00e9aste Truffaut et ses vues des toits de Paris\u00a0dans <em>Baisers Vol\u00e9s<\/em> ou encore le photographe Andr\u00e9 Kert\u00e9sz&#8230; Loin de l&rsquo;impression de grandeur titanesque des gratte-ciel am\u00e9ricains, les toits de Paris se distinguent par leur discontinuit\u00e9, leurs mati\u00e8res et parviennent \u00e0 d\u00e9gager une certaine harmonie.<\/p>\n<p>L&rsquo;objectif affich\u00e9 de la candidature est de prot\u00e9ger et mettre en valeur les toits sur le plan touristique. \u00ab Nous voulons mettre en valeur un patrimoine m\u00e9connu et inaccessible pour aider Paris \u00e0 innover en apportant un nouvel usage \u00e0 cette cinqui\u00e8me fa\u00e7ade \u00bb, <a href=\"http:\/\/www.20minutes.fr\/paris\/1526959-20150127-candidature-toits-paris-unesco-aucune-contrainte-matiere-amenagement\" target=\"_blank\" rel=\"noopener\">explique <\/a>Delphine B\u00fcrkli. Elle entend valoriser un patrimoine historique, h\u00e9rit\u00e9 en partie des grand travaux de r\u00e9novation men\u00e9s par le Baron Hausmann au second empire. S&rsquo;appuyant sur le succ\u00e8s r\u00e9cent des rooftops, elle propose la cr\u00e9ation de points de vue, de lieux sportifs ou festifs ou encore d&rsquo;encourager l&rsquo;utilisation des toits pour l&rsquo;agriculture urbaine.<\/p>\n<h2>Les initiatives autour du lancement de la candidature<\/h2>\n<p>Dans le cadre de la candidature des toits de Paris au patrimoine mondial de l\u2019UNESCO, la mairie du IXe organise une soir\u00e9e le 5 f\u00e9vrier pour le lancement du comit\u00e9 de soutien \u00e0 la candidature. Ce comit\u00e9 est destin\u00e9 principalement \u00e0 convaincre l\u2019\u00c9tat fran\u00e7ais d&rsquo;inscrire les toits de Paris sur la liste indicative des biens fran\u00e7ais au patrimoine mondial et de les s\u00e9lectionner pour les pr\u00e9senter aupr\u00e8s de l&rsquo;UNESCO. Il sera pr\u00e9sid\u00e9 par le journaliste et photographe Gilles Mermet, auteur du livre \u00ab\u00a0Les toits de Paris ou l&rsquo;art des couvreurs\u00a0\u00bb, et parrain\u00e9 par le GCCP (Syndicat des entreprises de g\u00e9nie climatique et de couverture plomberie).<\/p>\n<p>Lors de cette <a href=\"http:\/\/www.mairie9.paris.fr\/mairie09\/jsp\/site\/Portal.jsp?document_id=17180&amp;portlet_id=133&amp;comment=1&amp;current_page_id=53\" target=\"_blank\" rel=\"noopener\">soir\u00e9e<\/a>, sera pr\u00e9sent\u00e9 le documentaire \u00ab\u00a0Sur les Toits de Paris\u00a0\u00bb de Morad A\u00eft-Habbouche qui sera suivi d&rsquo;une conf\u00e9rence. Pour les amoureux du paysage parisien, d\u00e9couvrez <a href=\"https:\/\/www.facebook.com\/video.php?v=10151792170022205\" target=\"_blank\" rel=\"noopener\">la bande-annonce officielle<\/a> du documentaire !<\/p>\n<p>&nbsp;<\/p>\n<p><strong>Et apr\u00e8s les toits de Paris\u00a0? Les fa\u00e7ades haussmanniennes\u00a0patrimoine mondiale de l&rsquo;UNESCO ? Les bistrots parisiens\u00a0? Partagez vos suggestions\u00a0!<\/strong><\/p>\n","protected":false},"excerpt":{"rendered":"<p>Sous le ciel de Paris, un tr\u00e9sor&#8230; Les toits de Paris, bient\u00f4t class\u00e9s patrimoine mondial de l&rsquo;UNESCO\u00a0? C&rsquo;est le projet ambitieux initi\u00e9 par la maire\u2026<\/p>\n","protected":false},"author":2,"featured_media":423,"comment_status":"closed","ping_status":"closed","sticky":false,"template":"","format":"standard","meta":{"_acf_changed":false,"footnotes":""},"categories":[3],"tags":[],"class_list":["post-421","post","type-post","status-publish","format-standard","has-post-thumbnail","hentry","category-architecture-et-design"],"acf":[],"yoast_head":"<!-- This site is optimized with the Yoast SEO plugin v24.8.1 - https:\/\/yoast.com\/wordpress\/plugins\/seo\/ -->\n<title>Les toits de Paris\u00a0: bient\u00f4t class\u00e9s patrimoine mondial de l&#039;UNESCO\u00a0? &#8211; ArchiBat Mag<\/title>\n<meta name=\"description\" content=\"Sous le ciel de Paris, un tr\u00e9sor... Les toits de Paris, bient\u00f4t class\u00e9s patrimoine mondial de l&#039;UNESCO ? C&#039;est le projet ambitieux initi\u00e9 par la maire du...\" \/>\n<meta name=\"robots\" content=\"index, follow, max-snippet:-1, max-image-preview:large, max-video-preview:-1\" \/>\n<link rel=\"canonical\" href=\"https:\/\/archibat.com\/blog\/les-toits-de-paris-bientot-classes-patrimoine-mondial-lunesco\/\" \/>\n<meta property=\"og:locale\" content=\"fr_FR\" \/>\n<meta property=\"og:type\" content=\"article\" \/>\n<meta property=\"og:title\" content=\"Les toits de Paris\u00a0: bient\u00f4t class\u00e9s patrimoine mondial de l&#039;UNESCO\u00a0? &#8211; ArchiBat Mag\" \/>\n<meta property=\"og:description\" content=\"Sous le ciel de Paris, un tr\u00e9sor... Les toits de Paris, bient\u00f4t class\u00e9s patrimoine mondial de l&#039;UNESCO ? C&#039;est le projet ambitieux initi\u00e9 par la maire du...\" \/>\n<meta property=\"og:url\" content=\"https:\/\/archibat.com\/blog\/les-toits-de-paris-bientot-classes-patrimoine-mondial-lunesco\/\" \/>\n<meta property=\"og:site_name\" content=\"ArchiBat Mag\" \/>\n<meta property=\"article:published_time\" content=\"2015-02-04T09:38:22+00:00\" \/>\n<meta property=\"article:modified_time\" content=\"2018-11-15T17:06:16+00:00\" \/>\n<meta property=\"og:image\" content=\"https:\/\/archibat.com\/blog\/wp-content\/uploads\/2015\/02\/toits-de-paris-2.jpg\" \/>\n\t<meta property=\"og:image:width\" content=\"635\" \/>\n\t<meta property=\"og:image:height\" content=\"357\" \/>\n\t<meta property=\"og:image:type\" content=\"image\/jpeg\" \/>\n<meta name=\"author\" content=\"communication\" \/>\n<meta name=\"twitter:card\" content=\"summary_large_image\" \/>\n<meta name=\"twitter:label1\" content=\"\u00c9crit par\" \/>\n\t<meta name=\"twitter:data1\" content=\"communication\" \/>\n\t<meta name=\"twitter:label2\" content=\"Dur\u00e9e de lecture estim\u00e9e\" \/>\n\t<meta name=\"twitter:data2\" content=\"2 minutes\" \/>\n<script type=\"application\/ld+json\" class=\"yoast-schema-graph\">{\"@context\":\"https:\/\/schema.org\",\"@graph\":[{\"@type\":\"WebPage\",\"@id\":\"https:\/\/archibat.com\/blog\/les-toits-de-paris-bientot-classes-patrimoine-mondial-lunesco\/\",\"url\":\"https:\/\/archibat.com\/blog\/les-toits-de-paris-bientot-classes-patrimoine-mondial-lunesco\/\",\"name\":\"Les toits de Paris\u00a0: bient\u00f4t class\u00e9s patrimoine mondial de l'UNESCO\u00a0? &#8211; ArchiBat Mag\",\"isPartOf\":{\"@id\":\"https:\/\/archibat.com\/blog\/#website\"},\"primaryImageOfPage\":{\"@id\":\"https:\/\/archibat.com\/blog\/les-toits-de-paris-bientot-classes-patrimoine-mondial-lunesco\/#primaryimage\"},\"image\":{\"@id\":\"https:\/\/archibat.com\/blog\/les-toits-de-paris-bientot-classes-patrimoine-mondial-lunesco\/#primaryimage\"},\"thumbnailUrl\":\"https:\/\/archibat.com\/blog\/wp-content\/uploads\/2015\/02\/toits-de-paris-2.jpg\",\"datePublished\":\"2015-02-04T09:38:22+00:00\",\"dateModified\":\"2018-11-15T17:06:16+00:00\",\"author\":{\"@id\":\"https:\/\/archibat.com\/blog\/#\/schema\/person\/c246f0d63b5e719c2cbe4f9bd494bf12\"},\"description\":\"Sous le ciel de Paris, un tr\u00e9sor... Les toits de Paris, bient\u00f4t class\u00e9s patrimoine mondial de l'UNESCO ? C'est le projet ambitieux initi\u00e9 par la maire du...\",\"breadcrumb\":{\"@id\":\"https:\/\/archibat.com\/blog\/les-toits-de-paris-bientot-classes-patrimoine-mondial-lunesco\/#breadcrumb\"},\"inLanguage\":\"fr-FR\",\"potentialAction\":[{\"@type\":\"ReadAction\",\"target\":[\"https:\/\/archibat.com\/blog\/les-toits-de-paris-bientot-classes-patrimoine-mondial-lunesco\/\"]}]},{\"@type\":\"ImageObject\",\"inLanguage\":\"fr-FR\",\"@id\":\"https:\/\/archibat.com\/blog\/les-toits-de-paris-bientot-classes-patrimoine-mondial-lunesco\/#primaryimage\",\"url\":\"https:\/\/archibat.com\/blog\/wp-content\/uploads\/2015\/02\/toits-de-paris-2.jpg\",\"contentUrl\":\"https:\/\/archibat.com\/blog\/wp-content\/uploads\/2015\/02\/toits-de-paris-2.jpg\",\"width\":635,\"height\":357,\"caption\":\"toits de paris\"},{\"@type\":\"BreadcrumbList\",\"@id\":\"https:\/\/archibat.com\/blog\/les-toits-de-paris-bientot-classes-patrimoine-mondial-lunesco\/#breadcrumb\",\"itemListElement\":[{\"@type\":\"ListItem\",\"position\":1,\"name\":\"Home\",\"item\":\"https:\/\/archibat.com\/blog\/\"},{\"@type\":\"ListItem\",\"position\":2,\"name\":\"Les toits de Paris\u00a0: bient\u00f4t class\u00e9s patrimoine mondial de l&rsquo;UNESCO\u00a0?\"}]},{\"@type\":\"WebSite\",\"@id\":\"https:\/\/archibat.com\/blog\/#website\",\"url\":\"https:\/\/archibat.com\/blog\/\",\"name\":\"ArchiBat Mag\",\"description\":\"Vous souhaitez connaitre les derni\u00e8res actualit\u00e9s sur l\u2019Architecture, le Design ou les Ressources Humaines ? D\u00e9couvrez ArchiBat Mag, le magazine d\u00e9di\u00e9 aux m\u00e9tiers de l&#039;Architecture et de l&#039;Ing\u00e9nierie.\",\"potentialAction\":[{\"@type\":\"SearchAction\",\"target\":{\"@type\":\"EntryPoint\",\"urlTemplate\":\"https:\/\/archibat.com\/blog\/?s={search_term_string}\"},\"query-input\":{\"@type\":\"PropertyValueSpecification\",\"valueRequired\":true,\"valueName\":\"search_term_string\"}}],\"inLanguage\":\"fr-FR\"},{\"@type\":\"Person\",\"@id\":\"https:\/\/archibat.com\/blog\/#\/schema\/person\/c246f0d63b5e719c2cbe4f9bd494bf12\",\"name\":\"communication\"}]}<\/script>\n<!-- \/ Yoast SEO plugin. -->","yoast_head_json":{"title":"Les toits de Paris\u00a0: bient\u00f4t class\u00e9s patrimoine mondial de l'UNESCO\u00a0? &#8211; ArchiBat Mag","description":"Sous le ciel de Paris, un tr\u00e9sor... Les toits de Paris, bient\u00f4t class\u00e9s patrimoine mondial de l'UNESCO ? C'est le projet ambitieux initi\u00e9 par la maire du...","robots":{"index":"index","follow":"follow","max-snippet":"max-snippet:-1","max-image-preview":"max-image-preview:large","max-video-preview":"max-video-preview:-1"},"canonical":"https:\/\/archibat.com\/blog\/les-toits-de-paris-bientot-classes-patrimoine-mondial-lunesco\/","og_locale":"fr_FR","og_type":"article","og_title":"Les toits de Paris\u00a0: bient\u00f4t class\u00e9s patrimoine mondial de l'UNESCO\u00a0? &#8211; ArchiBat Mag","og_description":"Sous le ciel de Paris, un tr\u00e9sor... Les toits de Paris, bient\u00f4t class\u00e9s patrimoine mondial de l'UNESCO ? C'est le projet ambitieux initi\u00e9 par la maire du...","og_url":"https:\/\/archibat.com\/blog\/les-toits-de-paris-bientot-classes-patrimoine-mondial-lunesco\/","og_site_name":"ArchiBat Mag","article_published_time":"2015-02-04T09:38:22+00:00","article_modified_time":"2018-11-15T17:06:16+00:00","og_image":[{"width":635,"height":357,"url":"https:\/\/archibat.com\/blog\/wp-content\/uploads\/2015\/02\/toits-de-paris-2.jpg","type":"image\/jpeg"}],"author":"communication","twitter_card":"summary_large_image","twitter_misc":{"\u00c9crit par":"communication","Dur\u00e9e de lecture estim\u00e9e":"2 minutes"},"schema":{"@context":"https:\/\/schema.org","@graph":[{"@type":"WebPage","@id":"https:\/\/archibat.com\/blog\/les-toits-de-paris-bientot-classes-patrimoine-mondial-lunesco\/","url":"https:\/\/archibat.com\/blog\/les-toits-de-paris-bientot-classes-patrimoine-mondial-lunesco\/","name":"Les toits de Paris\u00a0: bient\u00f4t class\u00e9s patrimoine mondial de l'UNESCO\u00a0? &#8211; ArchiBat Mag","isPartOf":{"@id":"https:\/\/archibat.com\/blog\/#website"},"primaryImageOfPage":{"@id":"https:\/\/archibat.com\/blog\/les-toits-de-paris-bientot-classes-patrimoine-mondial-lunesco\/#primaryimage"},"image":{"@id":"https:\/\/archibat.com\/blog\/les-toits-de-paris-bientot-classes-patrimoine-mondial-lunesco\/#primaryimage"},"thumbnailUrl":"https:\/\/archibat.com\/blog\/wp-content\/uploads\/2015\/02\/toits-de-paris-2.jpg","datePublished":"2015-02-04T09:38:22+00:00","dateModified":"2018-11-15T17:06:16+00:00","author":{"@id":"https:\/\/archibat.com\/blog\/#\/schema\/person\/c246f0d63b5e719c2cbe4f9bd494bf12"},"description":"Sous le ciel de Paris, un tr\u00e9sor... Les toits de Paris, bient\u00f4t class\u00e9s patrimoine mondial de l'UNESCO ? C'est le projet ambitieux initi\u00e9 par la maire du...","breadcrumb":{"@id":"https:\/\/archibat.com\/blog\/les-toits-de-paris-bientot-classes-patrimoine-mondial-lunesco\/#breadcrumb"},"inLanguage":"fr-FR","potentialAction":[{"@type":"ReadAction","target":["https:\/\/archibat.com\/blog\/les-toits-de-paris-bientot-classes-patrimoine-mondial-lunesco\/"]}]},{"@type":"ImageObject","inLanguage":"fr-FR","@id":"https:\/\/archibat.com\/blog\/les-toits-de-paris-bientot-classes-patrimoine-mondial-lunesco\/#primaryimage","url":"https:\/\/archibat.com\/blog\/wp-content\/uploads\/2015\/02\/toits-de-paris-2.jpg","contentUrl":"https:\/\/archibat.com\/blog\/wp-content\/uploads\/2015\/02\/toits-de-paris-2.jpg","width":635,"height":357,"caption":"toits de paris"},{"@type":"BreadcrumbList","@id":"https:\/\/archibat.com\/blog\/les-toits-de-paris-bientot-classes-patrimoine-mondial-lunesco\/#breadcrumb","itemListElement":[{"@type":"ListItem","position":1,"name":"Home","item":"https:\/\/archibat.com\/blog\/"},{"@type":"ListItem","position":2,"name":"Les toits de Paris\u00a0: bient\u00f4t class\u00e9s patrimoine mondial de l&rsquo;UNESCO\u00a0?"}]},{"@type":"WebSite","@id":"https:\/\/archibat.com\/blog\/#website","url":"https:\/\/archibat.com\/blog\/","name":"ArchiBat Mag","description":"Vous souhaitez connaitre les derni\u00e8res actualit\u00e9s sur l\u2019Architecture, le Design ou les Ressources Humaines ? D\u00e9couvrez ArchiBat Mag, le magazine d\u00e9di\u00e9 aux m\u00e9tiers de l&#039;Architecture et de l&#039;Ing\u00e9nierie.","potentialAction":[{"@type":"SearchAction","target":{"@type":"EntryPoint","urlTemplate":"https:\/\/archibat.com\/blog\/?s={search_term_string}"},"query-input":{"@type":"PropertyValueSpecification","valueRequired":true,"valueName":"search_term_string"}}],"inLanguage":"fr-FR"},{"@type":"Person","@id":"https:\/\/archibat.com\/blog\/#\/schema\/person\/c246f0d63b5e719c2cbe4f9bd494bf12","name":"communication"}]}},"_links":{"self":[{"href":"https:\/\/archibat.com\/blog\/wp-json\/wp\/v2\/posts\/421","targetHints":{"allow":["GET"]}}],"collection":[{"href":"https:\/\/archibat.com\/blog\/wp-json\/wp\/v2\/posts"}],"about":[{"href":"https:\/\/archibat.com\/blog\/wp-json\/wp\/v2\/types\/post"}],"author":[{"embeddable":true,"href":"https:\/\/archibat.com\/blog\/wp-json\/wp\/v2\/users\/2"}],"replies":[{"embeddable":true,"href":"https:\/\/archibat.com\/blog\/wp-json\/wp\/v2\/comments?post=421"}],"version-history":[{"count":2,"href":"https:\/\/archibat.com\/blog\/wp-json\/wp\/v2\/posts\/421\/revisions"}],"predecessor-version":[{"id":7575,"href":"https:\/\/archibat.com\/blog\/wp-json\/wp\/v2\/posts\/421\/revisions\/7575"}],"wp:featuredmedia":[{"embeddable":true,"href":"https:\/\/archibat.com\/blog\/wp-json\/wp\/v2\/media\/423"}],"wp:attachment":[{"href":"https:\/\/archibat.com\/blog\/wp-json\/wp\/v2\/media?parent=421"}],"wp:term":[{"taxonomy":"category","embeddable":true,"href":"https:\/\/archibat.com\/blog\/wp-json\/wp\/v2\/categories?post=421"},{"taxonomy":"post_tag","embeddable":true,"href":"https:\/\/archibat.com\/blog\/wp-json\/wp\/v2\/tags?post=421"}],"curies":[{"name":"wp","href":"https:\/\/api.w.org\/{rel}","templated":true}]}}