{"id":4255,"date":"2018-04-09T16:50:11","date_gmt":"2018-04-09T14:50:11","guid":{"rendered":"https:\/\/www.archibat.com\/blog\/?p=4255"},"modified":"2018-12-14T15:14:14","modified_gmt":"2018-12-14T14:14:14","slug":"qui-a-dit-que-les-nains-de-jardin-etaient-ringard","status":"publish","type":"post","link":"https:\/\/archibat.com\/blog\/qui-a-dit-que-les-nains-de-jardin-etaient-ringard\/","title":{"rendered":"Qui a dit que les nains de jardin \u00e9taient ringard ?!"},"content":{"rendered":"<p>Bon je vous l\u2019accorde, il ne s\u2019agit pas d\u2019un nain de jardin mais plut\u00f4t d\u2019un nain d\u2019appartement. Il est vrai qu\u2019au vu du design tr\u00e8s \u00e9pur\u00e9, ce nain-sculpture a davantage sa place dans un salon.<\/p>\n<p><img loading=\"lazy\" decoding=\"async\" src=\"https:\/\/www.archibat.com\/blog\/wp-content\/uploads\/2018\/04\/Nino-5-tt-width-620-height-414-lazyload-0-crop-1-bgcolor-000000-except_gif-1.jpg\" alt=\"\" width=\"620\" height=\"414\" \/><\/p>\n<p>Voici Nino, un nain issu de la collaboration entre la soci\u00e9t\u00e9 romaine Plato Design et le designer Pellegrino Cucciniello.<\/p>\n<p><img loading=\"lazy\" decoding=\"async\" src=\"https:\/\/www.archibat.com\/blog\/wp-content\/uploads\/2018\/04\/Nino-6-tt-width-620-height-877-lazyload-0-crop-1-bgcolor-000000-except_gif-1.jpg\" alt=\"\" width=\"620\" height=\"877\" \/><\/p>\n<p>L\u2019id\u00e9e derri\u00e8re ce nain revisit\u00e9 \u00e9tait de prouver qu\u2019un objet ou une figure consid\u00e9r\u00e9e comme kitsch, voire totalement vieillot et d\u00e9pass\u00e9, pouvait au final se r\u00e9v\u00e9ler tendance.<\/p>\n<p><img loading=\"lazy\" decoding=\"async\" src=\"https:\/\/www.archibat.com\/blog\/wp-content\/uploads\/2018\/04\/Nino-1-tt-width-620-height-930-lazyload-0-crop-1-bgcolor-000000-except_gif-1.jpg\" alt=\"\" width=\"620\" height=\"930\" \/><\/p>\n<p>Et ce d\u00e9fi est savamment relev\u00e9 puisque ce nain devient un objet qui a sa place dans les plus beaux appartements, pouvant m\u00eame figurer en couverture des magazines de d\u00e9coration d\u2019int\u00e9rieur les plus tendances.<\/p>\n<p><img loading=\"lazy\" decoding=\"async\" src=\"https:\/\/www.archibat.com\/blog\/wp-content\/uploads\/2018\/04\/Nino-12-tt-width-620-height-414-lazyload-0-crop-1-bgcolor-000000-except_gif-1.jpg\" alt=\"\" width=\"620\" height=\"414\" \/><\/p>\n<p>Taill\u00e9 en b\u00e9ton, il se mariera parfaitement avec tout type d\u2019int\u00e9rieur. Son aspect brut, ses formes anguleuses et ses couleurs plut\u00f4t discr\u00e8tes, compar\u00e9es aux nains classiques, pourront venir habiller un mur immacul\u00e9 ou au contraire rejoindre d\u2019autres objets design.<\/p>\n<p><img loading=\"lazy\" decoding=\"async\" src=\"https:\/\/www.archibat.com\/blog\/wp-content\/uploads\/2018\/04\/Nino-7-tt-width-620-height-355-lazyload-0-crop-1-bgcolor-000000-except_gif-1.jpg\" alt=\"\" width=\"620\" height=\"355\" \/><\/p>\n<p>Et voil\u00e0, si vous souhaitez commander en avance votre Nino pour qu\u2019il puisse surveiller votre maison, rendez-vous sur <a href=\"https:\/\/www.platodesign.it\/nino-garden-gnome\/\" target=\"_blank\" rel=\"noopener\">https:\/\/www.platodesign.it\/nino-garden-gnome\/<\/a>, vous b\u00e9n\u00e9ficierez m\u00eame de 30% de r\u00e9duction !<\/p>\n<p><img loading=\"lazy\" decoding=\"async\" src=\"https:\/\/www.archibat.com\/blog\/wp-content\/uploads\/2018\/04\/Nino-11-tt-width-620-height-414-lazyload-0-crop-1-bgcolor-000000-except_gif-1.jpg\" alt=\"\" width=\"620\" height=\"414\" \/><br \/>\n<img loading=\"lazy\" decoding=\"async\" src=\"https:\/\/www.archibat.com\/blog\/wp-content\/uploads\/2018\/04\/Nino-17-tt-width-620-height-466-lazyload-0-crop-1-bgcolor-000000-except_gif-1.jpg\" alt=\"\" width=\"620\" height=\"466\" \/><\/p>\n<p><img loading=\"lazy\" decoding=\"async\" src=\"https:\/\/www.archibat.com\/blog\/wp-content\/uploads\/2018\/04\/Nino-14-tt-width-620-height-877-lazyload-0-crop-1-bgcolor-000000-except_gif-1.jpg\" alt=\"\" width=\"620\" height=\"877\" \/><br \/>\n<img loading=\"lazy\" decoding=\"async\" src=\"https:\/\/www.archibat.com\/blog\/wp-content\/uploads\/2018\/04\/Nino-13-tt-width-620-height-877-lazyload-0-crop-1-bgcolor-000000-except_gif-1.jpg\" alt=\"\" width=\"620\" height=\"877\" \/><br \/>\n<img loading=\"lazy\" decoding=\"async\" src=\"https:\/\/www.archibat.com\/blog\/wp-content\/uploads\/2018\/04\/Nino-15-tt-width-620-height-877-lazyload-0-crop-1-bgcolor-000000-except_gif-1.jpg\" alt=\"\" width=\"620\" height=\"877\" \/><\/p>\n","protected":false},"excerpt":{"rendered":"<p>Bon je vous l\u2019accorde, il ne s\u2019agit pas d\u2019un nain de jardin mais plut\u00f4t d\u2019un nain d\u2019appartement. Il est vrai qu\u2019au vu du design tr\u00e8s\u2026<\/p>\n","protected":false},"author":2,"featured_media":4263,"comment_status":"closed","ping_status":"closed","sticky":false,"template":"","format":"standard","meta":{"_acf_changed":false,"footnotes":""},"categories":[3],"tags":[1821,1228,1928,1930,1929],"class_list":["post-4255","post","type-post","status-publish","format-standard","has-post-thumbnail","hentry","category-architecture-et-design","tag-architecture-dinterieur","tag-design","tag-nain-de-jardin","tag-pellegrino-cucciniello","tag-plato-design"],"acf":[],"yoast_head":"<!-- This site is optimized with the Yoast SEO plugin v24.8.1 - https:\/\/yoast.com\/wordpress\/plugins\/seo\/ -->\n<title>Qui a dit que les nains de jardin \u00e9taient ringard ?! &#8211; ArchiBat Mag<\/title>\n<meta name=\"description\" content=\"Poss\u00e9der des nains de jardin, cela est ringard au yeux de tous. Mais aujourd&#039;hui vous allez d\u00e9couvrir des nains de jardin que l&#039;on souhaiterait tous avoir dans son int\u00e9rieur. Design, \u00e9pur\u00e9, tendance et presque attachant, voici Nino !\" \/>\n<meta name=\"robots\" content=\"index, follow, max-snippet:-1, max-image-preview:large, max-video-preview:-1\" \/>\n<link rel=\"canonical\" href=\"https:\/\/archibat.com\/blog\/qui-a-dit-que-les-nains-de-jardin-etaient-ringard\/\" \/>\n<meta property=\"og:locale\" content=\"fr_FR\" \/>\n<meta property=\"og:type\" content=\"article\" \/>\n<meta property=\"og:title\" content=\"Qui a dit que les nains de jardin \u00e9taient ringard ?! &#8211; ArchiBat Mag\" \/>\n<meta property=\"og:description\" content=\"Poss\u00e9der des nains de jardin, cela est ringard au yeux de tous. Mais aujourd&#039;hui vous allez d\u00e9couvrir des nains de jardin que l&#039;on souhaiterait tous avoir dans son int\u00e9rieur. Design, \u00e9pur\u00e9, tendance et presque attachant, voici Nino !\" \/>\n<meta property=\"og:url\" content=\"https:\/\/archibat.com\/blog\/qui-a-dit-que-les-nains-de-jardin-etaient-ringard\/\" \/>\n<meta property=\"og:site_name\" content=\"ArchiBat Mag\" \/>\n<meta property=\"article:published_time\" content=\"2018-04-09T14:50:11+00:00\" \/>\n<meta property=\"article:modified_time\" content=\"2018-12-14T14:14:14+00:00\" \/>\n<meta property=\"og:image\" content=\"https:\/\/archibat.com\/blog\/wp-content\/uploads\/2018\/04\/Nino-16-tt-width-620-height-877-lazyload-0-crop-1-bgcolor-000000-except_gif-1-3.jpg\" \/>\n\t<meta property=\"og:image:width\" content=\"618\" \/>\n\t<meta property=\"og:image:height\" content=\"532\" \/>\n\t<meta property=\"og:image:type\" content=\"image\/jpeg\" \/>\n<meta name=\"author\" content=\"communication\" \/>\n<meta name=\"twitter:card\" content=\"summary_large_image\" \/>\n<meta name=\"twitter:label1\" content=\"\u00c9crit par\" \/>\n\t<meta name=\"twitter:data1\" content=\"communication\" \/>\n\t<meta name=\"twitter:label2\" content=\"Dur\u00e9e de lecture estim\u00e9e\" \/>\n\t<meta name=\"twitter:data2\" content=\"1 minute\" \/>\n<script type=\"application\/ld+json\" class=\"yoast-schema-graph\">{\"@context\":\"https:\/\/schema.org\",\"@graph\":[{\"@type\":\"WebPage\",\"@id\":\"https:\/\/archibat.com\/blog\/qui-a-dit-que-les-nains-de-jardin-etaient-ringard\/\",\"url\":\"https:\/\/archibat.com\/blog\/qui-a-dit-que-les-nains-de-jardin-etaient-ringard\/\",\"name\":\"Qui a dit que les nains de jardin \u00e9taient ringard ?! &#8211; ArchiBat Mag\",\"isPartOf\":{\"@id\":\"https:\/\/archibat.com\/blog\/#website\"},\"primaryImageOfPage\":{\"@id\":\"https:\/\/archibat.com\/blog\/qui-a-dit-que-les-nains-de-jardin-etaient-ringard\/#primaryimage\"},\"image\":{\"@id\":\"https:\/\/archibat.com\/blog\/qui-a-dit-que-les-nains-de-jardin-etaient-ringard\/#primaryimage\"},\"thumbnailUrl\":\"https:\/\/archibat.com\/blog\/wp-content\/uploads\/2018\/04\/Nino-16-tt-width-620-height-877-lazyload-0-crop-1-bgcolor-000000-except_gif-1-3.jpg\",\"datePublished\":\"2018-04-09T14:50:11+00:00\",\"dateModified\":\"2018-12-14T14:14:14+00:00\",\"author\":{\"@id\":\"https:\/\/archibat.com\/blog\/#\/schema\/person\/c246f0d63b5e719c2cbe4f9bd494bf12\"},\"description\":\"Poss\u00e9der des nains de jardin, cela est ringard au yeux de tous. Mais aujourd'hui vous allez d\u00e9couvrir des nains de jardin que l'on souhaiterait tous avoir dans son int\u00e9rieur. Design, \u00e9pur\u00e9, tendance et presque attachant, voici Nino !\",\"breadcrumb\":{\"@id\":\"https:\/\/archibat.com\/blog\/qui-a-dit-que-les-nains-de-jardin-etaient-ringard\/#breadcrumb\"},\"inLanguage\":\"fr-FR\",\"potentialAction\":[{\"@type\":\"ReadAction\",\"target\":[\"https:\/\/archibat.com\/blog\/qui-a-dit-que-les-nains-de-jardin-etaient-ringard\/\"]}]},{\"@type\":\"ImageObject\",\"inLanguage\":\"fr-FR\",\"@id\":\"https:\/\/archibat.com\/blog\/qui-a-dit-que-les-nains-de-jardin-etaient-ringard\/#primaryimage\",\"url\":\"https:\/\/archibat.com\/blog\/wp-content\/uploads\/2018\/04\/Nino-16-tt-width-620-height-877-lazyload-0-crop-1-bgcolor-000000-except_gif-1-3.jpg\",\"contentUrl\":\"https:\/\/archibat.com\/blog\/wp-content\/uploads\/2018\/04\/Nino-16-tt-width-620-height-877-lazyload-0-crop-1-bgcolor-000000-except_gif-1-3.jpg\",\"width\":618,\"height\":532},{\"@type\":\"BreadcrumbList\",\"@id\":\"https:\/\/archibat.com\/blog\/qui-a-dit-que-les-nains-de-jardin-etaient-ringard\/#breadcrumb\",\"itemListElement\":[{\"@type\":\"ListItem\",\"position\":1,\"name\":\"Home\",\"item\":\"https:\/\/archibat.com\/blog\/\"},{\"@type\":\"ListItem\",\"position\":2,\"name\":\"Qui a dit que les nains de jardin \u00e9taient ringard ?!\"}]},{\"@type\":\"WebSite\",\"@id\":\"https:\/\/archibat.com\/blog\/#website\",\"url\":\"https:\/\/archibat.com\/blog\/\",\"name\":\"ArchiBat Mag\",\"description\":\"Vous souhaitez connaitre les derni\u00e8res actualit\u00e9s sur l\u2019Architecture, le Design ou les Ressources Humaines ? D\u00e9couvrez ArchiBat Mag, le magazine d\u00e9di\u00e9 aux m\u00e9tiers de l&#039;Architecture et de l&#039;Ing\u00e9nierie.\",\"potentialAction\":[{\"@type\":\"SearchAction\",\"target\":{\"@type\":\"EntryPoint\",\"urlTemplate\":\"https:\/\/archibat.com\/blog\/?s={search_term_string}\"},\"query-input\":{\"@type\":\"PropertyValueSpecification\",\"valueRequired\":true,\"valueName\":\"search_term_string\"}}],\"inLanguage\":\"fr-FR\"},{\"@type\":\"Person\",\"@id\":\"https:\/\/archibat.com\/blog\/#\/schema\/person\/c246f0d63b5e719c2cbe4f9bd494bf12\",\"name\":\"communication\"}]}<\/script>\n<!-- \/ Yoast SEO plugin. -->","yoast_head_json":{"title":"Qui a dit que les nains de jardin \u00e9taient ringard ?! &#8211; ArchiBat Mag","description":"Poss\u00e9der des nains de jardin, cela est ringard au yeux de tous. Mais aujourd'hui vous allez d\u00e9couvrir des nains de jardin que l'on souhaiterait tous avoir dans son int\u00e9rieur. Design, \u00e9pur\u00e9, tendance et presque attachant, voici Nino !","robots":{"index":"index","follow":"follow","max-snippet":"max-snippet:-1","max-image-preview":"max-image-preview:large","max-video-preview":"max-video-preview:-1"},"canonical":"https:\/\/archibat.com\/blog\/qui-a-dit-que-les-nains-de-jardin-etaient-ringard\/","og_locale":"fr_FR","og_type":"article","og_title":"Qui a dit que les nains de jardin \u00e9taient ringard ?! &#8211; ArchiBat Mag","og_description":"Poss\u00e9der des nains de jardin, cela est ringard au yeux de tous. Mais aujourd'hui vous allez d\u00e9couvrir des nains de jardin que l'on souhaiterait tous avoir dans son int\u00e9rieur. Design, \u00e9pur\u00e9, tendance et presque attachant, voici Nino !","og_url":"https:\/\/archibat.com\/blog\/qui-a-dit-que-les-nains-de-jardin-etaient-ringard\/","og_site_name":"ArchiBat Mag","article_published_time":"2018-04-09T14:50:11+00:00","article_modified_time":"2018-12-14T14:14:14+00:00","og_image":[{"width":618,"height":532,"url":"https:\/\/archibat.com\/blog\/wp-content\/uploads\/2018\/04\/Nino-16-tt-width-620-height-877-lazyload-0-crop-1-bgcolor-000000-except_gif-1-3.jpg","type":"image\/jpeg"}],"author":"communication","twitter_card":"summary_large_image","twitter_misc":{"\u00c9crit par":"communication","Dur\u00e9e de lecture estim\u00e9e":"1 minute"},"schema":{"@context":"https:\/\/schema.org","@graph":[{"@type":"WebPage","@id":"https:\/\/archibat.com\/blog\/qui-a-dit-que-les-nains-de-jardin-etaient-ringard\/","url":"https:\/\/archibat.com\/blog\/qui-a-dit-que-les-nains-de-jardin-etaient-ringard\/","name":"Qui a dit que les nains de jardin \u00e9taient ringard ?! &#8211; ArchiBat Mag","isPartOf":{"@id":"https:\/\/archibat.com\/blog\/#website"},"primaryImageOfPage":{"@id":"https:\/\/archibat.com\/blog\/qui-a-dit-que-les-nains-de-jardin-etaient-ringard\/#primaryimage"},"image":{"@id":"https:\/\/archibat.com\/blog\/qui-a-dit-que-les-nains-de-jardin-etaient-ringard\/#primaryimage"},"thumbnailUrl":"https:\/\/archibat.com\/blog\/wp-content\/uploads\/2018\/04\/Nino-16-tt-width-620-height-877-lazyload-0-crop-1-bgcolor-000000-except_gif-1-3.jpg","datePublished":"2018-04-09T14:50:11+00:00","dateModified":"2018-12-14T14:14:14+00:00","author":{"@id":"https:\/\/archibat.com\/blog\/#\/schema\/person\/c246f0d63b5e719c2cbe4f9bd494bf12"},"description":"Poss\u00e9der des nains de jardin, cela est ringard au yeux de tous. Mais aujourd'hui vous allez d\u00e9couvrir des nains de jardin que l'on souhaiterait tous avoir dans son int\u00e9rieur. Design, \u00e9pur\u00e9, tendance et presque attachant, voici Nino !","breadcrumb":{"@id":"https:\/\/archibat.com\/blog\/qui-a-dit-que-les-nains-de-jardin-etaient-ringard\/#breadcrumb"},"inLanguage":"fr-FR","potentialAction":[{"@type":"ReadAction","target":["https:\/\/archibat.com\/blog\/qui-a-dit-que-les-nains-de-jardin-etaient-ringard\/"]}]},{"@type":"ImageObject","inLanguage":"fr-FR","@id":"https:\/\/archibat.com\/blog\/qui-a-dit-que-les-nains-de-jardin-etaient-ringard\/#primaryimage","url":"https:\/\/archibat.com\/blog\/wp-content\/uploads\/2018\/04\/Nino-16-tt-width-620-height-877-lazyload-0-crop-1-bgcolor-000000-except_gif-1-3.jpg","contentUrl":"https:\/\/archibat.com\/blog\/wp-content\/uploads\/2018\/04\/Nino-16-tt-width-620-height-877-lazyload-0-crop-1-bgcolor-000000-except_gif-1-3.jpg","width":618,"height":532},{"@type":"BreadcrumbList","@id":"https:\/\/archibat.com\/blog\/qui-a-dit-que-les-nains-de-jardin-etaient-ringard\/#breadcrumb","itemListElement":[{"@type":"ListItem","position":1,"name":"Home","item":"https:\/\/archibat.com\/blog\/"},{"@type":"ListItem","position":2,"name":"Qui a dit que les nains de jardin \u00e9taient ringard ?!"}]},{"@type":"WebSite","@id":"https:\/\/archibat.com\/blog\/#website","url":"https:\/\/archibat.com\/blog\/","name":"ArchiBat Mag","description":"Vous souhaitez connaitre les derni\u00e8res actualit\u00e9s sur l\u2019Architecture, le Design ou les Ressources Humaines ? D\u00e9couvrez ArchiBat Mag, le magazine d\u00e9di\u00e9 aux m\u00e9tiers de l&#039;Architecture et de l&#039;Ing\u00e9nierie.","potentialAction":[{"@type":"SearchAction","target":{"@type":"EntryPoint","urlTemplate":"https:\/\/archibat.com\/blog\/?s={search_term_string}"},"query-input":{"@type":"PropertyValueSpecification","valueRequired":true,"valueName":"search_term_string"}}],"inLanguage":"fr-FR"},{"@type":"Person","@id":"https:\/\/archibat.com\/blog\/#\/schema\/person\/c246f0d63b5e719c2cbe4f9bd494bf12","name":"communication"}]}},"_links":{"self":[{"href":"https:\/\/archibat.com\/blog\/wp-json\/wp\/v2\/posts\/4255","targetHints":{"allow":["GET"]}}],"collection":[{"href":"https:\/\/archibat.com\/blog\/wp-json\/wp\/v2\/posts"}],"about":[{"href":"https:\/\/archibat.com\/blog\/wp-json\/wp\/v2\/types\/post"}],"author":[{"embeddable":true,"href":"https:\/\/archibat.com\/blog\/wp-json\/wp\/v2\/users\/2"}],"replies":[{"embeddable":true,"href":"https:\/\/archibat.com\/blog\/wp-json\/wp\/v2\/comments?post=4255"}],"version-history":[{"count":2,"href":"https:\/\/archibat.com\/blog\/wp-json\/wp\/v2\/posts\/4255\/revisions"}],"predecessor-version":[{"id":8345,"href":"https:\/\/archibat.com\/blog\/wp-json\/wp\/v2\/posts\/4255\/revisions\/8345"}],"wp:featuredmedia":[{"embeddable":true,"href":"https:\/\/archibat.com\/blog\/wp-json\/wp\/v2\/media\/4263"}],"wp:attachment":[{"href":"https:\/\/archibat.com\/blog\/wp-json\/wp\/v2\/media?parent=4255"}],"wp:term":[{"taxonomy":"category","embeddable":true,"href":"https:\/\/archibat.com\/blog\/wp-json\/wp\/v2\/categories?post=4255"},{"taxonomy":"post_tag","embeddable":true,"href":"https:\/\/archibat.com\/blog\/wp-json\/wp\/v2\/tags?post=4255"}],"curies":[{"name":"wp","href":"https:\/\/api.w.org\/{rel}","templated":true}]}}