{"id":4385,"date":"2018-05-08T14:30:02","date_gmt":"2018-05-08T13:30:02","guid":{"rendered":"https:\/\/www.archibat.com\/blog\/?p=4385"},"modified":"2018-10-27T09:52:35","modified_gmt":"2018-10-27T07:52:35","slug":"sightline-maturite-du-marche-et-prospective","status":"publish","type":"post","link":"https:\/\/archibat.com\/blog\/sightline-maturite-du-marche-et-prospective\/","title":{"rendered":"VID\u00c9O : Sightline, maturit\u00e9 du march\u00e9 et prospective"},"content":{"rendered":"<p>Sightline Group, soci\u00e9t\u00e9 de service et conseil en management, d\u00e9veloppe son expertise autour de quatre m\u00e9tiers : la strat\u00e9gie op\u00e9rationnelle BIM, le BIM management, la mod\u00e9lisation et la formation. Nous avons interrog\u00e9 Sightline Group sur la maturit\u00e9 du march\u00e9 en 2018 et voulions conna\u00eetre leur vision prospective du BIM.<\/p>\n","protected":false},"excerpt":{"rendered":"<p>Sightline Group, soci\u00e9t\u00e9 de service et conseil en management, d\u00e9veloppe son expertise autour de quatre m\u00e9tiers : la strat\u00e9gie op\u00e9rationnelle BIM, le BIM management, la\u2026<\/p>\n","protected":false},"author":2,"featured_media":5268,"comment_status":"closed","ping_status":"closed","sticky":false,"template":"","format":"video","meta":{"_acf_changed":false,"footnotes":""},"categories":[3],"tags":[1232],"class_list":["post-4385","post","type-post","status-publish","format-video","has-post-thumbnail","hentry","category-architecture-et-design","tag-bim-world","post_format-post-format-video"],"acf":[],"yoast_head":"<!-- This site is optimized with the Yoast SEO plugin v24.8.1 - https:\/\/yoast.com\/wordpress\/plugins\/seo\/ -->\n<title>VID\u00c9O : Sightline, maturit\u00e9 du march\u00e9 et prospective &#8211; ArchiBat Mag<\/title>\n<meta name=\"robots\" content=\"index, follow, max-snippet:-1, max-image-preview:large, max-video-preview:-1\" \/>\n<link rel=\"canonical\" href=\"https:\/\/archibat.com\/blog\/sightline-maturite-du-marche-et-prospective\/\" \/>\n<meta property=\"og:locale\" content=\"fr_FR\" \/>\n<meta property=\"og:type\" content=\"article\" \/>\n<meta property=\"og:title\" content=\"VID\u00c9O : Sightline, maturit\u00e9 du march\u00e9 et prospective &#8211; ArchiBat Mag\" \/>\n<meta property=\"og:description\" content=\"Sightline Group, soci\u00e9t\u00e9 de service et conseil en management, d\u00e9veloppe son expertise autour de quatre m\u00e9tiers : la strat\u00e9gie op\u00e9rationnelle BIM, le BIM management, la\u2026\" \/>\n<meta property=\"og:url\" content=\"https:\/\/archibat.com\/blog\/sightline-maturite-du-marche-et-prospective\/\" \/>\n<meta property=\"og:site_name\" content=\"ArchiBat Mag\" \/>\n<meta property=\"article:published_time\" content=\"2018-05-08T13:30:02+00:00\" \/>\n<meta property=\"article:modified_time\" content=\"2018-10-27T07:52:35+00:00\" \/>\n<meta property=\"og:image\" content=\"https:\/\/archibat.com\/blog\/wp-content\/uploads\/2018\/05\/maxresdefault-27-2.jpg\" \/>\n\t<meta property=\"og:image:width\" content=\"1280\" \/>\n\t<meta property=\"og:image:height\" content=\"720\" \/>\n\t<meta property=\"og:image:type\" content=\"image\/jpeg\" \/>\n<meta name=\"author\" content=\"communication\" \/>\n<meta name=\"twitter:card\" content=\"summary_large_image\" \/>\n<meta name=\"twitter:label1\" content=\"\u00c9crit par\" \/>\n\t<meta name=\"twitter:data1\" content=\"communication\" \/>\n<script type=\"application\/ld+json\" class=\"yoast-schema-graph\">{\"@context\":\"https:\/\/schema.org\",\"@graph\":[{\"@type\":\"WebPage\",\"@id\":\"https:\/\/archibat.com\/blog\/sightline-maturite-du-marche-et-prospective\/\",\"url\":\"https:\/\/archibat.com\/blog\/sightline-maturite-du-marche-et-prospective\/\",\"name\":\"VID\u00c9O : Sightline, maturit\u00e9 du march\u00e9 et prospective &#8211; ArchiBat Mag\",\"isPartOf\":{\"@id\":\"https:\/\/archibat.com\/blog\/#website\"},\"primaryImageOfPage\":{\"@id\":\"https:\/\/archibat.com\/blog\/sightline-maturite-du-marche-et-prospective\/#primaryimage\"},\"image\":{\"@id\":\"https:\/\/archibat.com\/blog\/sightline-maturite-du-marche-et-prospective\/#primaryimage\"},\"thumbnailUrl\":\"https:\/\/archibat.com\/blog\/wp-content\/uploads\/2018\/05\/maxresdefault-27-2.jpg\",\"datePublished\":\"2018-05-08T13:30:02+00:00\",\"dateModified\":\"2018-10-27T07:52:35+00:00\",\"author\":{\"@id\":\"https:\/\/archibat.com\/blog\/#\/schema\/person\/c246f0d63b5e719c2cbe4f9bd494bf12\"},\"breadcrumb\":{\"@id\":\"https:\/\/archibat.com\/blog\/sightline-maturite-du-marche-et-prospective\/#breadcrumb\"},\"inLanguage\":\"fr-FR\",\"potentialAction\":[{\"@type\":\"ReadAction\",\"target\":[\"https:\/\/archibat.com\/blog\/sightline-maturite-du-marche-et-prospective\/\"]}]},{\"@type\":\"ImageObject\",\"inLanguage\":\"fr-FR\",\"@id\":\"https:\/\/archibat.com\/blog\/sightline-maturite-du-marche-et-prospective\/#primaryimage\",\"url\":\"https:\/\/archibat.com\/blog\/wp-content\/uploads\/2018\/05\/maxresdefault-27-2.jpg\",\"contentUrl\":\"https:\/\/archibat.com\/blog\/wp-content\/uploads\/2018\/05\/maxresdefault-27-2.jpg\",\"width\":1280,\"height\":720},{\"@type\":\"BreadcrumbList\",\"@id\":\"https:\/\/archibat.com\/blog\/sightline-maturite-du-marche-et-prospective\/#breadcrumb\",\"itemListElement\":[{\"@type\":\"ListItem\",\"position\":1,\"name\":\"Home\",\"item\":\"https:\/\/archibat.com\/blog\/\"},{\"@type\":\"ListItem\",\"position\":2,\"name\":\"VID\u00c9O : Sightline, maturit\u00e9 du march\u00e9 et prospective\"}]},{\"@type\":\"WebSite\",\"@id\":\"https:\/\/archibat.com\/blog\/#website\",\"url\":\"https:\/\/archibat.com\/blog\/\",\"name\":\"ArchiBat Mag\",\"description\":\"Vous souhaitez connaitre les derni\u00e8res actualit\u00e9s sur l\u2019Architecture, le Design ou les Ressources Humaines ? D\u00e9couvrez ArchiBat Mag, le magazine d\u00e9di\u00e9 aux m\u00e9tiers de l&#039;Architecture et de l&#039;Ing\u00e9nierie.\",\"potentialAction\":[{\"@type\":\"SearchAction\",\"target\":{\"@type\":\"EntryPoint\",\"urlTemplate\":\"https:\/\/archibat.com\/blog\/?s={search_term_string}\"},\"query-input\":{\"@type\":\"PropertyValueSpecification\",\"valueRequired\":true,\"valueName\":\"search_term_string\"}}],\"inLanguage\":\"fr-FR\"},{\"@type\":\"Person\",\"@id\":\"https:\/\/archibat.com\/blog\/#\/schema\/person\/c246f0d63b5e719c2cbe4f9bd494bf12\",\"name\":\"communication\"}]}<\/script>\n<!-- \/ Yoast SEO plugin. -->","yoast_head_json":{"title":"VID\u00c9O : Sightline, maturit\u00e9 du march\u00e9 et prospective &#8211; ArchiBat Mag","robots":{"index":"index","follow":"follow","max-snippet":"max-snippet:-1","max-image-preview":"max-image-preview:large","max-video-preview":"max-video-preview:-1"},"canonical":"https:\/\/archibat.com\/blog\/sightline-maturite-du-marche-et-prospective\/","og_locale":"fr_FR","og_type":"article","og_title":"VID\u00c9O : Sightline, maturit\u00e9 du march\u00e9 et prospective &#8211; ArchiBat Mag","og_description":"Sightline Group, soci\u00e9t\u00e9 de service et conseil en management, d\u00e9veloppe son expertise autour de quatre m\u00e9tiers : la strat\u00e9gie op\u00e9rationnelle BIM, le BIM management, la\u2026","og_url":"https:\/\/archibat.com\/blog\/sightline-maturite-du-marche-et-prospective\/","og_site_name":"ArchiBat Mag","article_published_time":"2018-05-08T13:30:02+00:00","article_modified_time":"2018-10-27T07:52:35+00:00","og_image":[{"width":1280,"height":720,"url":"https:\/\/archibat.com\/blog\/wp-content\/uploads\/2018\/05\/maxresdefault-27-2.jpg","type":"image\/jpeg"}],"author":"communication","twitter_card":"summary_large_image","twitter_misc":{"\u00c9crit par":"communication"},"schema":{"@context":"https:\/\/schema.org","@graph":[{"@type":"WebPage","@id":"https:\/\/archibat.com\/blog\/sightline-maturite-du-marche-et-prospective\/","url":"https:\/\/archibat.com\/blog\/sightline-maturite-du-marche-et-prospective\/","name":"VID\u00c9O : Sightline, maturit\u00e9 du march\u00e9 et prospective &#8211; ArchiBat Mag","isPartOf":{"@id":"https:\/\/archibat.com\/blog\/#website"},"primaryImageOfPage":{"@id":"https:\/\/archibat.com\/blog\/sightline-maturite-du-marche-et-prospective\/#primaryimage"},"image":{"@id":"https:\/\/archibat.com\/blog\/sightline-maturite-du-marche-et-prospective\/#primaryimage"},"thumbnailUrl":"https:\/\/archibat.com\/blog\/wp-content\/uploads\/2018\/05\/maxresdefault-27-2.jpg","datePublished":"2018-05-08T13:30:02+00:00","dateModified":"2018-10-27T07:52:35+00:00","author":{"@id":"https:\/\/archibat.com\/blog\/#\/schema\/person\/c246f0d63b5e719c2cbe4f9bd494bf12"},"breadcrumb":{"@id":"https:\/\/archibat.com\/blog\/sightline-maturite-du-marche-et-prospective\/#breadcrumb"},"inLanguage":"fr-FR","potentialAction":[{"@type":"ReadAction","target":["https:\/\/archibat.com\/blog\/sightline-maturite-du-marche-et-prospective\/"]}]},{"@type":"ImageObject","inLanguage":"fr-FR","@id":"https:\/\/archibat.com\/blog\/sightline-maturite-du-marche-et-prospective\/#primaryimage","url":"https:\/\/archibat.com\/blog\/wp-content\/uploads\/2018\/05\/maxresdefault-27-2.jpg","contentUrl":"https:\/\/archibat.com\/blog\/wp-content\/uploads\/2018\/05\/maxresdefault-27-2.jpg","width":1280,"height":720},{"@type":"BreadcrumbList","@id":"https:\/\/archibat.com\/blog\/sightline-maturite-du-marche-et-prospective\/#breadcrumb","itemListElement":[{"@type":"ListItem","position":1,"name":"Home","item":"https:\/\/archibat.com\/blog\/"},{"@type":"ListItem","position":2,"name":"VID\u00c9O : Sightline, maturit\u00e9 du march\u00e9 et prospective"}]},{"@type":"WebSite","@id":"https:\/\/archibat.com\/blog\/#website","url":"https:\/\/archibat.com\/blog\/","name":"ArchiBat Mag","description":"Vous souhaitez connaitre les derni\u00e8res actualit\u00e9s sur l\u2019Architecture, le Design ou les Ressources Humaines ? D\u00e9couvrez ArchiBat Mag, le magazine d\u00e9di\u00e9 aux m\u00e9tiers de l&#039;Architecture et de l&#039;Ing\u00e9nierie.","potentialAction":[{"@type":"SearchAction","target":{"@type":"EntryPoint","urlTemplate":"https:\/\/archibat.com\/blog\/?s={search_term_string}"},"query-input":{"@type":"PropertyValueSpecification","valueRequired":true,"valueName":"search_term_string"}}],"inLanguage":"fr-FR"},{"@type":"Person","@id":"https:\/\/archibat.com\/blog\/#\/schema\/person\/c246f0d63b5e719c2cbe4f9bd494bf12","name":"communication"}]}},"_links":{"self":[{"href":"https:\/\/archibat.com\/blog\/wp-json\/wp\/v2\/posts\/4385","targetHints":{"allow":["GET"]}}],"collection":[{"href":"https:\/\/archibat.com\/blog\/wp-json\/wp\/v2\/posts"}],"about":[{"href":"https:\/\/archibat.com\/blog\/wp-json\/wp\/v2\/types\/post"}],"author":[{"embeddable":true,"href":"https:\/\/archibat.com\/blog\/wp-json\/wp\/v2\/users\/2"}],"replies":[{"embeddable":true,"href":"https:\/\/archibat.com\/blog\/wp-json\/wp\/v2\/comments?post=4385"}],"version-history":[{"count":1,"href":"https:\/\/archibat.com\/blog\/wp-json\/wp\/v2\/posts\/4385\/revisions"}],"predecessor-version":[{"id":6010,"href":"https:\/\/archibat.com\/blog\/wp-json\/wp\/v2\/posts\/4385\/revisions\/6010"}],"wp:featuredmedia":[{"embeddable":true,"href":"https:\/\/archibat.com\/blog\/wp-json\/wp\/v2\/media\/5268"}],"wp:attachment":[{"href":"https:\/\/archibat.com\/blog\/wp-json\/wp\/v2\/media?parent=4385"}],"wp:term":[{"taxonomy":"category","embeddable":true,"href":"https:\/\/archibat.com\/blog\/wp-json\/wp\/v2\/categories?post=4385"},{"taxonomy":"post_tag","embeddable":true,"href":"https:\/\/archibat.com\/blog\/wp-json\/wp\/v2\/tags?post=4385"}],"curies":[{"name":"wp","href":"https:\/\/api.w.org\/{rel}","templated":true}]}}