{"id":4394,"date":"2018-05-09T14:30:47","date_gmt":"2018-05-09T13:30:47","guid":{"rendered":"https:\/\/www.archibat.com\/blog\/?p=4394"},"modified":"2018-10-27T09:50:18","modified_gmt":"2018-10-27T07:50:18","slug":"foundation-digitalisation-et-valorisation-des-actifs","status":"publish","type":"post","link":"https:\/\/archibat.com\/blog\/foundation-digitalisation-et-valorisation-des-actifs\/","title":{"rendered":"VID\u00c9O : Foundation, digitalisation et valorisation des actifs immobiliers"},"content":{"rendered":"<p>Foundation, soci\u00e9t\u00e9 d&rsquo;ing\u00e9nierie num\u00e9rique, est int\u00e9gr\u00e9e au groupe La Fonci\u00e8re Num\u00e9rique qui accompagne la transformation num\u00e9rique du parc immobilier de ses clients. La digitalisation des actifs immobiliers permet ainsi de passer d\u2019une gestion pr\u00e9ventive \u00e0 une intelligence pr\u00e9dictive, en r\u00e9seau avec tous les acteurs de l\u2019\u00e9cosyst\u00e8me immobilier.<\/p>\n","protected":false},"excerpt":{"rendered":"<p>Foundation, soci\u00e9t\u00e9 d&rsquo;ing\u00e9nierie num\u00e9rique, est int\u00e9gr\u00e9e au groupe La Fonci\u00e8re Num\u00e9rique qui accompagne la transformation num\u00e9rique du parc immobilier de ses clients. La digitalisation des\u2026<\/p>\n","protected":false},"author":2,"featured_media":5267,"comment_status":"closed","ping_status":"closed","sticky":false,"template":"","format":"video","meta":{"_acf_changed":false,"footnotes":""},"categories":[3],"tags":[1232],"class_list":["post-4394","post","type-post","status-publish","format-video","has-post-thumbnail","hentry","category-architecture-et-design","tag-bim-world","post_format-post-format-video"],"acf":[],"yoast_head":"<!-- This site is optimized with the Yoast SEO plugin v24.8.1 - https:\/\/yoast.com\/wordpress\/plugins\/seo\/ -->\n<title>VID\u00c9O : Foundation, digitalisation et valorisation des actifs immobiliers &#8211; ArchiBat Mag<\/title>\n<meta name=\"robots\" content=\"index, follow, max-snippet:-1, max-image-preview:large, max-video-preview:-1\" \/>\n<link rel=\"canonical\" href=\"https:\/\/archibat.com\/blog\/foundation-digitalisation-et-valorisation-des-actifs\/\" \/>\n<meta property=\"og:locale\" content=\"fr_FR\" \/>\n<meta property=\"og:type\" content=\"article\" \/>\n<meta property=\"og:title\" content=\"VID\u00c9O : Foundation, digitalisation et valorisation des actifs immobiliers &#8211; ArchiBat Mag\" \/>\n<meta property=\"og:description\" content=\"Foundation, soci\u00e9t\u00e9 d&rsquo;ing\u00e9nierie num\u00e9rique, est int\u00e9gr\u00e9e au groupe La Fonci\u00e8re Num\u00e9rique qui accompagne la transformation num\u00e9rique du parc immobilier de ses clients. La digitalisation des\u2026\" \/>\n<meta property=\"og:url\" content=\"https:\/\/archibat.com\/blog\/foundation-digitalisation-et-valorisation-des-actifs\/\" \/>\n<meta property=\"og:site_name\" content=\"ArchiBat Mag\" \/>\n<meta property=\"article:published_time\" content=\"2018-05-09T13:30:47+00:00\" \/>\n<meta property=\"article:modified_time\" content=\"2018-10-27T07:50:18+00:00\" \/>\n<meta property=\"og:image\" content=\"https:\/\/archibat.com\/blog\/wp-content\/uploads\/2018\/05\/maxresdefault-26-2.jpg\" \/>\n\t<meta property=\"og:image:width\" content=\"1280\" \/>\n\t<meta property=\"og:image:height\" content=\"720\" \/>\n\t<meta property=\"og:image:type\" content=\"image\/jpeg\" \/>\n<meta name=\"author\" content=\"communication\" \/>\n<meta name=\"twitter:card\" content=\"summary_large_image\" \/>\n<meta name=\"twitter:label1\" content=\"\u00c9crit par\" \/>\n\t<meta name=\"twitter:data1\" content=\"communication\" \/>\n<script type=\"application\/ld+json\" class=\"yoast-schema-graph\">{\"@context\":\"https:\/\/schema.org\",\"@graph\":[{\"@type\":\"WebPage\",\"@id\":\"https:\/\/archibat.com\/blog\/foundation-digitalisation-et-valorisation-des-actifs\/\",\"url\":\"https:\/\/archibat.com\/blog\/foundation-digitalisation-et-valorisation-des-actifs\/\",\"name\":\"VID\u00c9O : Foundation, digitalisation et valorisation des actifs immobiliers &#8211; ArchiBat Mag\",\"isPartOf\":{\"@id\":\"https:\/\/archibat.com\/blog\/#website\"},\"primaryImageOfPage\":{\"@id\":\"https:\/\/archibat.com\/blog\/foundation-digitalisation-et-valorisation-des-actifs\/#primaryimage\"},\"image\":{\"@id\":\"https:\/\/archibat.com\/blog\/foundation-digitalisation-et-valorisation-des-actifs\/#primaryimage\"},\"thumbnailUrl\":\"https:\/\/archibat.com\/blog\/wp-content\/uploads\/2018\/05\/maxresdefault-26-2.jpg\",\"datePublished\":\"2018-05-09T13:30:47+00:00\",\"dateModified\":\"2018-10-27T07:50:18+00:00\",\"author\":{\"@id\":\"https:\/\/archibat.com\/blog\/#\/schema\/person\/c246f0d63b5e719c2cbe4f9bd494bf12\"},\"breadcrumb\":{\"@id\":\"https:\/\/archibat.com\/blog\/foundation-digitalisation-et-valorisation-des-actifs\/#breadcrumb\"},\"inLanguage\":\"fr-FR\",\"potentialAction\":[{\"@type\":\"ReadAction\",\"target\":[\"https:\/\/archibat.com\/blog\/foundation-digitalisation-et-valorisation-des-actifs\/\"]}]},{\"@type\":\"ImageObject\",\"inLanguage\":\"fr-FR\",\"@id\":\"https:\/\/archibat.com\/blog\/foundation-digitalisation-et-valorisation-des-actifs\/#primaryimage\",\"url\":\"https:\/\/archibat.com\/blog\/wp-content\/uploads\/2018\/05\/maxresdefault-26-2.jpg\",\"contentUrl\":\"https:\/\/archibat.com\/blog\/wp-content\/uploads\/2018\/05\/maxresdefault-26-2.jpg\",\"width\":1280,\"height\":720},{\"@type\":\"BreadcrumbList\",\"@id\":\"https:\/\/archibat.com\/blog\/foundation-digitalisation-et-valorisation-des-actifs\/#breadcrumb\",\"itemListElement\":[{\"@type\":\"ListItem\",\"position\":1,\"name\":\"Home\",\"item\":\"https:\/\/archibat.com\/blog\/\"},{\"@type\":\"ListItem\",\"position\":2,\"name\":\"VID\u00c9O : Foundation, digitalisation et valorisation des actifs immobiliers\"}]},{\"@type\":\"WebSite\",\"@id\":\"https:\/\/archibat.com\/blog\/#website\",\"url\":\"https:\/\/archibat.com\/blog\/\",\"name\":\"ArchiBat Mag\",\"description\":\"Vous souhaitez connaitre les derni\u00e8res actualit\u00e9s sur l\u2019Architecture, le Design ou les Ressources Humaines ? D\u00e9couvrez ArchiBat Mag, le magazine d\u00e9di\u00e9 aux m\u00e9tiers de l&#039;Architecture et de l&#039;Ing\u00e9nierie.\",\"potentialAction\":[{\"@type\":\"SearchAction\",\"target\":{\"@type\":\"EntryPoint\",\"urlTemplate\":\"https:\/\/archibat.com\/blog\/?s={search_term_string}\"},\"query-input\":{\"@type\":\"PropertyValueSpecification\",\"valueRequired\":true,\"valueName\":\"search_term_string\"}}],\"inLanguage\":\"fr-FR\"},{\"@type\":\"Person\",\"@id\":\"https:\/\/archibat.com\/blog\/#\/schema\/person\/c246f0d63b5e719c2cbe4f9bd494bf12\",\"name\":\"communication\"}]}<\/script>\n<!-- \/ Yoast SEO plugin. -->","yoast_head_json":{"title":"VID\u00c9O : Foundation, digitalisation et valorisation des actifs immobiliers &#8211; ArchiBat Mag","robots":{"index":"index","follow":"follow","max-snippet":"max-snippet:-1","max-image-preview":"max-image-preview:large","max-video-preview":"max-video-preview:-1"},"canonical":"https:\/\/archibat.com\/blog\/foundation-digitalisation-et-valorisation-des-actifs\/","og_locale":"fr_FR","og_type":"article","og_title":"VID\u00c9O : Foundation, digitalisation et valorisation des actifs immobiliers &#8211; ArchiBat Mag","og_description":"Foundation, soci\u00e9t\u00e9 d&rsquo;ing\u00e9nierie num\u00e9rique, est int\u00e9gr\u00e9e au groupe La Fonci\u00e8re Num\u00e9rique qui accompagne la transformation num\u00e9rique du parc immobilier de ses clients. La digitalisation des\u2026","og_url":"https:\/\/archibat.com\/blog\/foundation-digitalisation-et-valorisation-des-actifs\/","og_site_name":"ArchiBat Mag","article_published_time":"2018-05-09T13:30:47+00:00","article_modified_time":"2018-10-27T07:50:18+00:00","og_image":[{"width":1280,"height":720,"url":"https:\/\/archibat.com\/blog\/wp-content\/uploads\/2018\/05\/maxresdefault-26-2.jpg","type":"image\/jpeg"}],"author":"communication","twitter_card":"summary_large_image","twitter_misc":{"\u00c9crit par":"communication"},"schema":{"@context":"https:\/\/schema.org","@graph":[{"@type":"WebPage","@id":"https:\/\/archibat.com\/blog\/foundation-digitalisation-et-valorisation-des-actifs\/","url":"https:\/\/archibat.com\/blog\/foundation-digitalisation-et-valorisation-des-actifs\/","name":"VID\u00c9O : Foundation, digitalisation et valorisation des actifs immobiliers &#8211; ArchiBat Mag","isPartOf":{"@id":"https:\/\/archibat.com\/blog\/#website"},"primaryImageOfPage":{"@id":"https:\/\/archibat.com\/blog\/foundation-digitalisation-et-valorisation-des-actifs\/#primaryimage"},"image":{"@id":"https:\/\/archibat.com\/blog\/foundation-digitalisation-et-valorisation-des-actifs\/#primaryimage"},"thumbnailUrl":"https:\/\/archibat.com\/blog\/wp-content\/uploads\/2018\/05\/maxresdefault-26-2.jpg","datePublished":"2018-05-09T13:30:47+00:00","dateModified":"2018-10-27T07:50:18+00:00","author":{"@id":"https:\/\/archibat.com\/blog\/#\/schema\/person\/c246f0d63b5e719c2cbe4f9bd494bf12"},"breadcrumb":{"@id":"https:\/\/archibat.com\/blog\/foundation-digitalisation-et-valorisation-des-actifs\/#breadcrumb"},"inLanguage":"fr-FR","potentialAction":[{"@type":"ReadAction","target":["https:\/\/archibat.com\/blog\/foundation-digitalisation-et-valorisation-des-actifs\/"]}]},{"@type":"ImageObject","inLanguage":"fr-FR","@id":"https:\/\/archibat.com\/blog\/foundation-digitalisation-et-valorisation-des-actifs\/#primaryimage","url":"https:\/\/archibat.com\/blog\/wp-content\/uploads\/2018\/05\/maxresdefault-26-2.jpg","contentUrl":"https:\/\/archibat.com\/blog\/wp-content\/uploads\/2018\/05\/maxresdefault-26-2.jpg","width":1280,"height":720},{"@type":"BreadcrumbList","@id":"https:\/\/archibat.com\/blog\/foundation-digitalisation-et-valorisation-des-actifs\/#breadcrumb","itemListElement":[{"@type":"ListItem","position":1,"name":"Home","item":"https:\/\/archibat.com\/blog\/"},{"@type":"ListItem","position":2,"name":"VID\u00c9O : Foundation, digitalisation et valorisation des actifs immobiliers"}]},{"@type":"WebSite","@id":"https:\/\/archibat.com\/blog\/#website","url":"https:\/\/archibat.com\/blog\/","name":"ArchiBat Mag","description":"Vous souhaitez connaitre les derni\u00e8res actualit\u00e9s sur l\u2019Architecture, le Design ou les Ressources Humaines ? D\u00e9couvrez ArchiBat Mag, le magazine d\u00e9di\u00e9 aux m\u00e9tiers de l&#039;Architecture et de l&#039;Ing\u00e9nierie.","potentialAction":[{"@type":"SearchAction","target":{"@type":"EntryPoint","urlTemplate":"https:\/\/archibat.com\/blog\/?s={search_term_string}"},"query-input":{"@type":"PropertyValueSpecification","valueRequired":true,"valueName":"search_term_string"}}],"inLanguage":"fr-FR"},{"@type":"Person","@id":"https:\/\/archibat.com\/blog\/#\/schema\/person\/c246f0d63b5e719c2cbe4f9bd494bf12","name":"communication"}]}},"_links":{"self":[{"href":"https:\/\/archibat.com\/blog\/wp-json\/wp\/v2\/posts\/4394","targetHints":{"allow":["GET"]}}],"collection":[{"href":"https:\/\/archibat.com\/blog\/wp-json\/wp\/v2\/posts"}],"about":[{"href":"https:\/\/archibat.com\/blog\/wp-json\/wp\/v2\/types\/post"}],"author":[{"embeddable":true,"href":"https:\/\/archibat.com\/blog\/wp-json\/wp\/v2\/users\/2"}],"replies":[{"embeddable":true,"href":"https:\/\/archibat.com\/blog\/wp-json\/wp\/v2\/comments?post=4394"}],"version-history":[{"count":2,"href":"https:\/\/archibat.com\/blog\/wp-json\/wp\/v2\/posts\/4394\/revisions"}],"predecessor-version":[{"id":6008,"href":"https:\/\/archibat.com\/blog\/wp-json\/wp\/v2\/posts\/4394\/revisions\/6008"}],"wp:featuredmedia":[{"embeddable":true,"href":"https:\/\/archibat.com\/blog\/wp-json\/wp\/v2\/media\/5267"}],"wp:attachment":[{"href":"https:\/\/archibat.com\/blog\/wp-json\/wp\/v2\/media?parent=4394"}],"wp:term":[{"taxonomy":"category","embeddable":true,"href":"https:\/\/archibat.com\/blog\/wp-json\/wp\/v2\/categories?post=4394"},{"taxonomy":"post_tag","embeddable":true,"href":"https:\/\/archibat.com\/blog\/wp-json\/wp\/v2\/tags?post=4394"}],"curies":[{"name":"wp","href":"https:\/\/api.w.org\/{rel}","templated":true}]}}