{"id":4403,"date":"2018-05-11T14:30:29","date_gmt":"2018-05-11T13:30:29","guid":{"rendered":"https:\/\/www.archibat.com\/blog\/?p=4403"},"modified":"2018-12-03T15:31:14","modified_gmt":"2018-12-03T14:31:14","slug":"etre-bim-manager-est-il-une-fin-en-soi","status":"publish","type":"post","link":"https:\/\/archibat.com\/blog\/etre-bim-manager-est-il-une-fin-en-soi\/","title":{"rendered":"VID\u00c9O : \u00catre Bim manager est-il une fin en soi ?"},"content":{"rendered":"<p>L\u2019\u00e9cole des Ponts ParisTech propose un Mast\u00e8re sp\u00e9cialis\u00e9 BIM, conception int\u00e9gr\u00e9e et cycle de vie du b\u00e2timent et des infrastructures. Nous avons voulu en savoir plus sur la gen\u00e8se de cette formation, ce que viennent chercher les professionnels dans ce type de formation et pourquoi devenir BIM Manager ne devrait pas \u00eatre une fin en soi.<\/p>\n","protected":false},"excerpt":{"rendered":"<p>L\u2019\u00e9cole des Ponts ParisTech propose un Mast\u00e8re sp\u00e9cialis\u00e9 BIM, conception int\u00e9gr\u00e9e et cycle de vie du b\u00e2timent et des infrastructures. Nous avons voulu en savoir\u2026<\/p>\n","protected":false},"author":2,"featured_media":5266,"comment_status":"closed","ping_status":"closed","sticky":false,"template":"","format":"video","meta":{"_acf_changed":false,"footnotes":""},"categories":[4],"tags":[1232],"class_list":["post-4403","post","type-post","status-publish","format-video","has-post-thumbnail","hentry","category-ressources-humaines","tag-bim-world","post_format-post-format-video"],"acf":[],"yoast_head":"<!-- This site is optimized with the Yoast SEO plugin v24.8.1 - https:\/\/yoast.com\/wordpress\/plugins\/seo\/ -->\n<title>VID\u00c9O : \u00catre Bim manager est-il une fin en soi ? &#8211; ArchiBat Mag<\/title>\n<meta name=\"robots\" content=\"index, follow, max-snippet:-1, max-image-preview:large, max-video-preview:-1\" \/>\n<link rel=\"canonical\" href=\"https:\/\/archibat.com\/blog\/etre-bim-manager-est-il-une-fin-en-soi\/\" \/>\n<meta property=\"og:locale\" content=\"fr_FR\" \/>\n<meta property=\"og:type\" content=\"article\" \/>\n<meta property=\"og:title\" content=\"VID\u00c9O : \u00catre Bim manager est-il une fin en soi ? &#8211; ArchiBat Mag\" \/>\n<meta property=\"og:description\" content=\"L\u2019\u00e9cole des Ponts ParisTech propose un Mast\u00e8re sp\u00e9cialis\u00e9 BIM, conception int\u00e9gr\u00e9e et cycle de vie du b\u00e2timent et des infrastructures. Nous avons voulu en savoir\u2026\" \/>\n<meta property=\"og:url\" content=\"https:\/\/archibat.com\/blog\/etre-bim-manager-est-il-une-fin-en-soi\/\" \/>\n<meta property=\"og:site_name\" content=\"ArchiBat Mag\" \/>\n<meta property=\"article:published_time\" content=\"2018-05-11T13:30:29+00:00\" \/>\n<meta property=\"article:modified_time\" content=\"2018-12-03T14:31:14+00:00\" \/>\n<meta property=\"og:image\" content=\"https:\/\/archibat.com\/blog\/wp-content\/uploads\/2018\/05\/maxresdefault-25-2.jpg\" \/>\n\t<meta property=\"og:image:width\" content=\"1280\" \/>\n\t<meta property=\"og:image:height\" content=\"720\" \/>\n\t<meta property=\"og:image:type\" content=\"image\/jpeg\" \/>\n<meta name=\"author\" content=\"communication\" \/>\n<meta name=\"twitter:card\" content=\"summary_large_image\" \/>\n<meta name=\"twitter:label1\" content=\"\u00c9crit par\" \/>\n\t<meta name=\"twitter:data1\" content=\"communication\" \/>\n<script type=\"application\/ld+json\" class=\"yoast-schema-graph\">{\"@context\":\"https:\/\/schema.org\",\"@graph\":[{\"@type\":\"WebPage\",\"@id\":\"https:\/\/archibat.com\/blog\/etre-bim-manager-est-il-une-fin-en-soi\/\",\"url\":\"https:\/\/archibat.com\/blog\/etre-bim-manager-est-il-une-fin-en-soi\/\",\"name\":\"VID\u00c9O : \u00catre Bim manager est-il une fin en soi ? &#8211; ArchiBat Mag\",\"isPartOf\":{\"@id\":\"https:\/\/archibat.com\/blog\/#website\"},\"primaryImageOfPage\":{\"@id\":\"https:\/\/archibat.com\/blog\/etre-bim-manager-est-il-une-fin-en-soi\/#primaryimage\"},\"image\":{\"@id\":\"https:\/\/archibat.com\/blog\/etre-bim-manager-est-il-une-fin-en-soi\/#primaryimage\"},\"thumbnailUrl\":\"https:\/\/archibat.com\/blog\/wp-content\/uploads\/2018\/05\/maxresdefault-25-2.jpg\",\"datePublished\":\"2018-05-11T13:30:29+00:00\",\"dateModified\":\"2018-12-03T14:31:14+00:00\",\"author\":{\"@id\":\"https:\/\/archibat.com\/blog\/#\/schema\/person\/c246f0d63b5e719c2cbe4f9bd494bf12\"},\"breadcrumb\":{\"@id\":\"https:\/\/archibat.com\/blog\/etre-bim-manager-est-il-une-fin-en-soi\/#breadcrumb\"},\"inLanguage\":\"fr-FR\",\"potentialAction\":[{\"@type\":\"ReadAction\",\"target\":[\"https:\/\/archibat.com\/blog\/etre-bim-manager-est-il-une-fin-en-soi\/\"]}]},{\"@type\":\"ImageObject\",\"inLanguage\":\"fr-FR\",\"@id\":\"https:\/\/archibat.com\/blog\/etre-bim-manager-est-il-une-fin-en-soi\/#primaryimage\",\"url\":\"https:\/\/archibat.com\/blog\/wp-content\/uploads\/2018\/05\/maxresdefault-25-2.jpg\",\"contentUrl\":\"https:\/\/archibat.com\/blog\/wp-content\/uploads\/2018\/05\/maxresdefault-25-2.jpg\",\"width\":1280,\"height\":720},{\"@type\":\"BreadcrumbList\",\"@id\":\"https:\/\/archibat.com\/blog\/etre-bim-manager-est-il-une-fin-en-soi\/#breadcrumb\",\"itemListElement\":[{\"@type\":\"ListItem\",\"position\":1,\"name\":\"Home\",\"item\":\"https:\/\/archibat.com\/blog\/\"},{\"@type\":\"ListItem\",\"position\":2,\"name\":\"VID\u00c9O : \u00catre Bim manager est-il une fin en soi ?\"}]},{\"@type\":\"WebSite\",\"@id\":\"https:\/\/archibat.com\/blog\/#website\",\"url\":\"https:\/\/archibat.com\/blog\/\",\"name\":\"ArchiBat Mag\",\"description\":\"Vous souhaitez connaitre les derni\u00e8res actualit\u00e9s sur l\u2019Architecture, le Design ou les Ressources Humaines ? D\u00e9couvrez ArchiBat Mag, le magazine d\u00e9di\u00e9 aux m\u00e9tiers de l&#039;Architecture et de l&#039;Ing\u00e9nierie.\",\"potentialAction\":[{\"@type\":\"SearchAction\",\"target\":{\"@type\":\"EntryPoint\",\"urlTemplate\":\"https:\/\/archibat.com\/blog\/?s={search_term_string}\"},\"query-input\":{\"@type\":\"PropertyValueSpecification\",\"valueRequired\":true,\"valueName\":\"search_term_string\"}}],\"inLanguage\":\"fr-FR\"},{\"@type\":\"Person\",\"@id\":\"https:\/\/archibat.com\/blog\/#\/schema\/person\/c246f0d63b5e719c2cbe4f9bd494bf12\",\"name\":\"communication\"}]}<\/script>\n<!-- \/ Yoast SEO plugin. -->","yoast_head_json":{"title":"VID\u00c9O : \u00catre Bim manager est-il une fin en soi ? &#8211; ArchiBat Mag","robots":{"index":"index","follow":"follow","max-snippet":"max-snippet:-1","max-image-preview":"max-image-preview:large","max-video-preview":"max-video-preview:-1"},"canonical":"https:\/\/archibat.com\/blog\/etre-bim-manager-est-il-une-fin-en-soi\/","og_locale":"fr_FR","og_type":"article","og_title":"VID\u00c9O : \u00catre Bim manager est-il une fin en soi ? &#8211; ArchiBat Mag","og_description":"L\u2019\u00e9cole des Ponts ParisTech propose un Mast\u00e8re sp\u00e9cialis\u00e9 BIM, conception int\u00e9gr\u00e9e et cycle de vie du b\u00e2timent et des infrastructures. Nous avons voulu en savoir\u2026","og_url":"https:\/\/archibat.com\/blog\/etre-bim-manager-est-il-une-fin-en-soi\/","og_site_name":"ArchiBat Mag","article_published_time":"2018-05-11T13:30:29+00:00","article_modified_time":"2018-12-03T14:31:14+00:00","og_image":[{"width":1280,"height":720,"url":"https:\/\/archibat.com\/blog\/wp-content\/uploads\/2018\/05\/maxresdefault-25-2.jpg","type":"image\/jpeg"}],"author":"communication","twitter_card":"summary_large_image","twitter_misc":{"\u00c9crit par":"communication"},"schema":{"@context":"https:\/\/schema.org","@graph":[{"@type":"WebPage","@id":"https:\/\/archibat.com\/blog\/etre-bim-manager-est-il-une-fin-en-soi\/","url":"https:\/\/archibat.com\/blog\/etre-bim-manager-est-il-une-fin-en-soi\/","name":"VID\u00c9O : \u00catre Bim manager est-il une fin en soi ? &#8211; ArchiBat Mag","isPartOf":{"@id":"https:\/\/archibat.com\/blog\/#website"},"primaryImageOfPage":{"@id":"https:\/\/archibat.com\/blog\/etre-bim-manager-est-il-une-fin-en-soi\/#primaryimage"},"image":{"@id":"https:\/\/archibat.com\/blog\/etre-bim-manager-est-il-une-fin-en-soi\/#primaryimage"},"thumbnailUrl":"https:\/\/archibat.com\/blog\/wp-content\/uploads\/2018\/05\/maxresdefault-25-2.jpg","datePublished":"2018-05-11T13:30:29+00:00","dateModified":"2018-12-03T14:31:14+00:00","author":{"@id":"https:\/\/archibat.com\/blog\/#\/schema\/person\/c246f0d63b5e719c2cbe4f9bd494bf12"},"breadcrumb":{"@id":"https:\/\/archibat.com\/blog\/etre-bim-manager-est-il-une-fin-en-soi\/#breadcrumb"},"inLanguage":"fr-FR","potentialAction":[{"@type":"ReadAction","target":["https:\/\/archibat.com\/blog\/etre-bim-manager-est-il-une-fin-en-soi\/"]}]},{"@type":"ImageObject","inLanguage":"fr-FR","@id":"https:\/\/archibat.com\/blog\/etre-bim-manager-est-il-une-fin-en-soi\/#primaryimage","url":"https:\/\/archibat.com\/blog\/wp-content\/uploads\/2018\/05\/maxresdefault-25-2.jpg","contentUrl":"https:\/\/archibat.com\/blog\/wp-content\/uploads\/2018\/05\/maxresdefault-25-2.jpg","width":1280,"height":720},{"@type":"BreadcrumbList","@id":"https:\/\/archibat.com\/blog\/etre-bim-manager-est-il-une-fin-en-soi\/#breadcrumb","itemListElement":[{"@type":"ListItem","position":1,"name":"Home","item":"https:\/\/archibat.com\/blog\/"},{"@type":"ListItem","position":2,"name":"VID\u00c9O : \u00catre Bim manager est-il une fin en soi ?"}]},{"@type":"WebSite","@id":"https:\/\/archibat.com\/blog\/#website","url":"https:\/\/archibat.com\/blog\/","name":"ArchiBat Mag","description":"Vous souhaitez connaitre les derni\u00e8res actualit\u00e9s sur l\u2019Architecture, le Design ou les Ressources Humaines ? D\u00e9couvrez ArchiBat Mag, le magazine d\u00e9di\u00e9 aux m\u00e9tiers de l&#039;Architecture et de l&#039;Ing\u00e9nierie.","potentialAction":[{"@type":"SearchAction","target":{"@type":"EntryPoint","urlTemplate":"https:\/\/archibat.com\/blog\/?s={search_term_string}"},"query-input":{"@type":"PropertyValueSpecification","valueRequired":true,"valueName":"search_term_string"}}],"inLanguage":"fr-FR"},{"@type":"Person","@id":"https:\/\/archibat.com\/blog\/#\/schema\/person\/c246f0d63b5e719c2cbe4f9bd494bf12","name":"communication"}]}},"_links":{"self":[{"href":"https:\/\/archibat.com\/blog\/wp-json\/wp\/v2\/posts\/4403","targetHints":{"allow":["GET"]}}],"collection":[{"href":"https:\/\/archibat.com\/blog\/wp-json\/wp\/v2\/posts"}],"about":[{"href":"https:\/\/archibat.com\/blog\/wp-json\/wp\/v2\/types\/post"}],"author":[{"embeddable":true,"href":"https:\/\/archibat.com\/blog\/wp-json\/wp\/v2\/users\/2"}],"replies":[{"embeddable":true,"href":"https:\/\/archibat.com\/blog\/wp-json\/wp\/v2\/comments?post=4403"}],"version-history":[{"count":2,"href":"https:\/\/archibat.com\/blog\/wp-json\/wp\/v2\/posts\/4403\/revisions"}],"predecessor-version":[{"id":8331,"href":"https:\/\/archibat.com\/blog\/wp-json\/wp\/v2\/posts\/4403\/revisions\/8331"}],"wp:featuredmedia":[{"embeddable":true,"href":"https:\/\/archibat.com\/blog\/wp-json\/wp\/v2\/media\/5266"}],"wp:attachment":[{"href":"https:\/\/archibat.com\/blog\/wp-json\/wp\/v2\/media?parent=4403"}],"wp:term":[{"taxonomy":"category","embeddable":true,"href":"https:\/\/archibat.com\/blog\/wp-json\/wp\/v2\/categories?post=4403"},{"taxonomy":"post_tag","embeddable":true,"href":"https:\/\/archibat.com\/blog\/wp-json\/wp\/v2\/tags?post=4403"}],"curies":[{"name":"wp","href":"https:\/\/api.w.org\/{rel}","templated":true}]}}