{"id":4428,"date":"2018-05-11T11:44:04","date_gmt":"2018-05-11T09:44:04","guid":{"rendered":"https:\/\/www.archibat.com\/blog\/?p=4428"},"modified":"2018-12-13T16:23:26","modified_gmt":"2018-12-13T15:23:26","slug":"des-chaises-en-aluminium-et-liege","status":"publish","type":"post","link":"https:\/\/archibat.com\/blog\/des-chaises-en-aluminium-et-liege\/","title":{"rendered":"Des chaises en aluminium et li\u00e8ge"},"content":{"rendered":"<p>C\u2019est la marque Helv\u00e8te Guterstrasse qui est \u00e0 l\u2019origine de ces chaises si singuli\u00e8res. D\u00e9couvertes au salon du meuble de Milan, les Pi3 se sont d\u00e9marqu\u00e9es par leur design et leurs mat\u00e9riaux. Leur cr\u00e9ateur, Christoph Steiger assure qu\u2019il n\u2019est ni designer, ni ing\u00e9nieur, mais plut\u00f4t entre les deux.<\/p>\n<p><img loading=\"lazy\" decoding=\"async\" src=\"https:\/\/www.archibat.com\/blog\/wp-content\/uploads\/2018\/05\/gueterstrasse_stuhl_20180223_05-tt-width-620-height-930-lazyload-0-crop-1-bgcolor-000000-except_gif-1.jpg\" alt=\"\" width=\"620\" height=\"930\" \/><\/p>\n<p>C\u2019est autant l\u2019aspect m\u00e9canique que esth\u00e9tique qui l\u2019int\u00e9resse dans ses conceptions. Par le pass\u00e9, Christoph Steiger s\u2019est illustr\u00e9 en tant que menuisier et sculpteur sur bois, mais il fut \u00e9galement \u00e9tudiant en design en Scandinavie.<\/p>\n<p><img loading=\"lazy\" decoding=\"async\" src=\"https:\/\/www.archibat.com\/blog\/wp-content\/uploads\/2018\/05\/gueterstrasse_stuhl_20180223_04-tt-width-620-height-930-lazyload-0-crop-1-bgcolor-000000-except_gif-1.jpg\" alt=\"\" width=\"620\" height=\"930\" \/><\/p>\n<p>C\u2019est un choix fort qu&rsquo;a fait Christoph pour ces chaises en s\u2019appuyant sur une forme cylindrique, alors que l&rsquo;on est g\u00e9n\u00e9ralement habitu\u00e9 \u00e0 des formes plus carr\u00e9es. Ensuite il a sculpt\u00e9 l\u2019aluminium, l&rsquo;a travaill\u00e9, poli, anodis\u00e9. Puis, il s\u2019est attaqu\u00e9 \u00e0 la partie o\u00f9 l&rsquo;on s\u2019assoit, en utilisant un mat\u00e9riau original, le li\u00e8ge. Il l&rsquo;a fa\u00e7onn\u00e9 pour obtenir un confort optimal. Et enfin, chacune de ces chaises poss\u00e8dent des charni\u00e8res dissimul\u00e9es en sous face afin de pouvoir les accrocher en rang\u00e9e.<\/p>\n<p><img loading=\"lazy\" decoding=\"async\" src=\"https:\/\/www.archibat.com\/blog\/wp-content\/uploads\/2018\/05\/Pi3-Gu\u0308terstrasse-tt-width-620-height-930-lazyload-0-crop-1-bgcolor-000000-except_gif-1.jpg\" alt=\"\" width=\"620\" height=\"930\" \/><\/p>\n<p>La question est : a-t-il eu cette id\u00e9e en r\u00e9cup\u00e9rant un bouchon de champagne et en le transformant en petite chaise ? En tout cas, ces chaises sont disponibles en diff\u00e9rents coloris, sont empilables gr\u00e2ce \u00e0 leur forme conique et surtout tr\u00e8s r\u00e9ussies !<\/p>\n<p><img loading=\"lazy\" decoding=\"async\" src=\"https:\/\/www.archibat.com\/blog\/wp-content\/uploads\/2018\/05\/gueterstrasse_stuhl_20180223_03-tt-width-620-height-930-lazyload-0-crop-1-bgcolor-000000-except_gif-1.jpg\" alt=\"\" width=\"620\" height=\"930\" \/><br \/>\n<img loading=\"lazy\" decoding=\"async\" src=\"https:\/\/www.archibat.com\/blog\/wp-content\/uploads\/2018\/05\/gueterstrasse_stuhl_20180223_01-tt-width-620-height-930-lazyload-0-crop-1-bgcolor-000000-except_gif-1.jpg\" alt=\"\" width=\"620\" height=\"930\" \/><\/p>\n","protected":false},"excerpt":{"rendered":"<p>C\u2019est la marque Helv\u00e8te Guterstrasse qui est \u00e0 l\u2019origine de ces chaises si singuli\u00e8res. D\u00e9couvertes au salon du meuble de Milan, les Pi3 se sont\u2026<\/p>\n","protected":false},"author":2,"featured_media":4429,"comment_status":"closed","ping_status":"closed","sticky":false,"template":"","format":"standard","meta":{"_acf_changed":false,"footnotes":""},"categories":[3],"tags":[1821,1912,1228,1909,1911,1910],"class_list":["post-4428","post","type-post","status-publish","format-standard","has-post-thumbnail","hentry","category-architecture-et-design","tag-architecture-dinterieur","tag-christoph-steiger","tag-design","tag-helvete-guterstrasse","tag-pi3","tag-salon-du-meuble-de-milan"],"acf":[],"yoast_head":"<!-- This site is optimized with the Yoast SEO plugin v24.8.1 - https:\/\/yoast.com\/wordpress\/plugins\/seo\/ -->\n<title>Des chaises en aluminium et li\u00e8ge &#8211; ArchiBat Mag<\/title>\n<meta name=\"description\" content=\"Alors que l&#039;on pourrait penser que l&#039;aluminium et le li\u00e8ge sont des mat\u00e9riaux peu robustes, cet artiste a d\u00e9cid\u00e9 d&#039;en utiliser pour en faire des chaises et le r\u00e9sultat est plus que r\u00e9ussi !\" \/>\n<meta name=\"robots\" content=\"index, follow, max-snippet:-1, max-image-preview:large, max-video-preview:-1\" \/>\n<link rel=\"canonical\" href=\"https:\/\/archibat.com\/blog\/des-chaises-en-aluminium-et-liege\/\" \/>\n<meta property=\"og:locale\" content=\"fr_FR\" \/>\n<meta property=\"og:type\" content=\"article\" \/>\n<meta property=\"og:title\" content=\"Des chaises en aluminium et li\u00e8ge &#8211; ArchiBat Mag\" \/>\n<meta property=\"og:description\" content=\"Alors que l&#039;on pourrait penser que l&#039;aluminium et le li\u00e8ge sont des mat\u00e9riaux peu robustes, cet artiste a d\u00e9cid\u00e9 d&#039;en utiliser pour en faire des chaises et le r\u00e9sultat est plus que r\u00e9ussi !\" \/>\n<meta property=\"og:url\" content=\"https:\/\/archibat.com\/blog\/des-chaises-en-aluminium-et-liege\/\" \/>\n<meta property=\"og:site_name\" content=\"ArchiBat Mag\" \/>\n<meta property=\"article:published_time\" content=\"2018-05-11T09:44:04+00:00\" \/>\n<meta property=\"article:modified_time\" content=\"2018-12-13T15:23:26+00:00\" \/>\n<meta property=\"og:image\" content=\"https:\/\/archibat.com\/blog\/wp-content\/uploads\/2018\/05\/gueterstrasse_stuhl_20180223_06-tt-width-620-height-930-lazyload-0-crop-1-bgcolor-000000-except_gif-1-3.jpg\" \/>\n\t<meta property=\"og:image:width\" content=\"620\" \/>\n\t<meta property=\"og:image:height\" content=\"930\" \/>\n\t<meta property=\"og:image:type\" content=\"image\/jpeg\" \/>\n<meta name=\"author\" content=\"communication\" \/>\n<meta name=\"twitter:card\" content=\"summary_large_image\" \/>\n<meta name=\"twitter:label1\" content=\"\u00c9crit par\" \/>\n\t<meta name=\"twitter:data1\" content=\"communication\" \/>\n\t<meta name=\"twitter:label2\" content=\"Dur\u00e9e de lecture estim\u00e9e\" \/>\n\t<meta name=\"twitter:data2\" content=\"1 minute\" \/>\n<script type=\"application\/ld+json\" class=\"yoast-schema-graph\">{\"@context\":\"https:\/\/schema.org\",\"@graph\":[{\"@type\":\"WebPage\",\"@id\":\"https:\/\/archibat.com\/blog\/des-chaises-en-aluminium-et-liege\/\",\"url\":\"https:\/\/archibat.com\/blog\/des-chaises-en-aluminium-et-liege\/\",\"name\":\"Des chaises en aluminium et li\u00e8ge &#8211; ArchiBat Mag\",\"isPartOf\":{\"@id\":\"https:\/\/archibat.com\/blog\/#website\"},\"primaryImageOfPage\":{\"@id\":\"https:\/\/archibat.com\/blog\/des-chaises-en-aluminium-et-liege\/#primaryimage\"},\"image\":{\"@id\":\"https:\/\/archibat.com\/blog\/des-chaises-en-aluminium-et-liege\/#primaryimage\"},\"thumbnailUrl\":\"https:\/\/archibat.com\/blog\/wp-content\/uploads\/2018\/05\/gueterstrasse_stuhl_20180223_06-tt-width-620-height-930-lazyload-0-crop-1-bgcolor-000000-except_gif-1-3.jpg\",\"datePublished\":\"2018-05-11T09:44:04+00:00\",\"dateModified\":\"2018-12-13T15:23:26+00:00\",\"author\":{\"@id\":\"https:\/\/archibat.com\/blog\/#\/schema\/person\/c246f0d63b5e719c2cbe4f9bd494bf12\"},\"description\":\"Alors que l'on pourrait penser que l'aluminium et le li\u00e8ge sont des mat\u00e9riaux peu robustes, cet artiste a d\u00e9cid\u00e9 d'en utiliser pour en faire des chaises et le r\u00e9sultat est plus que r\u00e9ussi !\",\"breadcrumb\":{\"@id\":\"https:\/\/archibat.com\/blog\/des-chaises-en-aluminium-et-liege\/#breadcrumb\"},\"inLanguage\":\"fr-FR\",\"potentialAction\":[{\"@type\":\"ReadAction\",\"target\":[\"https:\/\/archibat.com\/blog\/des-chaises-en-aluminium-et-liege\/\"]}]},{\"@type\":\"ImageObject\",\"inLanguage\":\"fr-FR\",\"@id\":\"https:\/\/archibat.com\/blog\/des-chaises-en-aluminium-et-liege\/#primaryimage\",\"url\":\"https:\/\/archibat.com\/blog\/wp-content\/uploads\/2018\/05\/gueterstrasse_stuhl_20180223_06-tt-width-620-height-930-lazyload-0-crop-1-bgcolor-000000-except_gif-1-3.jpg\",\"contentUrl\":\"https:\/\/archibat.com\/blog\/wp-content\/uploads\/2018\/05\/gueterstrasse_stuhl_20180223_06-tt-width-620-height-930-lazyload-0-crop-1-bgcolor-000000-except_gif-1-3.jpg\",\"width\":620,\"height\":930},{\"@type\":\"BreadcrumbList\",\"@id\":\"https:\/\/archibat.com\/blog\/des-chaises-en-aluminium-et-liege\/#breadcrumb\",\"itemListElement\":[{\"@type\":\"ListItem\",\"position\":1,\"name\":\"Home\",\"item\":\"https:\/\/archibat.com\/blog\/\"},{\"@type\":\"ListItem\",\"position\":2,\"name\":\"Des chaises en aluminium et li\u00e8ge\"}]},{\"@type\":\"WebSite\",\"@id\":\"https:\/\/archibat.com\/blog\/#website\",\"url\":\"https:\/\/archibat.com\/blog\/\",\"name\":\"ArchiBat Mag\",\"description\":\"Vous souhaitez connaitre les derni\u00e8res actualit\u00e9s sur l\u2019Architecture, le Design ou les Ressources Humaines ? D\u00e9couvrez ArchiBat Mag, le magazine d\u00e9di\u00e9 aux m\u00e9tiers de l&#039;Architecture et de l&#039;Ing\u00e9nierie.\",\"potentialAction\":[{\"@type\":\"SearchAction\",\"target\":{\"@type\":\"EntryPoint\",\"urlTemplate\":\"https:\/\/archibat.com\/blog\/?s={search_term_string}\"},\"query-input\":{\"@type\":\"PropertyValueSpecification\",\"valueRequired\":true,\"valueName\":\"search_term_string\"}}],\"inLanguage\":\"fr-FR\"},{\"@type\":\"Person\",\"@id\":\"https:\/\/archibat.com\/blog\/#\/schema\/person\/c246f0d63b5e719c2cbe4f9bd494bf12\",\"name\":\"communication\"}]}<\/script>\n<!-- \/ Yoast SEO plugin. -->","yoast_head_json":{"title":"Des chaises en aluminium et li\u00e8ge &#8211; ArchiBat Mag","description":"Alors que l'on pourrait penser que l'aluminium et le li\u00e8ge sont des mat\u00e9riaux peu robustes, cet artiste a d\u00e9cid\u00e9 d'en utiliser pour en faire des chaises et le r\u00e9sultat est plus que r\u00e9ussi !","robots":{"index":"index","follow":"follow","max-snippet":"max-snippet:-1","max-image-preview":"max-image-preview:large","max-video-preview":"max-video-preview:-1"},"canonical":"https:\/\/archibat.com\/blog\/des-chaises-en-aluminium-et-liege\/","og_locale":"fr_FR","og_type":"article","og_title":"Des chaises en aluminium et li\u00e8ge &#8211; ArchiBat Mag","og_description":"Alors que l'on pourrait penser que l'aluminium et le li\u00e8ge sont des mat\u00e9riaux peu robustes, cet artiste a d\u00e9cid\u00e9 d'en utiliser pour en faire des chaises et le r\u00e9sultat est plus que r\u00e9ussi !","og_url":"https:\/\/archibat.com\/blog\/des-chaises-en-aluminium-et-liege\/","og_site_name":"ArchiBat Mag","article_published_time":"2018-05-11T09:44:04+00:00","article_modified_time":"2018-12-13T15:23:26+00:00","og_image":[{"width":620,"height":930,"url":"https:\/\/archibat.com\/blog\/wp-content\/uploads\/2018\/05\/gueterstrasse_stuhl_20180223_06-tt-width-620-height-930-lazyload-0-crop-1-bgcolor-000000-except_gif-1-3.jpg","type":"image\/jpeg"}],"author":"communication","twitter_card":"summary_large_image","twitter_misc":{"\u00c9crit par":"communication","Dur\u00e9e de lecture estim\u00e9e":"1 minute"},"schema":{"@context":"https:\/\/schema.org","@graph":[{"@type":"WebPage","@id":"https:\/\/archibat.com\/blog\/des-chaises-en-aluminium-et-liege\/","url":"https:\/\/archibat.com\/blog\/des-chaises-en-aluminium-et-liege\/","name":"Des chaises en aluminium et li\u00e8ge &#8211; ArchiBat Mag","isPartOf":{"@id":"https:\/\/archibat.com\/blog\/#website"},"primaryImageOfPage":{"@id":"https:\/\/archibat.com\/blog\/des-chaises-en-aluminium-et-liege\/#primaryimage"},"image":{"@id":"https:\/\/archibat.com\/blog\/des-chaises-en-aluminium-et-liege\/#primaryimage"},"thumbnailUrl":"https:\/\/archibat.com\/blog\/wp-content\/uploads\/2018\/05\/gueterstrasse_stuhl_20180223_06-tt-width-620-height-930-lazyload-0-crop-1-bgcolor-000000-except_gif-1-3.jpg","datePublished":"2018-05-11T09:44:04+00:00","dateModified":"2018-12-13T15:23:26+00:00","author":{"@id":"https:\/\/archibat.com\/blog\/#\/schema\/person\/c246f0d63b5e719c2cbe4f9bd494bf12"},"description":"Alors que l'on pourrait penser que l'aluminium et le li\u00e8ge sont des mat\u00e9riaux peu robustes, cet artiste a d\u00e9cid\u00e9 d'en utiliser pour en faire des chaises et le r\u00e9sultat est plus que r\u00e9ussi !","breadcrumb":{"@id":"https:\/\/archibat.com\/blog\/des-chaises-en-aluminium-et-liege\/#breadcrumb"},"inLanguage":"fr-FR","potentialAction":[{"@type":"ReadAction","target":["https:\/\/archibat.com\/blog\/des-chaises-en-aluminium-et-liege\/"]}]},{"@type":"ImageObject","inLanguage":"fr-FR","@id":"https:\/\/archibat.com\/blog\/des-chaises-en-aluminium-et-liege\/#primaryimage","url":"https:\/\/archibat.com\/blog\/wp-content\/uploads\/2018\/05\/gueterstrasse_stuhl_20180223_06-tt-width-620-height-930-lazyload-0-crop-1-bgcolor-000000-except_gif-1-3.jpg","contentUrl":"https:\/\/archibat.com\/blog\/wp-content\/uploads\/2018\/05\/gueterstrasse_stuhl_20180223_06-tt-width-620-height-930-lazyload-0-crop-1-bgcolor-000000-except_gif-1-3.jpg","width":620,"height":930},{"@type":"BreadcrumbList","@id":"https:\/\/archibat.com\/blog\/des-chaises-en-aluminium-et-liege\/#breadcrumb","itemListElement":[{"@type":"ListItem","position":1,"name":"Home","item":"https:\/\/archibat.com\/blog\/"},{"@type":"ListItem","position":2,"name":"Des chaises en aluminium et li\u00e8ge"}]},{"@type":"WebSite","@id":"https:\/\/archibat.com\/blog\/#website","url":"https:\/\/archibat.com\/blog\/","name":"ArchiBat Mag","description":"Vous souhaitez connaitre les derni\u00e8res actualit\u00e9s sur l\u2019Architecture, le Design ou les Ressources Humaines ? D\u00e9couvrez ArchiBat Mag, le magazine d\u00e9di\u00e9 aux m\u00e9tiers de l&#039;Architecture et de l&#039;Ing\u00e9nierie.","potentialAction":[{"@type":"SearchAction","target":{"@type":"EntryPoint","urlTemplate":"https:\/\/archibat.com\/blog\/?s={search_term_string}"},"query-input":{"@type":"PropertyValueSpecification","valueRequired":true,"valueName":"search_term_string"}}],"inLanguage":"fr-FR"},{"@type":"Person","@id":"https:\/\/archibat.com\/blog\/#\/schema\/person\/c246f0d63b5e719c2cbe4f9bd494bf12","name":"communication"}]}},"_links":{"self":[{"href":"https:\/\/archibat.com\/blog\/wp-json\/wp\/v2\/posts\/4428","targetHints":{"allow":["GET"]}}],"collection":[{"href":"https:\/\/archibat.com\/blog\/wp-json\/wp\/v2\/posts"}],"about":[{"href":"https:\/\/archibat.com\/blog\/wp-json\/wp\/v2\/types\/post"}],"author":[{"embeddable":true,"href":"https:\/\/archibat.com\/blog\/wp-json\/wp\/v2\/users\/2"}],"replies":[{"embeddable":true,"href":"https:\/\/archibat.com\/blog\/wp-json\/wp\/v2\/comments?post=4428"}],"version-history":[{"count":1,"href":"https:\/\/archibat.com\/blog\/wp-json\/wp\/v2\/posts\/4428\/revisions"}],"predecessor-version":[{"id":8332,"href":"https:\/\/archibat.com\/blog\/wp-json\/wp\/v2\/posts\/4428\/revisions\/8332"}],"wp:featuredmedia":[{"embeddable":true,"href":"https:\/\/archibat.com\/blog\/wp-json\/wp\/v2\/media\/4429"}],"wp:attachment":[{"href":"https:\/\/archibat.com\/blog\/wp-json\/wp\/v2\/media?parent=4428"}],"wp:term":[{"taxonomy":"category","embeddable":true,"href":"https:\/\/archibat.com\/blog\/wp-json\/wp\/v2\/categories?post=4428"},{"taxonomy":"post_tag","embeddable":true,"href":"https:\/\/archibat.com\/blog\/wp-json\/wp\/v2\/tags?post=4428"}],"curies":[{"name":"wp","href":"https:\/\/api.w.org\/{rel}","templated":true}]}}