{"id":4693,"date":"2018-07-12T18:06:43","date_gmt":"2018-07-12T16:06:43","guid":{"rendered":"https:\/\/www.archibat.com\/blog\/?p=4693"},"modified":"2022-10-24T16:51:06","modified_gmt":"2022-10-24T14:51:06","slug":"junya-ishigami-de-larchitecture-a-la-nature","status":"publish","type":"post","link":"https:\/\/archibat.com\/blog\/junya-ishigami-de-larchitecture-a-la-nature\/","title":{"rendered":"Junya\u00a0Ishigami, de\u00a0l&rsquo;architecture \u00e0 la nature"},"content":{"rendered":"<p>Au sein de la fondation Cartier, toute de transparence et de reflets,&nbsp;se&nbsp;tient l\u2019exposition&nbsp;Freeing&nbsp;Architecture.&nbsp;Ce lieu met en sc\u00e8ne merveilleusement les productions architecturales aux allures oniriques de l\u2019architecte japonais&nbsp;Junya&nbsp;Ishigami.&nbsp;Cet ancien de chez&nbsp;SANAA, tend dans son travail \u00e0 faire dialoguer l\u2019\u00e9chelle de la nature avec celle de l\u2019Homme.<\/p>\n<p>Une vingtaine de projets d\u2019\u00e9quipements en Europe ou Asie se regroupent dans trois salles.&nbsp;Principalement illustr\u00e9s par des maquettes de grandes dimensions, la finesse des projets et leur \u00e9criture ludique&nbsp;r\u00e9v\u00e8lent des projets complexes.<\/p>\n<p>Sur un mur, s\u2019\u00e9tale le r\u00e9pertoire dessin\u00e9 de chaque arbre devant \u00eatre d\u00e9plac\u00e9 et replant\u00e9 dans le cadre d\u2019un projet h\u00f4telier.&nbsp;Une philosophie et une conception tr\u00e8s ancr\u00e9e sur la nature&nbsp;qui pose question&nbsp;sur la durabilit\u00e9 des interventions en raison de l\u2019usage important du b\u00e9ton et des sites de projets souvent retir\u00e9s.<\/p>\n<p><img loading=\"lazy\" decoding=\"async\" src=\"https:\/\/www.archibat.com\/blog\/wp-content\/uploads\/2018\/07\/20180709_201536-2.jpg\" alt=\"\" width=\"4032\" height=\"3024\"><\/p>\n<p>Le c\u00f4t\u00e9 po\u00e9tique de la production de&nbsp;Junya Ishigami + Associates&nbsp;est bien r\u00e9el&nbsp;et&nbsp;se trouve loin&nbsp;d\u2019\u00eatre chim\u00e9rique.&nbsp;Il s\u2019av\u00e8re que l\u2019ensemble des projets pr\u00e9sent\u00e9s dans l\u2019exposition sont des projets construits ou en cours de construction.&nbsp;L\u2019\u00e9criture minimaliste et po\u00e9tique des projets vient d\u2019une grande technicit\u00e9 mise en \u0153uvre.<\/p>\n<p>L\u2019int\u00e9rieur dialogue avec l\u2019ext\u00e9rieur comme le b\u00e2ti interroge et r\u00e9v\u00e8le le paysage.<\/p>\n<p>Apr\u00e8s cette visite en nocturne dans le cadre des nuits nomades de la fondation, s\u2019est d\u00e9roul\u00e9 un entretien d\u2019une heure entre le critique d\u2019art&nbsp;Suisse, Hans Ulrich&nbsp;Obrist&nbsp;et&nbsp;Junya&nbsp;Ishigami.<\/p>\n<p><img loading=\"lazy\" decoding=\"async\" src=\"https:\/\/www.archibat.com\/blog\/wp-content\/uploads\/2018\/07\/20180709_193511-2.jpg\" alt=\"\" width=\"4032\" height=\"3024\"><\/p>\n<p>J\u2019ai v\u00e9cu cet \u00e9change comme un moment pr\u00e9cieux.&nbsp;\u00c0 l\u2019arri\u00e8re de la fondation, dans son jardin, de mani\u00e8re presque intimiste nous avons pu assister \u00e0 une conversation riche traduit simultan\u00e9ment du japonais au&nbsp;fran\u00e7ais et inversement.<\/p>\n<p>Hans Ulrich&nbsp;Obrist&nbsp;a amen\u00e9&nbsp;Junya&nbsp;Ishigami&nbsp;\u00e0 s\u2019exprimer sur des sujets d\u2019actualit\u00e9 comme l\u2019architecture dans la&nbsp;ville, mais&nbsp;aussi tr\u00e8s personnelle sur ses inspirations et sa mani\u00e8re de concevoir.<\/p>\n<p>Je retiens de cette conversation un parti architectural qui s&rsquo;appuie sur la nature et s\u2019inscrit finalement dans une tradition japonaise :&nbsp;le paysage m\u00eame naturel est construit par l\u2019homme.&nbsp;Un rocher bien que d\u00e9plac\u00e9 n\u2019en est pas moins naturel.&nbsp;L\u2019architecture devient un ph\u00e9nom\u00e8ne naturel que l\u2019architecte accompagne et r\u00e9v\u00e8le. J\u2019ai ressenti que pour Junya&nbsp;Ishigami, l\u2019architecture doit \u00eatre faite de multitude de&nbsp;points&nbsp;de vue \u00e0 l\u2019image de notre soci\u00e9t\u00e9 pour que chacun puisse s&rsquo;y retrouver.<\/p>\n<p>L\u2019exposition s\u00e9duit autant qu\u2019elle surprend, r\u00e9v\u00e9lant un jeune architecte de 44 ans. Il me reste le sentiment que Junya Ishigami doit faire face \u00e0 un combat f\u00e9roce pour obtenir une architecture qui semble se d\u00e9faire des contraintes conventionnelles.<\/p>\n<p>Au vu de son succ\u00e8s l\u2019exposition sera prolong\u00e9e jusqu\u2019au 9 septembre 2018.<\/p>\n<p>Inspir\u00e9e par son contenu, je vous recommande vivement de fl\u00e2ner dans cette premi\u00e8re exposition de la fondation Cartier d\u00e9di\u00e9e \u00e0 un Architecte.<\/p>\n<p>Suivez nous sur Instagram pour vivre avec nous d\u2019autres moments d\u2019Architecture !<\/p>\n<p class=\"author\">Cyrielle Joly &#8211; Architecte DE &#8211; Consultante \u00e0 ArchiBat RH<\/p>\n","protected":false},"excerpt":{"rendered":"<p>Au sein de la fondation Cartier, toute de transparence et de reflets,&nbsp;se&nbsp;tient l\u2019exposition&nbsp;Freeing&nbsp;Architecture.&nbsp;Ce lieu met en sc\u00e8ne merveilleusement les productions architecturales aux allures oniriques de\u2026<\/p>\n","protected":false},"author":2,"featured_media":4694,"comment_status":"closed","ping_status":"closed","sticky":false,"template":"","format":"standard","meta":{"_acf_changed":false,"footnotes":""},"categories":[3],"tags":[1240,1228,1258,1897,1898,1899,1828],"class_list":["post-4693","post","type-post","status-publish","format-standard","has-post-thumbnail","hentry","category-architecture-et-design","tag-architecture-2","tag-design","tag-exposition","tag-fondation-cartier","tag-freeing-architecture","tag-hans-ulrich-obrist","tag-junya-ishigami"],"acf":[],"yoast_head":"<!-- This site is optimized with the Yoast SEO plugin v24.8.1 - https:\/\/yoast.com\/wordpress\/plugins\/seo\/ -->\n<title>Junya\u00a0Ishigami, de\u00a0l&#039;architecture \u00e0 la nature &#8211; ArchiBat Mag<\/title>\n<meta name=\"description\" content=\"Ce lieu met en sc\u00e8ne merveilleusement les productions architecturales aux allures oniriques de l\u2019architecte japonais\u00a0Junya\u00a0Ishigami.\" \/>\n<meta name=\"robots\" content=\"index, follow, max-snippet:-1, max-image-preview:large, max-video-preview:-1\" \/>\n<link rel=\"canonical\" href=\"https:\/\/archibat.com\/blog\/junya-ishigami-de-larchitecture-a-la-nature\/\" \/>\n<meta property=\"og:locale\" content=\"fr_FR\" \/>\n<meta property=\"og:type\" content=\"article\" \/>\n<meta property=\"og:title\" content=\"Junya\u00a0Ishigami, de\u00a0l&#039;architecture \u00e0 la nature &#8211; ArchiBat Mag\" \/>\n<meta property=\"og:description\" content=\"Ce lieu met en sc\u00e8ne merveilleusement les productions architecturales aux allures oniriques de l\u2019architecte japonais\u00a0Junya\u00a0Ishigami.\" \/>\n<meta property=\"og:url\" content=\"https:\/\/archibat.com\/blog\/junya-ishigami-de-larchitecture-a-la-nature\/\" \/>\n<meta property=\"og:site_name\" content=\"ArchiBat Mag\" \/>\n<meta property=\"article:published_time\" content=\"2018-07-12T16:06:43+00:00\" \/>\n<meta property=\"article:modified_time\" content=\"2022-10-24T14:51:06+00:00\" \/>\n<meta property=\"og:image\" content=\"https:\/\/archibat.com\/blog\/wp-content\/uploads\/2018\/07\/Bannie\u0300re-article-Ishigami-1-2-scaled.jpg\" \/>\n\t<meta property=\"og:image:width\" content=\"2560\" \/>\n\t<meta property=\"og:image:height\" content=\"1920\" \/>\n\t<meta property=\"og:image:type\" content=\"image\/jpeg\" \/>\n<meta name=\"author\" content=\"communication\" \/>\n<meta name=\"twitter:card\" content=\"summary_large_image\" \/>\n<meta name=\"twitter:label1\" content=\"\u00c9crit par\" \/>\n\t<meta name=\"twitter:data1\" content=\"communication\" \/>\n\t<meta name=\"twitter:label2\" content=\"Dur\u00e9e de lecture estim\u00e9e\" \/>\n\t<meta name=\"twitter:data2\" content=\"3 minutes\" \/>\n<script type=\"application\/ld+json\" class=\"yoast-schema-graph\">{\"@context\":\"https:\/\/schema.org\",\"@graph\":[{\"@type\":\"WebPage\",\"@id\":\"https:\/\/archibat.com\/blog\/junya-ishigami-de-larchitecture-a-la-nature\/\",\"url\":\"https:\/\/archibat.com\/blog\/junya-ishigami-de-larchitecture-a-la-nature\/\",\"name\":\"Junya\u00a0Ishigami, de\u00a0l'architecture \u00e0 la nature &#8211; ArchiBat Mag\",\"isPartOf\":{\"@id\":\"https:\/\/archibat.com\/blog\/#website\"},\"primaryImageOfPage\":{\"@id\":\"https:\/\/archibat.com\/blog\/junya-ishigami-de-larchitecture-a-la-nature\/#primaryimage\"},\"image\":{\"@id\":\"https:\/\/archibat.com\/blog\/junya-ishigami-de-larchitecture-a-la-nature\/#primaryimage\"},\"thumbnailUrl\":\"https:\/\/archibat.com\/blog\/wp-content\/uploads\/2018\/07\/Bannie\u0300re-article-Ishigami-1-2-scaled.jpg\",\"datePublished\":\"2018-07-12T16:06:43+00:00\",\"dateModified\":\"2022-10-24T14:51:06+00:00\",\"author\":{\"@id\":\"https:\/\/archibat.com\/blog\/#\/schema\/person\/c246f0d63b5e719c2cbe4f9bd494bf12\"},\"description\":\"Ce lieu met en sc\u00e8ne merveilleusement les productions architecturales aux allures oniriques de l\u2019architecte japonais\u00a0Junya\u00a0Ishigami.\",\"breadcrumb\":{\"@id\":\"https:\/\/archibat.com\/blog\/junya-ishigami-de-larchitecture-a-la-nature\/#breadcrumb\"},\"inLanguage\":\"fr-FR\",\"potentialAction\":[{\"@type\":\"ReadAction\",\"target\":[\"https:\/\/archibat.com\/blog\/junya-ishigami-de-larchitecture-a-la-nature\/\"]}]},{\"@type\":\"ImageObject\",\"inLanguage\":\"fr-FR\",\"@id\":\"https:\/\/archibat.com\/blog\/junya-ishigami-de-larchitecture-a-la-nature\/#primaryimage\",\"url\":\"https:\/\/archibat.com\/blog\/wp-content\/uploads\/2018\/07\/Bannie\u0300re-article-Ishigami-1-2-scaled.jpg\",\"contentUrl\":\"https:\/\/archibat.com\/blog\/wp-content\/uploads\/2018\/07\/Bannie\u0300re-article-Ishigami-1-2-scaled.jpg\",\"width\":2560,\"height\":1920},{\"@type\":\"BreadcrumbList\",\"@id\":\"https:\/\/archibat.com\/blog\/junya-ishigami-de-larchitecture-a-la-nature\/#breadcrumb\",\"itemListElement\":[{\"@type\":\"ListItem\",\"position\":1,\"name\":\"Home\",\"item\":\"https:\/\/archibat.com\/blog\/\"},{\"@type\":\"ListItem\",\"position\":2,\"name\":\"Junya\u00a0Ishigami, de\u00a0l&rsquo;architecture \u00e0 la nature\"}]},{\"@type\":\"WebSite\",\"@id\":\"https:\/\/archibat.com\/blog\/#website\",\"url\":\"https:\/\/archibat.com\/blog\/\",\"name\":\"ArchiBat Mag\",\"description\":\"Vous souhaitez connaitre les derni\u00e8res actualit\u00e9s sur l\u2019Architecture, le Design ou les Ressources Humaines ? D\u00e9couvrez ArchiBat Mag, le magazine d\u00e9di\u00e9 aux m\u00e9tiers de l&#039;Architecture et de l&#039;Ing\u00e9nierie.\",\"potentialAction\":[{\"@type\":\"SearchAction\",\"target\":{\"@type\":\"EntryPoint\",\"urlTemplate\":\"https:\/\/archibat.com\/blog\/?s={search_term_string}\"},\"query-input\":{\"@type\":\"PropertyValueSpecification\",\"valueRequired\":true,\"valueName\":\"search_term_string\"}}],\"inLanguage\":\"fr-FR\"},{\"@type\":\"Person\",\"@id\":\"https:\/\/archibat.com\/blog\/#\/schema\/person\/c246f0d63b5e719c2cbe4f9bd494bf12\",\"name\":\"communication\"}]}<\/script>\n<!-- \/ Yoast SEO plugin. -->","yoast_head_json":{"title":"Junya\u00a0Ishigami, de\u00a0l'architecture \u00e0 la nature &#8211; ArchiBat Mag","description":"Ce lieu met en sc\u00e8ne merveilleusement les productions architecturales aux allures oniriques de l\u2019architecte japonais\u00a0Junya\u00a0Ishigami.","robots":{"index":"index","follow":"follow","max-snippet":"max-snippet:-1","max-image-preview":"max-image-preview:large","max-video-preview":"max-video-preview:-1"},"canonical":"https:\/\/archibat.com\/blog\/junya-ishigami-de-larchitecture-a-la-nature\/","og_locale":"fr_FR","og_type":"article","og_title":"Junya\u00a0Ishigami, de\u00a0l'architecture \u00e0 la nature &#8211; ArchiBat Mag","og_description":"Ce lieu met en sc\u00e8ne merveilleusement les productions architecturales aux allures oniriques de l\u2019architecte japonais\u00a0Junya\u00a0Ishigami.","og_url":"https:\/\/archibat.com\/blog\/junya-ishigami-de-larchitecture-a-la-nature\/","og_site_name":"ArchiBat Mag","article_published_time":"2018-07-12T16:06:43+00:00","article_modified_time":"2022-10-24T14:51:06+00:00","og_image":[{"width":2560,"height":1920,"url":"https:\/\/archibat.com\/blog\/wp-content\/uploads\/2018\/07\/Bannie\u0300re-article-Ishigami-1-2-scaled.jpg","type":"image\/jpeg"}],"author":"communication","twitter_card":"summary_large_image","twitter_misc":{"\u00c9crit par":"communication","Dur\u00e9e de lecture estim\u00e9e":"3 minutes"},"schema":{"@context":"https:\/\/schema.org","@graph":[{"@type":"WebPage","@id":"https:\/\/archibat.com\/blog\/junya-ishigami-de-larchitecture-a-la-nature\/","url":"https:\/\/archibat.com\/blog\/junya-ishigami-de-larchitecture-a-la-nature\/","name":"Junya\u00a0Ishigami, de\u00a0l'architecture \u00e0 la nature &#8211; ArchiBat Mag","isPartOf":{"@id":"https:\/\/archibat.com\/blog\/#website"},"primaryImageOfPage":{"@id":"https:\/\/archibat.com\/blog\/junya-ishigami-de-larchitecture-a-la-nature\/#primaryimage"},"image":{"@id":"https:\/\/archibat.com\/blog\/junya-ishigami-de-larchitecture-a-la-nature\/#primaryimage"},"thumbnailUrl":"https:\/\/archibat.com\/blog\/wp-content\/uploads\/2018\/07\/Bannie\u0300re-article-Ishigami-1-2-scaled.jpg","datePublished":"2018-07-12T16:06:43+00:00","dateModified":"2022-10-24T14:51:06+00:00","author":{"@id":"https:\/\/archibat.com\/blog\/#\/schema\/person\/c246f0d63b5e719c2cbe4f9bd494bf12"},"description":"Ce lieu met en sc\u00e8ne merveilleusement les productions architecturales aux allures oniriques de l\u2019architecte japonais\u00a0Junya\u00a0Ishigami.","breadcrumb":{"@id":"https:\/\/archibat.com\/blog\/junya-ishigami-de-larchitecture-a-la-nature\/#breadcrumb"},"inLanguage":"fr-FR","potentialAction":[{"@type":"ReadAction","target":["https:\/\/archibat.com\/blog\/junya-ishigami-de-larchitecture-a-la-nature\/"]}]},{"@type":"ImageObject","inLanguage":"fr-FR","@id":"https:\/\/archibat.com\/blog\/junya-ishigami-de-larchitecture-a-la-nature\/#primaryimage","url":"https:\/\/archibat.com\/blog\/wp-content\/uploads\/2018\/07\/Bannie\u0300re-article-Ishigami-1-2-scaled.jpg","contentUrl":"https:\/\/archibat.com\/blog\/wp-content\/uploads\/2018\/07\/Bannie\u0300re-article-Ishigami-1-2-scaled.jpg","width":2560,"height":1920},{"@type":"BreadcrumbList","@id":"https:\/\/archibat.com\/blog\/junya-ishigami-de-larchitecture-a-la-nature\/#breadcrumb","itemListElement":[{"@type":"ListItem","position":1,"name":"Home","item":"https:\/\/archibat.com\/blog\/"},{"@type":"ListItem","position":2,"name":"Junya\u00a0Ishigami, de\u00a0l&rsquo;architecture \u00e0 la nature"}]},{"@type":"WebSite","@id":"https:\/\/archibat.com\/blog\/#website","url":"https:\/\/archibat.com\/blog\/","name":"ArchiBat Mag","description":"Vous souhaitez connaitre les derni\u00e8res actualit\u00e9s sur l\u2019Architecture, le Design ou les Ressources Humaines ? D\u00e9couvrez ArchiBat Mag, le magazine d\u00e9di\u00e9 aux m\u00e9tiers de l&#039;Architecture et de l&#039;Ing\u00e9nierie.","potentialAction":[{"@type":"SearchAction","target":{"@type":"EntryPoint","urlTemplate":"https:\/\/archibat.com\/blog\/?s={search_term_string}"},"query-input":{"@type":"PropertyValueSpecification","valueRequired":true,"valueName":"search_term_string"}}],"inLanguage":"fr-FR"},{"@type":"Person","@id":"https:\/\/archibat.com\/blog\/#\/schema\/person\/c246f0d63b5e719c2cbe4f9bd494bf12","name":"communication"}]}},"_links":{"self":[{"href":"https:\/\/archibat.com\/blog\/wp-json\/wp\/v2\/posts\/4693","targetHints":{"allow":["GET"]}}],"collection":[{"href":"https:\/\/archibat.com\/blog\/wp-json\/wp\/v2\/posts"}],"about":[{"href":"https:\/\/archibat.com\/blog\/wp-json\/wp\/v2\/types\/post"}],"author":[{"embeddable":true,"href":"https:\/\/archibat.com\/blog\/wp-json\/wp\/v2\/users\/2"}],"replies":[{"embeddable":true,"href":"https:\/\/archibat.com\/blog\/wp-json\/wp\/v2\/comments?post=4693"}],"version-history":[{"count":3,"href":"https:\/\/archibat.com\/blog\/wp-json\/wp\/v2\/posts\/4693\/revisions"}],"predecessor-version":[{"id":19152,"href":"https:\/\/archibat.com\/blog\/wp-json\/wp\/v2\/posts\/4693\/revisions\/19152"}],"wp:featuredmedia":[{"embeddable":true,"href":"https:\/\/archibat.com\/blog\/wp-json\/wp\/v2\/media\/4694"}],"wp:attachment":[{"href":"https:\/\/archibat.com\/blog\/wp-json\/wp\/v2\/media?parent=4693"}],"wp:term":[{"taxonomy":"category","embeddable":true,"href":"https:\/\/archibat.com\/blog\/wp-json\/wp\/v2\/categories?post=4693"},{"taxonomy":"post_tag","embeddable":true,"href":"https:\/\/archibat.com\/blog\/wp-json\/wp\/v2\/tags?post=4693"}],"curies":[{"name":"wp","href":"https:\/\/api.w.org\/{rel}","templated":true}]}}