{"id":4722,"date":"2018-07-24T10:33:18","date_gmt":"2018-07-24T08:33:18","guid":{"rendered":"https:\/\/www.archibat.com\/blog\/?p=4722"},"modified":"2019-01-03T16:33:34","modified_gmt":"2019-01-03T15:33:34","slug":"festival-paris-lete-un-ailleurs-imaginaire","status":"publish","type":"post","link":"https:\/\/archibat.com\/blog\/festival-paris-lete-un-ailleurs-imaginaire\/","title":{"rendered":"Festival Paris l\u2019\u00c9t\u00e9, un ailleurs imaginaire"},"content":{"rendered":"<p>Ce week-end, le Festival Paris l\u2019\u00c9t\u00e9 a d\u00e9but\u00e9 \u00e0 Paris.\u00a0Autant dire que s\u2019offre \u00e0 vous pour quelques jours,\u00a0 la d\u00e9couverte de nouveaux artistes ainsi que de nouveaux lieux.\u00a0J\u2019ai eu l\u2019opportunit\u00e9 de tester trois \u00e9v\u00e9nements tr\u00e8s diff\u00e9rents, mais avec un point commun fort : le spectateur se trouve balanc\u00e9 dans un entre-deux, opposant r\u00e9alit\u00e9 et fiction.<\/p>\n<p>Il est vrai que si l\u2019on se rend au Petit Palais pour voir l\u2019exposition des Impressionnistes en Exil, on se voit transport\u00e9 dans des paysages et des sc\u00e8nes de genre, empreintes d\u2019une r\u00e9alit\u00e9 historique accompagn\u00e9e d\u2019une dimension fictive. Ces instants retranscrits sont narr\u00e9s \u00e0 travers les yeux des peintres.\u00a0Cependant, ce qui m\u2019a marqu\u00e9 dans cet extrait du Festival, c\u2019est la conqu\u00eate des trois dimensions par les artistes.\u00a0Les \u0153uvres vous impliquent r\u00e9ellement physiquement.<\/p>\n<h2>Lignes\u00a0ouvertes &#8211;\u00a0Tatatiana-Mosio\u00a0Bongonga<\/h2>\n<p><img loading=\"lazy\" decoding=\"async\" src=\"https:\/\/www.archibat.com\/blog\/wp-content\/uploads\/2018\/07\/maxresdefault-2.jpg\" alt=\"\" width=\"1280\" height=\"720\" \/> <img loading=\"lazy\" decoding=\"async\" src=\"https:\/\/www.archibat.com\/blog\/wp-content\/uploads\/2018\/07\/lignes_ouvertes-2.jpg\" alt=\"\" width=\"1100\" height=\"602\" \/><\/p>\n<p>Sur la Butte Montmartre, flotte, vendredi soir, une femme.\u00a0Port\u00e9e par l\u2019Orchestre de Chambre de Paris, elle \u00e9volue \u00e0 35 m\u00e8tres au-dessus du sol avec une l\u00e9g\u00e8ret\u00e9 qui d\u00e9fie la gravit\u00e9.\u00a0Cette funambule aux allures de guerri\u00e8re capte le regard des touristes.\u00a0Dans sa lente marche vers le Sacr\u00e9 C\u0153ur, elle arr\u00eate presque le temps.\u00a0L\u2019\u0153uvre existe par l\u2019\u00e9change entre la funambule et les spectateurs.\u00a0Le fil dispara\u00eet presque dans le paysage\u00a0et Tatatiana-Mosio\u00a0Bongonga\u00a0vole au-dessus\u00a0des toits de Paris.\u00a0Elle offre un vrai moment de r\u00eave.<\/p>\n<h2>De la confusion des\u00a0r\u00e8gnes &#8211;\u00a0Johny\u00a0Lebigot<\/h2>\n<p><img loading=\"lazy\" decoding=\"async\" src=\"https:\/\/www.archibat.com\/blog\/wp-content\/uploads\/2018\/07\/3-1-2.jpg\" alt=\"\" width=\"3780\" height=\"2752\" \/> <img loading=\"lazy\" decoding=\"async\" src=\"https:\/\/www.archibat.com\/blog\/wp-content\/uploads\/2018\/07\/160709_rdl_0005-2.jpg\" alt=\"\" width=\"920\" height=\"613\" \/> <img loading=\"lazy\" decoding=\"async\" src=\"https:\/\/www.archibat.com\/blog\/wp-content\/uploads\/2018\/07\/183454-johnny_lebigot_bruno_laprade-2.jpg\" alt=\"\" width=\"1772\" height=\"1085\" \/><\/p>\n<p>Dans les deux salles du Lyc\u00e9e Jacques\u00a0Decour, se glissent les \u0153uvres de l\u2019artiste plasticien Johny\u00a0Lebigot.\u00a0Comme dans un mus\u00e9e d\u2019histoire naturelle, ces sculptures fascinantes sont r\u00e9pertori\u00e9es.\u00a0La sc\u00e9nographie particuli\u00e8rement soign\u00e9e pr\u00e9sente les \u0153uvres comme des \u00e9l\u00e9ments de la diversit\u00e9 du vivant.<\/p>\n<p>On peut observer la collecte de mat\u00e9riaux divers\u00a0(v\u00e9g\u00e9taux, min\u00e9raux ou animaux)\u00a0qui forment un tout.<\/p>\n<p>Cr\u00e9\u00e9es \u00e0 partir de ressources r\u00e9elles, l\u2019artiste nous invite \u00e0 d\u00e9couvrir ses sculptures dans un univers po\u00e9tique et d\u00e9cal\u00e9.\u00a0Les \u0153uvres sont organis\u00e9es de fa\u00e7on \u00e0 inciter le promeneur \u00e0 la fl\u00e2nerie de fa\u00e7on non-lin\u00e9aire afin d&rsquo;en appr\u00e9hender toutes les faces.<\/p>\n<p>Impossible d\u2019interpr\u00e9ter ces sculptures comme des objets communs, elles perturbent vos certitudes.<\/p>\n<h2>Museum\u00a0of\u00a0the\u00a0Moon\u00a0\u2013\u00a0Luke\u00a0Jeeram<\/h2>\n<p><img loading=\"lazy\" decoding=\"async\" src=\"https:\/\/www.archibat.com\/blog\/wp-content\/uploads\/2018\/07\/183454-moon_luke_jerram-2.jpg\" alt=\"\" width=\"4411\" height=\"3305\" \/> <img loading=\"lazy\" decoding=\"async\" src=\"https:\/\/www.archibat.com\/blog\/wp-content\/uploads\/2018\/07\/moon-c-nicolas_joubard-IR3A7260-1200x800-2.jpg\" alt=\"\" width=\"1200\" height=\"800\" \/><\/p>\n<p>Dans la\u00a0piscine Edouard\u00a0Pailleron\u00a0prend place une lune de 7 m\u00e8tres de diam\u00e8tre.\u00a0Luke\u00a0Jeeram\u00a0vous d\u00e9croche cet astre et vous offre une exp\u00e9rience nouvelle dans ce b\u00e2timent con\u00e7u dans les ann\u00e9es 1930.\u00a0La vraisemblance de cette sculpture est impressionnante.\u00a0Si votre voisin ne pratique pas le papillon, vous aurez l\u2019occasion de profiter d\u2019un bain de minuit en plein Paris.\u00a0Un fond musical, de musique classique ou compos\u00e9 d\u2019extraits radios de la NASA, rend l\u2019exp\u00e9rience encore plus immersive voir m\u00e9ditative. Vous vous sentez r\u00e9ellement transport\u00e9.\u00a0Comment ne pas \u00eatre \u00e9merveill\u00e9 par ce moment hors du temps ?<\/p>\n<p>Trois lieux, trois artistes et trois univers\u2026\u00a0le\u00a0Festival Paris l\u2019\u00c9t\u00e9 vous invite dans un\u00a0ailleurs\u00a0cr\u00e9atif\u00a0jusqu\u2019au 4 ao\u00fbt. Je vous conseille de profiter de ces \u00e9v\u00e9nements atypiques.<\/p>\n<p class=\"author\">Cyrielle Joly &#8211; Architecte DE &#8211; Consultante ArchiBat RH<\/p>\n","protected":false},"excerpt":{"rendered":"<p>Ce week-end, le Festival Paris l\u2019\u00c9t\u00e9 a d\u00e9but\u00e9 \u00e0 Paris.\u00a0Autant dire que s\u2019offre \u00e0 vous pour quelques jours,\u00a0 la d\u00e9couverte de nouveaux artistes ainsi que\u2026<\/p>\n","protected":false},"author":2,"featured_media":4723,"comment_status":"closed","ping_status":"closed","sticky":false,"template":"","format":"standard","meta":{"_acf_changed":false,"footnotes":""},"categories":[3],"tags":[1228,1258,1882,1884,1885,1886,1824,1883],"class_list":["post-4722","post","type-post","status-publish","format-standard","has-post-thumbnail","hentry","category-architecture-et-design","tag-design","tag-exposition","tag-festival-paris-lete","tag-johny-lebigot","tag-luke-jeeram","tag-piscine-edouard-pailleron","tag-scenographie","tag-tatatiana-mosio-bongonga"],"acf":[],"yoast_head":"<!-- This site is optimized with the Yoast SEO plugin v24.8.1 - https:\/\/yoast.com\/wordpress\/plugins\/seo\/ -->\n<title>Festival Paris l\u2019\u00c9t\u00e9, un ailleurs imaginaire &#8211; ArchiBat Mag<\/title>\n<meta name=\"description\" content=\"Qui a dit que l&#039;\u00e9t\u00e9 \u00e0 Paris serait ennuyeux ? D\u00e9couvrez le Festival Paris l&#039;\u00c9t\u00e9 et prenez une dose d&#039;art, de performances ou de lieux insolites \u00e0 d\u00e9couvrir\" \/>\n<meta name=\"robots\" content=\"index, follow, max-snippet:-1, max-image-preview:large, max-video-preview:-1\" \/>\n<link rel=\"canonical\" href=\"https:\/\/archibat.com\/blog\/festival-paris-lete-un-ailleurs-imaginaire\/\" \/>\n<meta property=\"og:locale\" content=\"fr_FR\" \/>\n<meta property=\"og:type\" content=\"article\" \/>\n<meta property=\"og:title\" content=\"Festival Paris l\u2019\u00c9t\u00e9, un ailleurs imaginaire &#8211; ArchiBat Mag\" \/>\n<meta property=\"og:description\" content=\"Qui a dit que l&#039;\u00e9t\u00e9 \u00e0 Paris serait ennuyeux ? D\u00e9couvrez le Festival Paris l&#039;\u00c9t\u00e9 et prenez une dose d&#039;art, de performances ou de lieux insolites \u00e0 d\u00e9couvrir\" \/>\n<meta property=\"og:url\" content=\"https:\/\/archibat.com\/blog\/festival-paris-lete-un-ailleurs-imaginaire\/\" \/>\n<meta property=\"og:site_name\" content=\"ArchiBat Mag\" \/>\n<meta property=\"article:published_time\" content=\"2018-07-24T08:33:18+00:00\" \/>\n<meta property=\"article:modified_time\" content=\"2019-01-03T15:33:34+00:00\" \/>\n<meta property=\"og:image\" content=\"https:\/\/archibat.com\/blog\/wp-content\/uploads\/2018\/07\/3-1-2-scaled.jpg\" \/>\n\t<meta property=\"og:image:width\" content=\"2560\" \/>\n\t<meta property=\"og:image:height\" content=\"1864\" \/>\n\t<meta property=\"og:image:type\" content=\"image\/jpeg\" \/>\n<meta name=\"author\" content=\"communication\" \/>\n<meta name=\"twitter:card\" content=\"summary_large_image\" \/>\n<meta name=\"twitter:label1\" content=\"\u00c9crit par\" \/>\n\t<meta name=\"twitter:data1\" content=\"communication\" \/>\n\t<meta name=\"twitter:label2\" content=\"Dur\u00e9e de lecture estim\u00e9e\" \/>\n\t<meta name=\"twitter:data2\" content=\"3 minutes\" \/>\n<script type=\"application\/ld+json\" class=\"yoast-schema-graph\">{\"@context\":\"https:\/\/schema.org\",\"@graph\":[{\"@type\":\"WebPage\",\"@id\":\"https:\/\/archibat.com\/blog\/festival-paris-lete-un-ailleurs-imaginaire\/\",\"url\":\"https:\/\/archibat.com\/blog\/festival-paris-lete-un-ailleurs-imaginaire\/\",\"name\":\"Festival Paris l\u2019\u00c9t\u00e9, un ailleurs imaginaire &#8211; ArchiBat Mag\",\"isPartOf\":{\"@id\":\"https:\/\/archibat.com\/blog\/#website\"},\"primaryImageOfPage\":{\"@id\":\"https:\/\/archibat.com\/blog\/festival-paris-lete-un-ailleurs-imaginaire\/#primaryimage\"},\"image\":{\"@id\":\"https:\/\/archibat.com\/blog\/festival-paris-lete-un-ailleurs-imaginaire\/#primaryimage\"},\"thumbnailUrl\":\"https:\/\/archibat.com\/blog\/wp-content\/uploads\/2018\/07\/3-1-2-scaled.jpg\",\"datePublished\":\"2018-07-24T08:33:18+00:00\",\"dateModified\":\"2019-01-03T15:33:34+00:00\",\"author\":{\"@id\":\"https:\/\/archibat.com\/blog\/#\/schema\/person\/c246f0d63b5e719c2cbe4f9bd494bf12\"},\"description\":\"Qui a dit que l'\u00e9t\u00e9 \u00e0 Paris serait ennuyeux ? D\u00e9couvrez le Festival Paris l'\u00c9t\u00e9 et prenez une dose d'art, de performances ou de lieux insolites \u00e0 d\u00e9couvrir\",\"breadcrumb\":{\"@id\":\"https:\/\/archibat.com\/blog\/festival-paris-lete-un-ailleurs-imaginaire\/#breadcrumb\"},\"inLanguage\":\"fr-FR\",\"potentialAction\":[{\"@type\":\"ReadAction\",\"target\":[\"https:\/\/archibat.com\/blog\/festival-paris-lete-un-ailleurs-imaginaire\/\"]}]},{\"@type\":\"ImageObject\",\"inLanguage\":\"fr-FR\",\"@id\":\"https:\/\/archibat.com\/blog\/festival-paris-lete-un-ailleurs-imaginaire\/#primaryimage\",\"url\":\"https:\/\/archibat.com\/blog\/wp-content\/uploads\/2018\/07\/3-1-2-scaled.jpg\",\"contentUrl\":\"https:\/\/archibat.com\/blog\/wp-content\/uploads\/2018\/07\/3-1-2-scaled.jpg\",\"width\":2560,\"height\":1864},{\"@type\":\"BreadcrumbList\",\"@id\":\"https:\/\/archibat.com\/blog\/festival-paris-lete-un-ailleurs-imaginaire\/#breadcrumb\",\"itemListElement\":[{\"@type\":\"ListItem\",\"position\":1,\"name\":\"Home\",\"item\":\"https:\/\/archibat.com\/blog\/\"},{\"@type\":\"ListItem\",\"position\":2,\"name\":\"Festival Paris l\u2019\u00c9t\u00e9, un ailleurs imaginaire\"}]},{\"@type\":\"WebSite\",\"@id\":\"https:\/\/archibat.com\/blog\/#website\",\"url\":\"https:\/\/archibat.com\/blog\/\",\"name\":\"ArchiBat Mag\",\"description\":\"Vous souhaitez connaitre les derni\u00e8res actualit\u00e9s sur l\u2019Architecture, le Design ou les Ressources Humaines ? D\u00e9couvrez ArchiBat Mag, le magazine d\u00e9di\u00e9 aux m\u00e9tiers de l&#039;Architecture et de l&#039;Ing\u00e9nierie.\",\"potentialAction\":[{\"@type\":\"SearchAction\",\"target\":{\"@type\":\"EntryPoint\",\"urlTemplate\":\"https:\/\/archibat.com\/blog\/?s={search_term_string}\"},\"query-input\":{\"@type\":\"PropertyValueSpecification\",\"valueRequired\":true,\"valueName\":\"search_term_string\"}}],\"inLanguage\":\"fr-FR\"},{\"@type\":\"Person\",\"@id\":\"https:\/\/archibat.com\/blog\/#\/schema\/person\/c246f0d63b5e719c2cbe4f9bd494bf12\",\"name\":\"communication\"}]}<\/script>\n<!-- \/ Yoast SEO plugin. -->","yoast_head_json":{"title":"Festival Paris l\u2019\u00c9t\u00e9, un ailleurs imaginaire &#8211; ArchiBat Mag","description":"Qui a dit que l'\u00e9t\u00e9 \u00e0 Paris serait ennuyeux ? D\u00e9couvrez le Festival Paris l'\u00c9t\u00e9 et prenez une dose d'art, de performances ou de lieux insolites \u00e0 d\u00e9couvrir","robots":{"index":"index","follow":"follow","max-snippet":"max-snippet:-1","max-image-preview":"max-image-preview:large","max-video-preview":"max-video-preview:-1"},"canonical":"https:\/\/archibat.com\/blog\/festival-paris-lete-un-ailleurs-imaginaire\/","og_locale":"fr_FR","og_type":"article","og_title":"Festival Paris l\u2019\u00c9t\u00e9, un ailleurs imaginaire &#8211; ArchiBat Mag","og_description":"Qui a dit que l'\u00e9t\u00e9 \u00e0 Paris serait ennuyeux ? D\u00e9couvrez le Festival Paris l'\u00c9t\u00e9 et prenez une dose d'art, de performances ou de lieux insolites \u00e0 d\u00e9couvrir","og_url":"https:\/\/archibat.com\/blog\/festival-paris-lete-un-ailleurs-imaginaire\/","og_site_name":"ArchiBat Mag","article_published_time":"2018-07-24T08:33:18+00:00","article_modified_time":"2019-01-03T15:33:34+00:00","og_image":[{"width":2560,"height":1864,"url":"https:\/\/archibat.com\/blog\/wp-content\/uploads\/2018\/07\/3-1-2-scaled.jpg","type":"image\/jpeg"}],"author":"communication","twitter_card":"summary_large_image","twitter_misc":{"\u00c9crit par":"communication","Dur\u00e9e de lecture estim\u00e9e":"3 minutes"},"schema":{"@context":"https:\/\/schema.org","@graph":[{"@type":"WebPage","@id":"https:\/\/archibat.com\/blog\/festival-paris-lete-un-ailleurs-imaginaire\/","url":"https:\/\/archibat.com\/blog\/festival-paris-lete-un-ailleurs-imaginaire\/","name":"Festival Paris l\u2019\u00c9t\u00e9, un ailleurs imaginaire &#8211; ArchiBat Mag","isPartOf":{"@id":"https:\/\/archibat.com\/blog\/#website"},"primaryImageOfPage":{"@id":"https:\/\/archibat.com\/blog\/festival-paris-lete-un-ailleurs-imaginaire\/#primaryimage"},"image":{"@id":"https:\/\/archibat.com\/blog\/festival-paris-lete-un-ailleurs-imaginaire\/#primaryimage"},"thumbnailUrl":"https:\/\/archibat.com\/blog\/wp-content\/uploads\/2018\/07\/3-1-2-scaled.jpg","datePublished":"2018-07-24T08:33:18+00:00","dateModified":"2019-01-03T15:33:34+00:00","author":{"@id":"https:\/\/archibat.com\/blog\/#\/schema\/person\/c246f0d63b5e719c2cbe4f9bd494bf12"},"description":"Qui a dit que l'\u00e9t\u00e9 \u00e0 Paris serait ennuyeux ? D\u00e9couvrez le Festival Paris l'\u00c9t\u00e9 et prenez une dose d'art, de performances ou de lieux insolites \u00e0 d\u00e9couvrir","breadcrumb":{"@id":"https:\/\/archibat.com\/blog\/festival-paris-lete-un-ailleurs-imaginaire\/#breadcrumb"},"inLanguage":"fr-FR","potentialAction":[{"@type":"ReadAction","target":["https:\/\/archibat.com\/blog\/festival-paris-lete-un-ailleurs-imaginaire\/"]}]},{"@type":"ImageObject","inLanguage":"fr-FR","@id":"https:\/\/archibat.com\/blog\/festival-paris-lete-un-ailleurs-imaginaire\/#primaryimage","url":"https:\/\/archibat.com\/blog\/wp-content\/uploads\/2018\/07\/3-1-2-scaled.jpg","contentUrl":"https:\/\/archibat.com\/blog\/wp-content\/uploads\/2018\/07\/3-1-2-scaled.jpg","width":2560,"height":1864},{"@type":"BreadcrumbList","@id":"https:\/\/archibat.com\/blog\/festival-paris-lete-un-ailleurs-imaginaire\/#breadcrumb","itemListElement":[{"@type":"ListItem","position":1,"name":"Home","item":"https:\/\/archibat.com\/blog\/"},{"@type":"ListItem","position":2,"name":"Festival Paris l\u2019\u00c9t\u00e9, un ailleurs imaginaire"}]},{"@type":"WebSite","@id":"https:\/\/archibat.com\/blog\/#website","url":"https:\/\/archibat.com\/blog\/","name":"ArchiBat Mag","description":"Vous souhaitez connaitre les derni\u00e8res actualit\u00e9s sur l\u2019Architecture, le Design ou les Ressources Humaines ? D\u00e9couvrez ArchiBat Mag, le magazine d\u00e9di\u00e9 aux m\u00e9tiers de l&#039;Architecture et de l&#039;Ing\u00e9nierie.","potentialAction":[{"@type":"SearchAction","target":{"@type":"EntryPoint","urlTemplate":"https:\/\/archibat.com\/blog\/?s={search_term_string}"},"query-input":{"@type":"PropertyValueSpecification","valueRequired":true,"valueName":"search_term_string"}}],"inLanguage":"fr-FR"},{"@type":"Person","@id":"https:\/\/archibat.com\/blog\/#\/schema\/person\/c246f0d63b5e719c2cbe4f9bd494bf12","name":"communication"}]}},"_links":{"self":[{"href":"https:\/\/archibat.com\/blog\/wp-json\/wp\/v2\/posts\/4722","targetHints":{"allow":["GET"]}}],"collection":[{"href":"https:\/\/archibat.com\/blog\/wp-json\/wp\/v2\/posts"}],"about":[{"href":"https:\/\/archibat.com\/blog\/wp-json\/wp\/v2\/types\/post"}],"author":[{"embeddable":true,"href":"https:\/\/archibat.com\/blog\/wp-json\/wp\/v2\/users\/2"}],"replies":[{"embeddable":true,"href":"https:\/\/archibat.com\/blog\/wp-json\/wp\/v2\/comments?post=4722"}],"version-history":[{"count":4,"href":"https:\/\/archibat.com\/blog\/wp-json\/wp\/v2\/posts\/4722\/revisions"}],"predecessor-version":[{"id":8892,"href":"https:\/\/archibat.com\/blog\/wp-json\/wp\/v2\/posts\/4722\/revisions\/8892"}],"wp:featuredmedia":[{"embeddable":true,"href":"https:\/\/archibat.com\/blog\/wp-json\/wp\/v2\/media\/4723"}],"wp:attachment":[{"href":"https:\/\/archibat.com\/blog\/wp-json\/wp\/v2\/media?parent=4722"}],"wp:term":[{"taxonomy":"category","embeddable":true,"href":"https:\/\/archibat.com\/blog\/wp-json\/wp\/v2\/categories?post=4722"},{"taxonomy":"post_tag","embeddable":true,"href":"https:\/\/archibat.com\/blog\/wp-json\/wp\/v2\/tags?post=4722"}],"curies":[{"name":"wp","href":"https:\/\/api.w.org\/{rel}","templated":true}]}}