{"id":4748,"date":"2018-08-01T13:57:58","date_gmt":"2018-08-01T11:57:58","guid":{"rendered":"https:\/\/www.archibat.com\/blog\/?p=4748"},"modified":"2019-01-03T16:28:36","modified_gmt":"2019-01-03T15:28:36","slug":"hugo-gasnier-concevoir-et-construire-en-terre","status":"publish","type":"post","link":"https:\/\/archibat.com\/blog\/hugo-gasnier-concevoir-et-construire-en-terre\/","title":{"rendered":"Hugo Gasnier : concevoir et construire en terre"},"content":{"rendered":"<p>Hugo Gasnier a toujours \u00e9t\u00e9 fascin\u00e9 par la mati\u00e8re, l\u2019espace, et la sculpture. Apr\u00e8s avoir pench\u00e9 pour les Beaux-Arts, il entre finalement l\u2019\u00e9cole d\u2019architecture de Grenoble, et se forme au CRAterre, incarn\u00e9 d\u00e8s la premi\u00e8re ann\u00e9e par le professeur Patrice Doat. Il d\u00e9couvre les architectures du monde, les dessine, les construit. Il p\u00e9n\u00e8tre dans le monde particulier de la construction en terre, mati\u00e8re de pr\u00e9dilection de l\u2019enseignant, pour comprendre plus largement comment concevoir et construire. Dans le Master Cultures Constructives, il touche aussi \u00e0 l\u2019acier, au bois, \u00e0 la pierre et apprend en b\u00e2tissant \u00e0 l\u2019\u00e9chelle 1 dans les Grands Ateliers de l\u2019Isle d\u2019Abeau. S\u2019il partage la philosophie d\u2019un travail qui n\u00e9cessite un ancrage local fort, qui reste proche des modes de construction \u00e9cologiques et locaux, il veille aussi \u00e0 internationaliser son parcours d\u2019\u00e9tudes.<\/p>\n<h2>L\u2019attrait pour la p\u00e9dagogie et l\u2019international<\/h2>\n<p>Une ann\u00e9e Erasmus en Belgique marque le d\u00e9but de nombreux autres d\u00e9placements internationaux r\u00e9alis\u00e9s dans l\u2019optique d\u2019apprendre sur la mati\u00e8re, de rencontrer des homologues, et toujours avec CRAterre. Des workshops en Palestine, en Autriche, puis en Chine et en Australie sont organis\u00e9s par la formation sp\u00e9cialis\u00e9e qu\u2019il suit pendant deux ans \u00e0 L\u2019ENSAG (DSA terre). Il commence \u00e0 enseigner aupr\u00e8s de Patrice Doat en premi\u00e8re ann\u00e9e d\u2019architecture, et int\u00e8gre progressivement le laboratoire CRAterre. L\u2019\u00e9quipe d\u2019architectes, d\u2019enseignants, de chercheurs, marque fortement sa vision de la discipline, l\u2019ouvre aux autres corps de m\u00e9tier, et le jeune dipl\u00f4m\u00e9 se fait le messager des pr\u00e9ceptes du groupement : \u00ab C\u2019est lorsque l\u2019on comprend la technique que l\u2019on se lib\u00e8re de la conception \u00bb, et : \u00ab La terre, c\u2019est simple, elle est l\u00e0 sous nos pieds \u00bb. Ainsi, pour Hugo Gasnier, l\u2019international n\u2019est pas un but en soi mais fait partie de la culture dans laquelle il baigne depuis plus de dix ans.<\/p>\n<h2>R\u00e9seau d\u2019experts internationaux<\/h2>\n<p>Suite au DSA, il obtient une bourse de l\u2019Ordre des architectes am\u00e9ricains (AIA) pour \u00e9tudier les architectures en terre entre l\u2019Arizona, l\u2019Utah, le Nouveau- Mexique et la Californie. Ses interviews d\u2019architectes, rencontres d\u2019artisans, et participations aux chantiers, lui r\u00e9v\u00e8lent le foss\u00e9 culturel entre les occidentaux qui ne stabilisent pas ou peu les constructions en terre, et les anglo-saxons pour qui il serait une h\u00e9r\u00e9sie de livrer un \u00e9difice en proie \u00e0 la d\u00e9composition naturelle. Aujourd\u2019hui salari\u00e9 du laboratoire CRAterre, il est charg\u00e9 de r\u00e9ceptionner les demandes des architectes fran\u00e7ais et internationaux qui souhaitent mettre en \u0153uvre des projets en terre. Il participe r\u00e9guli\u00e8rement \u00e0 des missions \u00e0 l\u2019\u00e9tranger ou dans les DOM-TOM : au B\u00e9nin pour former des architectes et des entreprises, au S\u00e9n\u00e9gal pour des recherches sur les roseaux Typha, et \u00e0 Mayotte pour de l\u2019assistance technique sur le Bloc deTerre Comprim\u00e9. Sous la direction d\u2019Hubert Guillaud, un des fondateurs du CRAterre, il a d\u00e9but\u00e9 une th\u00e8se en 2015 sur le th\u00e8me des terres de d\u00e9blais comme ressource pour la construction des villes \u00e9co-responsables. Sa r\u00e9flexion sur la mati\u00e8re continue sa route vers des \u00e9chelles d\u2019analyse \u00e9largies. Il enseigne toujours \u00e0 Grenoble, et souhaite poursuivre dans cette voie et parmi ceux qui ont entretenu sa vocation : CRAterre.<\/p>\n<p class=\"author\">Portrait r\u00e9alis\u00e9 par Laura Rosenbaum \u2013 Architecte DEHMONP \u2013 Docteur en Sociologie<\/p>\n","protected":false},"excerpt":{"rendered":"<p>Hugo Gasnier a toujours \u00e9t\u00e9 fascin\u00e9 par la mati\u00e8re, l\u2019espace, et la sculpture. Apr\u00e8s avoir pench\u00e9 pour les Beaux-Arts, il entre finalement l\u2019\u00e9cole d\u2019architecture de\u2026<\/p>\n","protected":false},"author":2,"featured_media":4749,"comment_status":"closed","ping_status":"closed","sticky":false,"template":"","format":"standard","meta":{"_acf_changed":false,"footnotes":""},"categories":[5],"tags":[1236,1240,1261,1859,1863,1862,1861,1865,1858],"class_list":["post-4748","post","type-post","status-publish","format-standard","has-post-thumbnail","hentry","category-portraits","tag-architecte","tag-architecture-2","tag-construction","tag-craterre","tag-ensag","tag-gaia","tag-grands-ateliers-de-lisle-dabeau","tag-hubert-guillaud","tag-hugo-gasnier"],"acf":[],"yoast_head":"<!-- This site is optimized with the Yoast SEO plugin v24.8.1 - https:\/\/yoast.com\/wordpress\/plugins\/seo\/ -->\n<title>Hugo Gasnier : concevoir et construire en terre &#8211; ArchiBat Mag<\/title>\n<meta name=\"robots\" content=\"index, follow, max-snippet:-1, max-image-preview:large, max-video-preview:-1\" \/>\n<link rel=\"canonical\" href=\"https:\/\/archibat.com\/blog\/hugo-gasnier-concevoir-et-construire-en-terre\/\" \/>\n<meta property=\"og:locale\" content=\"fr_FR\" \/>\n<meta property=\"og:type\" content=\"article\" \/>\n<meta property=\"og:title\" content=\"Hugo Gasnier : concevoir et construire en terre &#8211; ArchiBat Mag\" \/>\n<meta property=\"og:description\" content=\"Hugo Gasnier a toujours \u00e9t\u00e9 fascin\u00e9 par la mati\u00e8re, l\u2019espace, et la sculpture. Apr\u00e8s avoir pench\u00e9 pour les Beaux-Arts, il entre finalement l\u2019\u00e9cole d\u2019architecture de\u2026\" \/>\n<meta property=\"og:url\" content=\"https:\/\/archibat.com\/blog\/hugo-gasnier-concevoir-et-construire-en-terre\/\" \/>\n<meta property=\"og:site_name\" content=\"ArchiBat Mag\" \/>\n<meta property=\"article:published_time\" content=\"2018-08-01T11:57:58+00:00\" \/>\n<meta property=\"article:modified_time\" content=\"2019-01-03T15:28:36+00:00\" \/>\n<meta property=\"og:image\" content=\"https:\/\/archibat.com\/blog\/wp-content\/uploads\/2018\/08\/Fotolia_130153889_S-2.jpg\" \/>\n\t<meta property=\"og:image:width\" content=\"849\" \/>\n\t<meta property=\"og:image:height\" content=\"566\" \/>\n\t<meta property=\"og:image:type\" content=\"image\/jpeg\" \/>\n<meta name=\"author\" content=\"communication\" \/>\n<meta name=\"twitter:card\" content=\"summary_large_image\" \/>\n<meta name=\"twitter:label1\" content=\"\u00c9crit par\" \/>\n\t<meta name=\"twitter:data1\" content=\"communication\" \/>\n\t<meta name=\"twitter:label2\" content=\"Dur\u00e9e de lecture estim\u00e9e\" \/>\n\t<meta name=\"twitter:data2\" content=\"3 minutes\" \/>\n<script type=\"application\/ld+json\" class=\"yoast-schema-graph\">{\"@context\":\"https:\/\/schema.org\",\"@graph\":[{\"@type\":\"WebPage\",\"@id\":\"https:\/\/archibat.com\/blog\/hugo-gasnier-concevoir-et-construire-en-terre\/\",\"url\":\"https:\/\/archibat.com\/blog\/hugo-gasnier-concevoir-et-construire-en-terre\/\",\"name\":\"Hugo Gasnier : concevoir et construire en terre &#8211; ArchiBat Mag\",\"isPartOf\":{\"@id\":\"https:\/\/archibat.com\/blog\/#website\"},\"primaryImageOfPage\":{\"@id\":\"https:\/\/archibat.com\/blog\/hugo-gasnier-concevoir-et-construire-en-terre\/#primaryimage\"},\"image\":{\"@id\":\"https:\/\/archibat.com\/blog\/hugo-gasnier-concevoir-et-construire-en-terre\/#primaryimage\"},\"thumbnailUrl\":\"https:\/\/archibat.com\/blog\/wp-content\/uploads\/2018\/08\/Fotolia_130153889_S-2.jpg\",\"datePublished\":\"2018-08-01T11:57:58+00:00\",\"dateModified\":\"2019-01-03T15:28:36+00:00\",\"author\":{\"@id\":\"https:\/\/archibat.com\/blog\/#\/schema\/person\/c246f0d63b5e719c2cbe4f9bd494bf12\"},\"breadcrumb\":{\"@id\":\"https:\/\/archibat.com\/blog\/hugo-gasnier-concevoir-et-construire-en-terre\/#breadcrumb\"},\"inLanguage\":\"fr-FR\",\"potentialAction\":[{\"@type\":\"ReadAction\",\"target\":[\"https:\/\/archibat.com\/blog\/hugo-gasnier-concevoir-et-construire-en-terre\/\"]}]},{\"@type\":\"ImageObject\",\"inLanguage\":\"fr-FR\",\"@id\":\"https:\/\/archibat.com\/blog\/hugo-gasnier-concevoir-et-construire-en-terre\/#primaryimage\",\"url\":\"https:\/\/archibat.com\/blog\/wp-content\/uploads\/2018\/08\/Fotolia_130153889_S-2.jpg\",\"contentUrl\":\"https:\/\/archibat.com\/blog\/wp-content\/uploads\/2018\/08\/Fotolia_130153889_S-2.jpg\",\"width\":849,\"height\":566},{\"@type\":\"BreadcrumbList\",\"@id\":\"https:\/\/archibat.com\/blog\/hugo-gasnier-concevoir-et-construire-en-terre\/#breadcrumb\",\"itemListElement\":[{\"@type\":\"ListItem\",\"position\":1,\"name\":\"Home\",\"item\":\"https:\/\/archibat.com\/blog\/\"},{\"@type\":\"ListItem\",\"position\":2,\"name\":\"Hugo Gasnier : concevoir et construire en terre\"}]},{\"@type\":\"WebSite\",\"@id\":\"https:\/\/archibat.com\/blog\/#website\",\"url\":\"https:\/\/archibat.com\/blog\/\",\"name\":\"ArchiBat Mag\",\"description\":\"Vous souhaitez connaitre les derni\u00e8res actualit\u00e9s sur l\u2019Architecture, le Design ou les Ressources Humaines ? D\u00e9couvrez ArchiBat Mag, le magazine d\u00e9di\u00e9 aux m\u00e9tiers de l&#039;Architecture et de l&#039;Ing\u00e9nierie.\",\"potentialAction\":[{\"@type\":\"SearchAction\",\"target\":{\"@type\":\"EntryPoint\",\"urlTemplate\":\"https:\/\/archibat.com\/blog\/?s={search_term_string}\"},\"query-input\":{\"@type\":\"PropertyValueSpecification\",\"valueRequired\":true,\"valueName\":\"search_term_string\"}}],\"inLanguage\":\"fr-FR\"},{\"@type\":\"Person\",\"@id\":\"https:\/\/archibat.com\/blog\/#\/schema\/person\/c246f0d63b5e719c2cbe4f9bd494bf12\",\"name\":\"communication\"}]}<\/script>\n<!-- \/ Yoast SEO plugin. -->","yoast_head_json":{"title":"Hugo Gasnier : concevoir et construire en terre &#8211; ArchiBat Mag","robots":{"index":"index","follow":"follow","max-snippet":"max-snippet:-1","max-image-preview":"max-image-preview:large","max-video-preview":"max-video-preview:-1"},"canonical":"https:\/\/archibat.com\/blog\/hugo-gasnier-concevoir-et-construire-en-terre\/","og_locale":"fr_FR","og_type":"article","og_title":"Hugo Gasnier : concevoir et construire en terre &#8211; ArchiBat Mag","og_description":"Hugo Gasnier a toujours \u00e9t\u00e9 fascin\u00e9 par la mati\u00e8re, l\u2019espace, et la sculpture. Apr\u00e8s avoir pench\u00e9 pour les Beaux-Arts, il entre finalement l\u2019\u00e9cole d\u2019architecture de\u2026","og_url":"https:\/\/archibat.com\/blog\/hugo-gasnier-concevoir-et-construire-en-terre\/","og_site_name":"ArchiBat Mag","article_published_time":"2018-08-01T11:57:58+00:00","article_modified_time":"2019-01-03T15:28:36+00:00","og_image":[{"width":849,"height":566,"url":"https:\/\/archibat.com\/blog\/wp-content\/uploads\/2018\/08\/Fotolia_130153889_S-2.jpg","type":"image\/jpeg"}],"author":"communication","twitter_card":"summary_large_image","twitter_misc":{"\u00c9crit par":"communication","Dur\u00e9e de lecture estim\u00e9e":"3 minutes"},"schema":{"@context":"https:\/\/schema.org","@graph":[{"@type":"WebPage","@id":"https:\/\/archibat.com\/blog\/hugo-gasnier-concevoir-et-construire-en-terre\/","url":"https:\/\/archibat.com\/blog\/hugo-gasnier-concevoir-et-construire-en-terre\/","name":"Hugo Gasnier : concevoir et construire en terre &#8211; ArchiBat Mag","isPartOf":{"@id":"https:\/\/archibat.com\/blog\/#website"},"primaryImageOfPage":{"@id":"https:\/\/archibat.com\/blog\/hugo-gasnier-concevoir-et-construire-en-terre\/#primaryimage"},"image":{"@id":"https:\/\/archibat.com\/blog\/hugo-gasnier-concevoir-et-construire-en-terre\/#primaryimage"},"thumbnailUrl":"https:\/\/archibat.com\/blog\/wp-content\/uploads\/2018\/08\/Fotolia_130153889_S-2.jpg","datePublished":"2018-08-01T11:57:58+00:00","dateModified":"2019-01-03T15:28:36+00:00","author":{"@id":"https:\/\/archibat.com\/blog\/#\/schema\/person\/c246f0d63b5e719c2cbe4f9bd494bf12"},"breadcrumb":{"@id":"https:\/\/archibat.com\/blog\/hugo-gasnier-concevoir-et-construire-en-terre\/#breadcrumb"},"inLanguage":"fr-FR","potentialAction":[{"@type":"ReadAction","target":["https:\/\/archibat.com\/blog\/hugo-gasnier-concevoir-et-construire-en-terre\/"]}]},{"@type":"ImageObject","inLanguage":"fr-FR","@id":"https:\/\/archibat.com\/blog\/hugo-gasnier-concevoir-et-construire-en-terre\/#primaryimage","url":"https:\/\/archibat.com\/blog\/wp-content\/uploads\/2018\/08\/Fotolia_130153889_S-2.jpg","contentUrl":"https:\/\/archibat.com\/blog\/wp-content\/uploads\/2018\/08\/Fotolia_130153889_S-2.jpg","width":849,"height":566},{"@type":"BreadcrumbList","@id":"https:\/\/archibat.com\/blog\/hugo-gasnier-concevoir-et-construire-en-terre\/#breadcrumb","itemListElement":[{"@type":"ListItem","position":1,"name":"Home","item":"https:\/\/archibat.com\/blog\/"},{"@type":"ListItem","position":2,"name":"Hugo Gasnier : concevoir et construire en terre"}]},{"@type":"WebSite","@id":"https:\/\/archibat.com\/blog\/#website","url":"https:\/\/archibat.com\/blog\/","name":"ArchiBat Mag","description":"Vous souhaitez connaitre les derni\u00e8res actualit\u00e9s sur l\u2019Architecture, le Design ou les Ressources Humaines ? D\u00e9couvrez ArchiBat Mag, le magazine d\u00e9di\u00e9 aux m\u00e9tiers de l&#039;Architecture et de l&#039;Ing\u00e9nierie.","potentialAction":[{"@type":"SearchAction","target":{"@type":"EntryPoint","urlTemplate":"https:\/\/archibat.com\/blog\/?s={search_term_string}"},"query-input":{"@type":"PropertyValueSpecification","valueRequired":true,"valueName":"search_term_string"}}],"inLanguage":"fr-FR"},{"@type":"Person","@id":"https:\/\/archibat.com\/blog\/#\/schema\/person\/c246f0d63b5e719c2cbe4f9bd494bf12","name":"communication"}]}},"_links":{"self":[{"href":"https:\/\/archibat.com\/blog\/wp-json\/wp\/v2\/posts\/4748","targetHints":{"allow":["GET"]}}],"collection":[{"href":"https:\/\/archibat.com\/blog\/wp-json\/wp\/v2\/posts"}],"about":[{"href":"https:\/\/archibat.com\/blog\/wp-json\/wp\/v2\/types\/post"}],"author":[{"embeddable":true,"href":"https:\/\/archibat.com\/blog\/wp-json\/wp\/v2\/users\/2"}],"replies":[{"embeddable":true,"href":"https:\/\/archibat.com\/blog\/wp-json\/wp\/v2\/comments?post=4748"}],"version-history":[{"count":1,"href":"https:\/\/archibat.com\/blog\/wp-json\/wp\/v2\/posts\/4748\/revisions"}],"predecessor-version":[{"id":8407,"href":"https:\/\/archibat.com\/blog\/wp-json\/wp\/v2\/posts\/4748\/revisions\/8407"}],"wp:featuredmedia":[{"embeddable":true,"href":"https:\/\/archibat.com\/blog\/wp-json\/wp\/v2\/media\/4749"}],"wp:attachment":[{"href":"https:\/\/archibat.com\/blog\/wp-json\/wp\/v2\/media?parent=4748"}],"wp:term":[{"taxonomy":"category","embeddable":true,"href":"https:\/\/archibat.com\/blog\/wp-json\/wp\/v2\/categories?post=4748"},{"taxonomy":"post_tag","embeddable":true,"href":"https:\/\/archibat.com\/blog\/wp-json\/wp\/v2\/tags?post=4748"}],"curies":[{"name":"wp","href":"https:\/\/api.w.org\/{rel}","templated":true}]}}