{"id":529,"date":"2015-03-03T22:51:08","date_gmt":"2015-03-03T21:51:08","guid":{"rendered":"https:\/\/www.archibat.com\/blog\/?p=529"},"modified":"2018-12-11T16:27:03","modified_gmt":"2018-12-11T15:27:03","slug":"cinq-projets-finalistes-du-prix-mies-van-der-rohe","status":"publish","type":"post","link":"https:\/\/archibat.com\/blog\/cinq-projets-finalistes-du-prix-mies-van-der-rohe\/","title":{"rendered":"Cinq projets finalistes du Prix Mies van der Rohe"},"content":{"rendered":"<p>Parmi les 420 candidatures, cinq finalistes ont \u00e9t\u00e9 d\u00e9sign\u00e9s le 25 f\u00e9vrier pour le Prix d&rsquo;architecture Mies van der Rohe. Deux prix sont en jeu, le Prix de l&rsquo;Union europ\u00e9enne pour l&rsquo;architecture contemporaine, consistant en un bourse de 60 000 euros, et la mention sp\u00e9ciale \u00ab\u00a0Jeune architecte\u00a0\u00bb, dot\u00e9e de 20 000 euros. Les prix seront remis le 8 mai lors d&rsquo;une c\u00e9r\u00e9monie \u00e0 Barcelone o\u00f9 les finalistes pr\u00e9senteront leurs projets. Nous vous proposons de d\u00e9couvrir les projets en lice.<\/p>\n<h2>Le Mus\u00e9e d&rsquo;art de Ravensburg en Allemagne<\/h2>\n<p>R\u00e9alis\u00e9 par l&rsquo;agence allemande Lederer Ragnarsd\u00f3ttir Oei, il s&rsquo;agit du premier mus\u00e9e passif au monde. L&rsquo;attention s&rsquo;est principalement port\u00e9e sur l&rsquo;\u00e9tanch\u00e9it\u00e9 et l&rsquo;isolation thermique du b\u00e2timent. Les architectes ont \u00e9galement cherch\u00e9 \u00e0 adapter le nouveau mus\u00e9e au panorama historique de Ravensburg, en concevant notamment les fa\u00e7ades en briques.<\/p>\n<p><img loading=\"lazy\" decoding=\"async\" class=\"alignnone size-full wp-image-530\" src=\"https:\/\/www.archibat.com\/blog\/wp-content\/uploads\/2015\/03\/RAVENSBURG-2.jpg\" alt=\"prix Mies van der Rohe\" width=\"634\" height=\"356\" srcset=\"https:\/\/archibat.com\/blog\/wp-content\/uploads\/2015\/03\/RAVENSBURG-2.jpg 634w, https:\/\/archibat.com\/blog\/wp-content\/uploads\/2015\/03\/RAVENSBURG-2-300x168.jpg 300w\" sizes=\"auto, (max-width: 634px) 100vw, 634px\" \/><\/p>\n<h2>Le Mus\u00e9e maritime d&rsquo;Elseneur au Danemark<\/h2>\n<p>Le Mus\u00e9e a \u00e9t\u00e9 con\u00e7u par les architectes danois de l&rsquo;agence BIG (Bjarke Ingels Group), et se situe dans l&rsquo;enceinte du ch\u00e2teau de Kronborg, class\u00e9 au patrimoine mondial de l&rsquo;UNESCO. Le d\u00e9fi \u00e9tait de cr\u00e9er un b\u00e2timent moderne en respectant le patrimoine historique. Les architectes ont ainsi transform\u00e9 un ancien b\u00e2timent du port de la ville en espace artistique souterrain.<\/p>\n<p><img loading=\"lazy\" decoding=\"async\" class=\"alignnone size-full wp-image-531\" src=\"https:\/\/www.archibat.com\/blog\/wp-content\/uploads\/2015\/03\/MUSEE-DANOIS-2.jpg\" alt=\"prix Mies van der Rohe\" width=\"635\" height=\"357\" srcset=\"https:\/\/archibat.com\/blog\/wp-content\/uploads\/2015\/03\/MUSEE-DANOIS-2.jpg 635w, https:\/\/archibat.com\/blog\/wp-content\/uploads\/2015\/03\/MUSEE-DANOIS-2-300x169.jpg 300w\" sizes=\"auto, (max-width: 635px) 100vw, 635px\" \/><\/p>\n<h2>Les chais de la Maison Antinori en Toscane<\/h2>\n<p>Le site est entour\u00e9 par les collines de Chianti, couvertes de vignobles, \u00e0 mi-chemin entre Florence et Sienne. Sign\u00e9s par les architectes italiens d&rsquo;Archea Associati, les chais sont organis\u00e9s sur plusieurs niveaux et construits avec des mat\u00e9riaux qui refl\u00e8tent les couleurs du sol, afin de se fondre harmonieusement dans le paysage viticole.<\/p>\n<p><img loading=\"lazy\" decoding=\"async\" class=\"alignnone size-full wp-image-532\" src=\"https:\/\/www.archibat.com\/blog\/wp-content\/uploads\/2015\/03\/ITALIE-WINERY-2.jpg\" alt=\"prix Mies van der Rohe\" width=\"635\" height=\"357\" srcset=\"https:\/\/archibat.com\/blog\/wp-content\/uploads\/2015\/03\/ITALIE-WINERY-2.jpg 635w, https:\/\/archibat.com\/blog\/wp-content\/uploads\/2015\/03\/ITALIE-WINERY-2-300x169.jpg 300w\" sizes=\"auto, (max-width: 635px) 100vw, 635px\" \/><\/p>\n<h2>La salle philharmonique de Szczecin en Pologne<\/h2>\n<p>\u00c9labor\u00e9 par les italos-espagnols de l&rsquo;agence Barozzi\/Veiga, le b\u00e2timent englobe une salle philharmonique pouvant accueillir 1000 spectateurs, une salle de musique de chambre pour 200 spectateurs, un espace multifonctionnel pour des expositions et des conf\u00e9rences et un large foyer. Il a \u00e9t\u00e9 con\u00e7u comme un \u00e9l\u00e9ment l\u00e9ger via une fa\u00e7ade illumin\u00e9e de l&rsquo;int\u00e9rieur.<\/p>\n<p><img loading=\"lazy\" decoding=\"async\" class=\"alignnone size-full wp-image-533\" src=\"https:\/\/www.archibat.com\/blog\/wp-content\/uploads\/2015\/03\/POLOGNE-2.jpg\" alt=\"prix Mies van der Rohe\" width=\"635\" height=\"357\" srcset=\"https:\/\/archibat.com\/blog\/wp-content\/uploads\/2015\/03\/POLOGNE-2.jpg 635w, https:\/\/archibat.com\/blog\/wp-content\/uploads\/2015\/03\/POLOGNE-2-300x169.jpg 300w\" sizes=\"auto, (max-width: 635px) 100vw, 635px\" \/><\/p>\n<h2>Le centre pour \u00e9tudiants de Saw Swee Hock \u00e0 Londres<\/h2>\n<p>Enfin, dessin\u00e9 par les Irlandais de l&rsquo;agence O&rsquo;Donnell+Tuomey, le centre des \u00e9tudiants de la London School of Economics a \u00e9t\u00e9 con\u00e7u pour repr\u00e9senter un centre \u00e9tudiant contemporain dynamique. Le b\u00e2timent est un espace multifonctionnel, incluant aussi bien un pub, des beaux et une salle de sport. Caract\u00e9ris\u00e9 par des formes g\u00e9om\u00e9triques complexes, il est constitu\u00e9 de briques traditionnelles.<\/p>\n<p><img loading=\"lazy\" decoding=\"async\" class=\"alignnone size-full wp-image-534\" src=\"https:\/\/www.archibat.com\/blog\/wp-content\/uploads\/2015\/03\/STUDENT-2.jpg\" alt=\"prix Mies van der Rohe\" width=\"635\" height=\"357\" srcset=\"https:\/\/archibat.com\/blog\/wp-content\/uploads\/2015\/03\/STUDENT-2.jpg 635w, https:\/\/archibat.com\/blog\/wp-content\/uploads\/2015\/03\/STUDENT-2-300x169.jpg 300w\" sizes=\"auto, (max-width: 635px) 100vw, 635px\" \/><\/p>\n<p><em><strong>\u00a0Quel est votre projet pr\u00e9f\u00e9r\u00e9 ?<\/strong><\/em><\/p>\n","protected":false},"excerpt":{"rendered":"<p>Parmi les 420 candidatures, cinq finalistes ont \u00e9t\u00e9 d\u00e9sign\u00e9s le 25 f\u00e9vrier pour le Prix d&rsquo;architecture Mies van der Rohe. Deux prix sont en jeu,\u2026<\/p>\n","protected":false},"author":2,"featured_media":533,"comment_status":"closed","ping_status":"closed","sticky":false,"template":"","format":"standard","meta":{"_acf_changed":false,"footnotes":""},"categories":[3],"tags":[],"class_list":["post-529","post","type-post","status-publish","format-standard","has-post-thumbnail","hentry","category-architecture-et-design"],"acf":[],"yoast_head":"<!-- This site is optimized with the Yoast SEO plugin v24.8.1 - https:\/\/yoast.com\/wordpress\/plugins\/seo\/ -->\n<title>Cinq projets finalistes du Prix Mies van der Rohe &#8211; ArchiBat Mag<\/title>\n<meta name=\"description\" content=\"Parmi les 420 candidatures, cinq finalistes ont \u00e9t\u00e9 d\u00e9sign\u00e9s le 25 f\u00e9vrier pour le Prix d&#039;architecture Mies van der Rohe. D\u00e9couvrez les projets en lice !\" \/>\n<meta name=\"robots\" content=\"index, follow, max-snippet:-1, max-image-preview:large, max-video-preview:-1\" \/>\n<link rel=\"canonical\" href=\"https:\/\/archibat.com\/blog\/cinq-projets-finalistes-du-prix-mies-van-der-rohe\/\" \/>\n<meta property=\"og:locale\" content=\"fr_FR\" \/>\n<meta property=\"og:type\" content=\"article\" \/>\n<meta property=\"og:title\" content=\"Cinq projets finalistes du Prix Mies van der Rohe &#8211; ArchiBat Mag\" \/>\n<meta property=\"og:description\" content=\"Parmi les 420 candidatures, cinq finalistes ont \u00e9t\u00e9 d\u00e9sign\u00e9s le 25 f\u00e9vrier pour le Prix d&#039;architecture Mies van der Rohe. D\u00e9couvrez les projets en lice !\" \/>\n<meta property=\"og:url\" content=\"https:\/\/archibat.com\/blog\/cinq-projets-finalistes-du-prix-mies-van-der-rohe\/\" \/>\n<meta property=\"og:site_name\" content=\"ArchiBat Mag\" \/>\n<meta property=\"article:published_time\" content=\"2015-03-03T21:51:08+00:00\" \/>\n<meta property=\"article:modified_time\" content=\"2018-12-11T15:27:03+00:00\" \/>\n<meta property=\"og:image\" content=\"https:\/\/archibat.com\/blog\/wp-content\/uploads\/2015\/03\/POLOGNE-2.jpg\" \/>\n\t<meta property=\"og:image:width\" content=\"635\" \/>\n\t<meta property=\"og:image:height\" content=\"357\" \/>\n\t<meta property=\"og:image:type\" content=\"image\/jpeg\" \/>\n<meta name=\"author\" content=\"communication\" \/>\n<meta name=\"twitter:card\" content=\"summary_large_image\" \/>\n<meta name=\"twitter:label1\" content=\"\u00c9crit par\" \/>\n\t<meta name=\"twitter:data1\" content=\"communication\" \/>\n\t<meta name=\"twitter:label2\" content=\"Dur\u00e9e de lecture estim\u00e9e\" \/>\n\t<meta name=\"twitter:data2\" content=\"2 minutes\" \/>\n<script type=\"application\/ld+json\" class=\"yoast-schema-graph\">{\"@context\":\"https:\/\/schema.org\",\"@graph\":[{\"@type\":\"WebPage\",\"@id\":\"https:\/\/archibat.com\/blog\/cinq-projets-finalistes-du-prix-mies-van-der-rohe\/\",\"url\":\"https:\/\/archibat.com\/blog\/cinq-projets-finalistes-du-prix-mies-van-der-rohe\/\",\"name\":\"Cinq projets finalistes du Prix Mies van der Rohe &#8211; ArchiBat Mag\",\"isPartOf\":{\"@id\":\"https:\/\/archibat.com\/blog\/#website\"},\"primaryImageOfPage\":{\"@id\":\"https:\/\/archibat.com\/blog\/cinq-projets-finalistes-du-prix-mies-van-der-rohe\/#primaryimage\"},\"image\":{\"@id\":\"https:\/\/archibat.com\/blog\/cinq-projets-finalistes-du-prix-mies-van-der-rohe\/#primaryimage\"},\"thumbnailUrl\":\"https:\/\/archibat.com\/blog\/wp-content\/uploads\/2015\/03\/POLOGNE-2.jpg\",\"datePublished\":\"2015-03-03T21:51:08+00:00\",\"dateModified\":\"2018-12-11T15:27:03+00:00\",\"author\":{\"@id\":\"https:\/\/archibat.com\/blog\/#\/schema\/person\/c246f0d63b5e719c2cbe4f9bd494bf12\"},\"description\":\"Parmi les 420 candidatures, cinq finalistes ont \u00e9t\u00e9 d\u00e9sign\u00e9s le 25 f\u00e9vrier pour le Prix d'architecture Mies van der Rohe. D\u00e9couvrez les projets en lice !\",\"breadcrumb\":{\"@id\":\"https:\/\/archibat.com\/blog\/cinq-projets-finalistes-du-prix-mies-van-der-rohe\/#breadcrumb\"},\"inLanguage\":\"fr-FR\",\"potentialAction\":[{\"@type\":\"ReadAction\",\"target\":[\"https:\/\/archibat.com\/blog\/cinq-projets-finalistes-du-prix-mies-van-der-rohe\/\"]}]},{\"@type\":\"ImageObject\",\"inLanguage\":\"fr-FR\",\"@id\":\"https:\/\/archibat.com\/blog\/cinq-projets-finalistes-du-prix-mies-van-der-rohe\/#primaryimage\",\"url\":\"https:\/\/archibat.com\/blog\/wp-content\/uploads\/2015\/03\/POLOGNE-2.jpg\",\"contentUrl\":\"https:\/\/archibat.com\/blog\/wp-content\/uploads\/2015\/03\/POLOGNE-2.jpg\",\"width\":635,\"height\":357,\"caption\":\"prix Mies van der Rohe\"},{\"@type\":\"BreadcrumbList\",\"@id\":\"https:\/\/archibat.com\/blog\/cinq-projets-finalistes-du-prix-mies-van-der-rohe\/#breadcrumb\",\"itemListElement\":[{\"@type\":\"ListItem\",\"position\":1,\"name\":\"Home\",\"item\":\"https:\/\/archibat.com\/blog\/\"},{\"@type\":\"ListItem\",\"position\":2,\"name\":\"Cinq projets finalistes du Prix Mies van der Rohe\"}]},{\"@type\":\"WebSite\",\"@id\":\"https:\/\/archibat.com\/blog\/#website\",\"url\":\"https:\/\/archibat.com\/blog\/\",\"name\":\"ArchiBat Mag\",\"description\":\"Vous souhaitez connaitre les derni\u00e8res actualit\u00e9s sur l\u2019Architecture, le Design ou les Ressources Humaines ? D\u00e9couvrez ArchiBat Mag, le magazine d\u00e9di\u00e9 aux m\u00e9tiers de l&#039;Architecture et de l&#039;Ing\u00e9nierie.\",\"potentialAction\":[{\"@type\":\"SearchAction\",\"target\":{\"@type\":\"EntryPoint\",\"urlTemplate\":\"https:\/\/archibat.com\/blog\/?s={search_term_string}\"},\"query-input\":{\"@type\":\"PropertyValueSpecification\",\"valueRequired\":true,\"valueName\":\"search_term_string\"}}],\"inLanguage\":\"fr-FR\"},{\"@type\":\"Person\",\"@id\":\"https:\/\/archibat.com\/blog\/#\/schema\/person\/c246f0d63b5e719c2cbe4f9bd494bf12\",\"name\":\"communication\"}]}<\/script>\n<!-- \/ Yoast SEO plugin. -->","yoast_head_json":{"title":"Cinq projets finalistes du Prix Mies van der Rohe &#8211; ArchiBat Mag","description":"Parmi les 420 candidatures, cinq finalistes ont \u00e9t\u00e9 d\u00e9sign\u00e9s le 25 f\u00e9vrier pour le Prix d'architecture Mies van der Rohe. D\u00e9couvrez les projets en lice !","robots":{"index":"index","follow":"follow","max-snippet":"max-snippet:-1","max-image-preview":"max-image-preview:large","max-video-preview":"max-video-preview:-1"},"canonical":"https:\/\/archibat.com\/blog\/cinq-projets-finalistes-du-prix-mies-van-der-rohe\/","og_locale":"fr_FR","og_type":"article","og_title":"Cinq projets finalistes du Prix Mies van der Rohe &#8211; ArchiBat Mag","og_description":"Parmi les 420 candidatures, cinq finalistes ont \u00e9t\u00e9 d\u00e9sign\u00e9s le 25 f\u00e9vrier pour le Prix d'architecture Mies van der Rohe. D\u00e9couvrez les projets en lice !","og_url":"https:\/\/archibat.com\/blog\/cinq-projets-finalistes-du-prix-mies-van-der-rohe\/","og_site_name":"ArchiBat Mag","article_published_time":"2015-03-03T21:51:08+00:00","article_modified_time":"2018-12-11T15:27:03+00:00","og_image":[{"width":635,"height":357,"url":"https:\/\/archibat.com\/blog\/wp-content\/uploads\/2015\/03\/POLOGNE-2.jpg","type":"image\/jpeg"}],"author":"communication","twitter_card":"summary_large_image","twitter_misc":{"\u00c9crit par":"communication","Dur\u00e9e de lecture estim\u00e9e":"2 minutes"},"schema":{"@context":"https:\/\/schema.org","@graph":[{"@type":"WebPage","@id":"https:\/\/archibat.com\/blog\/cinq-projets-finalistes-du-prix-mies-van-der-rohe\/","url":"https:\/\/archibat.com\/blog\/cinq-projets-finalistes-du-prix-mies-van-der-rohe\/","name":"Cinq projets finalistes du Prix Mies van der Rohe &#8211; ArchiBat Mag","isPartOf":{"@id":"https:\/\/archibat.com\/blog\/#website"},"primaryImageOfPage":{"@id":"https:\/\/archibat.com\/blog\/cinq-projets-finalistes-du-prix-mies-van-der-rohe\/#primaryimage"},"image":{"@id":"https:\/\/archibat.com\/blog\/cinq-projets-finalistes-du-prix-mies-van-der-rohe\/#primaryimage"},"thumbnailUrl":"https:\/\/archibat.com\/blog\/wp-content\/uploads\/2015\/03\/POLOGNE-2.jpg","datePublished":"2015-03-03T21:51:08+00:00","dateModified":"2018-12-11T15:27:03+00:00","author":{"@id":"https:\/\/archibat.com\/blog\/#\/schema\/person\/c246f0d63b5e719c2cbe4f9bd494bf12"},"description":"Parmi les 420 candidatures, cinq finalistes ont \u00e9t\u00e9 d\u00e9sign\u00e9s le 25 f\u00e9vrier pour le Prix d'architecture Mies van der Rohe. D\u00e9couvrez les projets en lice !","breadcrumb":{"@id":"https:\/\/archibat.com\/blog\/cinq-projets-finalistes-du-prix-mies-van-der-rohe\/#breadcrumb"},"inLanguage":"fr-FR","potentialAction":[{"@type":"ReadAction","target":["https:\/\/archibat.com\/blog\/cinq-projets-finalistes-du-prix-mies-van-der-rohe\/"]}]},{"@type":"ImageObject","inLanguage":"fr-FR","@id":"https:\/\/archibat.com\/blog\/cinq-projets-finalistes-du-prix-mies-van-der-rohe\/#primaryimage","url":"https:\/\/archibat.com\/blog\/wp-content\/uploads\/2015\/03\/POLOGNE-2.jpg","contentUrl":"https:\/\/archibat.com\/blog\/wp-content\/uploads\/2015\/03\/POLOGNE-2.jpg","width":635,"height":357,"caption":"prix Mies van der Rohe"},{"@type":"BreadcrumbList","@id":"https:\/\/archibat.com\/blog\/cinq-projets-finalistes-du-prix-mies-van-der-rohe\/#breadcrumb","itemListElement":[{"@type":"ListItem","position":1,"name":"Home","item":"https:\/\/archibat.com\/blog\/"},{"@type":"ListItem","position":2,"name":"Cinq projets finalistes du Prix Mies van der Rohe"}]},{"@type":"WebSite","@id":"https:\/\/archibat.com\/blog\/#website","url":"https:\/\/archibat.com\/blog\/","name":"ArchiBat Mag","description":"Vous souhaitez connaitre les derni\u00e8res actualit\u00e9s sur l\u2019Architecture, le Design ou les Ressources Humaines ? D\u00e9couvrez ArchiBat Mag, le magazine d\u00e9di\u00e9 aux m\u00e9tiers de l&#039;Architecture et de l&#039;Ing\u00e9nierie.","potentialAction":[{"@type":"SearchAction","target":{"@type":"EntryPoint","urlTemplate":"https:\/\/archibat.com\/blog\/?s={search_term_string}"},"query-input":{"@type":"PropertyValueSpecification","valueRequired":true,"valueName":"search_term_string"}}],"inLanguage":"fr-FR"},{"@type":"Person","@id":"https:\/\/archibat.com\/blog\/#\/schema\/person\/c246f0d63b5e719c2cbe4f9bd494bf12","name":"communication"}]}},"_links":{"self":[{"href":"https:\/\/archibat.com\/blog\/wp-json\/wp\/v2\/posts\/529","targetHints":{"allow":["GET"]}}],"collection":[{"href":"https:\/\/archibat.com\/blog\/wp-json\/wp\/v2\/posts"}],"about":[{"href":"https:\/\/archibat.com\/blog\/wp-json\/wp\/v2\/types\/post"}],"author":[{"embeddable":true,"href":"https:\/\/archibat.com\/blog\/wp-json\/wp\/v2\/users\/2"}],"replies":[{"embeddable":true,"href":"https:\/\/archibat.com\/blog\/wp-json\/wp\/v2\/comments?post=529"}],"version-history":[{"count":1,"href":"https:\/\/archibat.com\/blog\/wp-json\/wp\/v2\/posts\/529\/revisions"}],"predecessor-version":[{"id":7591,"href":"https:\/\/archibat.com\/blog\/wp-json\/wp\/v2\/posts\/529\/revisions\/7591"}],"wp:featuredmedia":[{"embeddable":true,"href":"https:\/\/archibat.com\/blog\/wp-json\/wp\/v2\/media\/533"}],"wp:attachment":[{"href":"https:\/\/archibat.com\/blog\/wp-json\/wp\/v2\/media?parent=529"}],"wp:term":[{"taxonomy":"category","embeddable":true,"href":"https:\/\/archibat.com\/blog\/wp-json\/wp\/v2\/categories?post=529"},{"taxonomy":"post_tag","embeddable":true,"href":"https:\/\/archibat.com\/blog\/wp-json\/wp\/v2\/tags?post=529"}],"curies":[{"name":"wp","href":"https:\/\/api.w.org\/{rel}","templated":true}]}}