{"id":57,"date":"2014-10-20T10:47:01","date_gmt":"2014-10-20T09:47:01","guid":{"rendered":"https:\/\/www.archibat.com\/blog\/?p=57"},"modified":"2018-11-14T15:39:35","modified_gmt":"2018-11-14T14:39:35","slug":"comment-reduire-le-deficit-de-la-france-la-solution-de-hubert-de-malherbe","status":"publish","type":"post","link":"https:\/\/archibat.com\/blog\/comment-reduire-le-deficit-de-la-france-la-solution-de-hubert-de-malherbe\/","title":{"rendered":"Hubert de Malherbe : comment r\u00e9duire le d\u00e9ficit de la France ?"},"content":{"rendered":"<p>http:\/\/youtu.be\/-IC24jZQw5g<br \/>\n<strong>Comment r\u00e9duire le d\u00e9ficit de la France ? La solution du designer Hubert de Malherbe !<\/strong><\/p>\n","protected":false},"excerpt":{"rendered":"<p>http:\/\/youtu.be\/-IC24jZQw5g Comment r\u00e9duire le d\u00e9ficit de la France ? La solution du designer Hubert de Malherbe !<\/p>\n","protected":false},"author":2,"featured_media":148,"comment_status":"closed","ping_status":"closed","sticky":false,"template":"","format":"standard","meta":{"_acf_changed":false,"footnotes":""},"categories":[3],"tags":[],"class_list":["post-57","post","type-post","status-publish","format-standard","has-post-thumbnail","hentry","category-architecture-et-design"],"acf":[],"yoast_head":"<!-- This site is optimized with the Yoast SEO plugin v24.8.1 - https:\/\/yoast.com\/wordpress\/plugins\/seo\/ -->\n<title>Hubert de Malherbe : comment r\u00e9duire le d\u00e9ficit de la France ? &#8211; ArchiBat Mag<\/title>\n<meta name=\"description\" content=\"Comment r\u00e9duire le d\u00e9ficit de la France ? Ecoutez la solution du designer Hubert de Malherbe !\" \/>\n<meta name=\"robots\" content=\"index, follow, max-snippet:-1, max-image-preview:large, max-video-preview:-1\" \/>\n<link rel=\"canonical\" href=\"https:\/\/archibat.com\/blog\/comment-reduire-le-deficit-de-la-france-la-solution-de-hubert-de-malherbe\/\" \/>\n<meta property=\"og:locale\" content=\"fr_FR\" \/>\n<meta property=\"og:type\" content=\"article\" \/>\n<meta property=\"og:title\" content=\"Hubert de Malherbe : comment r\u00e9duire le d\u00e9ficit de la France ? &#8211; ArchiBat Mag\" \/>\n<meta property=\"og:description\" content=\"Comment r\u00e9duire le d\u00e9ficit de la France ? Ecoutez la solution du designer Hubert de Malherbe !\" \/>\n<meta property=\"og:url\" content=\"https:\/\/archibat.com\/blog\/comment-reduire-le-deficit-de-la-france-la-solution-de-hubert-de-malherbe\/\" \/>\n<meta property=\"og:site_name\" content=\"ArchiBat Mag\" \/>\n<meta property=\"article:published_time\" content=\"2014-10-20T09:47:01+00:00\" \/>\n<meta property=\"article:modified_time\" content=\"2018-11-14T14:39:35+00:00\" \/>\n<meta property=\"og:image\" content=\"https:\/\/archibat.com\/blog\/wp-content\/uploads\/2014\/10\/Capture-d\u2019\u00e9cran-2014-10-23-\u00e0-16.54.56.png\" \/>\n\t<meta property=\"og:image:width\" content=\"852\" \/>\n\t<meta property=\"og:image:height\" content=\"508\" \/>\n\t<meta property=\"og:image:type\" content=\"image\/png\" \/>\n<meta name=\"author\" content=\"communication\" \/>\n<meta name=\"twitter:card\" content=\"summary_large_image\" \/>\n<meta name=\"twitter:label1\" content=\"\u00c9crit par\" \/>\n\t<meta name=\"twitter:data1\" content=\"communication\" \/>\n<script type=\"application\/ld+json\" class=\"yoast-schema-graph\">{\"@context\":\"https:\/\/schema.org\",\"@graph\":[{\"@type\":\"WebPage\",\"@id\":\"https:\/\/archibat.com\/blog\/comment-reduire-le-deficit-de-la-france-la-solution-de-hubert-de-malherbe\/\",\"url\":\"https:\/\/archibat.com\/blog\/comment-reduire-le-deficit-de-la-france-la-solution-de-hubert-de-malherbe\/\",\"name\":\"Hubert de Malherbe : comment r\u00e9duire le d\u00e9ficit de la France ? &#8211; ArchiBat Mag\",\"isPartOf\":{\"@id\":\"https:\/\/archibat.com\/blog\/#website\"},\"primaryImageOfPage\":{\"@id\":\"https:\/\/archibat.com\/blog\/comment-reduire-le-deficit-de-la-france-la-solution-de-hubert-de-malherbe\/#primaryimage\"},\"image\":{\"@id\":\"https:\/\/archibat.com\/blog\/comment-reduire-le-deficit-de-la-france-la-solution-de-hubert-de-malherbe\/#primaryimage\"},\"thumbnailUrl\":\"https:\/\/archibat.com\/blog\/wp-content\/uploads\/2014\/10\/Capture-d\u2019\u00e9cran-2014-10-23-\u00e0-16.54.56.png\",\"datePublished\":\"2014-10-20T09:47:01+00:00\",\"dateModified\":\"2018-11-14T14:39:35+00:00\",\"author\":{\"@id\":\"https:\/\/archibat.com\/blog\/#\/schema\/person\/c246f0d63b5e719c2cbe4f9bd494bf12\"},\"description\":\"Comment r\u00e9duire le d\u00e9ficit de la France ? Ecoutez la solution du designer Hubert de Malherbe !\",\"breadcrumb\":{\"@id\":\"https:\/\/archibat.com\/blog\/comment-reduire-le-deficit-de-la-france-la-solution-de-hubert-de-malherbe\/#breadcrumb\"},\"inLanguage\":\"fr-FR\",\"potentialAction\":[{\"@type\":\"ReadAction\",\"target\":[\"https:\/\/archibat.com\/blog\/comment-reduire-le-deficit-de-la-france-la-solution-de-hubert-de-malherbe\/\"]}]},{\"@type\":\"ImageObject\",\"inLanguage\":\"fr-FR\",\"@id\":\"https:\/\/archibat.com\/blog\/comment-reduire-le-deficit-de-la-france-la-solution-de-hubert-de-malherbe\/#primaryimage\",\"url\":\"https:\/\/archibat.com\/blog\/wp-content\/uploads\/2014\/10\/Capture-d\u2019\u00e9cran-2014-10-23-\u00e0-16.54.56.png\",\"contentUrl\":\"https:\/\/archibat.com\/blog\/wp-content\/uploads\/2014\/10\/Capture-d\u2019\u00e9cran-2014-10-23-\u00e0-16.54.56.png\",\"width\":852,\"height\":508,\"caption\":\"Hubert de Malherbe\"},{\"@type\":\"BreadcrumbList\",\"@id\":\"https:\/\/archibat.com\/blog\/comment-reduire-le-deficit-de-la-france-la-solution-de-hubert-de-malherbe\/#breadcrumb\",\"itemListElement\":[{\"@type\":\"ListItem\",\"position\":1,\"name\":\"Home\",\"item\":\"https:\/\/archibat.com\/blog\/\"},{\"@type\":\"ListItem\",\"position\":2,\"name\":\"Hubert de Malherbe : comment r\u00e9duire le d\u00e9ficit de la France ?\"}]},{\"@type\":\"WebSite\",\"@id\":\"https:\/\/archibat.com\/blog\/#website\",\"url\":\"https:\/\/archibat.com\/blog\/\",\"name\":\"ArchiBat Mag\",\"description\":\"Vous souhaitez connaitre les derni\u00e8res actualit\u00e9s sur l\u2019Architecture, le Design ou les Ressources Humaines ? D\u00e9couvrez ArchiBat Mag, le magazine d\u00e9di\u00e9 aux m\u00e9tiers de l&#039;Architecture et de l&#039;Ing\u00e9nierie.\",\"potentialAction\":[{\"@type\":\"SearchAction\",\"target\":{\"@type\":\"EntryPoint\",\"urlTemplate\":\"https:\/\/archibat.com\/blog\/?s={search_term_string}\"},\"query-input\":{\"@type\":\"PropertyValueSpecification\",\"valueRequired\":true,\"valueName\":\"search_term_string\"}}],\"inLanguage\":\"fr-FR\"},{\"@type\":\"Person\",\"@id\":\"https:\/\/archibat.com\/blog\/#\/schema\/person\/c246f0d63b5e719c2cbe4f9bd494bf12\",\"name\":\"communication\"}]}<\/script>\n<!-- \/ Yoast SEO plugin. -->","yoast_head_json":{"title":"Hubert de Malherbe : comment r\u00e9duire le d\u00e9ficit de la France ? &#8211; ArchiBat Mag","description":"Comment r\u00e9duire le d\u00e9ficit de la France ? Ecoutez la solution du designer Hubert de Malherbe !","robots":{"index":"index","follow":"follow","max-snippet":"max-snippet:-1","max-image-preview":"max-image-preview:large","max-video-preview":"max-video-preview:-1"},"canonical":"https:\/\/archibat.com\/blog\/comment-reduire-le-deficit-de-la-france-la-solution-de-hubert-de-malherbe\/","og_locale":"fr_FR","og_type":"article","og_title":"Hubert de Malherbe : comment r\u00e9duire le d\u00e9ficit de la France ? &#8211; ArchiBat Mag","og_description":"Comment r\u00e9duire le d\u00e9ficit de la France ? Ecoutez la solution du designer Hubert de Malherbe !","og_url":"https:\/\/archibat.com\/blog\/comment-reduire-le-deficit-de-la-france-la-solution-de-hubert-de-malherbe\/","og_site_name":"ArchiBat Mag","article_published_time":"2014-10-20T09:47:01+00:00","article_modified_time":"2018-11-14T14:39:35+00:00","og_image":[{"width":852,"height":508,"url":"https:\/\/archibat.com\/blog\/wp-content\/uploads\/2014\/10\/Capture-d\u2019\u00e9cran-2014-10-23-\u00e0-16.54.56.png","type":"image\/png"}],"author":"communication","twitter_card":"summary_large_image","twitter_misc":{"\u00c9crit par":"communication"},"schema":{"@context":"https:\/\/schema.org","@graph":[{"@type":"WebPage","@id":"https:\/\/archibat.com\/blog\/comment-reduire-le-deficit-de-la-france-la-solution-de-hubert-de-malherbe\/","url":"https:\/\/archibat.com\/blog\/comment-reduire-le-deficit-de-la-france-la-solution-de-hubert-de-malherbe\/","name":"Hubert de Malherbe : comment r\u00e9duire le d\u00e9ficit de la France ? &#8211; ArchiBat Mag","isPartOf":{"@id":"https:\/\/archibat.com\/blog\/#website"},"primaryImageOfPage":{"@id":"https:\/\/archibat.com\/blog\/comment-reduire-le-deficit-de-la-france-la-solution-de-hubert-de-malherbe\/#primaryimage"},"image":{"@id":"https:\/\/archibat.com\/blog\/comment-reduire-le-deficit-de-la-france-la-solution-de-hubert-de-malherbe\/#primaryimage"},"thumbnailUrl":"https:\/\/archibat.com\/blog\/wp-content\/uploads\/2014\/10\/Capture-d\u2019\u00e9cran-2014-10-23-\u00e0-16.54.56.png","datePublished":"2014-10-20T09:47:01+00:00","dateModified":"2018-11-14T14:39:35+00:00","author":{"@id":"https:\/\/archibat.com\/blog\/#\/schema\/person\/c246f0d63b5e719c2cbe4f9bd494bf12"},"description":"Comment r\u00e9duire le d\u00e9ficit de la France ? Ecoutez la solution du designer Hubert de Malherbe !","breadcrumb":{"@id":"https:\/\/archibat.com\/blog\/comment-reduire-le-deficit-de-la-france-la-solution-de-hubert-de-malherbe\/#breadcrumb"},"inLanguage":"fr-FR","potentialAction":[{"@type":"ReadAction","target":["https:\/\/archibat.com\/blog\/comment-reduire-le-deficit-de-la-france-la-solution-de-hubert-de-malherbe\/"]}]},{"@type":"ImageObject","inLanguage":"fr-FR","@id":"https:\/\/archibat.com\/blog\/comment-reduire-le-deficit-de-la-france-la-solution-de-hubert-de-malherbe\/#primaryimage","url":"https:\/\/archibat.com\/blog\/wp-content\/uploads\/2014\/10\/Capture-d\u2019\u00e9cran-2014-10-23-\u00e0-16.54.56.png","contentUrl":"https:\/\/archibat.com\/blog\/wp-content\/uploads\/2014\/10\/Capture-d\u2019\u00e9cran-2014-10-23-\u00e0-16.54.56.png","width":852,"height":508,"caption":"Hubert de Malherbe"},{"@type":"BreadcrumbList","@id":"https:\/\/archibat.com\/blog\/comment-reduire-le-deficit-de-la-france-la-solution-de-hubert-de-malherbe\/#breadcrumb","itemListElement":[{"@type":"ListItem","position":1,"name":"Home","item":"https:\/\/archibat.com\/blog\/"},{"@type":"ListItem","position":2,"name":"Hubert de Malherbe : comment r\u00e9duire le d\u00e9ficit de la France ?"}]},{"@type":"WebSite","@id":"https:\/\/archibat.com\/blog\/#website","url":"https:\/\/archibat.com\/blog\/","name":"ArchiBat Mag","description":"Vous souhaitez connaitre les derni\u00e8res actualit\u00e9s sur l\u2019Architecture, le Design ou les Ressources Humaines ? D\u00e9couvrez ArchiBat Mag, le magazine d\u00e9di\u00e9 aux m\u00e9tiers de l&#039;Architecture et de l&#039;Ing\u00e9nierie.","potentialAction":[{"@type":"SearchAction","target":{"@type":"EntryPoint","urlTemplate":"https:\/\/archibat.com\/blog\/?s={search_term_string}"},"query-input":{"@type":"PropertyValueSpecification","valueRequired":true,"valueName":"search_term_string"}}],"inLanguage":"fr-FR"},{"@type":"Person","@id":"https:\/\/archibat.com\/blog\/#\/schema\/person\/c246f0d63b5e719c2cbe4f9bd494bf12","name":"communication"}]}},"_links":{"self":[{"href":"https:\/\/archibat.com\/blog\/wp-json\/wp\/v2\/posts\/57","targetHints":{"allow":["GET"]}}],"collection":[{"href":"https:\/\/archibat.com\/blog\/wp-json\/wp\/v2\/posts"}],"about":[{"href":"https:\/\/archibat.com\/blog\/wp-json\/wp\/v2\/types\/post"}],"author":[{"embeddable":true,"href":"https:\/\/archibat.com\/blog\/wp-json\/wp\/v2\/users\/2"}],"replies":[{"embeddable":true,"href":"https:\/\/archibat.com\/blog\/wp-json\/wp\/v2\/comments?post=57"}],"version-history":[{"count":1,"href":"https:\/\/archibat.com\/blog\/wp-json\/wp\/v2\/posts\/57\/revisions"}],"predecessor-version":[{"id":7510,"href":"https:\/\/archibat.com\/blog\/wp-json\/wp\/v2\/posts\/57\/revisions\/7510"}],"wp:featuredmedia":[{"embeddable":true,"href":"https:\/\/archibat.com\/blog\/wp-json\/wp\/v2\/media\/148"}],"wp:attachment":[{"href":"https:\/\/archibat.com\/blog\/wp-json\/wp\/v2\/media?parent=57"}],"wp:term":[{"taxonomy":"category","embeddable":true,"href":"https:\/\/archibat.com\/blog\/wp-json\/wp\/v2\/categories?post=57"},{"taxonomy":"post_tag","embeddable":true,"href":"https:\/\/archibat.com\/blog\/wp-json\/wp\/v2\/tags?post=57"}],"curies":[{"name":"wp","href":"https:\/\/api.w.org\/{rel}","templated":true}]}}