{"id":589,"date":"2015-03-18T13:12:46","date_gmt":"2015-03-18T12:12:46","guid":{"rendered":"https:\/\/www.archibat.com\/blog\/?p=589"},"modified":"2018-11-16T16:56:42","modified_gmt":"2018-11-16T15:56:42","slug":"appel-a-projet-du-centre-international-dart-et-du-paysage","status":"publish","type":"post","link":"https:\/\/archibat.com\/blog\/appel-a-projet-du-centre-international-dart-et-du-paysage\/","title":{"rendered":"Appel \u00e0 projet du Centre international d&rsquo;art et du paysage &#8211; Limousin"},"content":{"rendered":"<p>Le Centre international d&rsquo;art et du paysage lance un appel \u00e0 candidature pour la 8\u00e8me \u00e9dition de sa r\u00e9sidence artistique de recherche et de cr\u00e9ation. L&rsquo;appel est ouvert aux \u00e9quipes pluridisciplinaires (designers, paysagistes et artistes) pour un projet de recherche sur la passerelle de l&rsquo;\u00eele de Vassivi\u00e8re en Limousin. Cette passerelle est destin\u00e9e \u00e0 relier la berge \u00e0 une \u00eele artificielle de 70 hectares. Les candidats doivent soumettre leur candidature au plus tard le 14 avril.<\/p>\n<p>L&rsquo;\u00e9quipe retenue b\u00e9n\u00e9ficiera d\u2019une r\u00e9sidence dans le Ch\u00e2teau de l\u2019\u00eele du 22 juin au 9 octobre 2015 pour approfondir sa recherche, qui pourra \u00e9ventuellement faire l\u2019objet dans un second temps d\u2019une \u00e9tude de commande publique et d\u2019une r\u00e9alisation sous r\u00e9serve de financements.<\/p>\n<p><em><strong>Pour plus de d\u00e9tails sur l&rsquo;appel \u00e0 candidature, consultez le site du <a href=\"http:\/\/www.ciapiledevassiviere.com\/fr\/actualites_evenements.aspx\" target=\"_blank\" rel=\"noopener\">Centre<\/a>.<\/strong><\/em><\/p>\n","protected":false},"excerpt":{"rendered":"<p>Le Centre international d&rsquo;art et du paysage lance un appel \u00e0 candidature pour la 8\u00e8me \u00e9dition de sa r\u00e9sidence artistique de recherche et de cr\u00e9ation.\u2026<\/p>\n","protected":false},"author":2,"featured_media":590,"comment_status":"closed","ping_status":"closed","sticky":false,"template":"","format":"standard","meta":{"_acf_changed":false,"footnotes":""},"categories":[3],"tags":[],"class_list":["post-589","post","type-post","status-publish","format-standard","has-post-thumbnail","hentry","category-architecture-et-design"],"acf":[],"yoast_head":"<!-- This site is optimized with the Yoast SEO plugin v24.8.1 - https:\/\/yoast.com\/wordpress\/plugins\/seo\/ -->\n<title>Appel \u00e0 projet du Centre international d&#039;art et du paysage - Limousin &#8211; ArchiBat Mag<\/title>\n<meta name=\"description\" content=\"Le Centre international d&#039;art et du paysage lance un appel \u00e0 candidature pour la 8\u00e8me \u00e9dition de sa r\u00e9sidence artistique de recherche et de cr\u00e9ation...\" \/>\n<meta name=\"robots\" content=\"index, follow, max-snippet:-1, max-image-preview:large, max-video-preview:-1\" \/>\n<link rel=\"canonical\" href=\"https:\/\/archibat.com\/blog\/appel-a-projet-du-centre-international-dart-et-du-paysage\/\" \/>\n<meta property=\"og:locale\" content=\"fr_FR\" \/>\n<meta property=\"og:type\" content=\"article\" \/>\n<meta property=\"og:title\" content=\"Appel \u00e0 projet du Centre international d&#039;art et du paysage - Limousin &#8211; ArchiBat Mag\" \/>\n<meta property=\"og:description\" content=\"Le Centre international d&#039;art et du paysage lance un appel \u00e0 candidature pour la 8\u00e8me \u00e9dition de sa r\u00e9sidence artistique de recherche et de cr\u00e9ation...\" \/>\n<meta property=\"og:url\" content=\"https:\/\/archibat.com\/blog\/appel-a-projet-du-centre-international-dart-et-du-paysage\/\" \/>\n<meta property=\"og:site_name\" content=\"ArchiBat Mag\" \/>\n<meta property=\"article:published_time\" content=\"2015-03-18T12:12:46+00:00\" \/>\n<meta property=\"article:modified_time\" content=\"2018-11-16T15:56:42+00:00\" \/>\n<meta property=\"og:image\" content=\"https:\/\/archibat.com\/blog\/wp-content\/uploads\/2015\/03\/IMAGE-APPEL-A-CANDIDATURE-PASSERELLE-2.jpg\" \/>\n\t<meta property=\"og:image:width\" content=\"635\" \/>\n\t<meta property=\"og:image:height\" content=\"357\" \/>\n\t<meta property=\"og:image:type\" content=\"image\/jpeg\" \/>\n<meta name=\"author\" content=\"communication\" \/>\n<meta name=\"twitter:card\" content=\"summary_large_image\" \/>\n<meta name=\"twitter:label1\" content=\"\u00c9crit par\" \/>\n\t<meta name=\"twitter:data1\" content=\"communication\" \/>\n\t<meta name=\"twitter:label2\" content=\"Dur\u00e9e de lecture estim\u00e9e\" \/>\n\t<meta name=\"twitter:data2\" content=\"1 minute\" \/>\n<script type=\"application\/ld+json\" class=\"yoast-schema-graph\">{\"@context\":\"https:\/\/schema.org\",\"@graph\":[{\"@type\":\"WebPage\",\"@id\":\"https:\/\/archibat.com\/blog\/appel-a-projet-du-centre-international-dart-et-du-paysage\/\",\"url\":\"https:\/\/archibat.com\/blog\/appel-a-projet-du-centre-international-dart-et-du-paysage\/\",\"name\":\"Appel \u00e0 projet du Centre international d'art et du paysage - Limousin &#8211; ArchiBat Mag\",\"isPartOf\":{\"@id\":\"https:\/\/archibat.com\/blog\/#website\"},\"primaryImageOfPage\":{\"@id\":\"https:\/\/archibat.com\/blog\/appel-a-projet-du-centre-international-dart-et-du-paysage\/#primaryimage\"},\"image\":{\"@id\":\"https:\/\/archibat.com\/blog\/appel-a-projet-du-centre-international-dart-et-du-paysage\/#primaryimage\"},\"thumbnailUrl\":\"https:\/\/archibat.com\/blog\/wp-content\/uploads\/2015\/03\/IMAGE-APPEL-A-CANDIDATURE-PASSERELLE-2.jpg\",\"datePublished\":\"2015-03-18T12:12:46+00:00\",\"dateModified\":\"2018-11-16T15:56:42+00:00\",\"author\":{\"@id\":\"https:\/\/archibat.com\/blog\/#\/schema\/person\/c246f0d63b5e719c2cbe4f9bd494bf12\"},\"description\":\"Le Centre international d'art et du paysage lance un appel \u00e0 candidature pour la 8\u00e8me \u00e9dition de sa r\u00e9sidence artistique de recherche et de cr\u00e9ation...\",\"breadcrumb\":{\"@id\":\"https:\/\/archibat.com\/blog\/appel-a-projet-du-centre-international-dart-et-du-paysage\/#breadcrumb\"},\"inLanguage\":\"fr-FR\",\"potentialAction\":[{\"@type\":\"ReadAction\",\"target\":[\"https:\/\/archibat.com\/blog\/appel-a-projet-du-centre-international-dart-et-du-paysage\/\"]}]},{\"@type\":\"ImageObject\",\"inLanguage\":\"fr-FR\",\"@id\":\"https:\/\/archibat.com\/blog\/appel-a-projet-du-centre-international-dart-et-du-paysage\/#primaryimage\",\"url\":\"https:\/\/archibat.com\/blog\/wp-content\/uploads\/2015\/03\/IMAGE-APPEL-A-CANDIDATURE-PASSERELLE-2.jpg\",\"contentUrl\":\"https:\/\/archibat.com\/blog\/wp-content\/uploads\/2015\/03\/IMAGE-APPEL-A-CANDIDATURE-PASSERELLE-2.jpg\",\"width\":635,\"height\":357,\"caption\":\"Centre international d'art et du paysage\"},{\"@type\":\"BreadcrumbList\",\"@id\":\"https:\/\/archibat.com\/blog\/appel-a-projet-du-centre-international-dart-et-du-paysage\/#breadcrumb\",\"itemListElement\":[{\"@type\":\"ListItem\",\"position\":1,\"name\":\"Home\",\"item\":\"https:\/\/archibat.com\/blog\/\"},{\"@type\":\"ListItem\",\"position\":2,\"name\":\"Appel \u00e0 projet du Centre international d&rsquo;art et du paysage &#8211; Limousin\"}]},{\"@type\":\"WebSite\",\"@id\":\"https:\/\/archibat.com\/blog\/#website\",\"url\":\"https:\/\/archibat.com\/blog\/\",\"name\":\"ArchiBat Mag\",\"description\":\"Vous souhaitez connaitre les derni\u00e8res actualit\u00e9s sur l\u2019Architecture, le Design ou les Ressources Humaines ? D\u00e9couvrez ArchiBat Mag, le magazine d\u00e9di\u00e9 aux m\u00e9tiers de l&#039;Architecture et de l&#039;Ing\u00e9nierie.\",\"potentialAction\":[{\"@type\":\"SearchAction\",\"target\":{\"@type\":\"EntryPoint\",\"urlTemplate\":\"https:\/\/archibat.com\/blog\/?s={search_term_string}\"},\"query-input\":{\"@type\":\"PropertyValueSpecification\",\"valueRequired\":true,\"valueName\":\"search_term_string\"}}],\"inLanguage\":\"fr-FR\"},{\"@type\":\"Person\",\"@id\":\"https:\/\/archibat.com\/blog\/#\/schema\/person\/c246f0d63b5e719c2cbe4f9bd494bf12\",\"name\":\"communication\"}]}<\/script>\n<!-- \/ Yoast SEO plugin. -->","yoast_head_json":{"title":"Appel \u00e0 projet du Centre international d'art et du paysage - Limousin &#8211; ArchiBat Mag","description":"Le Centre international d'art et du paysage lance un appel \u00e0 candidature pour la 8\u00e8me \u00e9dition de sa r\u00e9sidence artistique de recherche et de cr\u00e9ation...","robots":{"index":"index","follow":"follow","max-snippet":"max-snippet:-1","max-image-preview":"max-image-preview:large","max-video-preview":"max-video-preview:-1"},"canonical":"https:\/\/archibat.com\/blog\/appel-a-projet-du-centre-international-dart-et-du-paysage\/","og_locale":"fr_FR","og_type":"article","og_title":"Appel \u00e0 projet du Centre international d'art et du paysage - Limousin &#8211; ArchiBat Mag","og_description":"Le Centre international d'art et du paysage lance un appel \u00e0 candidature pour la 8\u00e8me \u00e9dition de sa r\u00e9sidence artistique de recherche et de cr\u00e9ation...","og_url":"https:\/\/archibat.com\/blog\/appel-a-projet-du-centre-international-dart-et-du-paysage\/","og_site_name":"ArchiBat Mag","article_published_time":"2015-03-18T12:12:46+00:00","article_modified_time":"2018-11-16T15:56:42+00:00","og_image":[{"width":635,"height":357,"url":"https:\/\/archibat.com\/blog\/wp-content\/uploads\/2015\/03\/IMAGE-APPEL-A-CANDIDATURE-PASSERELLE-2.jpg","type":"image\/jpeg"}],"author":"communication","twitter_card":"summary_large_image","twitter_misc":{"\u00c9crit par":"communication","Dur\u00e9e de lecture estim\u00e9e":"1 minute"},"schema":{"@context":"https:\/\/schema.org","@graph":[{"@type":"WebPage","@id":"https:\/\/archibat.com\/blog\/appel-a-projet-du-centre-international-dart-et-du-paysage\/","url":"https:\/\/archibat.com\/blog\/appel-a-projet-du-centre-international-dart-et-du-paysage\/","name":"Appel \u00e0 projet du Centre international d'art et du paysage - Limousin &#8211; ArchiBat Mag","isPartOf":{"@id":"https:\/\/archibat.com\/blog\/#website"},"primaryImageOfPage":{"@id":"https:\/\/archibat.com\/blog\/appel-a-projet-du-centre-international-dart-et-du-paysage\/#primaryimage"},"image":{"@id":"https:\/\/archibat.com\/blog\/appel-a-projet-du-centre-international-dart-et-du-paysage\/#primaryimage"},"thumbnailUrl":"https:\/\/archibat.com\/blog\/wp-content\/uploads\/2015\/03\/IMAGE-APPEL-A-CANDIDATURE-PASSERELLE-2.jpg","datePublished":"2015-03-18T12:12:46+00:00","dateModified":"2018-11-16T15:56:42+00:00","author":{"@id":"https:\/\/archibat.com\/blog\/#\/schema\/person\/c246f0d63b5e719c2cbe4f9bd494bf12"},"description":"Le Centre international d'art et du paysage lance un appel \u00e0 candidature pour la 8\u00e8me \u00e9dition de sa r\u00e9sidence artistique de recherche et de cr\u00e9ation...","breadcrumb":{"@id":"https:\/\/archibat.com\/blog\/appel-a-projet-du-centre-international-dart-et-du-paysage\/#breadcrumb"},"inLanguage":"fr-FR","potentialAction":[{"@type":"ReadAction","target":["https:\/\/archibat.com\/blog\/appel-a-projet-du-centre-international-dart-et-du-paysage\/"]}]},{"@type":"ImageObject","inLanguage":"fr-FR","@id":"https:\/\/archibat.com\/blog\/appel-a-projet-du-centre-international-dart-et-du-paysage\/#primaryimage","url":"https:\/\/archibat.com\/blog\/wp-content\/uploads\/2015\/03\/IMAGE-APPEL-A-CANDIDATURE-PASSERELLE-2.jpg","contentUrl":"https:\/\/archibat.com\/blog\/wp-content\/uploads\/2015\/03\/IMAGE-APPEL-A-CANDIDATURE-PASSERELLE-2.jpg","width":635,"height":357,"caption":"Centre international d'art et du paysage"},{"@type":"BreadcrumbList","@id":"https:\/\/archibat.com\/blog\/appel-a-projet-du-centre-international-dart-et-du-paysage\/#breadcrumb","itemListElement":[{"@type":"ListItem","position":1,"name":"Home","item":"https:\/\/archibat.com\/blog\/"},{"@type":"ListItem","position":2,"name":"Appel \u00e0 projet du Centre international d&rsquo;art et du paysage &#8211; Limousin"}]},{"@type":"WebSite","@id":"https:\/\/archibat.com\/blog\/#website","url":"https:\/\/archibat.com\/blog\/","name":"ArchiBat Mag","description":"Vous souhaitez connaitre les derni\u00e8res actualit\u00e9s sur l\u2019Architecture, le Design ou les Ressources Humaines ? D\u00e9couvrez ArchiBat Mag, le magazine d\u00e9di\u00e9 aux m\u00e9tiers de l&#039;Architecture et de l&#039;Ing\u00e9nierie.","potentialAction":[{"@type":"SearchAction","target":{"@type":"EntryPoint","urlTemplate":"https:\/\/archibat.com\/blog\/?s={search_term_string}"},"query-input":{"@type":"PropertyValueSpecification","valueRequired":true,"valueName":"search_term_string"}}],"inLanguage":"fr-FR"},{"@type":"Person","@id":"https:\/\/archibat.com\/blog\/#\/schema\/person\/c246f0d63b5e719c2cbe4f9bd494bf12","name":"communication"}]}},"_links":{"self":[{"href":"https:\/\/archibat.com\/blog\/wp-json\/wp\/v2\/posts\/589","targetHints":{"allow":["GET"]}}],"collection":[{"href":"https:\/\/archibat.com\/blog\/wp-json\/wp\/v2\/posts"}],"about":[{"href":"https:\/\/archibat.com\/blog\/wp-json\/wp\/v2\/types\/post"}],"author":[{"embeddable":true,"href":"https:\/\/archibat.com\/blog\/wp-json\/wp\/v2\/users\/2"}],"replies":[{"embeddable":true,"href":"https:\/\/archibat.com\/blog\/wp-json\/wp\/v2\/comments?post=589"}],"version-history":[{"count":1,"href":"https:\/\/archibat.com\/blog\/wp-json\/wp\/v2\/posts\/589\/revisions"}],"predecessor-version":[{"id":7633,"href":"https:\/\/archibat.com\/blog\/wp-json\/wp\/v2\/posts\/589\/revisions\/7633"}],"wp:featuredmedia":[{"embeddable":true,"href":"https:\/\/archibat.com\/blog\/wp-json\/wp\/v2\/media\/590"}],"wp:attachment":[{"href":"https:\/\/archibat.com\/blog\/wp-json\/wp\/v2\/media?parent=589"}],"wp:term":[{"taxonomy":"category","embeddable":true,"href":"https:\/\/archibat.com\/blog\/wp-json\/wp\/v2\/categories?post=589"},{"taxonomy":"post_tag","embeddable":true,"href":"https:\/\/archibat.com\/blog\/wp-json\/wp\/v2\/tags?post=589"}],"curies":[{"name":"wp","href":"https:\/\/api.w.org\/{rel}","templated":true}]}}