{"id":5901,"date":"2014-10-14T17:07:34","date_gmt":"2014-10-14T16:07:34","guid":{"rendered":"https:\/\/www.archibat.com\/blog\/?p=14"},"modified":"2018-11-13T16:19:06","modified_gmt":"2018-11-13T15:19:06","slug":"insertion-jeunes-diplomes-letude-2013-lapec","status":"publish","type":"post","link":"https:\/\/archibat.com\/blog\/insertion-jeunes-diplomes-letude-2013-lapec\/","title":{"rendered":"Insertion des jeunes dipl\u00f4m\u00e9s : l\u2019\u00e9tude 2013 de l\u2019APEC"},"content":{"rendered":"<p>Quel est l\u2019\u00e9tat de l\u2019insertion des jeunes dipl\u00f4m\u00e9s en France ? Que ce soit dans l\u2019architecture, dans le b\u00e2timent, les m\u00e9tiers du design ou le reste de l\u2019\u00e9conomie, la situation de l\u2019insertion des jeunes dipl\u00f4m\u00e9s reste stable dans l\u2019hexagone. Analyse de la derni\u00e8re \u00e9tude de l\u2019APEC.<\/p>\n<h2>Insertion des jeunes dipl\u00f4m\u00e9s en 2013 : 63% occupent un emploi<\/h2>\n<p>D\u2019apr\u00e8s l\u2019APEC, le taux d\u2019insertion des jeunes dipl\u00f4m\u00e9s est rest\u00e9 stable \u00e0 63% en 2013 compar\u00e9 \u00e0 2012. Ce sont ainsi plus de 6 \u00e9tudiants sur 10 titulaires d\u2019un bac+5 ou plus qui ont trouv\u00e9 un emploi. Cette stabilit\u00e9 se retrouve \u00e9galement malheureusement dans l\u2019opposition des disciplines scolaires, entre d\u2019une part les disciplines plus professionnalisantes\u00a0de type commercial, gestion ou informatique qui observent un bon taux d\u2019insertion et d\u2019un autre c\u00f4t\u00e9 des disciplines plus fondamentales. De la m\u00eame fa\u00e7on, on observe toujours cette opposition entre les titulaires d\u2019un master universitaire et les \u00e9tudiants sortant d\u2019\u00e9coles d\u2019ing\u00e9nieurs et d\u2019\u00e9coles de commerce &#8211; au d\u00e9triment des premiers.<\/p>\n<h2>Insertion des jeunes dipl\u00f4m\u00e9s : quels postes ?<\/h2>\n<p>L\u2019insertion des jeunes dipl\u00f4m\u00e9s n\u2019est pas la m\u00eame pour tout le monde \u00e9galement. Le poste d\u2019entr\u00e9e dans l\u2019entreprise varie \u00a0selon les disciplines. Ainsi, les disciplines scientifiques ont toujours la c\u00f4te parmi les recruteurs. Ce sont ainsi entre 7 et\u00a08 titulaires de dipl\u00f4mes scientifiques qui deviennent cadres en entreprise. A l\u2019oppos\u00e9, les dipl\u00f4m\u00e9s en langue ne sont que 1 sur 10 \u00e0 acc\u00e9der au statut de cadre.<\/p>\n<h2>Quel est contrat pour les jeunes dipl\u00f4m\u00e9s \u00e0 leur arriv\u00e9e dans l\u2019entreprise ?<\/h2>\n<p>L\u2019insertion des jeunes dipl\u00f4m\u00e9s n\u2019est pas \u00e9galitaire quant au contrat de travail. Par exemple, les dipl\u00f4m\u00e9s issus des sciences technologiques ou qui ont suivi un parcours en commercial-marketing sont ainsi 7 sur 10 \u00e0 acc\u00e9der \u00e0 un CDI contre seulement 25% pour les \u00e9tudiants issus des sciences humaines. Cette derni\u00e8re diff\u00e9rence dans l\u2019attribution des contrats de travail s\u2019explique aussi par le fait que les \u00e9tudiants en sciences humaines se dirigent davantage\u00a0vers le secteur public qui a plus vocation \u00e0 embaucher en CDD que le secteur priv\u00e9.<\/p>\n<h2>Insertion des jeunes dipl\u00f4m\u00e9s : que salaire ?<\/h2>\n<p>Bonne nouvelle pour les jeunes dipl\u00f4m\u00e9s : leur r\u00e9mun\u00e9ration \u00e0 l\u2019embauche progresse d\u2019environ 2 % cette ann\u00e9e. le salaire moyen atteint 29 400 \u20ac annuel brut et le salaire moyen (le salaire qui s\u00e9pare en deux d\u2019un c\u00f4t\u00e9 les salaires qui gagnent plus de ceux qui gagnent moins) atteint quant \u00e0 lui 28 700 \u20ac annuel brut.<\/p>\n<p>L\u00e0 encore, c\u00f4t\u00e9 salaire, il y a de forts \u00e9carts constat\u00e9s : un dipl\u00f4m\u00e9 dans les secteurs de la technologie peut gagner jusqu\u2019\u00e0 60 % de plus qu\u2019un dipl\u00f4m\u00e9 issu des sciences humaines. On constate \u00e9galement des in\u00e9galit\u00e9s de salaire structurelle entre public et priv\u00e9 au d\u00e9triment du public pour qui la r\u00e9mun\u00e9ration moyenne est inf\u00e9rieure d\u2019un quart au priv\u00e9.<\/p>\n<p>&nbsp;<\/p>\n<p><em>Source : \u00e9tude de l\u2019Apex sur l\u2019insertion des jeunes dipl\u00f4m\u00e9s en 2013, octobre 2014 :\u00a0<a href=\"http:\/\/jd.apec.fr\/Emploi-stage\/Marche-Emploi\/Les-Etudes-Apec\/Les-etudes-Apec-par-annee\/Etudes-Apec-2014\/Les-jeunes-diplomes-de-2013-situation-professionnelle-en-2014\/63-des-jeunes-diplomes-de-2013-occupent-un-emploi%20\" target=\"_blank\" rel=\"noopener\">http:\/\/jd.apec.fr\/Emploi-stage\/Marche-Emploi\/Les-Etudes-Apec\/Les-etudes-Apec-par-annee\/Etudes-Apec-2014\/Les-jeunes-diplomes-de-2013-situation-professionnelle-en-2014\/63-des-jeunes-diplomes-de-2013-occupent-un-emploi\u00a0<\/a><\/em><\/p>\n","protected":false},"excerpt":{"rendered":"<p>Quel est l\u2019\u00e9tat de l\u2019insertion des jeunes dipl\u00f4m\u00e9s en France ? Que ce soit dans l\u2019architecture, dans le b\u00e2timent, les m\u00e9tiers du design ou le\u2026<\/p>\n","protected":false},"author":2,"featured_media":208,"comment_status":"closed","ping_status":"closed","sticky":false,"template":"","format":"standard","meta":{"_acf_changed":false,"footnotes":""},"categories":[4],"tags":[1240],"class_list":["post-5901","post","type-post","status-publish","format-standard","has-post-thumbnail","hentry","category-ressources-humaines","tag-architecture-2"],"acf":[],"yoast_head":"<!-- This site is optimized with the Yoast SEO plugin v24.8.1 - https:\/\/yoast.com\/wordpress\/plugins\/seo\/ -->\n<title>Insertion des jeunes dipl\u00f4m\u00e9s : l\u2019\u00e9tude 2013 de l\u2019APEC &#8211; ArchiBat Mag<\/title>\n<meta name=\"description\" content=\"Quel est l\u2019\u00e9tat de l\u2019insertion des jeunes dipl\u00f4m\u00e9s en France ? Analyse de la derni\u00e8re \u00e9tude de l\u2019APEC.\" \/>\n<meta name=\"robots\" content=\"index, follow, max-snippet:-1, max-image-preview:large, max-video-preview:-1\" \/>\n<link rel=\"canonical\" href=\"https:\/\/archibat.com\/blog\/insertion-jeunes-diplomes-letude-2013-lapec\/\" \/>\n<meta property=\"og:locale\" content=\"fr_FR\" \/>\n<meta property=\"og:type\" content=\"article\" \/>\n<meta property=\"og:title\" content=\"Insertion des jeunes dipl\u00f4m\u00e9s : l\u2019\u00e9tude 2013 de l\u2019APEC &#8211; ArchiBat Mag\" \/>\n<meta property=\"og:description\" content=\"Quel est l\u2019\u00e9tat de l\u2019insertion des jeunes dipl\u00f4m\u00e9s en France ? Analyse de la derni\u00e8re \u00e9tude de l\u2019APEC.\" \/>\n<meta property=\"og:url\" content=\"https:\/\/archibat.com\/blog\/insertion-jeunes-diplomes-letude-2013-lapec\/\" \/>\n<meta property=\"og:site_name\" content=\"ArchiBat Mag\" \/>\n<meta property=\"article:published_time\" content=\"2014-10-14T16:07:34+00:00\" \/>\n<meta property=\"article:modified_time\" content=\"2018-11-13T15:19:06+00:00\" \/>\n<meta property=\"og:image\" content=\"https:\/\/archibat.com\/blog\/wp-content\/uploads\/2014\/11\/Evolution-du-taux-d-emploi-des-diplomes-bac-5-et-plus-636x357-2.jpg\" \/>\n\t<meta property=\"og:image:width\" content=\"636\" \/>\n\t<meta property=\"og:image:height\" content=\"357\" \/>\n\t<meta property=\"og:image:type\" content=\"image\/jpeg\" \/>\n<meta name=\"author\" content=\"communication\" \/>\n<meta name=\"twitter:card\" content=\"summary_large_image\" \/>\n<meta name=\"twitter:label1\" content=\"\u00c9crit par\" \/>\n\t<meta name=\"twitter:data1\" content=\"communication\" \/>\n\t<meta name=\"twitter:label2\" content=\"Dur\u00e9e de lecture estim\u00e9e\" \/>\n\t<meta name=\"twitter:data2\" content=\"3 minutes\" \/>\n<script type=\"application\/ld+json\" class=\"yoast-schema-graph\">{\"@context\":\"https:\/\/schema.org\",\"@graph\":[{\"@type\":\"WebPage\",\"@id\":\"https:\/\/archibat.com\/blog\/insertion-jeunes-diplomes-letude-2013-lapec\/\",\"url\":\"https:\/\/archibat.com\/blog\/insertion-jeunes-diplomes-letude-2013-lapec\/\",\"name\":\"Insertion des jeunes dipl\u00f4m\u00e9s : l\u2019\u00e9tude 2013 de l\u2019APEC &#8211; ArchiBat Mag\",\"isPartOf\":{\"@id\":\"https:\/\/archibat.com\/blog\/#website\"},\"primaryImageOfPage\":{\"@id\":\"https:\/\/archibat.com\/blog\/insertion-jeunes-diplomes-letude-2013-lapec\/#primaryimage\"},\"image\":{\"@id\":\"https:\/\/archibat.com\/blog\/insertion-jeunes-diplomes-letude-2013-lapec\/#primaryimage\"},\"thumbnailUrl\":\"https:\/\/archibat.com\/blog\/wp-content\/uploads\/2014\/11\/Evolution-du-taux-d-emploi-des-diplomes-bac-5-et-plus-636x357-2.jpg\",\"datePublished\":\"2014-10-14T16:07:34+00:00\",\"dateModified\":\"2018-11-13T15:19:06+00:00\",\"author\":{\"@id\":\"https:\/\/archibat.com\/blog\/#\/schema\/person\/c246f0d63b5e719c2cbe4f9bd494bf12\"},\"description\":\"Quel est l\u2019\u00e9tat de l\u2019insertion des jeunes dipl\u00f4m\u00e9s en France ? Analyse de la derni\u00e8re \u00e9tude de l\u2019APEC.\",\"breadcrumb\":{\"@id\":\"https:\/\/archibat.com\/blog\/insertion-jeunes-diplomes-letude-2013-lapec\/#breadcrumb\"},\"inLanguage\":\"fr-FR\",\"potentialAction\":[{\"@type\":\"ReadAction\",\"target\":[\"https:\/\/archibat.com\/blog\/insertion-jeunes-diplomes-letude-2013-lapec\/\"]}]},{\"@type\":\"ImageObject\",\"inLanguage\":\"fr-FR\",\"@id\":\"https:\/\/archibat.com\/blog\/insertion-jeunes-diplomes-letude-2013-lapec\/#primaryimage\",\"url\":\"https:\/\/archibat.com\/blog\/wp-content\/uploads\/2014\/11\/Evolution-du-taux-d-emploi-des-diplomes-bac-5-et-plus-636x357-2.jpg\",\"contentUrl\":\"https:\/\/archibat.com\/blog\/wp-content\/uploads\/2014\/11\/Evolution-du-taux-d-emploi-des-diplomes-bac-5-et-plus-636x357-2.jpg\",\"width\":636,\"height\":357,\"caption\":\"insertion des jeunes dipl\u00f4m\u00e9s\"},{\"@type\":\"BreadcrumbList\",\"@id\":\"https:\/\/archibat.com\/blog\/insertion-jeunes-diplomes-letude-2013-lapec\/#breadcrumb\",\"itemListElement\":[{\"@type\":\"ListItem\",\"position\":1,\"name\":\"Home\",\"item\":\"https:\/\/archibat.com\/blog\/\"},{\"@type\":\"ListItem\",\"position\":2,\"name\":\"Insertion des jeunes dipl\u00f4m\u00e9s : l\u2019\u00e9tude 2013 de l\u2019APEC\"}]},{\"@type\":\"WebSite\",\"@id\":\"https:\/\/archibat.com\/blog\/#website\",\"url\":\"https:\/\/archibat.com\/blog\/\",\"name\":\"ArchiBat Mag\",\"description\":\"Vous souhaitez connaitre les derni\u00e8res actualit\u00e9s sur l\u2019Architecture, le Design ou les Ressources Humaines ? D\u00e9couvrez ArchiBat Mag, le magazine d\u00e9di\u00e9 aux m\u00e9tiers de l&#039;Architecture et de l&#039;Ing\u00e9nierie.\",\"potentialAction\":[{\"@type\":\"SearchAction\",\"target\":{\"@type\":\"EntryPoint\",\"urlTemplate\":\"https:\/\/archibat.com\/blog\/?s={search_term_string}\"},\"query-input\":{\"@type\":\"PropertyValueSpecification\",\"valueRequired\":true,\"valueName\":\"search_term_string\"}}],\"inLanguage\":\"fr-FR\"},{\"@type\":\"Person\",\"@id\":\"https:\/\/archibat.com\/blog\/#\/schema\/person\/c246f0d63b5e719c2cbe4f9bd494bf12\",\"name\":\"communication\"}]}<\/script>\n<!-- \/ Yoast SEO plugin. -->","yoast_head_json":{"title":"Insertion des jeunes dipl\u00f4m\u00e9s : l\u2019\u00e9tude 2013 de l\u2019APEC &#8211; ArchiBat Mag","description":"Quel est l\u2019\u00e9tat de l\u2019insertion des jeunes dipl\u00f4m\u00e9s en France ? Analyse de la derni\u00e8re \u00e9tude de l\u2019APEC.","robots":{"index":"index","follow":"follow","max-snippet":"max-snippet:-1","max-image-preview":"max-image-preview:large","max-video-preview":"max-video-preview:-1"},"canonical":"https:\/\/archibat.com\/blog\/insertion-jeunes-diplomes-letude-2013-lapec\/","og_locale":"fr_FR","og_type":"article","og_title":"Insertion des jeunes dipl\u00f4m\u00e9s : l\u2019\u00e9tude 2013 de l\u2019APEC &#8211; ArchiBat Mag","og_description":"Quel est l\u2019\u00e9tat de l\u2019insertion des jeunes dipl\u00f4m\u00e9s en France ? Analyse de la derni\u00e8re \u00e9tude de l\u2019APEC.","og_url":"https:\/\/archibat.com\/blog\/insertion-jeunes-diplomes-letude-2013-lapec\/","og_site_name":"ArchiBat Mag","article_published_time":"2014-10-14T16:07:34+00:00","article_modified_time":"2018-11-13T15:19:06+00:00","og_image":[{"width":636,"height":357,"url":"https:\/\/archibat.com\/blog\/wp-content\/uploads\/2014\/11\/Evolution-du-taux-d-emploi-des-diplomes-bac-5-et-plus-636x357-2.jpg","type":"image\/jpeg"}],"author":"communication","twitter_card":"summary_large_image","twitter_misc":{"\u00c9crit par":"communication","Dur\u00e9e de lecture estim\u00e9e":"3 minutes"},"schema":{"@context":"https:\/\/schema.org","@graph":[{"@type":"WebPage","@id":"https:\/\/archibat.com\/blog\/insertion-jeunes-diplomes-letude-2013-lapec\/","url":"https:\/\/archibat.com\/blog\/insertion-jeunes-diplomes-letude-2013-lapec\/","name":"Insertion des jeunes dipl\u00f4m\u00e9s : l\u2019\u00e9tude 2013 de l\u2019APEC &#8211; ArchiBat Mag","isPartOf":{"@id":"https:\/\/archibat.com\/blog\/#website"},"primaryImageOfPage":{"@id":"https:\/\/archibat.com\/blog\/insertion-jeunes-diplomes-letude-2013-lapec\/#primaryimage"},"image":{"@id":"https:\/\/archibat.com\/blog\/insertion-jeunes-diplomes-letude-2013-lapec\/#primaryimage"},"thumbnailUrl":"https:\/\/archibat.com\/blog\/wp-content\/uploads\/2014\/11\/Evolution-du-taux-d-emploi-des-diplomes-bac-5-et-plus-636x357-2.jpg","datePublished":"2014-10-14T16:07:34+00:00","dateModified":"2018-11-13T15:19:06+00:00","author":{"@id":"https:\/\/archibat.com\/blog\/#\/schema\/person\/c246f0d63b5e719c2cbe4f9bd494bf12"},"description":"Quel est l\u2019\u00e9tat de l\u2019insertion des jeunes dipl\u00f4m\u00e9s en France ? Analyse de la derni\u00e8re \u00e9tude de l\u2019APEC.","breadcrumb":{"@id":"https:\/\/archibat.com\/blog\/insertion-jeunes-diplomes-letude-2013-lapec\/#breadcrumb"},"inLanguage":"fr-FR","potentialAction":[{"@type":"ReadAction","target":["https:\/\/archibat.com\/blog\/insertion-jeunes-diplomes-letude-2013-lapec\/"]}]},{"@type":"ImageObject","inLanguage":"fr-FR","@id":"https:\/\/archibat.com\/blog\/insertion-jeunes-diplomes-letude-2013-lapec\/#primaryimage","url":"https:\/\/archibat.com\/blog\/wp-content\/uploads\/2014\/11\/Evolution-du-taux-d-emploi-des-diplomes-bac-5-et-plus-636x357-2.jpg","contentUrl":"https:\/\/archibat.com\/blog\/wp-content\/uploads\/2014\/11\/Evolution-du-taux-d-emploi-des-diplomes-bac-5-et-plus-636x357-2.jpg","width":636,"height":357,"caption":"insertion des jeunes dipl\u00f4m\u00e9s"},{"@type":"BreadcrumbList","@id":"https:\/\/archibat.com\/blog\/insertion-jeunes-diplomes-letude-2013-lapec\/#breadcrumb","itemListElement":[{"@type":"ListItem","position":1,"name":"Home","item":"https:\/\/archibat.com\/blog\/"},{"@type":"ListItem","position":2,"name":"Insertion des jeunes dipl\u00f4m\u00e9s : l\u2019\u00e9tude 2013 de l\u2019APEC"}]},{"@type":"WebSite","@id":"https:\/\/archibat.com\/blog\/#website","url":"https:\/\/archibat.com\/blog\/","name":"ArchiBat Mag","description":"Vous souhaitez connaitre les derni\u00e8res actualit\u00e9s sur l\u2019Architecture, le Design ou les Ressources Humaines ? D\u00e9couvrez ArchiBat Mag, le magazine d\u00e9di\u00e9 aux m\u00e9tiers de l&#039;Architecture et de l&#039;Ing\u00e9nierie.","potentialAction":[{"@type":"SearchAction","target":{"@type":"EntryPoint","urlTemplate":"https:\/\/archibat.com\/blog\/?s={search_term_string}"},"query-input":{"@type":"PropertyValueSpecification","valueRequired":true,"valueName":"search_term_string"}}],"inLanguage":"fr-FR"},{"@type":"Person","@id":"https:\/\/archibat.com\/blog\/#\/schema\/person\/c246f0d63b5e719c2cbe4f9bd494bf12","name":"communication"}]}},"_links":{"self":[{"href":"https:\/\/archibat.com\/blog\/wp-json\/wp\/v2\/posts\/5901","targetHints":{"allow":["GET"]}}],"collection":[{"href":"https:\/\/archibat.com\/blog\/wp-json\/wp\/v2\/posts"}],"about":[{"href":"https:\/\/archibat.com\/blog\/wp-json\/wp\/v2\/types\/post"}],"author":[{"embeddable":true,"href":"https:\/\/archibat.com\/blog\/wp-json\/wp\/v2\/users\/2"}],"replies":[{"embeddable":true,"href":"https:\/\/archibat.com\/blog\/wp-json\/wp\/v2\/comments?post=5901"}],"version-history":[{"count":1,"href":"https:\/\/archibat.com\/blog\/wp-json\/wp\/v2\/posts\/5901\/revisions"}],"predecessor-version":[{"id":7467,"href":"https:\/\/archibat.com\/blog\/wp-json\/wp\/v2\/posts\/5901\/revisions\/7467"}],"wp:featuredmedia":[{"embeddable":true,"href":"https:\/\/archibat.com\/blog\/wp-json\/wp\/v2\/media\/208"}],"wp:attachment":[{"href":"https:\/\/archibat.com\/blog\/wp-json\/wp\/v2\/media?parent=5901"}],"wp:term":[{"taxonomy":"category","embeddable":true,"href":"https:\/\/archibat.com\/blog\/wp-json\/wp\/v2\/categories?post=5901"},{"taxonomy":"post_tag","embeddable":true,"href":"https:\/\/archibat.com\/blog\/wp-json\/wp\/v2\/tags?post=5901"}],"curies":[{"name":"wp","href":"https:\/\/api.w.org\/{rel}","templated":true}]}}