{"id":5903,"date":"2014-10-17T09:26:33","date_gmt":"2014-10-17T08:26:33","guid":{"rendered":"https:\/\/www.archibat.com\/blog\/?p=26"},"modified":"2018-11-14T15:50:41","modified_gmt":"2018-11-14T14:50:41","slug":"reussir-cv-suite","status":"publish","type":"post","link":"https:\/\/archibat.com\/blog\/reussir-cv-suite\/","title":{"rendered":"R\u00e9ussir son CV : la suite !"},"content":{"rendered":"<h2>R\u00e9ussir son CV : la mention\u00a0des langues<\/h2>\n<p>Evitez le \u00ab\u00a0lu, \u00e9crit, parl\u00e9\u00a0\u00bb qui date vraiment et passez aux qualifications \u00ab\u00a0bilingue, courant, interm\u00e9diaire\u00a0\u00bb qui correspondent mieux \u00e0 la r\u00e9alit\u00e9 et permet au recruteur de se faire une id\u00e9e de votre niveau. Ne trichez pas ! La mention \u00ab\u00a0bilingue\u00a0\u00bb ne peut s&#8217;employer que si vous l&rsquo;\u00eates vraiment. Pensez qu&rsquo;un test de langue suivra s\u00fbrement le premier entretien. Enfin, \u00e9vitez de citer une langue dont vous n&rsquo;avez que des notions suite \u00e0 vos derni\u00e8res vacances pass\u00e9es dans le pays en question.<\/p>\n<h2>R\u00e9ussir son CV : la mention des logiciels<\/h2>\n<p>Il n&rsquo;est pas utile de pr\u00e9ciser les logiciels qui coulent de source et que vous devez ma\u00eetriser tels \u00ab\u00a0Word, Excel, Powerpoint\u00a0\u00bb. Les indiquer dans un CV pour un poste de direction par exemple serait absurde. Par contre pour tous les m\u00e9tiers bas\u00e9s sur la connaissance d&rsquo;outils sp\u00e9cifiques tels Autocad, Revit, 3D Studio, Photoshop etc&#8230;il est bien s\u00fbr imp\u00e9ratif de les indiquer et de pr\u00e9ciser votre niveau surtout si vous en inscrivez un grand nombre.<\/p>\n<h2>Quid des centres d&rsquo;int\u00e9r\u00eat<\/h2>\n<p>Voila une rubrique qui n&rsquo;est pas facile \u00e0 r\u00e9diger, vous aurez toujours peur d&rsquo;en mettre trop ou pas assez. Mieux vaut \u00e9viter les grandes g\u00e9n\u00e9ralit\u00e9s type \u00ab\u00a0musique, voyages, sport\u00a0\u00bb qui n&rsquo;apportent rien au recruteur. Choisissez une passion qui permettra de mieux vous connaitre, un sujet dont vous pourrez parler lors de l&rsquo;entretien. Une exposition de vos photographies, une responsabilit\u00e9 citoyenne, un investissement humanitaire ou une ceinture noire de judo retiendront davantage l&rsquo;attention du recruteur.<\/p>\n<h2>R\u00e9ussir son CV avec un ou des trous<\/h2>\n<p>Si vous avez connu des courtes p\u00e9riodes d&rsquo;inactivit\u00e9 (moins de 6 mois),\u00a0il n&rsquo;est pas n\u00e9cessaire de les indiquer. En adoptant une chronologie par ann\u00e9es, elles seront absorb\u00e9es dans votre parcours professionnel. Par contre au del\u00e0 de 6 mois, voire un an d&rsquo;inactivit\u00e9, il vaut mieux ne pas tricher. Indiquez comment vous avez employ\u00e9 cette p\u00e9riode : voyage autour du monde, b\u00e9n\u00e9volat, stage \u00e0 l&rsquo;\u00e9tranger, formation dont vous r\u00eaviez&#8230;.<\/p>\n<p><strong>A suivre \u00ab\u00a0Les 10 erreurs \u00e0 \u00e9viter dans un CV\u00a0\u00bb<\/strong><\/p>\n","protected":false},"excerpt":{"rendered":"<p>R\u00e9ussir son CV : la mention\u00a0des langues Evitez le \u00ab\u00a0lu, \u00e9crit, parl\u00e9\u00a0\u00bb qui date vraiment et passez aux qualifications \u00ab\u00a0bilingue, courant, interm\u00e9diaire\u00a0\u00bb qui correspondent mieux\u2026<\/p>\n","protected":false},"author":2,"featured_media":2025,"comment_status":"closed","ping_status":"closed","sticky":false,"template":"","format":"standard","meta":{"_acf_changed":false,"footnotes":""},"categories":[4],"tags":[],"class_list":["post-5903","post","type-post","status-publish","format-standard","has-post-thumbnail","hentry","category-ressources-humaines"],"acf":[],"yoast_head":"<!-- This site is optimized with the Yoast SEO plugin v24.8.1 - https:\/\/yoast.com\/wordpress\/plugins\/seo\/ -->\n<title>R\u00e9ussir son CV : la suite ! &#8211; ArchiBat Mag<\/title>\n<meta name=\"description\" content=\"R\u00e9ussir son cv : inspirez vous de nos conseils pratiques!\" \/>\n<meta name=\"robots\" content=\"index, follow, max-snippet:-1, max-image-preview:large, max-video-preview:-1\" \/>\n<link rel=\"canonical\" href=\"https:\/\/archibat.com\/blog\/reussir-cv-suite\/\" \/>\n<meta property=\"og:locale\" content=\"fr_FR\" \/>\n<meta property=\"og:type\" content=\"article\" \/>\n<meta property=\"og:title\" content=\"R\u00e9ussir son CV : la suite ! &#8211; ArchiBat Mag\" \/>\n<meta property=\"og:description\" content=\"R\u00e9ussir son cv : inspirez vous de nos conseils pratiques!\" \/>\n<meta property=\"og:url\" content=\"https:\/\/archibat.com\/blog\/reussir-cv-suite\/\" \/>\n<meta property=\"og:site_name\" content=\"ArchiBat Mag\" \/>\n<meta property=\"article:published_time\" content=\"2014-10-17T08:26:33+00:00\" \/>\n<meta property=\"article:modified_time\" content=\"2018-11-14T14:50:41+00:00\" \/>\n<meta property=\"og:image\" content=\"https:\/\/archibat.com\/blog\/wp-content\/uploads\/2014\/10\/Fotolia_76433922_Subscription_Monthly_M-2.jpg\" \/>\n\t<meta property=\"og:image:width\" content=\"1615\" \/>\n\t<meta property=\"og:image:height\" content=\"1177\" \/>\n\t<meta property=\"og:image:type\" content=\"image\/jpeg\" \/>\n<meta name=\"author\" content=\"communication\" \/>\n<meta name=\"twitter:card\" content=\"summary_large_image\" \/>\n<meta name=\"twitter:label1\" content=\"\u00c9crit par\" \/>\n\t<meta name=\"twitter:data1\" content=\"communication\" \/>\n\t<meta name=\"twitter:label2\" content=\"Dur\u00e9e de lecture estim\u00e9e\" \/>\n\t<meta name=\"twitter:data2\" content=\"2 minutes\" \/>\n<script type=\"application\/ld+json\" class=\"yoast-schema-graph\">{\"@context\":\"https:\/\/schema.org\",\"@graph\":[{\"@type\":\"WebPage\",\"@id\":\"https:\/\/archibat.com\/blog\/reussir-cv-suite\/\",\"url\":\"https:\/\/archibat.com\/blog\/reussir-cv-suite\/\",\"name\":\"R\u00e9ussir son CV : la suite ! &#8211; ArchiBat Mag\",\"isPartOf\":{\"@id\":\"https:\/\/archibat.com\/blog\/#website\"},\"primaryImageOfPage\":{\"@id\":\"https:\/\/archibat.com\/blog\/reussir-cv-suite\/#primaryimage\"},\"image\":{\"@id\":\"https:\/\/archibat.com\/blog\/reussir-cv-suite\/#primaryimage\"},\"thumbnailUrl\":\"https:\/\/archibat.com\/blog\/wp-content\/uploads\/2014\/10\/Fotolia_76433922_Subscription_Monthly_M-2.jpg\",\"datePublished\":\"2014-10-17T08:26:33+00:00\",\"dateModified\":\"2018-11-14T14:50:41+00:00\",\"author\":{\"@id\":\"https:\/\/archibat.com\/blog\/#\/schema\/person\/c246f0d63b5e719c2cbe4f9bd494bf12\"},\"description\":\"R\u00e9ussir son cv : inspirez vous de nos conseils pratiques!\",\"breadcrumb\":{\"@id\":\"https:\/\/archibat.com\/blog\/reussir-cv-suite\/#breadcrumb\"},\"inLanguage\":\"fr-FR\",\"potentialAction\":[{\"@type\":\"ReadAction\",\"target\":[\"https:\/\/archibat.com\/blog\/reussir-cv-suite\/\"]}]},{\"@type\":\"ImageObject\",\"inLanguage\":\"fr-FR\",\"@id\":\"https:\/\/archibat.com\/blog\/reussir-cv-suite\/#primaryimage\",\"url\":\"https:\/\/archibat.com\/blog\/wp-content\/uploads\/2014\/10\/Fotolia_76433922_Subscription_Monthly_M-2.jpg\",\"contentUrl\":\"https:\/\/archibat.com\/blog\/wp-content\/uploads\/2014\/10\/Fotolia_76433922_Subscription_Monthly_M-2.jpg\",\"width\":1615,\"height\":1177,\"caption\":\"Young smiling woman holding her resume and applying for a job\"},{\"@type\":\"BreadcrumbList\",\"@id\":\"https:\/\/archibat.com\/blog\/reussir-cv-suite\/#breadcrumb\",\"itemListElement\":[{\"@type\":\"ListItem\",\"position\":1,\"name\":\"Home\",\"item\":\"https:\/\/archibat.com\/blog\/\"},{\"@type\":\"ListItem\",\"position\":2,\"name\":\"R\u00e9ussir son CV : la suite !\"}]},{\"@type\":\"WebSite\",\"@id\":\"https:\/\/archibat.com\/blog\/#website\",\"url\":\"https:\/\/archibat.com\/blog\/\",\"name\":\"ArchiBat Mag\",\"description\":\"Vous souhaitez connaitre les derni\u00e8res actualit\u00e9s sur l\u2019Architecture, le Design ou les Ressources Humaines ? D\u00e9couvrez ArchiBat Mag, le magazine d\u00e9di\u00e9 aux m\u00e9tiers de l&#039;Architecture et de l&#039;Ing\u00e9nierie.\",\"potentialAction\":[{\"@type\":\"SearchAction\",\"target\":{\"@type\":\"EntryPoint\",\"urlTemplate\":\"https:\/\/archibat.com\/blog\/?s={search_term_string}\"},\"query-input\":{\"@type\":\"PropertyValueSpecification\",\"valueRequired\":true,\"valueName\":\"search_term_string\"}}],\"inLanguage\":\"fr-FR\"},{\"@type\":\"Person\",\"@id\":\"https:\/\/archibat.com\/blog\/#\/schema\/person\/c246f0d63b5e719c2cbe4f9bd494bf12\",\"name\":\"communication\"}]}<\/script>\n<!-- \/ Yoast SEO plugin. -->","yoast_head_json":{"title":"R\u00e9ussir son CV : la suite ! &#8211; ArchiBat Mag","description":"R\u00e9ussir son cv : inspirez vous de nos conseils pratiques!","robots":{"index":"index","follow":"follow","max-snippet":"max-snippet:-1","max-image-preview":"max-image-preview:large","max-video-preview":"max-video-preview:-1"},"canonical":"https:\/\/archibat.com\/blog\/reussir-cv-suite\/","og_locale":"fr_FR","og_type":"article","og_title":"R\u00e9ussir son CV : la suite ! &#8211; ArchiBat Mag","og_description":"R\u00e9ussir son cv : inspirez vous de nos conseils pratiques!","og_url":"https:\/\/archibat.com\/blog\/reussir-cv-suite\/","og_site_name":"ArchiBat Mag","article_published_time":"2014-10-17T08:26:33+00:00","article_modified_time":"2018-11-14T14:50:41+00:00","og_image":[{"width":1615,"height":1177,"url":"https:\/\/archibat.com\/blog\/wp-content\/uploads\/2014\/10\/Fotolia_76433922_Subscription_Monthly_M-2.jpg","type":"image\/jpeg"}],"author":"communication","twitter_card":"summary_large_image","twitter_misc":{"\u00c9crit par":"communication","Dur\u00e9e de lecture estim\u00e9e":"2 minutes"},"schema":{"@context":"https:\/\/schema.org","@graph":[{"@type":"WebPage","@id":"https:\/\/archibat.com\/blog\/reussir-cv-suite\/","url":"https:\/\/archibat.com\/blog\/reussir-cv-suite\/","name":"R\u00e9ussir son CV : la suite ! &#8211; ArchiBat Mag","isPartOf":{"@id":"https:\/\/archibat.com\/blog\/#website"},"primaryImageOfPage":{"@id":"https:\/\/archibat.com\/blog\/reussir-cv-suite\/#primaryimage"},"image":{"@id":"https:\/\/archibat.com\/blog\/reussir-cv-suite\/#primaryimage"},"thumbnailUrl":"https:\/\/archibat.com\/blog\/wp-content\/uploads\/2014\/10\/Fotolia_76433922_Subscription_Monthly_M-2.jpg","datePublished":"2014-10-17T08:26:33+00:00","dateModified":"2018-11-14T14:50:41+00:00","author":{"@id":"https:\/\/archibat.com\/blog\/#\/schema\/person\/c246f0d63b5e719c2cbe4f9bd494bf12"},"description":"R\u00e9ussir son cv : inspirez vous de nos conseils pratiques!","breadcrumb":{"@id":"https:\/\/archibat.com\/blog\/reussir-cv-suite\/#breadcrumb"},"inLanguage":"fr-FR","potentialAction":[{"@type":"ReadAction","target":["https:\/\/archibat.com\/blog\/reussir-cv-suite\/"]}]},{"@type":"ImageObject","inLanguage":"fr-FR","@id":"https:\/\/archibat.com\/blog\/reussir-cv-suite\/#primaryimage","url":"https:\/\/archibat.com\/blog\/wp-content\/uploads\/2014\/10\/Fotolia_76433922_Subscription_Monthly_M-2.jpg","contentUrl":"https:\/\/archibat.com\/blog\/wp-content\/uploads\/2014\/10\/Fotolia_76433922_Subscription_Monthly_M-2.jpg","width":1615,"height":1177,"caption":"Young smiling woman holding her resume and applying for a job"},{"@type":"BreadcrumbList","@id":"https:\/\/archibat.com\/blog\/reussir-cv-suite\/#breadcrumb","itemListElement":[{"@type":"ListItem","position":1,"name":"Home","item":"https:\/\/archibat.com\/blog\/"},{"@type":"ListItem","position":2,"name":"R\u00e9ussir son CV : la suite !"}]},{"@type":"WebSite","@id":"https:\/\/archibat.com\/blog\/#website","url":"https:\/\/archibat.com\/blog\/","name":"ArchiBat Mag","description":"Vous souhaitez connaitre les derni\u00e8res actualit\u00e9s sur l\u2019Architecture, le Design ou les Ressources Humaines ? D\u00e9couvrez ArchiBat Mag, le magazine d\u00e9di\u00e9 aux m\u00e9tiers de l&#039;Architecture et de l&#039;Ing\u00e9nierie.","potentialAction":[{"@type":"SearchAction","target":{"@type":"EntryPoint","urlTemplate":"https:\/\/archibat.com\/blog\/?s={search_term_string}"},"query-input":{"@type":"PropertyValueSpecification","valueRequired":true,"valueName":"search_term_string"}}],"inLanguage":"fr-FR"},{"@type":"Person","@id":"https:\/\/archibat.com\/blog\/#\/schema\/person\/c246f0d63b5e719c2cbe4f9bd494bf12","name":"communication"}]}},"_links":{"self":[{"href":"https:\/\/archibat.com\/blog\/wp-json\/wp\/v2\/posts\/5903","targetHints":{"allow":["GET"]}}],"collection":[{"href":"https:\/\/archibat.com\/blog\/wp-json\/wp\/v2\/posts"}],"about":[{"href":"https:\/\/archibat.com\/blog\/wp-json\/wp\/v2\/types\/post"}],"author":[{"embeddable":true,"href":"https:\/\/archibat.com\/blog\/wp-json\/wp\/v2\/users\/2"}],"replies":[{"embeddable":true,"href":"https:\/\/archibat.com\/blog\/wp-json\/wp\/v2\/comments?post=5903"}],"version-history":[{"count":2,"href":"https:\/\/archibat.com\/blog\/wp-json\/wp\/v2\/posts\/5903\/revisions"}],"predecessor-version":[{"id":7518,"href":"https:\/\/archibat.com\/blog\/wp-json\/wp\/v2\/posts\/5903\/revisions\/7518"}],"wp:featuredmedia":[{"embeddable":true,"href":"https:\/\/archibat.com\/blog\/wp-json\/wp\/v2\/media\/2025"}],"wp:attachment":[{"href":"https:\/\/archibat.com\/blog\/wp-json\/wp\/v2\/media?parent=5903"}],"wp:term":[{"taxonomy":"category","embeddable":true,"href":"https:\/\/archibat.com\/blog\/wp-json\/wp\/v2\/categories?post=5903"},{"taxonomy":"post_tag","embeddable":true,"href":"https:\/\/archibat.com\/blog\/wp-json\/wp\/v2\/tags?post=5903"}],"curies":[{"name":"wp","href":"https:\/\/api.w.org\/{rel}","templated":true}]}}