{"id":636,"date":"2015-04-07T09:54:47","date_gmt":"2015-04-07T07:54:47","guid":{"rendered":"https:\/\/www.archibat.com\/blog\/?p=636"},"modified":"2018-12-11T16:27:38","modified_gmt":"2018-12-11T15:27:38","slug":"concours-evolo-2015-les-gratte-ciel-du-futur","status":"publish","type":"post","link":"https:\/\/archibat.com\/blog\/concours-evolo-2015-les-gratte-ciel-du-futur\/","title":{"rendered":"Concours eVolo 2015 : les gratte-ciel du futur !"},"content":{"rendered":"<p>Le magazine eVolo Magazine organise depuis 2006 un concours d&rsquo;architecture portant sur les gratte-ciel. 6000 projets ont d\u00e9j\u00e0 \u00e9t\u00e9 soumis au magazine depuis la cr\u00e9ation du concours. Ils permettent de mieux comprendre l&rsquo;architecture verticale et son int\u00e9gration dans nos environnements. En 2015, le jury, compos\u00e9 de figures importantes du monde de l&rsquo;architecture et du design, a s\u00e9lectionn\u00e9 3 gagnants et attribu\u00e9 une mention sp\u00e9ciale \u00e0 15 autres projets, parmi 480 candidatures \u00e9manant d&rsquo;agences du monde entier. Les gagnants ont \u00e9t\u00e9 choisis pour leur cr\u00e9ativit\u00e9, leur ing\u00e9niosit\u00e9 et leur compr\u00e9hension de la dynamique et l&rsquo;adaptabilit\u00e9 des communaut\u00e9s verticales. Les architectes concourant devaient \u00e9galement inclure dans leur projet les probl\u00e9matiques de surpeuplement et de r\u00e9chauffement climatique. Voici les 3 vainqueurs.<\/p>\n<h2>Premi\u00e8re place : Essence Skyscraper de l&rsquo;agence BOMP<\/h2>\n<p><img loading=\"lazy\" decoding=\"async\" class=\"alignnone size-full wp-image-638\" src=\"https:\/\/www.archibat.com\/blog\/wp-content\/uploads\/2015\/04\/0307-0-600x8921-2.jpg\" alt=\"concours eVolo\" width=\"635\" height=\"527\" srcset=\"https:\/\/archibat.com\/blog\/wp-content\/uploads\/2015\/04\/0307-0-600x8921-2.jpg 635w, https:\/\/archibat.com\/blog\/wp-content\/uploads\/2015\/04\/0307-0-600x8921-2-300x249.jpg 300w, https:\/\/archibat.com\/blog\/wp-content\/uploads\/2015\/04\/0307-0-600x8921-2-578x480.jpg 578w\" sizes=\"auto, (max-width: 635px) 100vw, 635px\" \/><br \/>\nLe projet de l&rsquo;agence d&rsquo;architecture polonaise BOMP (Ewa Odyjas, Agnieszka Morga, Konrad Basan, and Jakub Pudo) est une mega-structure urbaine alliant l&rsquo;architecture et la nature dans un environnement urbain tr\u00e8s dense. Le gratte-ciel est con\u00e7u comme un espace pour \u00e9chapper \u00e0 la vie urbaine et un lieu d&rsquo;aventure naturelle. Le b\u00e2timent comporte 11 paysages naturels des sols en eau, des zones de jungles, une cascade&#8230;<\/p>\n<h2>Deuxi\u00e8me place : Shanty-Scaper de Suraksha Bhatla et Sharan Sundar<\/h2>\n<p><img loading=\"lazy\" decoding=\"async\" class=\"alignnone size-full wp-image-640\" src=\"https:\/\/www.archibat.com\/blog\/wp-content\/uploads\/2015\/04\/0131-0-600x13361-2.jpg\" alt=\"concours eVolo\" width=\"635\" height=\"555\" srcset=\"https:\/\/archibat.com\/blog\/wp-content\/uploads\/2015\/04\/0131-0-600x13361-2.jpg 635w, https:\/\/archibat.com\/blog\/wp-content\/uploads\/2015\/04\/0131-0-600x13361-2-300x262.jpg 300w, https:\/\/archibat.com\/blog\/wp-content\/uploads\/2015\/04\/0131-0-600x13361-2-549x480.jpg 549w\" sizes=\"auto, (max-width: 635px) 100vw, 635px\" \/><\/p>\n<p>Le projet des architectes indiens, Suraksha Bhatla et Sharan Sundar, est destin\u00e9 \u00e0 doter les habitants des bidonvilles de Chennai d&rsquo;habitations, et d&rsquo;espaces de travail et de divertissement. Le gratte-ciel est con\u00e7u pour r\u00e9utiliser des mat\u00e9riaux post-contruction, tels que des d\u00e9bris de conduits, de la t\u00f4le ondul\u00e9e ou du bois de construction.<\/p>\n<h2>Troisi\u00e8me place\u00a0: Cybertopia de Egor Orlov<\/h2>\n<p><img loading=\"lazy\" decoding=\"async\" class=\"alignnone size-full wp-image-641\" src=\"https:\/\/www.archibat.com\/blog\/wp-content\/uploads\/2015\/04\/0019-0-600x435-2.jpg\" alt=\"concours eVolo\" width=\"635\" height=\"460\" srcset=\"https:\/\/archibat.com\/blog\/wp-content\/uploads\/2015\/04\/0019-0-600x435-2.jpg 635w, https:\/\/archibat.com\/blog\/wp-content\/uploads\/2015\/04\/0019-0-600x435-2-300x217.jpg 300w\" sizes=\"auto, (max-width: 635px) 100vw, 635px\" \/><br \/>\nL&rsquo;architecte russe Egor Orlov a imagin\u00e9 la ville du future comme une combinaison entre un monde physique et digital. Cette ville grandirait et se m\u00e9tamorphoserait instantan\u00e9ment en fonction de nos besoins. Le b\u00e2timent enti\u00e8rement concevable avec une imprimante 3D est ainsi amovible. Chaque partie de l&rsquo;immeuble peut \u00eatre d\u00e9plac\u00e9es gr\u00e2ce \u00e0 des grues int\u00e9gr\u00e9es dans le b\u00e2timent.<br \/>\nLes 15 mentions sp\u00e9ciales incluent notamment des gratte-ciel con\u00e7us pour l&rsquo;Arctique, des structures destin\u00e9es \u00e0 faire face \u00e0 la d\u00e9sertification et des plates-formes p\u00e9troli\u00e8res abandonn\u00e9es transform\u00e9es en habitats bio.<\/p>\n<p>&nbsp;<\/p>\n<p><em><strong>Pour d\u00e9couvrir l&rsquo;ensemble de ces projets fous, consultez <a href=\"http:\/\/www.evolo.us\/competition\/winners-2015-evolo-skyscraper-competition\/\" target=\"_blank\" rel=\"noopener\">le site<\/a> du magazine eVolo.<\/strong><\/em><\/p>\n","protected":false},"excerpt":{"rendered":"<p>Le magazine eVolo Magazine organise depuis 2006 un concours d&rsquo;architecture portant sur les gratte-ciel. 6000 projets ont d\u00e9j\u00e0 \u00e9t\u00e9 soumis au magazine depuis la cr\u00e9ation\u2026<\/p>\n","protected":false},"author":2,"featured_media":643,"comment_status":"closed","ping_status":"closed","sticky":false,"template":"","format":"standard","meta":{"_acf_changed":false,"footnotes":""},"categories":[3],"tags":[],"class_list":["post-636","post","type-post","status-publish","format-standard","has-post-thumbnail","hentry","category-architecture-et-design"],"acf":[],"yoast_head":"<!-- This site is optimized with the Yoast SEO plugin v24.8.1 - https:\/\/yoast.com\/wordpress\/plugins\/seo\/ -->\n<title>Concours eVolo 2015 : les gratte-ciel du futur ! &#8211; ArchiBat Mag<\/title>\n<meta name=\"description\" content=\"Le magazine eVolo a d\u00e9sign\u00e9 les trois gagnants du concours 2015 et 15 mentions sp\u00e9ciales. Parmi les projets de gratte-ciel, vous pouvez d\u00e9couvrir des ...\" \/>\n<meta name=\"robots\" content=\"index, follow, max-snippet:-1, max-image-preview:large, max-video-preview:-1\" \/>\n<link rel=\"canonical\" href=\"https:\/\/archibat.com\/blog\/concours-evolo-2015-les-gratte-ciel-du-futur\/\" \/>\n<meta property=\"og:locale\" content=\"fr_FR\" \/>\n<meta property=\"og:type\" content=\"article\" \/>\n<meta property=\"og:title\" content=\"Concours eVolo 2015 : les gratte-ciel du futur ! &#8211; ArchiBat Mag\" \/>\n<meta property=\"og:description\" content=\"Le magazine eVolo a d\u00e9sign\u00e9 les trois gagnants du concours 2015 et 15 mentions sp\u00e9ciales. Parmi les projets de gratte-ciel, vous pouvez d\u00e9couvrir des ...\" \/>\n<meta property=\"og:url\" content=\"https:\/\/archibat.com\/blog\/concours-evolo-2015-les-gratte-ciel-du-futur\/\" \/>\n<meta property=\"og:site_name\" content=\"ArchiBat Mag\" \/>\n<meta property=\"article:published_time\" content=\"2015-04-07T07:54:47+00:00\" \/>\n<meta property=\"article:modified_time\" content=\"2018-12-11T15:27:38+00:00\" \/>\n<meta property=\"og:image\" content=\"https:\/\/archibat.com\/blog\/wp-content\/uploads\/2015\/04\/Image-1024-1024-103211-2.jpg\" \/>\n\t<meta property=\"og:image:width\" content=\"635\" \/>\n\t<meta property=\"og:image:height\" content=\"357\" \/>\n\t<meta property=\"og:image:type\" content=\"image\/jpeg\" \/>\n<meta name=\"author\" content=\"communication\" \/>\n<meta name=\"twitter:card\" content=\"summary_large_image\" \/>\n<meta name=\"twitter:label1\" content=\"\u00c9crit par\" \/>\n\t<meta name=\"twitter:data1\" content=\"communication\" \/>\n\t<meta name=\"twitter:label2\" content=\"Dur\u00e9e de lecture estim\u00e9e\" \/>\n\t<meta name=\"twitter:data2\" content=\"2 minutes\" \/>\n<script type=\"application\/ld+json\" class=\"yoast-schema-graph\">{\"@context\":\"https:\/\/schema.org\",\"@graph\":[{\"@type\":\"WebPage\",\"@id\":\"https:\/\/archibat.com\/blog\/concours-evolo-2015-les-gratte-ciel-du-futur\/\",\"url\":\"https:\/\/archibat.com\/blog\/concours-evolo-2015-les-gratte-ciel-du-futur\/\",\"name\":\"Concours eVolo 2015 : les gratte-ciel du futur ! &#8211; ArchiBat Mag\",\"isPartOf\":{\"@id\":\"https:\/\/archibat.com\/blog\/#website\"},\"primaryImageOfPage\":{\"@id\":\"https:\/\/archibat.com\/blog\/concours-evolo-2015-les-gratte-ciel-du-futur\/#primaryimage\"},\"image\":{\"@id\":\"https:\/\/archibat.com\/blog\/concours-evolo-2015-les-gratte-ciel-du-futur\/#primaryimage\"},\"thumbnailUrl\":\"https:\/\/archibat.com\/blog\/wp-content\/uploads\/2015\/04\/Image-1024-1024-103211-2.jpg\",\"datePublished\":\"2015-04-07T07:54:47+00:00\",\"dateModified\":\"2018-12-11T15:27:38+00:00\",\"author\":{\"@id\":\"https:\/\/archibat.com\/blog\/#\/schema\/person\/c246f0d63b5e719c2cbe4f9bd494bf12\"},\"description\":\"Le magazine eVolo a d\u00e9sign\u00e9 les trois gagnants du concours 2015 et 15 mentions sp\u00e9ciales. Parmi les projets de gratte-ciel, vous pouvez d\u00e9couvrir des ...\",\"breadcrumb\":{\"@id\":\"https:\/\/archibat.com\/blog\/concours-evolo-2015-les-gratte-ciel-du-futur\/#breadcrumb\"},\"inLanguage\":\"fr-FR\",\"potentialAction\":[{\"@type\":\"ReadAction\",\"target\":[\"https:\/\/archibat.com\/blog\/concours-evolo-2015-les-gratte-ciel-du-futur\/\"]}]},{\"@type\":\"ImageObject\",\"inLanguage\":\"fr-FR\",\"@id\":\"https:\/\/archibat.com\/blog\/concours-evolo-2015-les-gratte-ciel-du-futur\/#primaryimage\",\"url\":\"https:\/\/archibat.com\/blog\/wp-content\/uploads\/2015\/04\/Image-1024-1024-103211-2.jpg\",\"contentUrl\":\"https:\/\/archibat.com\/blog\/wp-content\/uploads\/2015\/04\/Image-1024-1024-103211-2.jpg\",\"width\":635,\"height\":357,\"caption\":\"concours eVolo\"},{\"@type\":\"BreadcrumbList\",\"@id\":\"https:\/\/archibat.com\/blog\/concours-evolo-2015-les-gratte-ciel-du-futur\/#breadcrumb\",\"itemListElement\":[{\"@type\":\"ListItem\",\"position\":1,\"name\":\"Home\",\"item\":\"https:\/\/archibat.com\/blog\/\"},{\"@type\":\"ListItem\",\"position\":2,\"name\":\"Concours eVolo 2015 : les gratte-ciel du futur !\"}]},{\"@type\":\"WebSite\",\"@id\":\"https:\/\/archibat.com\/blog\/#website\",\"url\":\"https:\/\/archibat.com\/blog\/\",\"name\":\"ArchiBat Mag\",\"description\":\"Vous souhaitez connaitre les derni\u00e8res actualit\u00e9s sur l\u2019Architecture, le Design ou les Ressources Humaines ? D\u00e9couvrez ArchiBat Mag, le magazine d\u00e9di\u00e9 aux m\u00e9tiers de l&#039;Architecture et de l&#039;Ing\u00e9nierie.\",\"potentialAction\":[{\"@type\":\"SearchAction\",\"target\":{\"@type\":\"EntryPoint\",\"urlTemplate\":\"https:\/\/archibat.com\/blog\/?s={search_term_string}\"},\"query-input\":{\"@type\":\"PropertyValueSpecification\",\"valueRequired\":true,\"valueName\":\"search_term_string\"}}],\"inLanguage\":\"fr-FR\"},{\"@type\":\"Person\",\"@id\":\"https:\/\/archibat.com\/blog\/#\/schema\/person\/c246f0d63b5e719c2cbe4f9bd494bf12\",\"name\":\"communication\"}]}<\/script>\n<!-- \/ Yoast SEO plugin. -->","yoast_head_json":{"title":"Concours eVolo 2015 : les gratte-ciel du futur ! &#8211; ArchiBat Mag","description":"Le magazine eVolo a d\u00e9sign\u00e9 les trois gagnants du concours 2015 et 15 mentions sp\u00e9ciales. Parmi les projets de gratte-ciel, vous pouvez d\u00e9couvrir des ...","robots":{"index":"index","follow":"follow","max-snippet":"max-snippet:-1","max-image-preview":"max-image-preview:large","max-video-preview":"max-video-preview:-1"},"canonical":"https:\/\/archibat.com\/blog\/concours-evolo-2015-les-gratte-ciel-du-futur\/","og_locale":"fr_FR","og_type":"article","og_title":"Concours eVolo 2015 : les gratte-ciel du futur ! &#8211; ArchiBat Mag","og_description":"Le magazine eVolo a d\u00e9sign\u00e9 les trois gagnants du concours 2015 et 15 mentions sp\u00e9ciales. Parmi les projets de gratte-ciel, vous pouvez d\u00e9couvrir des ...","og_url":"https:\/\/archibat.com\/blog\/concours-evolo-2015-les-gratte-ciel-du-futur\/","og_site_name":"ArchiBat Mag","article_published_time":"2015-04-07T07:54:47+00:00","article_modified_time":"2018-12-11T15:27:38+00:00","og_image":[{"width":635,"height":357,"url":"https:\/\/archibat.com\/blog\/wp-content\/uploads\/2015\/04\/Image-1024-1024-103211-2.jpg","type":"image\/jpeg"}],"author":"communication","twitter_card":"summary_large_image","twitter_misc":{"\u00c9crit par":"communication","Dur\u00e9e de lecture estim\u00e9e":"2 minutes"},"schema":{"@context":"https:\/\/schema.org","@graph":[{"@type":"WebPage","@id":"https:\/\/archibat.com\/blog\/concours-evolo-2015-les-gratte-ciel-du-futur\/","url":"https:\/\/archibat.com\/blog\/concours-evolo-2015-les-gratte-ciel-du-futur\/","name":"Concours eVolo 2015 : les gratte-ciel du futur ! &#8211; ArchiBat Mag","isPartOf":{"@id":"https:\/\/archibat.com\/blog\/#website"},"primaryImageOfPage":{"@id":"https:\/\/archibat.com\/blog\/concours-evolo-2015-les-gratte-ciel-du-futur\/#primaryimage"},"image":{"@id":"https:\/\/archibat.com\/blog\/concours-evolo-2015-les-gratte-ciel-du-futur\/#primaryimage"},"thumbnailUrl":"https:\/\/archibat.com\/blog\/wp-content\/uploads\/2015\/04\/Image-1024-1024-103211-2.jpg","datePublished":"2015-04-07T07:54:47+00:00","dateModified":"2018-12-11T15:27:38+00:00","author":{"@id":"https:\/\/archibat.com\/blog\/#\/schema\/person\/c246f0d63b5e719c2cbe4f9bd494bf12"},"description":"Le magazine eVolo a d\u00e9sign\u00e9 les trois gagnants du concours 2015 et 15 mentions sp\u00e9ciales. Parmi les projets de gratte-ciel, vous pouvez d\u00e9couvrir des ...","breadcrumb":{"@id":"https:\/\/archibat.com\/blog\/concours-evolo-2015-les-gratte-ciel-du-futur\/#breadcrumb"},"inLanguage":"fr-FR","potentialAction":[{"@type":"ReadAction","target":["https:\/\/archibat.com\/blog\/concours-evolo-2015-les-gratte-ciel-du-futur\/"]}]},{"@type":"ImageObject","inLanguage":"fr-FR","@id":"https:\/\/archibat.com\/blog\/concours-evolo-2015-les-gratte-ciel-du-futur\/#primaryimage","url":"https:\/\/archibat.com\/blog\/wp-content\/uploads\/2015\/04\/Image-1024-1024-103211-2.jpg","contentUrl":"https:\/\/archibat.com\/blog\/wp-content\/uploads\/2015\/04\/Image-1024-1024-103211-2.jpg","width":635,"height":357,"caption":"concours eVolo"},{"@type":"BreadcrumbList","@id":"https:\/\/archibat.com\/blog\/concours-evolo-2015-les-gratte-ciel-du-futur\/#breadcrumb","itemListElement":[{"@type":"ListItem","position":1,"name":"Home","item":"https:\/\/archibat.com\/blog\/"},{"@type":"ListItem","position":2,"name":"Concours eVolo 2015 : les gratte-ciel du futur !"}]},{"@type":"WebSite","@id":"https:\/\/archibat.com\/blog\/#website","url":"https:\/\/archibat.com\/blog\/","name":"ArchiBat Mag","description":"Vous souhaitez connaitre les derni\u00e8res actualit\u00e9s sur l\u2019Architecture, le Design ou les Ressources Humaines ? D\u00e9couvrez ArchiBat Mag, le magazine d\u00e9di\u00e9 aux m\u00e9tiers de l&#039;Architecture et de l&#039;Ing\u00e9nierie.","potentialAction":[{"@type":"SearchAction","target":{"@type":"EntryPoint","urlTemplate":"https:\/\/archibat.com\/blog\/?s={search_term_string}"},"query-input":{"@type":"PropertyValueSpecification","valueRequired":true,"valueName":"search_term_string"}}],"inLanguage":"fr-FR"},{"@type":"Person","@id":"https:\/\/archibat.com\/blog\/#\/schema\/person\/c246f0d63b5e719c2cbe4f9bd494bf12","name":"communication"}]}},"_links":{"self":[{"href":"https:\/\/archibat.com\/blog\/wp-json\/wp\/v2\/posts\/636","targetHints":{"allow":["GET"]}}],"collection":[{"href":"https:\/\/archibat.com\/blog\/wp-json\/wp\/v2\/posts"}],"about":[{"href":"https:\/\/archibat.com\/blog\/wp-json\/wp\/v2\/types\/post"}],"author":[{"embeddable":true,"href":"https:\/\/archibat.com\/blog\/wp-json\/wp\/v2\/users\/2"}],"replies":[{"embeddable":true,"href":"https:\/\/archibat.com\/blog\/wp-json\/wp\/v2\/comments?post=636"}],"version-history":[{"count":2,"href":"https:\/\/archibat.com\/blog\/wp-json\/wp\/v2\/posts\/636\/revisions"}],"predecessor-version":[{"id":7623,"href":"https:\/\/archibat.com\/blog\/wp-json\/wp\/v2\/posts\/636\/revisions\/7623"}],"wp:featuredmedia":[{"embeddable":true,"href":"https:\/\/archibat.com\/blog\/wp-json\/wp\/v2\/media\/643"}],"wp:attachment":[{"href":"https:\/\/archibat.com\/blog\/wp-json\/wp\/v2\/media?parent=636"}],"wp:term":[{"taxonomy":"category","embeddable":true,"href":"https:\/\/archibat.com\/blog\/wp-json\/wp\/v2\/categories?post=636"},{"taxonomy":"post_tag","embeddable":true,"href":"https:\/\/archibat.com\/blog\/wp-json\/wp\/v2\/tags?post=636"}],"curies":[{"name":"wp","href":"https:\/\/api.w.org\/{rel}","templated":true}]}}