{"id":646,"date":"2015-04-14T08:00:32","date_gmt":"2015-04-14T06:00:32","guid":{"rendered":"https:\/\/www.archibat.com\/blog\/?p=646"},"modified":"2018-12-11T16:27:27","modified_gmt":"2018-12-11T15:27:27","slug":"portrait-de-laur-meyrieux-creatrice-de-solutions-de-conception-globale-12","status":"publish","type":"post","link":"https:\/\/archibat.com\/blog\/portrait-de-laur-meyrieux-creatrice-de-solutions-de-conception-globale-12\/","title":{"rendered":"Laur Meyrieux : cr\u00e9atrice \u00e0 Hong Kong (1\/2)"},"content":{"rendered":"<p>Apr\u00e8s dix ann\u00e9es pass\u00e9es au Japon, Laur Meyrieux a fond\u00e9 son studio de cr\u00e9ation \u00e0 Hong Kong. Pour la plus grande satisfaction de sa client\u00e8le d\u2019une grande exigence, la cr\u00e9atrice propose des solutions de conception globale incluant toutes les \u00e9tapes d\u2019un nouveau projet\u00a0jusqu\u2019\u00e0 sa livraison. L\u2019attention port\u00e9e avec d\u00e9licatesse jusqu\u2019aux moindres d\u00e9tails de ses r\u00e9alisations peut sembler au premier regard d\u2019une \u00e9vidente simplicit\u00e9. Or, comme souvent, chez les meilleurs, ce naturel apparent dissimule en r\u00e9alit\u00e9 un travail acharn\u00e9 et sans concessions. Laur Meyrieux analyse pour nous les \u00e9tapes d\u00e9terminantes de son parcours professionnel inclassable.<\/p>\n<h2>Laur, quelle \u00e9tait votre vocation initiale?<\/h2>\n<p>La cr\u00e9ation &#8211; au sens large du terme &#8211; m\u2019\u00e9tait vraisemblablement destin\u00e9e. Ma grand-m\u00e8re \u00e9tait peintre. Mon p\u00e8re, architecte, avait sa propre agence. J\u2019ai visit\u00e9 de nombreuses expositions avec mes parents, nous parlions d\u2019art et de culture\u2026 En dehors de l\u2019\u00e9cole, je prenais des cours de dessin. Cependant, je n\u2019ai jamais envisag\u00e9 de reprendre la structure de mon p\u00e8re. J\u2019avais le go\u00fbt des belles choses, et l\u2019envie d\u2019en cr\u00e9er. Sous quelle forme\u00a0? je ne le savais pas vraiment. M\u2019inscrire \u00e0 l\u2019\u00e9cole des Beaux-Arts de Saint-Etienne m\u2019a sembl\u00e9 \u00eatre une bonne solution car le programme couvre un spectre \u00e9tendu de pratiques artistiques.<\/p>\n<h2>Avez-vous ensuite opt\u00e9 pour une sp\u00e9cialisation\u00a0?<\/h2>\n<p>J\u2019\u00e9tais consciente de la pr\u00e9carit\u00e9 \u00e9conomique qui m\u2019attendait si je pers\u00e9v\u00e9rais dans une fili\u00e8re sans finalit\u00e9 professionnelle d\u00e9finie. A Saint-Etienne, le design y \u00e9tait r\u00e9put\u00e9, \u00e0 juste titre d\u2019ailleurs, et c\u2019est dans cette section que j\u2019ai obtenu le dipl\u00f4me national d&rsquo;arts plastiques. J\u2019aimais beaucoup le design mais je ne souhaitais pas si jeune me sp\u00e9cialiser d\u00e9finitivement. J\u2019ai alors int\u00e9gr\u00e9 l\u2019Ecole Nationale Sup\u00e9rieure des Arts D\u00e9coratifs (ENSAD) \u00e0 Paris avec l\u2019id\u00e9e de d\u00e9couvrir des\u00a0 domaines que je ne connaissais pas, en mobilier, sc\u00e9nographie, architecture d\u2019int\u00e9rieur\u2026 J\u2019ai \u00e9t\u00e9 dipl\u00f4m\u00e9e de l&rsquo;ENSAD en 1993.<\/p>\n<h2>Ensuite, avez-vous exerc\u00e9 vos comp\u00e9tences au sein d\u2019une entreprise?<\/h2>\n<p>En tant que salari\u00e9e, non. Ce qui relevait de l\u2019ordre de l\u2019instinct \u2013 ne pas me cantonner \u00e0 un domaine d\u2019activit\u00e9s particulier \u2013 est devenu un principe qui r\u00e9git toujours mes choix actuels. A cela s\u2019en est ajout\u00e9 un second: ne collaborer qu\u2019avec des personnes dont j\u2019admire le travail quel que soit le domaine, et ne r\u00e9pondre qu\u2019aux propositions qui me plaisent vraiment.<\/p>\n<h2>Comment avez-vous proc\u00e9d\u00e9\u00a0?<\/h2>\n<p>Dans les \u00e9coles d\u2019art un peu r\u00e9put\u00e9es, les \u00e9tudiants rencontrent \u00e0 l\u2019occasion d\u2019ateliers ou de conf\u00e9rences des intervenants ext\u00e9rieurs, lesquels s\u2019av\u00e8rent \u00eatre en grande majorit\u00e9 des professionnels en activit\u00e9. C\u2019est ainsi que Kristian Gavoille m\u2019a propos\u00e9 du travail en free lance. J\u2019ai collabor\u00e9 avec lui pour la sc\u00e9nographie d\u2019une importante exposition sur le design au Grand Palais. Travailler pour quelqu\u2019un comme lui implique de comprendre et respecter son style. Je cherchais des id\u00e9es, des mat\u00e9riaux, je r\u00e9alisais les plans et les pr\u00e9sentations aux clients. J\u2019ai ensuite encha\u00een\u00e9 les missions pendant huit ans.<\/p>\n<h2>Vous avez continu\u00e9 \u00e0 exercer vos comp\u00e9tences en freelance\u00a0?<\/h2>\n<p>Oui, et cela me convenait parfaitement. Je ne dis pas que cela se d\u00e9roule toujours sans difficult\u00e9. Au d\u00e9but, les fins de mois ont \u00e9t\u00e9 particuli\u00e8rement difficiles, les vacances inexistantes. Cependant, ces contretemps \u00e9taient tr\u00e8s vite contrebalanc\u00e9s par le plaisir immense que me procurait mon travail. J\u2019ai collabor\u00e9 avec des pointures\u00a0! Pour Jean Nouvel, j\u2019ai con\u00e7u les fauteuils d\u2019une salle de concert, j\u2019ai aussi r\u00e9alis\u00e9 des cahiers de tendances pour Nelly Rodi et chez Ron Arad, j\u2019\u00e9tais directement a l\u2019\u0153uvre pour des soudures avec mon chalumeau sur la r\u00e9alisation de son \u00ab\u00a0design sculpturale\u00a0\u00bb. J\u2019ai aussi con\u00e7u et r\u00e9alis\u00e9 les salons VIP des gares SNCF. C\u2019\u00e9tait la premi\u00e8re fois que je dirigeais le travail de toute une \u00e9quipe sur un projet y compris celui des entreprises. C\u2019est la diversit\u00e9 et la somme des exp\u00e9riences acquises pr\u00e9c\u00e9demment qui m\u2019ont permis de le faire. Sans cela, je n\u2019aurais \u00e9t\u00e9 ni cr\u00e9dible ni efficace.<\/p>\n<h2>Est-ce facile de rencontrer des personnes aussi r\u00e9put\u00e9es\u00a0?<\/h2>\n<p>Je ne sais pas mais j\u2019ai toujours eu l\u2019audace aussi d\u2019approcher les personnes qui m\u2019int\u00e9ressaient ou me fascinaient. Mes convictions m&rsquo;ont aussi men\u00e9e l\u00e0 o\u00f9 je souhaitais aller. J&rsquo;agis toujours par choix jamais par faiblesse ou par obligation. Je n\u2019avais aucune relation \u00e0 Paris mais une bonne \u00e9cole d\u2019art favorise les contacts. A cela s&rsquo;ajoute aussi une part de hasard, de chance, c\u2019est vrai. Mais dans mon cas, elle a \u00e9t\u00e9 minime. C\u2019est ma pers\u00e9v\u00e9rance et ma passion qui ont pay\u00e9. J\u2019ai frapp\u00e9 aux portes, mon book sous le bras. Je persiste \u00e0 croire que si un travail est bon ou au moins prometteur et que la personne se montre r\u00e9ellement motiv\u00e9e et travailleuse, \u00e0 un moment donn\u00e9, elle rencontrera quelqu\u2019un qui lui donnera sa chance.<\/p>\n<p><em><strong>A suivre&#8230;<\/strong><\/em><\/p>\n","protected":false},"excerpt":{"rendered":"<p>Apr\u00e8s dix ann\u00e9es pass\u00e9es au Japon, Laur Meyrieux a fond\u00e9 son studio de cr\u00e9ation \u00e0 Hong Kong. Pour la plus grande satisfaction de sa client\u00e8le\u2026<\/p>\n","protected":false},"author":2,"featured_media":647,"comment_status":"closed","ping_status":"closed","sticky":false,"template":"","format":"standard","meta":{"_acf_changed":false,"footnotes":""},"categories":[5],"tags":[1426],"class_list":["post-646","post","type-post","status-publish","format-standard","has-post-thumbnail","hentry","category-portraits","tag-portrait"],"acf":[],"yoast_head":"<!-- This site is optimized with the Yoast SEO plugin v24.8.1 - https:\/\/yoast.com\/wordpress\/plugins\/seo\/ -->\n<title>Laur Meyrieux : cr\u00e9atrice \u00e0 Hong Kong (1\/2) &#8211; ArchiBat Mag<\/title>\n<meta name=\"description\" content=\"Apr\u00e8s dix ann\u00e9es pass\u00e9es au Japon, Laur Meyrieux a fond\u00e9 son studio de cr\u00e9ation \u00e0 Hong Kong. Pour la plus grande satisfaction de sa client\u00e8le...\" \/>\n<meta name=\"robots\" content=\"index, follow, max-snippet:-1, max-image-preview:large, max-video-preview:-1\" \/>\n<link rel=\"canonical\" href=\"https:\/\/archibat.com\/blog\/portrait-de-laur-meyrieux-creatrice-de-solutions-de-conception-globale-12\/\" \/>\n<meta property=\"og:locale\" content=\"fr_FR\" \/>\n<meta property=\"og:type\" content=\"article\" \/>\n<meta property=\"og:title\" content=\"Laur Meyrieux : cr\u00e9atrice \u00e0 Hong Kong (1\/2) &#8211; ArchiBat Mag\" \/>\n<meta property=\"og:description\" content=\"Apr\u00e8s dix ann\u00e9es pass\u00e9es au Japon, Laur Meyrieux a fond\u00e9 son studio de cr\u00e9ation \u00e0 Hong Kong. Pour la plus grande satisfaction de sa client\u00e8le...\" \/>\n<meta property=\"og:url\" content=\"https:\/\/archibat.com\/blog\/portrait-de-laur-meyrieux-creatrice-de-solutions-de-conception-globale-12\/\" \/>\n<meta property=\"og:site_name\" content=\"ArchiBat Mag\" \/>\n<meta property=\"article:published_time\" content=\"2015-04-14T06:00:32+00:00\" \/>\n<meta property=\"article:modified_time\" content=\"2018-12-11T15:27:27+00:00\" \/>\n<meta property=\"og:image\" content=\"https:\/\/archibat.com\/blog\/wp-content\/uploads\/2015\/04\/tumblr_inline_moy0lxxBNr1qz4rgp-2.jpg\" \/>\n\t<meta property=\"og:image:width\" content=\"635\" \/>\n\t<meta property=\"og:image:height\" content=\"357\" \/>\n\t<meta property=\"og:image:type\" content=\"image\/jpeg\" \/>\n<meta name=\"author\" content=\"communication\" \/>\n<meta name=\"twitter:card\" content=\"summary_large_image\" \/>\n<meta name=\"twitter:label1\" content=\"\u00c9crit par\" \/>\n\t<meta name=\"twitter:data1\" content=\"communication\" \/>\n\t<meta name=\"twitter:label2\" content=\"Dur\u00e9e de lecture estim\u00e9e\" \/>\n\t<meta name=\"twitter:data2\" content=\"4 minutes\" \/>\n<script type=\"application\/ld+json\" class=\"yoast-schema-graph\">{\"@context\":\"https:\/\/schema.org\",\"@graph\":[{\"@type\":\"WebPage\",\"@id\":\"https:\/\/archibat.com\/blog\/portrait-de-laur-meyrieux-creatrice-de-solutions-de-conception-globale-12\/\",\"url\":\"https:\/\/archibat.com\/blog\/portrait-de-laur-meyrieux-creatrice-de-solutions-de-conception-globale-12\/\",\"name\":\"Laur Meyrieux : cr\u00e9atrice \u00e0 Hong Kong (1\/2) &#8211; ArchiBat Mag\",\"isPartOf\":{\"@id\":\"https:\/\/archibat.com\/blog\/#website\"},\"primaryImageOfPage\":{\"@id\":\"https:\/\/archibat.com\/blog\/portrait-de-laur-meyrieux-creatrice-de-solutions-de-conception-globale-12\/#primaryimage\"},\"image\":{\"@id\":\"https:\/\/archibat.com\/blog\/portrait-de-laur-meyrieux-creatrice-de-solutions-de-conception-globale-12\/#primaryimage\"},\"thumbnailUrl\":\"https:\/\/archibat.com\/blog\/wp-content\/uploads\/2015\/04\/tumblr_inline_moy0lxxBNr1qz4rgp-2.jpg\",\"datePublished\":\"2015-04-14T06:00:32+00:00\",\"dateModified\":\"2018-12-11T15:27:27+00:00\",\"author\":{\"@id\":\"https:\/\/archibat.com\/blog\/#\/schema\/person\/c246f0d63b5e719c2cbe4f9bd494bf12\"},\"description\":\"Apr\u00e8s dix ann\u00e9es pass\u00e9es au Japon, Laur Meyrieux a fond\u00e9 son studio de cr\u00e9ation \u00e0 Hong Kong. Pour la plus grande satisfaction de sa client\u00e8le...\",\"breadcrumb\":{\"@id\":\"https:\/\/archibat.com\/blog\/portrait-de-laur-meyrieux-creatrice-de-solutions-de-conception-globale-12\/#breadcrumb\"},\"inLanguage\":\"fr-FR\",\"potentialAction\":[{\"@type\":\"ReadAction\",\"target\":[\"https:\/\/archibat.com\/blog\/portrait-de-laur-meyrieux-creatrice-de-solutions-de-conception-globale-12\/\"]}]},{\"@type\":\"ImageObject\",\"inLanguage\":\"fr-FR\",\"@id\":\"https:\/\/archibat.com\/blog\/portrait-de-laur-meyrieux-creatrice-de-solutions-de-conception-globale-12\/#primaryimage\",\"url\":\"https:\/\/archibat.com\/blog\/wp-content\/uploads\/2015\/04\/tumblr_inline_moy0lxxBNr1qz4rgp-2.jpg\",\"contentUrl\":\"https:\/\/archibat.com\/blog\/wp-content\/uploads\/2015\/04\/tumblr_inline_moy0lxxBNr1qz4rgp-2.jpg\",\"width\":635,\"height\":357,\"caption\":\"cr\u00e9atrice de solutions\"},{\"@type\":\"BreadcrumbList\",\"@id\":\"https:\/\/archibat.com\/blog\/portrait-de-laur-meyrieux-creatrice-de-solutions-de-conception-globale-12\/#breadcrumb\",\"itemListElement\":[{\"@type\":\"ListItem\",\"position\":1,\"name\":\"Home\",\"item\":\"https:\/\/archibat.com\/blog\/\"},{\"@type\":\"ListItem\",\"position\":2,\"name\":\"Laur Meyrieux : cr\u00e9atrice \u00e0 Hong Kong (1\/2)\"}]},{\"@type\":\"WebSite\",\"@id\":\"https:\/\/archibat.com\/blog\/#website\",\"url\":\"https:\/\/archibat.com\/blog\/\",\"name\":\"ArchiBat Mag\",\"description\":\"Vous souhaitez connaitre les derni\u00e8res actualit\u00e9s sur l\u2019Architecture, le Design ou les Ressources Humaines ? D\u00e9couvrez ArchiBat Mag, le magazine d\u00e9di\u00e9 aux m\u00e9tiers de l&#039;Architecture et de l&#039;Ing\u00e9nierie.\",\"potentialAction\":[{\"@type\":\"SearchAction\",\"target\":{\"@type\":\"EntryPoint\",\"urlTemplate\":\"https:\/\/archibat.com\/blog\/?s={search_term_string}\"},\"query-input\":{\"@type\":\"PropertyValueSpecification\",\"valueRequired\":true,\"valueName\":\"search_term_string\"}}],\"inLanguage\":\"fr-FR\"},{\"@type\":\"Person\",\"@id\":\"https:\/\/archibat.com\/blog\/#\/schema\/person\/c246f0d63b5e719c2cbe4f9bd494bf12\",\"name\":\"communication\"}]}<\/script>\n<!-- \/ Yoast SEO plugin. -->","yoast_head_json":{"title":"Laur Meyrieux : cr\u00e9atrice \u00e0 Hong Kong (1\/2) &#8211; ArchiBat Mag","description":"Apr\u00e8s dix ann\u00e9es pass\u00e9es au Japon, Laur Meyrieux a fond\u00e9 son studio de cr\u00e9ation \u00e0 Hong Kong. Pour la plus grande satisfaction de sa client\u00e8le...","robots":{"index":"index","follow":"follow","max-snippet":"max-snippet:-1","max-image-preview":"max-image-preview:large","max-video-preview":"max-video-preview:-1"},"canonical":"https:\/\/archibat.com\/blog\/portrait-de-laur-meyrieux-creatrice-de-solutions-de-conception-globale-12\/","og_locale":"fr_FR","og_type":"article","og_title":"Laur Meyrieux : cr\u00e9atrice \u00e0 Hong Kong (1\/2) &#8211; ArchiBat Mag","og_description":"Apr\u00e8s dix ann\u00e9es pass\u00e9es au Japon, Laur Meyrieux a fond\u00e9 son studio de cr\u00e9ation \u00e0 Hong Kong. Pour la plus grande satisfaction de sa client\u00e8le...","og_url":"https:\/\/archibat.com\/blog\/portrait-de-laur-meyrieux-creatrice-de-solutions-de-conception-globale-12\/","og_site_name":"ArchiBat Mag","article_published_time":"2015-04-14T06:00:32+00:00","article_modified_time":"2018-12-11T15:27:27+00:00","og_image":[{"width":635,"height":357,"url":"https:\/\/archibat.com\/blog\/wp-content\/uploads\/2015\/04\/tumblr_inline_moy0lxxBNr1qz4rgp-2.jpg","type":"image\/jpeg"}],"author":"communication","twitter_card":"summary_large_image","twitter_misc":{"\u00c9crit par":"communication","Dur\u00e9e de lecture estim\u00e9e":"4 minutes"},"schema":{"@context":"https:\/\/schema.org","@graph":[{"@type":"WebPage","@id":"https:\/\/archibat.com\/blog\/portrait-de-laur-meyrieux-creatrice-de-solutions-de-conception-globale-12\/","url":"https:\/\/archibat.com\/blog\/portrait-de-laur-meyrieux-creatrice-de-solutions-de-conception-globale-12\/","name":"Laur Meyrieux : cr\u00e9atrice \u00e0 Hong Kong (1\/2) &#8211; ArchiBat Mag","isPartOf":{"@id":"https:\/\/archibat.com\/blog\/#website"},"primaryImageOfPage":{"@id":"https:\/\/archibat.com\/blog\/portrait-de-laur-meyrieux-creatrice-de-solutions-de-conception-globale-12\/#primaryimage"},"image":{"@id":"https:\/\/archibat.com\/blog\/portrait-de-laur-meyrieux-creatrice-de-solutions-de-conception-globale-12\/#primaryimage"},"thumbnailUrl":"https:\/\/archibat.com\/blog\/wp-content\/uploads\/2015\/04\/tumblr_inline_moy0lxxBNr1qz4rgp-2.jpg","datePublished":"2015-04-14T06:00:32+00:00","dateModified":"2018-12-11T15:27:27+00:00","author":{"@id":"https:\/\/archibat.com\/blog\/#\/schema\/person\/c246f0d63b5e719c2cbe4f9bd494bf12"},"description":"Apr\u00e8s dix ann\u00e9es pass\u00e9es au Japon, Laur Meyrieux a fond\u00e9 son studio de cr\u00e9ation \u00e0 Hong Kong. Pour la plus grande satisfaction de sa client\u00e8le...","breadcrumb":{"@id":"https:\/\/archibat.com\/blog\/portrait-de-laur-meyrieux-creatrice-de-solutions-de-conception-globale-12\/#breadcrumb"},"inLanguage":"fr-FR","potentialAction":[{"@type":"ReadAction","target":["https:\/\/archibat.com\/blog\/portrait-de-laur-meyrieux-creatrice-de-solutions-de-conception-globale-12\/"]}]},{"@type":"ImageObject","inLanguage":"fr-FR","@id":"https:\/\/archibat.com\/blog\/portrait-de-laur-meyrieux-creatrice-de-solutions-de-conception-globale-12\/#primaryimage","url":"https:\/\/archibat.com\/blog\/wp-content\/uploads\/2015\/04\/tumblr_inline_moy0lxxBNr1qz4rgp-2.jpg","contentUrl":"https:\/\/archibat.com\/blog\/wp-content\/uploads\/2015\/04\/tumblr_inline_moy0lxxBNr1qz4rgp-2.jpg","width":635,"height":357,"caption":"cr\u00e9atrice de solutions"},{"@type":"BreadcrumbList","@id":"https:\/\/archibat.com\/blog\/portrait-de-laur-meyrieux-creatrice-de-solutions-de-conception-globale-12\/#breadcrumb","itemListElement":[{"@type":"ListItem","position":1,"name":"Home","item":"https:\/\/archibat.com\/blog\/"},{"@type":"ListItem","position":2,"name":"Laur Meyrieux : cr\u00e9atrice \u00e0 Hong Kong (1\/2)"}]},{"@type":"WebSite","@id":"https:\/\/archibat.com\/blog\/#website","url":"https:\/\/archibat.com\/blog\/","name":"ArchiBat Mag","description":"Vous souhaitez connaitre les derni\u00e8res actualit\u00e9s sur l\u2019Architecture, le Design ou les Ressources Humaines ? D\u00e9couvrez ArchiBat Mag, le magazine d\u00e9di\u00e9 aux m\u00e9tiers de l&#039;Architecture et de l&#039;Ing\u00e9nierie.","potentialAction":[{"@type":"SearchAction","target":{"@type":"EntryPoint","urlTemplate":"https:\/\/archibat.com\/blog\/?s={search_term_string}"},"query-input":{"@type":"PropertyValueSpecification","valueRequired":true,"valueName":"search_term_string"}}],"inLanguage":"fr-FR"},{"@type":"Person","@id":"https:\/\/archibat.com\/blog\/#\/schema\/person\/c246f0d63b5e719c2cbe4f9bd494bf12","name":"communication"}]}},"_links":{"self":[{"href":"https:\/\/archibat.com\/blog\/wp-json\/wp\/v2\/posts\/646","targetHints":{"allow":["GET"]}}],"collection":[{"href":"https:\/\/archibat.com\/blog\/wp-json\/wp\/v2\/posts"}],"about":[{"href":"https:\/\/archibat.com\/blog\/wp-json\/wp\/v2\/types\/post"}],"author":[{"embeddable":true,"href":"https:\/\/archibat.com\/blog\/wp-json\/wp\/v2\/users\/2"}],"replies":[{"embeddable":true,"href":"https:\/\/archibat.com\/blog\/wp-json\/wp\/v2\/comments?post=646"}],"version-history":[{"count":1,"href":"https:\/\/archibat.com\/blog\/wp-json\/wp\/v2\/posts\/646\/revisions"}],"predecessor-version":[{"id":7620,"href":"https:\/\/archibat.com\/blog\/wp-json\/wp\/v2\/posts\/646\/revisions\/7620"}],"wp:featuredmedia":[{"embeddable":true,"href":"https:\/\/archibat.com\/blog\/wp-json\/wp\/v2\/media\/647"}],"wp:attachment":[{"href":"https:\/\/archibat.com\/blog\/wp-json\/wp\/v2\/media?parent=646"}],"wp:term":[{"taxonomy":"category","embeddable":true,"href":"https:\/\/archibat.com\/blog\/wp-json\/wp\/v2\/categories?post=646"},{"taxonomy":"post_tag","embeddable":true,"href":"https:\/\/archibat.com\/blog\/wp-json\/wp\/v2\/tags?post=646"}],"curies":[{"name":"wp","href":"https:\/\/api.w.org\/{rel}","templated":true}]}}