{"id":664,"date":"2015-04-21T08:00:17","date_gmt":"2015-04-21T07:00:17","guid":{"rendered":"https:\/\/www.archibat.com\/blog\/?p=664"},"modified":"2018-11-16T16:01:01","modified_gmt":"2018-11-16T15:01:01","slug":"prix-de-la-jeune-architecture-de-la-ville-de-lyon-les-laureats","status":"publish","type":"post","link":"https:\/\/archibat.com\/blog\/prix-de-la-jeune-architecture-de-la-ville-de-lyon-les-laureats\/","title":{"rendered":"Prix de la jeune architecture de la Ville de Lyon : les laur\u00e9ats"},"content":{"rendered":"<p>Depuis 2001, la Ville de Lyon organise le Prix de la jeune architecture en partenariat avec l&rsquo;\u00e9cole ENSAL.\u00a0Les projets r\u00e9compens\u00e9s s\u2019inscrivent dans une d\u00e9marche prospective et innovante au c\u0153ur des probl\u00e9matiques contemporaines : transition \u00e9nerg\u00e9tique, valorisation d\u2019\u00e9difices existants, habitat collectif et renouvellement urbain. Nous vous pr\u00e9sentons les laur\u00e9ats de la 14e \u00e9dition.<\/p>\n<h2>Laur\u00e9ats de la cat\u00e9gorie Architecture, ambiances et cultures constructives : \u00ab\u00a0Au fil des murs\u00a0\u00bb<\/h2>\n<p><img loading=\"lazy\" decoding=\"async\" class=\"alignnone size-full wp-image-667\" src=\"https:\/\/www.archibat.com\/blog\/wp-content\/uploads\/2015\/04\/au-fil-des-murs-2.jpg\" alt=\"prix de la jeune architecture\" width=\"635\" height=\"357\" srcset=\"https:\/\/archibat.com\/blog\/wp-content\/uploads\/2015\/04\/au-fil-des-murs-2.jpg 635w, https:\/\/archibat.com\/blog\/wp-content\/uploads\/2015\/04\/au-fil-des-murs-2-300x169.jpg 300w\" sizes=\"auto, (max-width: 635px) 100vw, 635px\" \/><br \/>\nAttir\u00e9s par le r\u00f4le des villes rurales dans la spatialisation de la transition \u00e9nerg\u00e9tique, Rovy Pessoa Ferreira, Nicolas Schaad et Nicolas Wertheimer ont d\u00e9cid\u00e9 de s&rsquo;int\u00e9resser \u00e0 la ville d&rsquo;Ambert dans le Puy-de-D\u00f4me. Ils ont entendu reconsid\u00e9rer la relation entre le b\u00e2ti et son environnement. Au fil des murs est destin\u00e9 \u00e0 dynamiser l&rsquo;ancien tout en r\u00e9employant les caract\u00e9ristiques de son histoire. L&rsquo;espace repens\u00e9 forme un territoire de ressources \u00e0 la fois r\u00e9servoir de biodiversit\u00e9, \u00e9crin du grand paysage et de ses ambiances, r\u00e9serve \u00e9nerg\u00e9tique et alimentaire ou encore espace ext\u00e9rieur de d\u00e9veloppement.<\/p>\n<h2>Laur\u00e9ats de la cat\u00e9gorie Architecture et patrimoine : \u00ab\u00a0\u00c0 l&rsquo;or\u00e9e des ruines\u00a0\u00bb<\/h2>\n<p><img loading=\"lazy\" decoding=\"async\" class=\"alignnone size-full wp-image-668\" src=\"https:\/\/www.archibat.com\/blog\/wp-content\/uploads\/2015\/04\/lor\u00e9e-des-ruines.jpg\" alt=\"prix de la jeune architecture\" width=\"635\" height=\"357\" srcset=\"https:\/\/archibat.com\/blog\/wp-content\/uploads\/2015\/04\/lor\u00e9e-des-ruines.jpg 635w, https:\/\/archibat.com\/blog\/wp-content\/uploads\/2015\/04\/lor\u00e9e-des-ruines-300x169.jpg 300w\" sizes=\"auto, (max-width: 635px) 100vw, 635px\" \/><br \/>\nLe projet de Vianney Charmette, Micka\u00ebl Cuillerat et Aur\u00e9lia Delsignore porte sur le parc arch\u00e9ologique de Fourvi\u00e8re et cherche \u00e0 relier son c\u0153ur paysager, riche d&rsquo;un patrimoine \u00e0 la fois antique et moderne, avec le quartier, la colline et la ville. En proposant de nouvelles interfaces programmatiques et architecturales, l&rsquo;intervention veut r\u00e9activer le patrimoine et int\u00e9grer durablement le site dans son urbanit\u00e9. Dans le parc historique, le mus\u00e9e gallo-romain \u00e9toffe son offre culturelle gr\u00e2ce \u00e0 une extension et \u00e0 des r\u00e9serves d\u00e9di\u00e9es \u00e0 l&rsquo;architecture, \u00e0 la topographie et au paysage.<\/p>\n<h2>Laur\u00e9at de la cat\u00e9gorie Architecture et p\u00e9riph\u00e9ries : \u00ab\u00a0Parcourir le temps\u00a0\u00bb<\/h2>\n<p><img loading=\"lazy\" decoding=\"async\" class=\"alignnone size-full wp-image-669\" src=\"https:\/\/www.archibat.com\/blog\/wp-content\/uploads\/2015\/04\/parcourir-le-temps-2.jpg\" alt=\"prix de la jeune architecture\" width=\"635\" height=\"252\" srcset=\"https:\/\/archibat.com\/blog\/wp-content\/uploads\/2015\/04\/parcourir-le-temps-2.jpg 635w, https:\/\/archibat.com\/blog\/wp-content\/uploads\/2015\/04\/parcourir-le-temps-2-300x119.jpg 300w\" sizes=\"auto, (max-width: 635px) 100vw, 635px\" \/><br \/>\nLe projet urbain d&rsquo;\u00c9lise Vanni\u00e8re cherche \u00e0 articuler l&rsquo;existant, les espaces publics et les nouvelles constructions pour cr\u00e9er un ensemble coh\u00e9rent, inscrit dans l&rsquo;histoire industrielle du site de La Mulati\u00e8re. En r\u00e9habilitant un entrep\u00f4t ferroviaire long de 170 m\u00e8tres et en \u00e9difiant son parall\u00e8le contemporain, la question de l&rsquo;entre-deux \u00e9tait primordiale. La r\u00e9ponse choisie consiste \u00e0 creuser l&rsquo;interstice entre le niveau de rue et le niveau inf\u00e9rieur (-3 m\u00e8tres), liant les deux b\u00e2timents par une promenade urbaine.<\/p>\n<h2>Laur\u00e9at de la cat\u00e9gorie Architecture et mat\u00e9rialit\u00e9 : \u00ab\u00a0(R\u00e9)-g\u00e9n\u00e9ration urbaine\u00a0\u00bb<\/h2>\n<p><img loading=\"lazy\" decoding=\"async\" class=\"alignnone size-full wp-image-665\" src=\"https:\/\/www.archibat.com\/blog\/wp-content\/uploads\/2015\/04\/g\u00e9n\u00e9ration.jpg\" alt=\"Prix de la jeune architecture\" width=\"635\" height=\"357\" srcset=\"https:\/\/archibat.com\/blog\/wp-content\/uploads\/2015\/04\/g\u00e9n\u00e9ration.jpg 635w, https:\/\/archibat.com\/blog\/wp-content\/uploads\/2015\/04\/g\u00e9n\u00e9ration-300x169.jpg 300w\" sizes=\"auto, (max-width: 635px) 100vw, 635px\" \/><br \/>\nLe projet d&rsquo;Aur\u00e9lien Lhotte se situe dans le c\u0153ur du vieux bourg de Sainte-Foy-l\u00e8s-Lyon. Compos\u00e9 de quatre \u00eelots distincts, le site de projet offre une densification douce et freine la gentrification et le vieillissement de la population. Le projet porte l&rsquo;initiative publique de d\u00e9veloppement des venelles, de la requalification des mobilit\u00e9s et de l&rsquo;implantation de maisons associatives, lieux d&rsquo;accueil et d&rsquo;\u00e9change interg\u00e9n\u00e9rationnel. Dans un deuxi\u00e8me temps, la densification rend possible d\u00e8s lors l&rsquo;augmentation de 2,5 fois la population actuelle tout en am\u00e9liorant la qualit\u00e9 de vie du quartier.<\/p>\n<h2>Laur\u00e9at de la cat\u00e9gorie Architecture et nouvelles urbanit\u00e9s : \u00ab\u00a0Le sentiment du sublime\u00a0\u00bb<\/h2>\n<p><img loading=\"lazy\" decoding=\"async\" class=\"alignnone size-full wp-image-670\" src=\"https:\/\/www.archibat.com\/blog\/wp-content\/uploads\/2015\/04\/SUBLIME-2.jpg\" alt=\"prix de la jeune architecture\" width=\"635\" height=\"239\" srcset=\"https:\/\/archibat.com\/blog\/wp-content\/uploads\/2015\/04\/SUBLIME-2.jpg 635w, https:\/\/archibat.com\/blog\/wp-content\/uploads\/2015\/04\/SUBLIME-2-300x113.jpg 300w\" sizes=\"auto, (max-width: 635px) 100vw, 635px\" \/><br \/>\nLe site du projet choisi par Victoria Halimi est localis\u00e9 le long de l&rsquo;axe Lyon-Gen\u00e8ve, entre les communes de Beynost et de la Boisse. Circonscrit par deux viaducs, des autoroutes et des voies ferr\u00e9es, plong\u00e9 dans une nature indompt\u00e9e, environn\u00e9 par des lignes haute tension et des pavillons, il est \u00e9minemment repr\u00e9sentatif de la \u201ccampagne\u201d contemporaine. Fortement d\u00e9cri\u00e9es au nom de la protection du paysage, le projet entend mettre en avant un certain sentiment du Sublime. Le projet est \u00e9galement une exploration de la capacit\u00e9 d&rsquo;un site d\u00e9laiss\u00e9 \u00e0 \u00eatre habit\u00e9.<\/p>\n<p><em><strong>D\u00e9couvrez les projets plus en d\u00e9tail sur <a href=\"http:\/\/pfe.lyon.archi.fr\/2014:laureats%20\" target=\"_blank\" rel=\"noopener\">le site de l&rsquo;\u00e9cole<\/a> !<\/strong><\/em><\/p>\n","protected":false},"excerpt":{"rendered":"<p>Depuis 2001, la Ville de Lyon organise le Prix de la jeune architecture en partenariat avec l&rsquo;\u00e9cole ENSAL.\u00a0Les projets r\u00e9compens\u00e9s s\u2019inscrivent dans une d\u00e9marche prospective\u2026<\/p>\n","protected":false},"author":2,"featured_media":666,"comment_status":"closed","ping_status":"closed","sticky":false,"template":"","format":"standard","meta":{"_acf_changed":false,"footnotes":""},"categories":[3],"tags":[],"class_list":["post-664","post","type-post","status-publish","format-standard","has-post-thumbnail","hentry","category-architecture-et-design"],"acf":[],"yoast_head":"<!-- This site is optimized with the Yoast SEO plugin v24.8.1 - https:\/\/yoast.com\/wordpress\/plugins\/seo\/ -->\n<title>Prix de la jeune architecture de la Ville de Lyon : les laur\u00e9ats &#8211; ArchiBat Mag<\/title>\n<meta name=\"description\" content=\"Depuis 2001, la Ville de Lyon organise le Prix de la jeune architecture en partenariat avec l&#039;\u00e9cole ENSAL. Pr\u00e9sentation des laur\u00e9ats de la 14e \u00e9dition.\" \/>\n<meta name=\"robots\" content=\"index, follow, max-snippet:-1, max-image-preview:large, max-video-preview:-1\" \/>\n<link rel=\"canonical\" href=\"https:\/\/archibat.com\/blog\/prix-de-la-jeune-architecture-de-la-ville-de-lyon-les-laureats\/\" \/>\n<meta property=\"og:locale\" content=\"fr_FR\" \/>\n<meta property=\"og:type\" content=\"article\" \/>\n<meta property=\"og:title\" content=\"Prix de la jeune architecture de la Ville de Lyon : les laur\u00e9ats &#8211; ArchiBat Mag\" \/>\n<meta property=\"og:description\" content=\"Depuis 2001, la Ville de Lyon organise le Prix de la jeune architecture en partenariat avec l&#039;\u00e9cole ENSAL. Pr\u00e9sentation des laur\u00e9ats de la 14e \u00e9dition.\" \/>\n<meta property=\"og:url\" content=\"https:\/\/archibat.com\/blog\/prix-de-la-jeune-architecture-de-la-ville-de-lyon-les-laureats\/\" \/>\n<meta property=\"og:site_name\" content=\"ArchiBat Mag\" \/>\n<meta property=\"article:published_time\" content=\"2015-04-21T07:00:17+00:00\" \/>\n<meta property=\"article:modified_time\" content=\"2018-11-16T15:01:01+00:00\" \/>\n<meta property=\"og:image\" content=\"https:\/\/archibat.com\/blog\/wp-content\/uploads\/2015\/04\/image-a-la-une-prix-jeune-2.jpg\" \/>\n\t<meta property=\"og:image:width\" content=\"635\" \/>\n\t<meta property=\"og:image:height\" content=\"357\" \/>\n\t<meta property=\"og:image:type\" content=\"image\/jpeg\" \/>\n<meta name=\"author\" content=\"communication\" \/>\n<meta name=\"twitter:card\" content=\"summary_large_image\" \/>\n<meta name=\"twitter:label1\" content=\"\u00c9crit par\" \/>\n\t<meta name=\"twitter:data1\" content=\"communication\" \/>\n\t<meta name=\"twitter:label2\" content=\"Dur\u00e9e de lecture estim\u00e9e\" \/>\n\t<meta name=\"twitter:data2\" content=\"3 minutes\" \/>\n<script type=\"application\/ld+json\" class=\"yoast-schema-graph\">{\"@context\":\"https:\/\/schema.org\",\"@graph\":[{\"@type\":\"WebPage\",\"@id\":\"https:\/\/archibat.com\/blog\/prix-de-la-jeune-architecture-de-la-ville-de-lyon-les-laureats\/\",\"url\":\"https:\/\/archibat.com\/blog\/prix-de-la-jeune-architecture-de-la-ville-de-lyon-les-laureats\/\",\"name\":\"Prix de la jeune architecture de la Ville de Lyon : les laur\u00e9ats &#8211; ArchiBat Mag\",\"isPartOf\":{\"@id\":\"https:\/\/archibat.com\/blog\/#website\"},\"primaryImageOfPage\":{\"@id\":\"https:\/\/archibat.com\/blog\/prix-de-la-jeune-architecture-de-la-ville-de-lyon-les-laureats\/#primaryimage\"},\"image\":{\"@id\":\"https:\/\/archibat.com\/blog\/prix-de-la-jeune-architecture-de-la-ville-de-lyon-les-laureats\/#primaryimage\"},\"thumbnailUrl\":\"https:\/\/archibat.com\/blog\/wp-content\/uploads\/2015\/04\/image-a-la-une-prix-jeune-2.jpg\",\"datePublished\":\"2015-04-21T07:00:17+00:00\",\"dateModified\":\"2018-11-16T15:01:01+00:00\",\"author\":{\"@id\":\"https:\/\/archibat.com\/blog\/#\/schema\/person\/c246f0d63b5e719c2cbe4f9bd494bf12\"},\"description\":\"Depuis 2001, la Ville de Lyon organise le Prix de la jeune architecture en partenariat avec l'\u00e9cole ENSAL. Pr\u00e9sentation des laur\u00e9ats de la 14e \u00e9dition.\",\"breadcrumb\":{\"@id\":\"https:\/\/archibat.com\/blog\/prix-de-la-jeune-architecture-de-la-ville-de-lyon-les-laureats\/#breadcrumb\"},\"inLanguage\":\"fr-FR\",\"potentialAction\":[{\"@type\":\"ReadAction\",\"target\":[\"https:\/\/archibat.com\/blog\/prix-de-la-jeune-architecture-de-la-ville-de-lyon-les-laureats\/\"]}]},{\"@type\":\"ImageObject\",\"inLanguage\":\"fr-FR\",\"@id\":\"https:\/\/archibat.com\/blog\/prix-de-la-jeune-architecture-de-la-ville-de-lyon-les-laureats\/#primaryimage\",\"url\":\"https:\/\/archibat.com\/blog\/wp-content\/uploads\/2015\/04\/image-a-la-une-prix-jeune-2.jpg\",\"contentUrl\":\"https:\/\/archibat.com\/blog\/wp-content\/uploads\/2015\/04\/image-a-la-une-prix-jeune-2.jpg\",\"width\":635,\"height\":357,\"caption\":\"Prix de la jeune architecture\"},{\"@type\":\"BreadcrumbList\",\"@id\":\"https:\/\/archibat.com\/blog\/prix-de-la-jeune-architecture-de-la-ville-de-lyon-les-laureats\/#breadcrumb\",\"itemListElement\":[{\"@type\":\"ListItem\",\"position\":1,\"name\":\"Home\",\"item\":\"https:\/\/archibat.com\/blog\/\"},{\"@type\":\"ListItem\",\"position\":2,\"name\":\"Prix de la jeune architecture de la Ville de Lyon : les laur\u00e9ats\"}]},{\"@type\":\"WebSite\",\"@id\":\"https:\/\/archibat.com\/blog\/#website\",\"url\":\"https:\/\/archibat.com\/blog\/\",\"name\":\"ArchiBat Mag\",\"description\":\"Vous souhaitez connaitre les derni\u00e8res actualit\u00e9s sur l\u2019Architecture, le Design ou les Ressources Humaines ? D\u00e9couvrez ArchiBat Mag, le magazine d\u00e9di\u00e9 aux m\u00e9tiers de l&#039;Architecture et de l&#039;Ing\u00e9nierie.\",\"potentialAction\":[{\"@type\":\"SearchAction\",\"target\":{\"@type\":\"EntryPoint\",\"urlTemplate\":\"https:\/\/archibat.com\/blog\/?s={search_term_string}\"},\"query-input\":{\"@type\":\"PropertyValueSpecification\",\"valueRequired\":true,\"valueName\":\"search_term_string\"}}],\"inLanguage\":\"fr-FR\"},{\"@type\":\"Person\",\"@id\":\"https:\/\/archibat.com\/blog\/#\/schema\/person\/c246f0d63b5e719c2cbe4f9bd494bf12\",\"name\":\"communication\"}]}<\/script>\n<!-- \/ Yoast SEO plugin. -->","yoast_head_json":{"title":"Prix de la jeune architecture de la Ville de Lyon : les laur\u00e9ats &#8211; ArchiBat Mag","description":"Depuis 2001, la Ville de Lyon organise le Prix de la jeune architecture en partenariat avec l'\u00e9cole ENSAL. Pr\u00e9sentation des laur\u00e9ats de la 14e \u00e9dition.","robots":{"index":"index","follow":"follow","max-snippet":"max-snippet:-1","max-image-preview":"max-image-preview:large","max-video-preview":"max-video-preview:-1"},"canonical":"https:\/\/archibat.com\/blog\/prix-de-la-jeune-architecture-de-la-ville-de-lyon-les-laureats\/","og_locale":"fr_FR","og_type":"article","og_title":"Prix de la jeune architecture de la Ville de Lyon : les laur\u00e9ats &#8211; ArchiBat Mag","og_description":"Depuis 2001, la Ville de Lyon organise le Prix de la jeune architecture en partenariat avec l'\u00e9cole ENSAL. Pr\u00e9sentation des laur\u00e9ats de la 14e \u00e9dition.","og_url":"https:\/\/archibat.com\/blog\/prix-de-la-jeune-architecture-de-la-ville-de-lyon-les-laureats\/","og_site_name":"ArchiBat Mag","article_published_time":"2015-04-21T07:00:17+00:00","article_modified_time":"2018-11-16T15:01:01+00:00","og_image":[{"width":635,"height":357,"url":"https:\/\/archibat.com\/blog\/wp-content\/uploads\/2015\/04\/image-a-la-une-prix-jeune-2.jpg","type":"image\/jpeg"}],"author":"communication","twitter_card":"summary_large_image","twitter_misc":{"\u00c9crit par":"communication","Dur\u00e9e de lecture estim\u00e9e":"3 minutes"},"schema":{"@context":"https:\/\/schema.org","@graph":[{"@type":"WebPage","@id":"https:\/\/archibat.com\/blog\/prix-de-la-jeune-architecture-de-la-ville-de-lyon-les-laureats\/","url":"https:\/\/archibat.com\/blog\/prix-de-la-jeune-architecture-de-la-ville-de-lyon-les-laureats\/","name":"Prix de la jeune architecture de la Ville de Lyon : les laur\u00e9ats &#8211; ArchiBat Mag","isPartOf":{"@id":"https:\/\/archibat.com\/blog\/#website"},"primaryImageOfPage":{"@id":"https:\/\/archibat.com\/blog\/prix-de-la-jeune-architecture-de-la-ville-de-lyon-les-laureats\/#primaryimage"},"image":{"@id":"https:\/\/archibat.com\/blog\/prix-de-la-jeune-architecture-de-la-ville-de-lyon-les-laureats\/#primaryimage"},"thumbnailUrl":"https:\/\/archibat.com\/blog\/wp-content\/uploads\/2015\/04\/image-a-la-une-prix-jeune-2.jpg","datePublished":"2015-04-21T07:00:17+00:00","dateModified":"2018-11-16T15:01:01+00:00","author":{"@id":"https:\/\/archibat.com\/blog\/#\/schema\/person\/c246f0d63b5e719c2cbe4f9bd494bf12"},"description":"Depuis 2001, la Ville de Lyon organise le Prix de la jeune architecture en partenariat avec l'\u00e9cole ENSAL. Pr\u00e9sentation des laur\u00e9ats de la 14e \u00e9dition.","breadcrumb":{"@id":"https:\/\/archibat.com\/blog\/prix-de-la-jeune-architecture-de-la-ville-de-lyon-les-laureats\/#breadcrumb"},"inLanguage":"fr-FR","potentialAction":[{"@type":"ReadAction","target":["https:\/\/archibat.com\/blog\/prix-de-la-jeune-architecture-de-la-ville-de-lyon-les-laureats\/"]}]},{"@type":"ImageObject","inLanguage":"fr-FR","@id":"https:\/\/archibat.com\/blog\/prix-de-la-jeune-architecture-de-la-ville-de-lyon-les-laureats\/#primaryimage","url":"https:\/\/archibat.com\/blog\/wp-content\/uploads\/2015\/04\/image-a-la-une-prix-jeune-2.jpg","contentUrl":"https:\/\/archibat.com\/blog\/wp-content\/uploads\/2015\/04\/image-a-la-une-prix-jeune-2.jpg","width":635,"height":357,"caption":"Prix de la jeune architecture"},{"@type":"BreadcrumbList","@id":"https:\/\/archibat.com\/blog\/prix-de-la-jeune-architecture-de-la-ville-de-lyon-les-laureats\/#breadcrumb","itemListElement":[{"@type":"ListItem","position":1,"name":"Home","item":"https:\/\/archibat.com\/blog\/"},{"@type":"ListItem","position":2,"name":"Prix de la jeune architecture de la Ville de Lyon : les laur\u00e9ats"}]},{"@type":"WebSite","@id":"https:\/\/archibat.com\/blog\/#website","url":"https:\/\/archibat.com\/blog\/","name":"ArchiBat Mag","description":"Vous souhaitez connaitre les derni\u00e8res actualit\u00e9s sur l\u2019Architecture, le Design ou les Ressources Humaines ? D\u00e9couvrez ArchiBat Mag, le magazine d\u00e9di\u00e9 aux m\u00e9tiers de l&#039;Architecture et de l&#039;Ing\u00e9nierie.","potentialAction":[{"@type":"SearchAction","target":{"@type":"EntryPoint","urlTemplate":"https:\/\/archibat.com\/blog\/?s={search_term_string}"},"query-input":{"@type":"PropertyValueSpecification","valueRequired":true,"valueName":"search_term_string"}}],"inLanguage":"fr-FR"},{"@type":"Person","@id":"https:\/\/archibat.com\/blog\/#\/schema\/person\/c246f0d63b5e719c2cbe4f9bd494bf12","name":"communication"}]}},"_links":{"self":[{"href":"https:\/\/archibat.com\/blog\/wp-json\/wp\/v2\/posts\/664","targetHints":{"allow":["GET"]}}],"collection":[{"href":"https:\/\/archibat.com\/blog\/wp-json\/wp\/v2\/posts"}],"about":[{"href":"https:\/\/archibat.com\/blog\/wp-json\/wp\/v2\/types\/post"}],"author":[{"embeddable":true,"href":"https:\/\/archibat.com\/blog\/wp-json\/wp\/v2\/users\/2"}],"replies":[{"embeddable":true,"href":"https:\/\/archibat.com\/blog\/wp-json\/wp\/v2\/comments?post=664"}],"version-history":[{"count":2,"href":"https:\/\/archibat.com\/blog\/wp-json\/wp\/v2\/posts\/664\/revisions"}],"predecessor-version":[{"id":7618,"href":"https:\/\/archibat.com\/blog\/wp-json\/wp\/v2\/posts\/664\/revisions\/7618"}],"wp:featuredmedia":[{"embeddable":true,"href":"https:\/\/archibat.com\/blog\/wp-json\/wp\/v2\/media\/666"}],"wp:attachment":[{"href":"https:\/\/archibat.com\/blog\/wp-json\/wp\/v2\/media?parent=664"}],"wp:term":[{"taxonomy":"category","embeddable":true,"href":"https:\/\/archibat.com\/blog\/wp-json\/wp\/v2\/categories?post=664"},{"taxonomy":"post_tag","embeddable":true,"href":"https:\/\/archibat.com\/blog\/wp-json\/wp\/v2\/tags?post=664"}],"curies":[{"name":"wp","href":"https:\/\/api.w.org\/{rel}","templated":true}]}}