{"id":691,"date":"2015-04-29T08:00:56","date_gmt":"2015-04-29T07:00:56","guid":{"rendered":"https:\/\/www.archibat.com\/blog\/?p=691"},"modified":"2018-11-15T18:33:33","modified_gmt":"2018-11-15T17:33:33","slug":"save-the-date-21-mai-2015-vente-aux-encheres-au-pavillon-de-larsenal-au-profit-des-architectes-de-lurgence","status":"publish","type":"post","link":"https:\/\/archibat.com\/blog\/save-the-date-21-mai-2015-vente-aux-encheres-au-pavillon-de-larsenal-au-profit-des-architectes-de-lurgence\/","title":{"rendered":"Save the date :  21 mai 2015 &#8211; Vente aux ench\u00e8res au Pavillon de l\u2019Arsenal au profit des Architectes de l&rsquo;Urgence"},"content":{"rendered":"<h2>Une vente aux ench\u00e8res de l&rsquo;urgence<\/h2>\n<p>La Fondation Architectes de l\u2019Urgence, qui vient en aide aux populations \u00e9prouv\u00e9es par des catastrophes naturelles ou humaines \u00e0 travers le monde entier, lance sa <strong>quatri\u00e8me \u00e9dition de vente aux ench\u00e8res.<\/strong><br \/>\n<strong>Ha\u00efti, Philippines, Madagascar et d\u00e9sormais N\u00e9pal,<\/strong> depuis le puissant s\u00e9isme d&rsquo;avril : les fonds r\u00e9colt\u00e9s permettront une nouvelle fois de former, accompagner et reloger ces populations dans la reconstruction de leur cadre de vie d\u2019une fa\u00e7on adapt\u00e9e et p\u00e9renne.<br \/>\nCette ann\u00e9e, le Pavillon de l\u2019Arsenal s\u2019associe b\u00e9n\u00e9volement \u00e0 la Fondation pour organiser la vente. Celle-ci\u00a0aura lieu le <strong>21 mai 2015, \u00e0 19h au Pavillon de l\u2019Arsenal<\/strong>, Paris (4\u00e8me arr.) et sera anim\u00e9e par Ma\u00eetre Remy Le Fur.<\/p>\n<h2>Les plus grands photographes associ\u00e9s \u00e0 cette cause<\/h2>\n<p>L\u2019ensemble des \u0153uvres sera expos\u00e9 en libre acc\u00e8s avant la vente, <strong>du 7\u00a0au 20 mai 2015<\/strong> au premier \u00e9tage du Pavillon de l\u2019Arsenal sur pr\u00e8s de 600 m2.<br \/>\nCroquis, dessins, aquarelles, photomontages, photographies urbaines\u2026 les oeuvres permettent la d\u00e9couverte de l\u2019intimit\u00e9 du processus de conception des plus grands architectes.<br \/>\n<strong>Patrick Berger, Fr\u00e9d\u00e9ric Borel, Paul Chemetov, Massimilano Fuksas, Steven Holl, Junya Ishigami, Daniel Libeskind, Marc Mimram, Jean Nouvel, Claude Parent, Christian de Portzamparc, Ruddy Ricciotti, Dominique Perrault, Renzo Piano, Francis Soler, Robet Venturi ou encore Riken Yamamoto,<\/strong> chacun a manifest\u00e9 sa volont\u00e9 de soutenir l&rsquo;\u00e9v\u00e9nement.<\/p>\n<p>&nbsp;<\/p>\n<p><em><strong>Consultez la <a href=\"http:\/\/www.archi-urgent.com\/encheres\/les-donateurs\/\" target=\"_blank\" rel=\"noopener\">liste compl\u00e8te des donateurs<\/a> ici, ou bien t\u00e9l\u00e9chargez l&rsquo;ensemble des oeuvres mises \u00e0 la vente \u00e0 <a href=\"http:\/\/www.archi-urgent.com\/encheres\/wp-content\/uploads\/2013\/05\/CATALOGUE-FAU-WEB.pdf\" target=\"_blank\" rel=\"noopener\">ce lien<\/a>. En esp\u00e9rant vous y voir nombreux !<\/strong><\/em><\/p>\n","protected":false},"excerpt":{"rendered":"<p>Une vente aux ench\u00e8res de l&rsquo;urgence La Fondation Architectes de l\u2019Urgence, qui vient en aide aux populations \u00e9prouv\u00e9es par des catastrophes naturelles ou humaines \u00e0\u2026<\/p>\n","protected":false},"author":2,"featured_media":692,"comment_status":"closed","ping_status":"closed","sticky":false,"template":"","format":"standard","meta":{"_acf_changed":false,"footnotes":""},"categories":[650],"tags":[],"class_list":["post-691","post","type-post","status-publish","format-standard","has-post-thumbnail","hentry","category-agenda"],"acf":[],"yoast_head":"<!-- This site is optimized with the Yoast SEO plugin v24.8.1 - https:\/\/yoast.com\/wordpress\/plugins\/seo\/ -->\n<title>Save the date : 21 mai 2015 - Vente aux ench\u00e8res au Pavillon de l\u2019Arsenal au profit des Architectes de l&#039;Urgence &#8211; ArchiBat Mag<\/title>\n<meta name=\"description\" content=\"La Fondation Architectes de l&#039;Urgence, en partenariat avec le Pavillon de l&#039;Arsenal, organise la 4\u00e8me \u00e9dition de vente aux ench\u00e8res au profit de ses...\" \/>\n<meta name=\"robots\" content=\"index, follow, max-snippet:-1, max-image-preview:large, max-video-preview:-1\" \/>\n<link rel=\"canonical\" href=\"https:\/\/archibat.com\/blog\/save-the-date-21-mai-2015-vente-aux-encheres-au-pavillon-de-larsenal-au-profit-des-architectes-de-lurgence\/\" \/>\n<meta property=\"og:locale\" content=\"fr_FR\" \/>\n<meta property=\"og:type\" content=\"article\" \/>\n<meta property=\"og:title\" content=\"Save the date : 21 mai 2015 - Vente aux ench\u00e8res au Pavillon de l\u2019Arsenal au profit des Architectes de l&#039;Urgence &#8211; ArchiBat Mag\" \/>\n<meta property=\"og:description\" content=\"La Fondation Architectes de l&#039;Urgence, en partenariat avec le Pavillon de l&#039;Arsenal, organise la 4\u00e8me \u00e9dition de vente aux ench\u00e8res au profit de ses...\" \/>\n<meta property=\"og:url\" content=\"https:\/\/archibat.com\/blog\/save-the-date-21-mai-2015-vente-aux-encheres-au-pavillon-de-larsenal-au-profit-des-architectes-de-lurgence\/\" \/>\n<meta property=\"og:site_name\" content=\"ArchiBat Mag\" \/>\n<meta property=\"article:published_time\" content=\"2015-04-29T07:00:56+00:00\" \/>\n<meta property=\"article:modified_time\" content=\"2018-11-15T17:33:33+00:00\" \/>\n<meta property=\"og:image\" content=\"https:\/\/archibat.com\/blog\/wp-content\/uploads\/2015\/04\/visuel_event_100-2.jpg\" \/>\n\t<meta property=\"og:image:width\" content=\"635\" \/>\n\t<meta property=\"og:image:height\" content=\"357\" \/>\n\t<meta property=\"og:image:type\" content=\"image\/jpeg\" \/>\n<meta name=\"author\" content=\"communication\" \/>\n<meta name=\"twitter:card\" content=\"summary_large_image\" \/>\n<meta name=\"twitter:label1\" content=\"\u00c9crit par\" \/>\n\t<meta name=\"twitter:data1\" content=\"communication\" \/>\n\t<meta name=\"twitter:label2\" content=\"Dur\u00e9e de lecture estim\u00e9e\" \/>\n\t<meta name=\"twitter:data2\" content=\"1 minute\" \/>\n<script type=\"application\/ld+json\" class=\"yoast-schema-graph\">{\"@context\":\"https:\/\/schema.org\",\"@graph\":[{\"@type\":\"WebPage\",\"@id\":\"https:\/\/archibat.com\/blog\/save-the-date-21-mai-2015-vente-aux-encheres-au-pavillon-de-larsenal-au-profit-des-architectes-de-lurgence\/\",\"url\":\"https:\/\/archibat.com\/blog\/save-the-date-21-mai-2015-vente-aux-encheres-au-pavillon-de-larsenal-au-profit-des-architectes-de-lurgence\/\",\"name\":\"Save the date : 21 mai 2015 - Vente aux ench\u00e8res au Pavillon de l\u2019Arsenal au profit des Architectes de l'Urgence &#8211; ArchiBat Mag\",\"isPartOf\":{\"@id\":\"https:\/\/archibat.com\/blog\/#website\"},\"primaryImageOfPage\":{\"@id\":\"https:\/\/archibat.com\/blog\/save-the-date-21-mai-2015-vente-aux-encheres-au-pavillon-de-larsenal-au-profit-des-architectes-de-lurgence\/#primaryimage\"},\"image\":{\"@id\":\"https:\/\/archibat.com\/blog\/save-the-date-21-mai-2015-vente-aux-encheres-au-pavillon-de-larsenal-au-profit-des-architectes-de-lurgence\/#primaryimage\"},\"thumbnailUrl\":\"https:\/\/archibat.com\/blog\/wp-content\/uploads\/2015\/04\/visuel_event_100-2.jpg\",\"datePublished\":\"2015-04-29T07:00:56+00:00\",\"dateModified\":\"2018-11-15T17:33:33+00:00\",\"author\":{\"@id\":\"https:\/\/archibat.com\/blog\/#\/schema\/person\/c246f0d63b5e719c2cbe4f9bd494bf12\"},\"description\":\"La Fondation Architectes de l'Urgence, en partenariat avec le Pavillon de l'Arsenal, organise la 4\u00e8me \u00e9dition de vente aux ench\u00e8res au profit de ses...\",\"breadcrumb\":{\"@id\":\"https:\/\/archibat.com\/blog\/save-the-date-21-mai-2015-vente-aux-encheres-au-pavillon-de-larsenal-au-profit-des-architectes-de-lurgence\/#breadcrumb\"},\"inLanguage\":\"fr-FR\",\"potentialAction\":[{\"@type\":\"ReadAction\",\"target\":[\"https:\/\/archibat.com\/blog\/save-the-date-21-mai-2015-vente-aux-encheres-au-pavillon-de-larsenal-au-profit-des-architectes-de-lurgence\/\"]}]},{\"@type\":\"ImageObject\",\"inLanguage\":\"fr-FR\",\"@id\":\"https:\/\/archibat.com\/blog\/save-the-date-21-mai-2015-vente-aux-encheres-au-pavillon-de-larsenal-au-profit-des-architectes-de-lurgence\/#primaryimage\",\"url\":\"https:\/\/archibat.com\/blog\/wp-content\/uploads\/2015\/04\/visuel_event_100-2.jpg\",\"contentUrl\":\"https:\/\/archibat.com\/blog\/wp-content\/uploads\/2015\/04\/visuel_event_100-2.jpg\",\"width\":635,\"height\":357,\"caption\":\"Architectes de l'Urgence\"},{\"@type\":\"BreadcrumbList\",\"@id\":\"https:\/\/archibat.com\/blog\/save-the-date-21-mai-2015-vente-aux-encheres-au-pavillon-de-larsenal-au-profit-des-architectes-de-lurgence\/#breadcrumb\",\"itemListElement\":[{\"@type\":\"ListItem\",\"position\":1,\"name\":\"Home\",\"item\":\"https:\/\/archibat.com\/blog\/\"},{\"@type\":\"ListItem\",\"position\":2,\"name\":\"Save the date : 21 mai 2015 &#8211; Vente aux ench\u00e8res au Pavillon de l\u2019Arsenal au profit des Architectes de l&rsquo;Urgence\"}]},{\"@type\":\"WebSite\",\"@id\":\"https:\/\/archibat.com\/blog\/#website\",\"url\":\"https:\/\/archibat.com\/blog\/\",\"name\":\"ArchiBat Mag\",\"description\":\"Vous souhaitez connaitre les derni\u00e8res actualit\u00e9s sur l\u2019Architecture, le Design ou les Ressources Humaines ? D\u00e9couvrez ArchiBat Mag, le magazine d\u00e9di\u00e9 aux m\u00e9tiers de l&#039;Architecture et de l&#039;Ing\u00e9nierie.\",\"potentialAction\":[{\"@type\":\"SearchAction\",\"target\":{\"@type\":\"EntryPoint\",\"urlTemplate\":\"https:\/\/archibat.com\/blog\/?s={search_term_string}\"},\"query-input\":{\"@type\":\"PropertyValueSpecification\",\"valueRequired\":true,\"valueName\":\"search_term_string\"}}],\"inLanguage\":\"fr-FR\"},{\"@type\":\"Person\",\"@id\":\"https:\/\/archibat.com\/blog\/#\/schema\/person\/c246f0d63b5e719c2cbe4f9bd494bf12\",\"name\":\"communication\"}]}<\/script>\n<!-- \/ Yoast SEO plugin. -->","yoast_head_json":{"title":"Save the date : 21 mai 2015 - Vente aux ench\u00e8res au Pavillon de l\u2019Arsenal au profit des Architectes de l'Urgence &#8211; ArchiBat Mag","description":"La Fondation Architectes de l'Urgence, en partenariat avec le Pavillon de l'Arsenal, organise la 4\u00e8me \u00e9dition de vente aux ench\u00e8res au profit de ses...","robots":{"index":"index","follow":"follow","max-snippet":"max-snippet:-1","max-image-preview":"max-image-preview:large","max-video-preview":"max-video-preview:-1"},"canonical":"https:\/\/archibat.com\/blog\/save-the-date-21-mai-2015-vente-aux-encheres-au-pavillon-de-larsenal-au-profit-des-architectes-de-lurgence\/","og_locale":"fr_FR","og_type":"article","og_title":"Save the date : 21 mai 2015 - Vente aux ench\u00e8res au Pavillon de l\u2019Arsenal au profit des Architectes de l'Urgence &#8211; ArchiBat Mag","og_description":"La Fondation Architectes de l'Urgence, en partenariat avec le Pavillon de l'Arsenal, organise la 4\u00e8me \u00e9dition de vente aux ench\u00e8res au profit de ses...","og_url":"https:\/\/archibat.com\/blog\/save-the-date-21-mai-2015-vente-aux-encheres-au-pavillon-de-larsenal-au-profit-des-architectes-de-lurgence\/","og_site_name":"ArchiBat Mag","article_published_time":"2015-04-29T07:00:56+00:00","article_modified_time":"2018-11-15T17:33:33+00:00","og_image":[{"width":635,"height":357,"url":"https:\/\/archibat.com\/blog\/wp-content\/uploads\/2015\/04\/visuel_event_100-2.jpg","type":"image\/jpeg"}],"author":"communication","twitter_card":"summary_large_image","twitter_misc":{"\u00c9crit par":"communication","Dur\u00e9e de lecture estim\u00e9e":"1 minute"},"schema":{"@context":"https:\/\/schema.org","@graph":[{"@type":"WebPage","@id":"https:\/\/archibat.com\/blog\/save-the-date-21-mai-2015-vente-aux-encheres-au-pavillon-de-larsenal-au-profit-des-architectes-de-lurgence\/","url":"https:\/\/archibat.com\/blog\/save-the-date-21-mai-2015-vente-aux-encheres-au-pavillon-de-larsenal-au-profit-des-architectes-de-lurgence\/","name":"Save the date : 21 mai 2015 - Vente aux ench\u00e8res au Pavillon de l\u2019Arsenal au profit des Architectes de l'Urgence &#8211; ArchiBat Mag","isPartOf":{"@id":"https:\/\/archibat.com\/blog\/#website"},"primaryImageOfPage":{"@id":"https:\/\/archibat.com\/blog\/save-the-date-21-mai-2015-vente-aux-encheres-au-pavillon-de-larsenal-au-profit-des-architectes-de-lurgence\/#primaryimage"},"image":{"@id":"https:\/\/archibat.com\/blog\/save-the-date-21-mai-2015-vente-aux-encheres-au-pavillon-de-larsenal-au-profit-des-architectes-de-lurgence\/#primaryimage"},"thumbnailUrl":"https:\/\/archibat.com\/blog\/wp-content\/uploads\/2015\/04\/visuel_event_100-2.jpg","datePublished":"2015-04-29T07:00:56+00:00","dateModified":"2018-11-15T17:33:33+00:00","author":{"@id":"https:\/\/archibat.com\/blog\/#\/schema\/person\/c246f0d63b5e719c2cbe4f9bd494bf12"},"description":"La Fondation Architectes de l'Urgence, en partenariat avec le Pavillon de l'Arsenal, organise la 4\u00e8me \u00e9dition de vente aux ench\u00e8res au profit de ses...","breadcrumb":{"@id":"https:\/\/archibat.com\/blog\/save-the-date-21-mai-2015-vente-aux-encheres-au-pavillon-de-larsenal-au-profit-des-architectes-de-lurgence\/#breadcrumb"},"inLanguage":"fr-FR","potentialAction":[{"@type":"ReadAction","target":["https:\/\/archibat.com\/blog\/save-the-date-21-mai-2015-vente-aux-encheres-au-pavillon-de-larsenal-au-profit-des-architectes-de-lurgence\/"]}]},{"@type":"ImageObject","inLanguage":"fr-FR","@id":"https:\/\/archibat.com\/blog\/save-the-date-21-mai-2015-vente-aux-encheres-au-pavillon-de-larsenal-au-profit-des-architectes-de-lurgence\/#primaryimage","url":"https:\/\/archibat.com\/blog\/wp-content\/uploads\/2015\/04\/visuel_event_100-2.jpg","contentUrl":"https:\/\/archibat.com\/blog\/wp-content\/uploads\/2015\/04\/visuel_event_100-2.jpg","width":635,"height":357,"caption":"Architectes de l'Urgence"},{"@type":"BreadcrumbList","@id":"https:\/\/archibat.com\/blog\/save-the-date-21-mai-2015-vente-aux-encheres-au-pavillon-de-larsenal-au-profit-des-architectes-de-lurgence\/#breadcrumb","itemListElement":[{"@type":"ListItem","position":1,"name":"Home","item":"https:\/\/archibat.com\/blog\/"},{"@type":"ListItem","position":2,"name":"Save the date : 21 mai 2015 &#8211; Vente aux ench\u00e8res au Pavillon de l\u2019Arsenal au profit des Architectes de l&rsquo;Urgence"}]},{"@type":"WebSite","@id":"https:\/\/archibat.com\/blog\/#website","url":"https:\/\/archibat.com\/blog\/","name":"ArchiBat Mag","description":"Vous souhaitez connaitre les derni\u00e8res actualit\u00e9s sur l\u2019Architecture, le Design ou les Ressources Humaines ? D\u00e9couvrez ArchiBat Mag, le magazine d\u00e9di\u00e9 aux m\u00e9tiers de l&#039;Architecture et de l&#039;Ing\u00e9nierie.","potentialAction":[{"@type":"SearchAction","target":{"@type":"EntryPoint","urlTemplate":"https:\/\/archibat.com\/blog\/?s={search_term_string}"},"query-input":{"@type":"PropertyValueSpecification","valueRequired":true,"valueName":"search_term_string"}}],"inLanguage":"fr-FR"},{"@type":"Person","@id":"https:\/\/archibat.com\/blog\/#\/schema\/person\/c246f0d63b5e719c2cbe4f9bd494bf12","name":"communication"}]}},"_links":{"self":[{"href":"https:\/\/archibat.com\/blog\/wp-json\/wp\/v2\/posts\/691","targetHints":{"allow":["GET"]}}],"collection":[{"href":"https:\/\/archibat.com\/blog\/wp-json\/wp\/v2\/posts"}],"about":[{"href":"https:\/\/archibat.com\/blog\/wp-json\/wp\/v2\/types\/post"}],"author":[{"embeddable":true,"href":"https:\/\/archibat.com\/blog\/wp-json\/wp\/v2\/users\/2"}],"replies":[{"embeddable":true,"href":"https:\/\/archibat.com\/blog\/wp-json\/wp\/v2\/comments?post=691"}],"version-history":[{"count":2,"href":"https:\/\/archibat.com\/blog\/wp-json\/wp\/v2\/posts\/691\/revisions"}],"predecessor-version":[{"id":7596,"href":"https:\/\/archibat.com\/blog\/wp-json\/wp\/v2\/posts\/691\/revisions\/7596"}],"wp:featuredmedia":[{"embeddable":true,"href":"https:\/\/archibat.com\/blog\/wp-json\/wp\/v2\/media\/692"}],"wp:attachment":[{"href":"https:\/\/archibat.com\/blog\/wp-json\/wp\/v2\/media?parent=691"}],"wp:term":[{"taxonomy":"category","embeddable":true,"href":"https:\/\/archibat.com\/blog\/wp-json\/wp\/v2\/categories?post=691"},{"taxonomy":"post_tag","embeddable":true,"href":"https:\/\/archibat.com\/blog\/wp-json\/wp\/v2\/tags?post=691"}],"curies":[{"name":"wp","href":"https:\/\/api.w.org\/{rel}","templated":true}]}}