{"id":703,"date":"2015-05-05T08:00:10","date_gmt":"2015-05-05T06:00:10","guid":{"rendered":"https:\/\/www.archibat.com\/blog\/?p=703"},"modified":"2018-12-11T16:28:19","modified_gmt":"2018-12-11T15:28:19","slug":"portrait-de-laur-meyrieux-creatrice-a-hong-kong-22","status":"publish","type":"post","link":"https:\/\/archibat.com\/blog\/portrait-de-laur-meyrieux-creatrice-a-hong-kong-22\/","title":{"rendered":"Laur Meyrieux : cr\u00e9atrice \u00e0 Hong Kong (2\/2)"},"content":{"rendered":"<h2>En 2002, vous avez un parcours bien \u00e9tabli, vous vous installez pourtant au\u00a0 Japon o\u00f9 vous devez tout reprendre depuis le d\u00e9but, pourquoi\u00a0?<\/h2>\n<p>Je me suis rendue pour la premi\u00e8re fois au Japon en 2000. Depuis longtemps, sans savoir vraiment pourquoi, la culture et la d\u00e9licatesse japonaises exer\u00e7aient un certain attrait sur moi. Une fois sur place, cette premi\u00e8re impression s\u2019est confirm\u00e9e et m\u00eame renforc\u00e9e. Je ne pouvais pas rentrer en France et continuer ma vie comme si rien d\u2019important ne s\u2019\u00e9tait pass\u00e9. Pendant deux ans, j\u2019ai alors altern\u00e9 des missions en France avec des s\u00e9jours au Japon durant lesquels j\u2019ai nou\u00e9 des contacts. En 2002, je m\u2019y suis vraiment install\u00e9e et l\u2019aventure a dur\u00e9 dix ans.<\/p>\n<h2>Quel regard portez-vous sur cette exp\u00e9rience in\u00e9dite\u00a0?<\/h2>\n<p>Je dirais que deux temps d\u00e9finissent cette d\u00e9cennie\u00a0: celui des d\u00e9buts et celui de la confiance. A mon arriv\u00e9e, avec trois autres designers, nous avons fond\u00e9 un collectif que nous avons nomm\u00e9 \u00ab\u00a0Postnormal\u00a0\u00bb. Nous partagions un local, les frais et une assistante administrative \u00e9galement traductrice. Cette association nous a aid\u00e9 \u00e0 nous lancer. A Tokyo, j\u2019ai \u00e9galement rencontr\u00e9 un collaborateur de la maison Herm\u00e8s. Pendant sept ans, quatre fois par an, j\u2019ai con\u00e7u et r\u00e9alis\u00e9 leurs vitrines. En 2005, j\u2019ai d\u00e9croch\u00e9 ma premi\u00e8re commande vraiment importante pour Restir, une soci\u00e9t\u00e9 japonaise sp\u00e9cialis\u00e9e dans les boutiques de luxe dont l\u2019\u00e9quivalent en France serait le concept-store l\u2019Eclaireur. La soci\u00e9t\u00e9 m\u2019a demand\u00e9 de concevoir l\u2019int\u00e9gralit\u00e9 du projet\u00a0: sa conception globale, son logo et sa charte graphique, l\u2019architecture d\u2019int\u00e9rieur, les vitrines, le merchandising,\u2026 L\u2019inauguration de la boutique a remport\u00e9\u00a0 un vrai succ\u00e8s. Cette \u00e9tape cl\u00e9 m\u2019a permis de ne plus d\u00e9marcher.<\/p>\n<h2>Vous \u00e9voquez la notion de confiance, qu\u2019entendez-vous exactement par cela\u00a0?<\/h2>\n<p>Au Japon, la confiance et le respect sont les clefs de vo\u00fbte qui r\u00e9gissent les relations entre les personnes dans le travail. Collaborer avec une entreprise sur un chantier est tr\u00e8s agr\u00e9able\u00a0: chaque chose est \u00e0 sa place, les d\u00e9lais sont respect\u00e9s, un soin infini est port\u00e9 \u00e0 chaque petit d\u00e9tail. Le client ne vous demande pas de lui expliquer pourquoi vous avez choisi du bleu marine et non du noir, ou du marbre plut\u00f4t que de la c\u00e9ramique teint\u00e9e. Il vous fait confiance, sinon il n\u2019envisage pas de travailler avec vous.<\/p>\n<h2>Comment un client japonais peut-il faire confiance \u00e0 une \u00e9trang\u00e8re qui ne parle pas sa langue\u00a0?<\/h2>\n<p>Au d\u00e9but, j\u2019avais l\u2019impression de me heurter \u00e0 un mur de sable\u2026 J\u2019ai appris \u00e0 deviner, \u00e0 comprendre la signification de certains silences\u2026 Paradoxalement, ne pas parler la langue s\u2019est av\u00e9r\u00e9 \u00eatre une force. Si je m\u2019exprime en japonais, je deviens en quelque sorte un peu japonaise et le regard des hommes se modifie. Or, au Japon, c\u2019est s\u00e9mantique, le vocabulaire n\u2019est pas employ\u00e9 de la m\u00eame mani\u00e8re par un homme que par une femme, ce qui renforce cette impression de retenue et m\u00eame de timidit\u00e9 lorsque l\u2019on \u00e9coute une femme parler. C\u2019est un obstacle qui complique le processus de n\u00e9gociation. C\u2019est pourquoi, une \u00e9trang\u00e8re &#8211; si elle ne s\u2019exprime pas en japonais &#8211; peut se permettre d\u2019\u00eatre un peu plus directe. La contrepartie est qu\u2019il reste tr\u00e8s difficile de s\u2019int\u00e9grer. Aux yeux des japonais, un \u00e9tranger restera toujours\u2026\u00e9tranger.<\/p>\n<h2>Dans un domaine o\u00f9 l\u2019esth\u00e9tique joue un r\u00f4le cl\u00e9, votre culture europ\u00e9enne se montre-t-elle un atout?<\/h2>\n<p>C\u2019est un ensemble de r\u00e9f\u00e9rences qui nourrit ma vison esth\u00e9tique. J\u2019ai toujours aim\u00e9 le wabi-sabi, un concept esth\u00e9tique japonais \u00e9manant du zen et difficile \u00e0 d\u00e9finir en peu de mots. C\u2019est une forme d\u2019acceptation de la nature des choses, de leur lente \u00e9rosion\u2026 A cela s\u2019ajoute mon attrait pour l\u2019art minimal, et l\u2019\u00e9l\u00e9gance fran\u00e7aise \u00e0 laquelle j\u2019injecte quelques touches de sensualit\u00e9.<\/p>\n<h2>Pourquoi d\u00e9cider de quitter le Japon pour Hong Kong?<\/h2>\n<p>Je souhaite d\u00e9velopper mes activit\u00e9s dans toute l\u2019Asie et depuis le Japon j\u2019avoue ne pas y arriver. Hong Kong me semble une ville plus internationale et centrale pour l\u2019Asie. J\u2019y ai fond\u00e9 Laur Meyrieux studio en janvier 2012. J\u2019ai constitu\u00e9 mon \u00e9quipe, rencontr\u00e9 des fournisseurs, des clients. Nous venons juste de terminer un beau projet pour Samsung en Cor\u00e9e. C\u2019est encourageant.<\/p>\n<h2>Vos sources d\u2019inspiration\u00a0? Vos passions?<\/h2>\n<ul>\n<li>Le zen et son minimalisme.<\/li>\n<li>Tous les artistes qui traitent avec pertinence de la question de la lumi\u00e8re dans l\u2019espace\u00a0: les installations de James Turrell, de Dan Flavin et d\u2019 Olafur Eliasson\u00a0; \u00a0les oeuvres minimales de Donald Judd, et les espaces photographi\u00e9s par Candida H\u00f6fer.<\/li>\n<li>Le Qi Gong, le yoga, la m\u00e9ditation.<\/li>\n<\/ul>\n","protected":false},"excerpt":{"rendered":"<p>En 2002, vous avez un parcours bien \u00e9tabli, vous vous installez pourtant au\u00a0 Japon o\u00f9 vous devez tout reprendre depuis le d\u00e9but, pourquoi\u00a0? Je me\u2026<\/p>\n","protected":false},"author":2,"featured_media":705,"comment_status":"closed","ping_status":"closed","sticky":false,"template":"","format":"standard","meta":{"_acf_changed":false,"footnotes":""},"categories":[5],"tags":[1426],"class_list":["post-703","post","type-post","status-publish","format-standard","has-post-thumbnail","hentry","category-portraits","tag-portrait"],"acf":[],"yoast_head":"<!-- This site is optimized with the Yoast SEO plugin v24.8.1 - https:\/\/yoast.com\/wordpress\/plugins\/seo\/ -->\n<title>Laur Meyrieux : cr\u00e9atrice \u00e0 Hong Kong (2\/2) &#8211; ArchiBat Mag<\/title>\n<meta name=\"description\" content=\"Apr\u00e8s dix ann\u00e9es pass\u00e9es au Japon, Laur Meyrieux a fond\u00e9 son studio de cr\u00e9ation \u00e0 Hong Kong. Elle revient sur son parcours avec nous...\" \/>\n<meta name=\"robots\" content=\"index, follow, max-snippet:-1, max-image-preview:large, max-video-preview:-1\" \/>\n<link rel=\"canonical\" href=\"https:\/\/archibat.com\/blog\/portrait-de-laur-meyrieux-creatrice-a-hong-kong-22\/\" \/>\n<meta property=\"og:locale\" content=\"fr_FR\" \/>\n<meta property=\"og:type\" content=\"article\" \/>\n<meta property=\"og:title\" content=\"Laur Meyrieux : cr\u00e9atrice \u00e0 Hong Kong (2\/2) &#8211; ArchiBat Mag\" \/>\n<meta property=\"og:description\" content=\"Apr\u00e8s dix ann\u00e9es pass\u00e9es au Japon, Laur Meyrieux a fond\u00e9 son studio de cr\u00e9ation \u00e0 Hong Kong. Elle revient sur son parcours avec nous...\" \/>\n<meta property=\"og:url\" content=\"https:\/\/archibat.com\/blog\/portrait-de-laur-meyrieux-creatrice-a-hong-kong-22\/\" \/>\n<meta property=\"og:site_name\" content=\"ArchiBat Mag\" \/>\n<meta property=\"article:published_time\" content=\"2015-05-05T06:00:10+00:00\" \/>\n<meta property=\"article:modified_time\" content=\"2018-12-11T15:28:19+00:00\" \/>\n<meta property=\"og:image\" content=\"https:\/\/archibat.com\/blog\/wp-content\/uploads\/2015\/05\/JAPON-2.jpg\" \/>\n\t<meta property=\"og:image:width\" content=\"635\" \/>\n\t<meta property=\"og:image:height\" content=\"357\" \/>\n\t<meta property=\"og:image:type\" content=\"image\/jpeg\" \/>\n<meta name=\"author\" content=\"communication\" \/>\n<meta name=\"twitter:card\" content=\"summary_large_image\" \/>\n<meta name=\"twitter:label1\" content=\"\u00c9crit par\" \/>\n\t<meta name=\"twitter:data1\" content=\"communication\" \/>\n\t<meta name=\"twitter:label2\" content=\"Dur\u00e9e de lecture estim\u00e9e\" \/>\n\t<meta name=\"twitter:data2\" content=\"4 minutes\" \/>\n<script type=\"application\/ld+json\" class=\"yoast-schema-graph\">{\"@context\":\"https:\/\/schema.org\",\"@graph\":[{\"@type\":\"WebPage\",\"@id\":\"https:\/\/archibat.com\/blog\/portrait-de-laur-meyrieux-creatrice-a-hong-kong-22\/\",\"url\":\"https:\/\/archibat.com\/blog\/portrait-de-laur-meyrieux-creatrice-a-hong-kong-22\/\",\"name\":\"Laur Meyrieux : cr\u00e9atrice \u00e0 Hong Kong (2\/2) &#8211; ArchiBat Mag\",\"isPartOf\":{\"@id\":\"https:\/\/archibat.com\/blog\/#website\"},\"primaryImageOfPage\":{\"@id\":\"https:\/\/archibat.com\/blog\/portrait-de-laur-meyrieux-creatrice-a-hong-kong-22\/#primaryimage\"},\"image\":{\"@id\":\"https:\/\/archibat.com\/blog\/portrait-de-laur-meyrieux-creatrice-a-hong-kong-22\/#primaryimage\"},\"thumbnailUrl\":\"https:\/\/archibat.com\/blog\/wp-content\/uploads\/2015\/05\/JAPON-2.jpg\",\"datePublished\":\"2015-05-05T06:00:10+00:00\",\"dateModified\":\"2018-12-11T15:28:19+00:00\",\"author\":{\"@id\":\"https:\/\/archibat.com\/blog\/#\/schema\/person\/c246f0d63b5e719c2cbe4f9bd494bf12\"},\"description\":\"Apr\u00e8s dix ann\u00e9es pass\u00e9es au Japon, Laur Meyrieux a fond\u00e9 son studio de cr\u00e9ation \u00e0 Hong Kong. Elle revient sur son parcours avec nous...\",\"breadcrumb\":{\"@id\":\"https:\/\/archibat.com\/blog\/portrait-de-laur-meyrieux-creatrice-a-hong-kong-22\/#breadcrumb\"},\"inLanguage\":\"fr-FR\",\"potentialAction\":[{\"@type\":\"ReadAction\",\"target\":[\"https:\/\/archibat.com\/blog\/portrait-de-laur-meyrieux-creatrice-a-hong-kong-22\/\"]}]},{\"@type\":\"ImageObject\",\"inLanguage\":\"fr-FR\",\"@id\":\"https:\/\/archibat.com\/blog\/portrait-de-laur-meyrieux-creatrice-a-hong-kong-22\/#primaryimage\",\"url\":\"https:\/\/archibat.com\/blog\/wp-content\/uploads\/2015\/05\/JAPON-2.jpg\",\"contentUrl\":\"https:\/\/archibat.com\/blog\/wp-content\/uploads\/2015\/05\/JAPON-2.jpg\",\"width\":635,\"height\":357,\"caption\":\"cr\u00e9ation Hong Kong\"},{\"@type\":\"BreadcrumbList\",\"@id\":\"https:\/\/archibat.com\/blog\/portrait-de-laur-meyrieux-creatrice-a-hong-kong-22\/#breadcrumb\",\"itemListElement\":[{\"@type\":\"ListItem\",\"position\":1,\"name\":\"Home\",\"item\":\"https:\/\/archibat.com\/blog\/\"},{\"@type\":\"ListItem\",\"position\":2,\"name\":\"Laur Meyrieux : cr\u00e9atrice \u00e0 Hong Kong (2\/2)\"}]},{\"@type\":\"WebSite\",\"@id\":\"https:\/\/archibat.com\/blog\/#website\",\"url\":\"https:\/\/archibat.com\/blog\/\",\"name\":\"ArchiBat Mag\",\"description\":\"Vous souhaitez connaitre les derni\u00e8res actualit\u00e9s sur l\u2019Architecture, le Design ou les Ressources Humaines ? D\u00e9couvrez ArchiBat Mag, le magazine d\u00e9di\u00e9 aux m\u00e9tiers de l&#039;Architecture et de l&#039;Ing\u00e9nierie.\",\"potentialAction\":[{\"@type\":\"SearchAction\",\"target\":{\"@type\":\"EntryPoint\",\"urlTemplate\":\"https:\/\/archibat.com\/blog\/?s={search_term_string}\"},\"query-input\":{\"@type\":\"PropertyValueSpecification\",\"valueRequired\":true,\"valueName\":\"search_term_string\"}}],\"inLanguage\":\"fr-FR\"},{\"@type\":\"Person\",\"@id\":\"https:\/\/archibat.com\/blog\/#\/schema\/person\/c246f0d63b5e719c2cbe4f9bd494bf12\",\"name\":\"communication\"}]}<\/script>\n<!-- \/ Yoast SEO plugin. -->","yoast_head_json":{"title":"Laur Meyrieux : cr\u00e9atrice \u00e0 Hong Kong (2\/2) &#8211; ArchiBat Mag","description":"Apr\u00e8s dix ann\u00e9es pass\u00e9es au Japon, Laur Meyrieux a fond\u00e9 son studio de cr\u00e9ation \u00e0 Hong Kong. Elle revient sur son parcours avec nous...","robots":{"index":"index","follow":"follow","max-snippet":"max-snippet:-1","max-image-preview":"max-image-preview:large","max-video-preview":"max-video-preview:-1"},"canonical":"https:\/\/archibat.com\/blog\/portrait-de-laur-meyrieux-creatrice-a-hong-kong-22\/","og_locale":"fr_FR","og_type":"article","og_title":"Laur Meyrieux : cr\u00e9atrice \u00e0 Hong Kong (2\/2) &#8211; ArchiBat Mag","og_description":"Apr\u00e8s dix ann\u00e9es pass\u00e9es au Japon, Laur Meyrieux a fond\u00e9 son studio de cr\u00e9ation \u00e0 Hong Kong. Elle revient sur son parcours avec nous...","og_url":"https:\/\/archibat.com\/blog\/portrait-de-laur-meyrieux-creatrice-a-hong-kong-22\/","og_site_name":"ArchiBat Mag","article_published_time":"2015-05-05T06:00:10+00:00","article_modified_time":"2018-12-11T15:28:19+00:00","og_image":[{"width":635,"height":357,"url":"https:\/\/archibat.com\/blog\/wp-content\/uploads\/2015\/05\/JAPON-2.jpg","type":"image\/jpeg"}],"author":"communication","twitter_card":"summary_large_image","twitter_misc":{"\u00c9crit par":"communication","Dur\u00e9e de lecture estim\u00e9e":"4 minutes"},"schema":{"@context":"https:\/\/schema.org","@graph":[{"@type":"WebPage","@id":"https:\/\/archibat.com\/blog\/portrait-de-laur-meyrieux-creatrice-a-hong-kong-22\/","url":"https:\/\/archibat.com\/blog\/portrait-de-laur-meyrieux-creatrice-a-hong-kong-22\/","name":"Laur Meyrieux : cr\u00e9atrice \u00e0 Hong Kong (2\/2) &#8211; ArchiBat Mag","isPartOf":{"@id":"https:\/\/archibat.com\/blog\/#website"},"primaryImageOfPage":{"@id":"https:\/\/archibat.com\/blog\/portrait-de-laur-meyrieux-creatrice-a-hong-kong-22\/#primaryimage"},"image":{"@id":"https:\/\/archibat.com\/blog\/portrait-de-laur-meyrieux-creatrice-a-hong-kong-22\/#primaryimage"},"thumbnailUrl":"https:\/\/archibat.com\/blog\/wp-content\/uploads\/2015\/05\/JAPON-2.jpg","datePublished":"2015-05-05T06:00:10+00:00","dateModified":"2018-12-11T15:28:19+00:00","author":{"@id":"https:\/\/archibat.com\/blog\/#\/schema\/person\/c246f0d63b5e719c2cbe4f9bd494bf12"},"description":"Apr\u00e8s dix ann\u00e9es pass\u00e9es au Japon, Laur Meyrieux a fond\u00e9 son studio de cr\u00e9ation \u00e0 Hong Kong. Elle revient sur son parcours avec nous...","breadcrumb":{"@id":"https:\/\/archibat.com\/blog\/portrait-de-laur-meyrieux-creatrice-a-hong-kong-22\/#breadcrumb"},"inLanguage":"fr-FR","potentialAction":[{"@type":"ReadAction","target":["https:\/\/archibat.com\/blog\/portrait-de-laur-meyrieux-creatrice-a-hong-kong-22\/"]}]},{"@type":"ImageObject","inLanguage":"fr-FR","@id":"https:\/\/archibat.com\/blog\/portrait-de-laur-meyrieux-creatrice-a-hong-kong-22\/#primaryimage","url":"https:\/\/archibat.com\/blog\/wp-content\/uploads\/2015\/05\/JAPON-2.jpg","contentUrl":"https:\/\/archibat.com\/blog\/wp-content\/uploads\/2015\/05\/JAPON-2.jpg","width":635,"height":357,"caption":"cr\u00e9ation Hong Kong"},{"@type":"BreadcrumbList","@id":"https:\/\/archibat.com\/blog\/portrait-de-laur-meyrieux-creatrice-a-hong-kong-22\/#breadcrumb","itemListElement":[{"@type":"ListItem","position":1,"name":"Home","item":"https:\/\/archibat.com\/blog\/"},{"@type":"ListItem","position":2,"name":"Laur Meyrieux : cr\u00e9atrice \u00e0 Hong Kong (2\/2)"}]},{"@type":"WebSite","@id":"https:\/\/archibat.com\/blog\/#website","url":"https:\/\/archibat.com\/blog\/","name":"ArchiBat Mag","description":"Vous souhaitez connaitre les derni\u00e8res actualit\u00e9s sur l\u2019Architecture, le Design ou les Ressources Humaines ? D\u00e9couvrez ArchiBat Mag, le magazine d\u00e9di\u00e9 aux m\u00e9tiers de l&#039;Architecture et de l&#039;Ing\u00e9nierie.","potentialAction":[{"@type":"SearchAction","target":{"@type":"EntryPoint","urlTemplate":"https:\/\/archibat.com\/blog\/?s={search_term_string}"},"query-input":{"@type":"PropertyValueSpecification","valueRequired":true,"valueName":"search_term_string"}}],"inLanguage":"fr-FR"},{"@type":"Person","@id":"https:\/\/archibat.com\/blog\/#\/schema\/person\/c246f0d63b5e719c2cbe4f9bd494bf12","name":"communication"}]}},"_links":{"self":[{"href":"https:\/\/archibat.com\/blog\/wp-json\/wp\/v2\/posts\/703","targetHints":{"allow":["GET"]}}],"collection":[{"href":"https:\/\/archibat.com\/blog\/wp-json\/wp\/v2\/posts"}],"about":[{"href":"https:\/\/archibat.com\/blog\/wp-json\/wp\/v2\/types\/post"}],"author":[{"embeddable":true,"href":"https:\/\/archibat.com\/blog\/wp-json\/wp\/v2\/users\/2"}],"replies":[{"embeddable":true,"href":"https:\/\/archibat.com\/blog\/wp-json\/wp\/v2\/comments?post=703"}],"version-history":[{"count":1,"href":"https:\/\/archibat.com\/blog\/wp-json\/wp\/v2\/posts\/703\/revisions"}],"predecessor-version":[{"id":7663,"href":"https:\/\/archibat.com\/blog\/wp-json\/wp\/v2\/posts\/703\/revisions\/7663"}],"wp:featuredmedia":[{"embeddable":true,"href":"https:\/\/archibat.com\/blog\/wp-json\/wp\/v2\/media\/705"}],"wp:attachment":[{"href":"https:\/\/archibat.com\/blog\/wp-json\/wp\/v2\/media?parent=703"}],"wp:term":[{"taxonomy":"category","embeddable":true,"href":"https:\/\/archibat.com\/blog\/wp-json\/wp\/v2\/categories?post=703"},{"taxonomy":"post_tag","embeddable":true,"href":"https:\/\/archibat.com\/blog\/wp-json\/wp\/v2\/tags?post=703"}],"curies":[{"name":"wp","href":"https:\/\/api.w.org\/{rel}","templated":true}]}}