{"id":706,"date":"2015-05-04T15:20:15","date_gmt":"2015-05-04T14:20:15","guid":{"rendered":"https:\/\/www.archibat.com\/blog\/?p=706"},"modified":"2018-12-11T17:24:41","modified_gmt":"2018-12-11T16:24:41","slug":"urgence","status":"publish","type":"post","link":"https:\/\/archibat.com\/blog\/urgence\/","title":{"rendered":"Urgence reconstruction au N\u00e9pal"},"content":{"rendered":"<p><strong>Communiqu\u00e9 de presse de la Fondation Architectes de l&rsquo;Urgence<\/strong><br \/>\n<strong>Le 4 mai 2015<\/strong><\/p>\n<p>La mission d&rsquo;\u00e9valuation de la Fondation Architectes de l\u2019Urgence dirig\u00e9e par Patrick Coulombel est en cours au N\u00e9pal depuis le 29 avril dernier. L\u2019\u00e9quipe a d\u00e9j\u00e0 pu se rendre dans plusieurs des zones habit\u00e9es les plus s\u00e9v\u00e8rement touch\u00e9es par le s\u00e9isme du 25 avril 2015, et expertiser plusieurs b\u00e2timents de Katmandu et de ses environs.<\/p>\n<h2>Le constat\u00a0des Architectes de l\u2019Urgence :<\/h2>\n<ul>\n<li>Le corridor de Daraudi concentre toutes les caract\u00e9ristiques des dommages effroyables survenus dans les zones rurales recul\u00e9es. Ces villages qui regroupent environ 10 000 personnes ont \u00e9t\u00e9 litt\u00e9ralement ras\u00e9s. L\u2019acc\u00e8s y est difficile et ne peut souvent se faire qu\u2019\u00e0 pied.<\/li>\n<li>Les villages d\u00e9truits sont, du sud au nord, Dhoneni (20 maisons), Baluwa (140 maisons + 1 \u00e9cole), Runlung (5 maisons), Barpak dont Mandre (962 maisons + 6 \u00e9coles), Laprak (476 + 3 \u00e9coles).<\/li>\n<li>Cependant, la population ne manque ni d&rsquo;eau, ni d&rsquo;abris sommaires\u00a0: ils n\u2019ont pas attendus les aides ext\u00e9rieures pour cela. Par contre, elle est v\u00e9ritablement en attente d\u2019une aide concr\u00e8te pour reconstruire.<\/li>\n<\/ul>\n<h2>Quelles sont les priorit\u00e9s\u00a0?<\/h2>\n<p>A six semaines de la saison des pluies, l&rsquo;urgence est d&rsquo;alimenter et de reconstruire des habitats et des infrastructures\u00a0<b>durables et parasismiques dans la zone de l&rsquo;\u00e9picentre<\/b>.<br \/>\nUne r\u00e9union de travail avec les responsables du \u00ab\u00a0department of urban development of building construction\u00a0\u00bb et le chairman du \u00ab\u00a0district disaster relief committee\u00a0\u00bb a permis de jeter les bases d&rsquo;un accord des autorit\u00e9s pr\u00eates localement \u00e0 apporter tout leur soutien \u00e0 ce projet.<\/p>\n<p><img loading=\"lazy\" decoding=\"async\" class=\"alignnone size-full wp-image-708\" src=\"https:\/\/www.archibat.com\/blog\/wp-content\/uploads\/2015\/05\/N\u00e9pal-1.jpg\" alt=\"reconstruction au N\u00e9pal\" width=\"635\" height=\"357\" srcset=\"https:\/\/archibat.com\/blog\/wp-content\/uploads\/2015\/05\/N\u00e9pal-1.jpg 635w, https:\/\/archibat.com\/blog\/wp-content\/uploads\/2015\/05\/N\u00e9pal-1-300x169.jpg 300w\" sizes=\"auto, (max-width: 635px) 100vw, 635px\" \/><\/p>\n<h2>Quelles sont les actions imm\u00e9diates de la Fondation Architectes de l\u2019Urgence ?<\/h2>\n<p><span class=\"color\">La Fondation Architectes de l\u2019Urgence entend commencer sans d\u00e9lai un projet de reconstruction des quelques 2000 maisons et 15 \u00e9coles d\u00e9truites et de leurs grenier \u00e0 c\u00e9r\u00e9ales.<\/span><br \/>\nCe type de projet que les Architectes de l\u2019Urgence ont d\u00e9j\u00e0 men\u00e9 avec succ\u00e8s en Ha\u00efti, au Pakistan et dans d\u2019autres pays, permet \u00e0 la population de retrouver son habitat habituel, mais enrichi des normes parasismiques.<br \/>\nConform\u00e9ment \u00e0 ses principes d&rsquo;action, la fondation propose de construire imm\u00e9diatement\u00a0un habitat\u00a0durable, avec les mat\u00e9riaux locaux (dont 90% seront pr\u00e9lev\u00e9s sur les ruines) en formant les sp\u00e9cialistes locaux et en faisant travailler la population locale.<br \/>\nPar ailleurs, dans beaucoup de localit\u00e9s\u00a0des pans de murs menacent encore de s&rsquo;effondrer sur les habitants qui fouillent les d\u00e9combres \u00e0 la recherche de leurs biens enfouis\u00a0: poursuivre la mise en s\u00e9curit\u00e9 des populations reste un imp\u00e9ratif.<br \/>\nIl est \u00e9galement important de sauver et de conserver le patrimoine architectural qui a pu \u00eatre affect\u00e9 dans plusieurs villages.<\/p>\n<p>&nbsp;<\/p>\n<p><strong>Pour poursuivre l\u2019action engag\u00e9e et d\u00e9buter sans d\u00e9lai des projets de reconstruction, la fondation lance un appel aux dons pour r\u00e9unir les 9,4 millions d\u2019euros dont elle a besoin.<\/strong><br \/>\nLes dons peuvent \u00eatre adress\u00e9s en ligne via le site de la fondation\u00a0<a href=\"http:\/\/www.archi%e2%80%90urgent.com\/\" target=\"_blank\" rel=\"noopener\">www.archi\u2010urgent.com<\/a><wbr \/>\u00a0ou par courrier postal \u00e0 <strong>Fondation Architectes de l\u2019Urgence \u2013 Solidarit\u00e9 N\u00e9pal<\/strong> 73 bd du Cange BP 10421 80004 Amiens cedex 1. T\u00e9l. + 33 (0)3 22 80 00 60<\/p>\n","protected":false},"excerpt":{"rendered":"<p>Communiqu\u00e9 de presse de la Fondation Architectes de l&rsquo;Urgence Le 4 mai 2015 La mission d&rsquo;\u00e9valuation de la Fondation Architectes de l\u2019Urgence dirig\u00e9e par Patrick\u2026<\/p>\n","protected":false},"author":2,"featured_media":707,"comment_status":"closed","ping_status":"closed","sticky":false,"template":"","format":"standard","meta":{"_acf_changed":false,"footnotes":""},"categories":[3],"tags":[],"class_list":["post-706","post","type-post","status-publish","format-standard","has-post-thumbnail","hentry","category-architecture-et-design"],"acf":[],"yoast_head":"<!-- This site is optimized with the Yoast SEO plugin v24.8.1 - https:\/\/yoast.com\/wordpress\/plugins\/seo\/ -->\n<title>Urgence reconstruction au N\u00e9pal &#8211; ArchiBat Mag<\/title>\n<meta name=\"description\" content=\"Pour poursuivre l\u2019action engag\u00e9e et d\u00e9buter les projets de reconstruction au N\u00e9pal, la fondation Architectes de l&#039;Urgence lance un appel aux dons...\" \/>\n<meta name=\"robots\" content=\"index, follow, max-snippet:-1, max-image-preview:large, max-video-preview:-1\" \/>\n<link rel=\"canonical\" href=\"https:\/\/archibat.com\/blog\/urgence\/\" \/>\n<meta property=\"og:locale\" content=\"fr_FR\" \/>\n<meta property=\"og:type\" content=\"article\" \/>\n<meta property=\"og:title\" content=\"Urgence reconstruction au N\u00e9pal &#8211; ArchiBat Mag\" \/>\n<meta property=\"og:description\" content=\"Pour poursuivre l\u2019action engag\u00e9e et d\u00e9buter les projets de reconstruction au N\u00e9pal, la fondation Architectes de l&#039;Urgence lance un appel aux dons...\" \/>\n<meta property=\"og:url\" content=\"https:\/\/archibat.com\/blog\/urgence\/\" \/>\n<meta property=\"og:site_name\" content=\"ArchiBat Mag\" \/>\n<meta property=\"article:published_time\" content=\"2015-05-04T14:20:15+00:00\" \/>\n<meta property=\"article:modified_time\" content=\"2018-12-11T16:24:41+00:00\" \/>\n<meta property=\"og:image\" content=\"https:\/\/archibat.com\/blog\/wp-content\/uploads\/2015\/05\/n\u00e9pal-2.jpg\" \/>\n\t<meta property=\"og:image:width\" content=\"635\" \/>\n\t<meta property=\"og:image:height\" content=\"357\" \/>\n\t<meta property=\"og:image:type\" content=\"image\/jpeg\" \/>\n<meta name=\"author\" content=\"communication\" \/>\n<meta name=\"twitter:card\" content=\"summary_large_image\" \/>\n<meta name=\"twitter:label1\" content=\"\u00c9crit par\" \/>\n\t<meta name=\"twitter:data1\" content=\"communication\" \/>\n\t<meta name=\"twitter:label2\" content=\"Dur\u00e9e de lecture estim\u00e9e\" \/>\n\t<meta name=\"twitter:data2\" content=\"3 minutes\" \/>\n<script type=\"application\/ld+json\" class=\"yoast-schema-graph\">{\"@context\":\"https:\/\/schema.org\",\"@graph\":[{\"@type\":\"WebPage\",\"@id\":\"https:\/\/archibat.com\/blog\/urgence\/\",\"url\":\"https:\/\/archibat.com\/blog\/urgence\/\",\"name\":\"Urgence reconstruction au N\u00e9pal &#8211; ArchiBat Mag\",\"isPartOf\":{\"@id\":\"https:\/\/archibat.com\/blog\/#website\"},\"primaryImageOfPage\":{\"@id\":\"https:\/\/archibat.com\/blog\/urgence\/#primaryimage\"},\"image\":{\"@id\":\"https:\/\/archibat.com\/blog\/urgence\/#primaryimage\"},\"thumbnailUrl\":\"https:\/\/archibat.com\/blog\/wp-content\/uploads\/2015\/05\/n\u00e9pal-2.jpg\",\"datePublished\":\"2015-05-04T14:20:15+00:00\",\"dateModified\":\"2018-12-11T16:24:41+00:00\",\"author\":{\"@id\":\"https:\/\/archibat.com\/blog\/#\/schema\/person\/c246f0d63b5e719c2cbe4f9bd494bf12\"},\"description\":\"Pour poursuivre l\u2019action engag\u00e9e et d\u00e9buter les projets de reconstruction au N\u00e9pal, la fondation Architectes de l'Urgence lance un appel aux dons...\",\"breadcrumb\":{\"@id\":\"https:\/\/archibat.com\/blog\/urgence\/#breadcrumb\"},\"inLanguage\":\"fr-FR\",\"potentialAction\":[{\"@type\":\"ReadAction\",\"target\":[\"https:\/\/archibat.com\/blog\/urgence\/\"]}]},{\"@type\":\"ImageObject\",\"inLanguage\":\"fr-FR\",\"@id\":\"https:\/\/archibat.com\/blog\/urgence\/#primaryimage\",\"url\":\"https:\/\/archibat.com\/blog\/wp-content\/uploads\/2015\/05\/n\u00e9pal-2.jpg\",\"contentUrl\":\"https:\/\/archibat.com\/blog\/wp-content\/uploads\/2015\/05\/n\u00e9pal-2.jpg\",\"width\":635,\"height\":357,\"caption\":\"reconstruction au N\u00e9pal\"},{\"@type\":\"BreadcrumbList\",\"@id\":\"https:\/\/archibat.com\/blog\/urgence\/#breadcrumb\",\"itemListElement\":[{\"@type\":\"ListItem\",\"position\":1,\"name\":\"Home\",\"item\":\"https:\/\/archibat.com\/blog\/\"},{\"@type\":\"ListItem\",\"position\":2,\"name\":\"Urgence reconstruction au N\u00e9pal\"}]},{\"@type\":\"WebSite\",\"@id\":\"https:\/\/archibat.com\/blog\/#website\",\"url\":\"https:\/\/archibat.com\/blog\/\",\"name\":\"ArchiBat Mag\",\"description\":\"Vous souhaitez connaitre les derni\u00e8res actualit\u00e9s sur l\u2019Architecture, le Design ou les Ressources Humaines ? D\u00e9couvrez ArchiBat Mag, le magazine d\u00e9di\u00e9 aux m\u00e9tiers de l&#039;Architecture et de l&#039;Ing\u00e9nierie.\",\"potentialAction\":[{\"@type\":\"SearchAction\",\"target\":{\"@type\":\"EntryPoint\",\"urlTemplate\":\"https:\/\/archibat.com\/blog\/?s={search_term_string}\"},\"query-input\":{\"@type\":\"PropertyValueSpecification\",\"valueRequired\":true,\"valueName\":\"search_term_string\"}}],\"inLanguage\":\"fr-FR\"},{\"@type\":\"Person\",\"@id\":\"https:\/\/archibat.com\/blog\/#\/schema\/person\/c246f0d63b5e719c2cbe4f9bd494bf12\",\"name\":\"communication\"}]}<\/script>\n<!-- \/ Yoast SEO plugin. -->","yoast_head_json":{"title":"Urgence reconstruction au N\u00e9pal &#8211; ArchiBat Mag","description":"Pour poursuivre l\u2019action engag\u00e9e et d\u00e9buter les projets de reconstruction au N\u00e9pal, la fondation Architectes de l'Urgence lance un appel aux dons...","robots":{"index":"index","follow":"follow","max-snippet":"max-snippet:-1","max-image-preview":"max-image-preview:large","max-video-preview":"max-video-preview:-1"},"canonical":"https:\/\/archibat.com\/blog\/urgence\/","og_locale":"fr_FR","og_type":"article","og_title":"Urgence reconstruction au N\u00e9pal &#8211; ArchiBat Mag","og_description":"Pour poursuivre l\u2019action engag\u00e9e et d\u00e9buter les projets de reconstruction au N\u00e9pal, la fondation Architectes de l'Urgence lance un appel aux dons...","og_url":"https:\/\/archibat.com\/blog\/urgence\/","og_site_name":"ArchiBat Mag","article_published_time":"2015-05-04T14:20:15+00:00","article_modified_time":"2018-12-11T16:24:41+00:00","og_image":[{"width":635,"height":357,"url":"https:\/\/archibat.com\/blog\/wp-content\/uploads\/2015\/05\/n\u00e9pal-2.jpg","type":"image\/jpeg"}],"author":"communication","twitter_card":"summary_large_image","twitter_misc":{"\u00c9crit par":"communication","Dur\u00e9e de lecture estim\u00e9e":"3 minutes"},"schema":{"@context":"https:\/\/schema.org","@graph":[{"@type":"WebPage","@id":"https:\/\/archibat.com\/blog\/urgence\/","url":"https:\/\/archibat.com\/blog\/urgence\/","name":"Urgence reconstruction au N\u00e9pal &#8211; ArchiBat Mag","isPartOf":{"@id":"https:\/\/archibat.com\/blog\/#website"},"primaryImageOfPage":{"@id":"https:\/\/archibat.com\/blog\/urgence\/#primaryimage"},"image":{"@id":"https:\/\/archibat.com\/blog\/urgence\/#primaryimage"},"thumbnailUrl":"https:\/\/archibat.com\/blog\/wp-content\/uploads\/2015\/05\/n\u00e9pal-2.jpg","datePublished":"2015-05-04T14:20:15+00:00","dateModified":"2018-12-11T16:24:41+00:00","author":{"@id":"https:\/\/archibat.com\/blog\/#\/schema\/person\/c246f0d63b5e719c2cbe4f9bd494bf12"},"description":"Pour poursuivre l\u2019action engag\u00e9e et d\u00e9buter les projets de reconstruction au N\u00e9pal, la fondation Architectes de l'Urgence lance un appel aux dons...","breadcrumb":{"@id":"https:\/\/archibat.com\/blog\/urgence\/#breadcrumb"},"inLanguage":"fr-FR","potentialAction":[{"@type":"ReadAction","target":["https:\/\/archibat.com\/blog\/urgence\/"]}]},{"@type":"ImageObject","inLanguage":"fr-FR","@id":"https:\/\/archibat.com\/blog\/urgence\/#primaryimage","url":"https:\/\/archibat.com\/blog\/wp-content\/uploads\/2015\/05\/n\u00e9pal-2.jpg","contentUrl":"https:\/\/archibat.com\/blog\/wp-content\/uploads\/2015\/05\/n\u00e9pal-2.jpg","width":635,"height":357,"caption":"reconstruction au N\u00e9pal"},{"@type":"BreadcrumbList","@id":"https:\/\/archibat.com\/blog\/urgence\/#breadcrumb","itemListElement":[{"@type":"ListItem","position":1,"name":"Home","item":"https:\/\/archibat.com\/blog\/"},{"@type":"ListItem","position":2,"name":"Urgence reconstruction au N\u00e9pal"}]},{"@type":"WebSite","@id":"https:\/\/archibat.com\/blog\/#website","url":"https:\/\/archibat.com\/blog\/","name":"ArchiBat Mag","description":"Vous souhaitez connaitre les derni\u00e8res actualit\u00e9s sur l\u2019Architecture, le Design ou les Ressources Humaines ? D\u00e9couvrez ArchiBat Mag, le magazine d\u00e9di\u00e9 aux m\u00e9tiers de l&#039;Architecture et de l&#039;Ing\u00e9nierie.","potentialAction":[{"@type":"SearchAction","target":{"@type":"EntryPoint","urlTemplate":"https:\/\/archibat.com\/blog\/?s={search_term_string}"},"query-input":{"@type":"PropertyValueSpecification","valueRequired":true,"valueName":"search_term_string"}}],"inLanguage":"fr-FR"},{"@type":"Person","@id":"https:\/\/archibat.com\/blog\/#\/schema\/person\/c246f0d63b5e719c2cbe4f9bd494bf12","name":"communication"}]}},"_links":{"self":[{"href":"https:\/\/archibat.com\/blog\/wp-json\/wp\/v2\/posts\/706","targetHints":{"allow":["GET"]}}],"collection":[{"href":"https:\/\/archibat.com\/blog\/wp-json\/wp\/v2\/posts"}],"about":[{"href":"https:\/\/archibat.com\/blog\/wp-json\/wp\/v2\/types\/post"}],"author":[{"embeddable":true,"href":"https:\/\/archibat.com\/blog\/wp-json\/wp\/v2\/users\/2"}],"replies":[{"embeddable":true,"href":"https:\/\/archibat.com\/blog\/wp-json\/wp\/v2\/comments?post=706"}],"version-history":[{"count":2,"href":"https:\/\/archibat.com\/blog\/wp-json\/wp\/v2\/posts\/706\/revisions"}],"predecessor-version":[{"id":8701,"href":"https:\/\/archibat.com\/blog\/wp-json\/wp\/v2\/posts\/706\/revisions\/8701"}],"wp:featuredmedia":[{"embeddable":true,"href":"https:\/\/archibat.com\/blog\/wp-json\/wp\/v2\/media\/707"}],"wp:attachment":[{"href":"https:\/\/archibat.com\/blog\/wp-json\/wp\/v2\/media?parent=706"}],"wp:term":[{"taxonomy":"category","embeddable":true,"href":"https:\/\/archibat.com\/blog\/wp-json\/wp\/v2\/categories?post=706"},{"taxonomy":"post_tag","embeddable":true,"href":"https:\/\/archibat.com\/blog\/wp-json\/wp\/v2\/tags?post=706"}],"curies":[{"name":"wp","href":"https:\/\/api.w.org\/{rel}","templated":true}]}}